{"id":42022,"date":"2025-10-16T17:49:34","date_gmt":"2025-10-16T20:49:34","guid":{"rendered":"https:\/\/larevistadigital.com.ar\/blog\/?p=42022"},"modified":"2025-10-16T17:49:34","modified_gmt":"2025-10-16T20:49:34","slug":"con-un-emotivo-acto-el-club-de-pelota-de-chascomus-celebro-sus-100-anos-de-vida","status":"publish","type":"post","link":"https:\/\/larevistadigital.com.ar\/blog\/con-un-emotivo-acto-el-club-de-pelota-de-chascomus-celebro-sus-100-anos-de-vida\/","title":{"rendered":"Con un emotivo acto el Club de Pelota de Chascom\u00fas celebr\u00f3 sus 100 a\u00f1os de vida"},"content":{"rendered":"<h3 class=\"excerpt\">El Intendente Municipal Javier Gast\u00f3n, en nombre de la comunidad, obsequi\u00f3 un cuadro que retrata la hist\u00f3rica fachada de la instituci\u00f3n.<\/h3>\n<p>16 de Octubre de 2025<\/p>\n<div id=\"miDiv1\" class=\"text\">\n<p><strong>CHASCOM\u00daS &#8211;\u00a0<\/strong> \u00a0En la tarde del \u00faltimo mi\u00e9rcoles se realiz\u00f3 el acto donde se celebraron los 100 a\u00f1os del Club de Pelota, que fuera inaugurado el 15 de octubre de 1925 por un grupo de apasionados pelotaris buscando un lugar propio.<\/p>\n<blockquote>\n<h3>Frente a la fachada del hist\u00f3rico club se dieron cita numerosos vecinos y vecinas, muchos de ellos socios y miembros de la instituci\u00f3n, quienes fueron recibidos por el presidente Baltazar Gayoso y el Intendente Municipal, Javier Gast\u00f3n.<\/h3>\n<\/blockquote>\n<p>En primer lugar, el activo presidente ofreci\u00f3 las palabras de bienvenida, resaltando la importancia de este club, sus grandes deportistas que no s\u00f3lo se lucieron en la escena local sino tambi\u00e9n nacional y mundial, e inst\u00f3 a continuar construyendo la historia grande.<\/p>\n<p>Por su parte, el Intendente Gast\u00f3n destac\u00f3 lo significativo de esta instituci\u00f3n incluso del edificio que es patrimonio hist\u00f3rico de la ciudad, que forma parte del entorno de la plaza en que se fund\u00f3 Chascom\u00fas, junto a la Casa de Casco, la Catedral, el Banco Naci\u00f3n, el Teatro Brazzola y el Palacio Municipal; adem\u00e1s de felicitar a todos los miembros al arribar a su centenario.<\/p>\n<blockquote>\n<h3>Tambi\u00e9n, en nombre de la comunidad, hizo entrega de un obsequio: una obra de arte, pintada en el marco del Certamen Pintando Chascom\u00fas 4ta edici\u00f3n 2025, perteneciente a la artista Tina Tintpilver, quien inmortaliz\u00f3 en la t\u00e9cnica pastel la fachada del club.<\/h3>\n<\/blockquote>\n<p>Se descubrieron dos placas, en homenaje a los fundadores y recordando los 100 a\u00f1os del Club, participando el Intendente, el presidente Gayoso, los ex presidentes Miguel Armend\u00e1riz, Tom\u00e1s Murias y Sebasti\u00e1n Alfons\u00edn, junto a los socios Orlando Sald\u00edas y Fernando L\u00f3pez. Las mismas fueron bendecidas por el Obispo Auxiliar de la Di\u00f3cesis de Chascom\u00fas, Mons. Jos\u00e9 Mar\u00eda Bali\u00f1a.<\/p>\n<p>Uno de los momentos m\u00e1s emotivos del acto centenario, fue el reconocimiento a los socios que m\u00e1s tiempo llevan formando parte de esta gran familia institucional, recibiendo sus diplomas: Norberto Salas, N\u00e9stor Aramburu, Jos\u00e9 Reinaldo Arguello, Orlando Sald\u00edas, Osmildo Aranchetbehera, Fernando L\u00f3pez, Alberto Retola y Roberto Planes.<\/p>\n<blockquote>\n<h3>El encuentro concluy\u00f3 con el recorrido por la galer\u00eda renovada del club, en la cual se pudieron apreciar en im\u00e1genes los momentos insignes de la historia de esta querida instituci\u00f3n como as\u00ed tambi\u00e9n de los chascomunenses que se destacaron en distintos momentos, ya sea en la conducci\u00f3n como en los distintos deportes.<\/h3>\n<\/blockquote>\n<p>Al concluir se realiz\u00f3 el tradicional brindis, augurando nuestros mejores deseos para el club y se efectu\u00f3 el remate de camisetas hist\u00f3ricas a cargo del socio Mart\u00edn Humar\u00e1n hijo, martillero, siendo un \u00e9xito total, ya que todas fueron adquiridas.<\/p>\n<p><span style=\"color: #ff0000\"><strong>Una breve rese\u00f1a hist\u00f3rica<\/strong><\/span><\/p>\n<p>El club naci\u00f3 con gran influencia de la comunidad vasca en su origen y la pelota a paleta se convirti\u00f3 en aquella \u00e9poca en una de las actividades principales.<\/p>\n<p>Como pueden apreciar, las instalaciones de este centenario club, se conservan en muy buen estado, con la arquitectura original que nos permite transportarnos en el tiempo y con la gran estrella que es la cancha de pelota a paleta, donde adem\u00e1s se realizaban los bailes de carnaval mientras que los bailes sociales ten\u00edan lugar en el Sal\u00f3n Rojo.<\/p>\n<p>Entre los jugadores m\u00e1s destacados se encuentran Fito Ibarra, Antonio Olive y Oscar Messina. Este \u00faltimo, es conocido como \u201cEl Manco de Teodelina\u201d, quien vivi\u00f3 gran parte de su vida en Chascom\u00fas y desde all\u00ed recorri\u00f3 gran parte del pa\u00eds para disputar todo tipo de partidos, forj\u00f3 una gran dupla con Rodolfo \u201cFito\u201d Ibarra, quien fue tricampe\u00f3n argentino de trinquete (1961, 1966 y 1968), bicampe\u00f3n mundial de la misma especialidad (1962 y 1966) y campe\u00f3n mundial de modalidad abierta (1962), mientras que tambi\u00e9n jug\u00f3 en primera divisi\u00f3n para el club (1951), donde fue presidente (1986 a 1988). En su homenaje, la m\u00edtica cancha cerrada de pelota a paleta lleva su nombre.<\/p>\n<blockquote>\n<h3>Con respecto a Oliv\u00e9, hay que destacar que fue campe\u00f3n mundial en \u201cPaleta Goma Trinquete\u201d en 1955.<\/h3>\n<\/blockquote>\n<p>Por otra parte, son muy recordados los partidos desaf\u00edos contra los hermanos Eduardo y Ram\u00f3n Ross. Han pasado por este club grandes y famosos pelotaris, convirtiendo el trinquete en uno de los escenarios m\u00e1s importantes de la historia. Es para destacar que en los \u00faltimos a\u00f1os se incorpor\u00f3 la paleta femenina con un crecimiento continuo.<\/p>\n<p>A lo largo de su historia, el club alberg\u00f3 y a\u00fan mantienen otras disciplinas, como f\u00fatbol, basquet, squash, voley, handball, p\u00e1del y esgrima, adem\u00e1s de una vida social muy activa.<\/p>\n<\/div>\n","protected":false},"excerpt":{"rendered":"<div class=\"mh-excerpt\"><p>El Intendente Municipal Javier Gast\u00f3n, en nombre de la comunidad, obsequi\u00f3 un cuadro que retrata la hist\u00f3rica fachada de la instituci\u00f3n. 16 de Octubre de 2025 CHASCOM\u00daS &#8211;\u00a0 \u00a0En la tarde del \u00faltimo mi\u00e9rcoles se <a class=\"mh-excerpt-more\" href=\"https:\/\/larevistadigital.com.ar\/blog\/con-un-emotivo-acto-el-club-de-pelota-de-chascomus-celebro-sus-100-anos-de-vida\/\" title=\"Con un emotivo acto el Club de Pelota de Chascom\u00fas celebr\u00f3 sus 100 a\u00f1os de vida\">[Leer M\u00e1s]<\/a><\/p>\n<\/div>","protected":false},"author":3,"featured_media":42023,"comment_status":"open","ping_status":"open","sticky":false,"template":"","format":"standard","meta":{"_jetpack_memberships_contains_paid_content":false,"footnotes":"","jetpack_publicize_message":"","jetpack_publicize_feature_enabled":true,"jetpack_social_post_already_shared":true,"jetpack_social_options":{"image_generator_settings":{"template":"highway","default_image_id":0,"font":"","enabled":false},"version":2}},"categories":[6],"tags":[],"class_list":{"0":"post-42022","1":"post","2":"type-post","3":"status-publish","4":"format-standard","5":"has-post-thumbnail","7":"category-chascomus"},"jetpack_publicize_connections":[],"jetpack_featured_media_url":"https:\/\/i0.wp.com\/larevistadigital.com.ar\/blog\/wp-content\/uploads\/68f12a0c87612.png?fit=668%2C445&ssl=1","jetpack_sharing_enabled":true,"jetpack_shortlink":"https:\/\/wp.me\/p8qtrQ-aVM","jetpack-related-posts":[{"id":36547,"url":"https:\/\/larevistadigital.com.ar\/blog\/inauguracion-en-el-club-de-leones\/","url_meta":{"origin":42022,"position":0},"title":"INAUGURACI\u00d3N EN EL CLUB DE LEONES","author":"Alejandro Sosa Ruda","date":"2 julio, 2024","format":false,"excerpt":"El intendente Gast\u00f3n particip\u00f3 del evento junto a autoridades de la entidad 03 de Julio de 2024 CHASCOM\u00daS -\u00a0 El s\u00e1bado por la tarde el intendente Javier Gaston fue invitado a participar del acto de inauguraci\u00f3n de la plazoleta de los leones, ubicada en Av. Yrigoyen y Bol\u00edvar, frente a\u2026","rel":"","context":"En \u00abINTERES GENERAL\u00bb","block_context":{"text":"INTERES GENERAL","link":"https:\/\/larevistadigital.com.ar\/blog\/category\/interes-general\/"},"img":{"alt_text":"","src":"https:\/\/i0.wp.com\/larevistadigital.com.ar\/blog\/wp-content\/uploads\/2024_07_03_01_14_26_5357983.jpg?fit=600%2C400&ssl=1&resize=350%2C200","width":350,"height":200,"srcset":"https:\/\/i0.wp.com\/larevistadigital.com.ar\/blog\/wp-content\/uploads\/2024_07_03_01_14_26_5357983.jpg?fit=600%2C400&ssl=1&resize=350%2C200 1x, https:\/\/i0.wp.com\/larevistadigital.com.ar\/blog\/wp-content\/uploads\/2024_07_03_01_14_26_5357983.jpg?fit=600%2C400&ssl=1&resize=525%2C300 1.5x"},"classes":[]},{"id":41941,"url":"https:\/\/larevistadigital.com.ar\/blog\/chascomus-javier-gaston-visito-la-escuela-primaria-no-20-y-entrego-un-subsidio-para-su-puesta-en-valor\/","url_meta":{"origin":42022,"position":1},"title":"Chascom\u00fas: Javier Gast\u00f3n visit\u00f3 la Escuela Primaria N\u00ba 20 y entreg\u00f3 un subsidio para su puesta en valor","author":"Alejandro Sosa Ruda","date":"13 octubre, 2025","format":false,"excerpt":"El intendente recorri\u00f3 el establecimiento rural de Don Cipriano y confirm\u00f3 el apoyo municipal para los viajes de fin de curso de los egresados. 13 de Octubre de 2025 Chascom\u00fas - El intendente Javier Gast\u00f3n visit\u00f3 el jueves pasado la Escuela Primaria N\u00ba 20 \u201cAng\u00e9lica Newton\u201d, ubicada en el paraje\u2026","rel":"","context":"En \u00abCHASCOM\u00daS\u00bb","block_context":{"text":"CHASCOM\u00daS","link":"https:\/\/larevistadigital.com.ar\/blog\/category\/chascomus\/"},"img":{"alt_text":"","src":"https:\/\/i0.wp.com\/larevistadigital.com.ar\/blog\/wp-content\/uploads\/68ed72e48acb0.png?fit=668%2C445&ssl=1&resize=350%2C200","width":350,"height":200,"srcset":"https:\/\/i0.wp.com\/larevistadigital.com.ar\/blog\/wp-content\/uploads\/68ed72e48acb0.png?fit=668%2C445&ssl=1&resize=350%2C200 1x, https:\/\/i0.wp.com\/larevistadigital.com.ar\/blog\/wp-content\/uploads\/68ed72e48acb0.png?fit=668%2C445&ssl=1&resize=525%2C300 1.5x"},"classes":[]},{"id":7913,"url":"https:\/\/larevistadigital.com.ar\/blog\/chascomus-el-intendente-gaston-mantuvo-un-encuentro-con-la-nueva-comision-directiva-de-pesca-y-nautica\/","url_meta":{"origin":42022,"position":2},"title":"CHASCOM\u00daS: EL INTENDENTE GAST\u00d3N MANTUVO UN ENCUENTRO CON LA NUEVA COMISI\u00d3N DIRECTIVA DE PESCA Y N\u00c1UTICA","author":"Alejandro Sosa Ruda","date":"23 enero, 2019","format":false,"excerpt":"El \u00faltimo fin de semana, Javier Gast\u00f3n se acerc\u00f3 a las instalaciones de la Asociaci\u00f3n Pesca y N\u00e1utica para mantener una reuni\u00f3n con los miembros de la nueva comisi\u00f3n directiva, donde abordaron, entre otras cosas, sobre la participaci\u00f3n de la instituci\u00f3n en el Carnaval Infantil. All\u00ed, acompa\u00f1ado por la directora\u2026","rel":"","context":"En \u00abCHASCOM\u00daS\u00bb","block_context":{"text":"CHASCOM\u00daS","link":"https:\/\/larevistadigital.com.ar\/blog\/category\/chascomus\/"},"img":{"alt_text":"","src":"https:\/\/i0.wp.com\/larevistadigital.com.ar\/blog\/wp-content\/uploads\/2019\/01\/50648344_2252827864738086_2068394269080551424_n.jpg?fit=887%2C579&ssl=1&resize=350%2C200","width":350,"height":200,"srcset":"https:\/\/i0.wp.com\/larevistadigital.com.ar\/blog\/wp-content\/uploads\/2019\/01\/50648344_2252827864738086_2068394269080551424_n.jpg?fit=887%2C579&ssl=1&resize=350%2C200 1x, https:\/\/i0.wp.com\/larevistadigital.com.ar\/blog\/wp-content\/uploads\/2019\/01\/50648344_2252827864738086_2068394269080551424_n.jpg?fit=887%2C579&ssl=1&resize=525%2C300 1.5x, https:\/\/i0.wp.com\/larevistadigital.com.ar\/blog\/wp-content\/uploads\/2019\/01\/50648344_2252827864738086_2068394269080551424_n.jpg?fit=887%2C579&ssl=1&resize=700%2C400 2x"},"classes":[]},{"id":37275,"url":"https:\/\/larevistadigital.com.ar\/blog\/se-realizara-este-domingo-un-homenaje-a-los-miembros-de-defensa-civil\/","url_meta":{"origin":42022,"position":3},"title":"Se realizar\u00e1 este domingo un homenaje a los miembros de Defensa Civil","author":"Alejandro Sosa Ruda","date":"20 septiembre, 2024","format":false,"excerpt":"Es una iniciativa del Rotary Club Chascom\u00fas, que contar\u00e1 con la presencia del Intendente Javier Gast\u00f3n. 20 de septiembre de 2024 CHASCOM\u00daS -\u00a0 Este domingo, desde las 10,30 horas, se realizar\u00e1 un merecido reconocimiento a los miembros del Defensa Civil Municipal, en la Plaza Libertad, m\u00e1s precisamente en la esquina\u2026","rel":"","context":"En \u00abINTERES GENERAL\u00bb","block_context":{"text":"INTERES GENERAL","link":"https:\/\/larevistadigital.com.ar\/blog\/category\/interes-general\/"},"img":{"alt_text":"","src":"https:\/\/i0.wp.com\/larevistadigital.com.ar\/blog\/wp-content\/uploads\/66ec694822f22.png?fit=668%2C445&ssl=1&resize=350%2C200","width":350,"height":200,"srcset":"https:\/\/i0.wp.com\/larevistadigital.com.ar\/blog\/wp-content\/uploads\/66ec694822f22.png?fit=668%2C445&ssl=1&resize=350%2C200 1x, https:\/\/i0.wp.com\/larevistadigital.com.ar\/blog\/wp-content\/uploads\/66ec694822f22.png?fit=668%2C445&ssl=1&resize=525%2C300 1.5x"},"classes":[]},{"id":39234,"url":"https:\/\/larevistadigital.com.ar\/blog\/en-un-clima-festivo-y-muy-emotivo-se-celebraron-los-50-anos-de-la-escuela-municipal-n-2\/","url_meta":{"origin":42022,"position":4},"title":"En un clima festivo y muy emotivo se celebraron los 50 a\u00f1os de la Escuela Municipal N\u00b0 2","author":"Alejandro Sosa Ruda","date":"31 marzo, 2025","format":false,"excerpt":"El Intendente Javier Gast\u00f3n felicit\u00f3 a toda la comunidad educativa por el nuevo aniversario de tan hermosa instituci\u00f3n. 31 de Marzo de 2025 CHASCOM\u00daS\u00a0 -\u00a0 \u00a0La Escuela Municipal N\u00b02 \u201cHip\u00f3lito Bouchard\u201d de Chascom\u00fas celebr\u00f3 este lunes por la ma\u00f1ana su 50\u00b0 aniversario con un acto oficial que cont\u00f3 con la\u2026","rel":"","context":"En \u00abCHASCOM\u00daS\u00bb","block_context":{"text":"CHASCOM\u00daS","link":"https:\/\/larevistadigital.com.ar\/blog\/category\/chascomus\/"},"img":{"alt_text":"","src":"https:\/\/i0.wp.com\/larevistadigital.com.ar\/blog\/wp-content\/uploads\/67ead7f98d9a3.png?fit=668%2C445&ssl=1&resize=350%2C200","width":350,"height":200,"srcset":"https:\/\/i0.wp.com\/larevistadigital.com.ar\/blog\/wp-content\/uploads\/67ead7f98d9a3.png?fit=668%2C445&ssl=1&resize=350%2C200 1x, https:\/\/i0.wp.com\/larevistadigital.com.ar\/blog\/wp-content\/uploads\/67ead7f98d9a3.png?fit=668%2C445&ssl=1&resize=525%2C300 1.5x"},"classes":[]},{"id":38732,"url":"https:\/\/larevistadigital.com.ar\/blog\/javier-gaston-desde-2015-llevamos-entregadas-mas-de-2-300-escrituras\/","url_meta":{"origin":42022,"position":5},"title":"Javier Gast\u00f3n: \u201cDesde 2015, llevamos entregadas m\u00e1s de 2.300 escrituras\u201d","author":"Alejandro Sosa Ruda","date":"19 febrero, 2025","format":false,"excerpt":"En un acto encabezado por el intendente Javier Gast\u00f3n, se firmaron las documentos de propiedad del Palacio Municipal, el cementerio y viviendas de m\u00e1s 50 familias. 19 de Febrero de 2025 CHASCOM\u00daS\u00a0 -\u00a0 \u00a0Este martes, frente al Palacio Municipal de Chascom\u00fas, se llev\u00f3 a cabo un acto de firma de\u2026","rel":"","context":"En \u00abCHASCOM\u00daS\u00bb","block_context":{"text":"CHASCOM\u00daS","link":"https:\/\/larevistadigital.com.ar\/blog\/category\/chascomus\/"},"img":{"alt_text":"","src":"https:\/\/i0.wp.com\/larevistadigital.com.ar\/blog\/wp-content\/uploads\/67b4bd68555eb.png?fit=668%2C445&ssl=1&resize=350%2C200","width":350,"height":200,"srcset":"https:\/\/i0.wp.com\/larevistadigital.com.ar\/blog\/wp-content\/uploads\/67b4bd68555eb.png?fit=668%2C445&ssl=1&resize=350%2C200 1x, https:\/\/i0.wp.com\/larevistadigital.com.ar\/blog\/wp-content\/uploads\/67b4bd68555eb.png?fit=668%2C445&ssl=1&resize=525%2C300 1.5x"},"classes":[]}],"_links":{"self":[{"href":"https:\/\/larevistadigital.com.ar\/blog\/wp-json\/wp\/v2\/posts\/42022","targetHints":{"allow":["GET"]}}],"collection":[{"href":"https:\/\/larevistadigital.com.ar\/blog\/wp-json\/wp\/v2\/posts"}],"about":[{"href":"https:\/\/larevistadigital.com.ar\/blog\/wp-json\/wp\/v2\/types\/post"}],"author":[{"embeddable":true,"href":"https:\/\/larevistadigital.com.ar\/blog\/wp-json\/wp\/v2\/users\/3"}],"replies":[{"embeddable":true,"href":"https:\/\/larevistadigital.com.ar\/blog\/wp-json\/wp\/v2\/comments?post=42022"}],"version-history":[{"count":1,"href":"https:\/\/larevistadigital.com.ar\/blog\/wp-json\/wp\/v2\/posts\/42022\/revisions"}],"predecessor-version":[{"id":42024,"href":"https:\/\/larevistadigital.com.ar\/blog\/wp-json\/wp\/v2\/posts\/42022\/revisions\/42024"}],"wp:featuredmedia":[{"embeddable":true,"href":"https:\/\/larevistadigital.com.ar\/blog\/wp-json\/wp\/v2\/media\/42023"}],"wp:attachment":[{"href":"https:\/\/larevistadigital.com.ar\/blog\/wp-json\/wp\/v2\/media?parent=42022"}],"wp:term":[{"taxonomy":"category","embeddable":true,"href":"https:\/\/larevistadigital.com.ar\/blog\/wp-json\/wp\/v2\/categories?post=42022"},{"taxonomy":"post_tag","embeddable":true,"href":"https:\/\/larevistadigital.com.ar\/blog\/wp-json\/wp\/v2\/tags?post=42022"}],"curies":[{"name":"wp","href":"https:\/\/api.w.org\/{rel}","templated":true}]}}