{"id":42025,"date":"2025-10-16T18:11:48","date_gmt":"2025-10-16T21:11:48","guid":{"rendered":"https:\/\/larevistadigital.com.ar\/blog\/?p=42025"},"modified":"2025-10-16T18:11:48","modified_gmt":"2025-10-16T21:11:48","slug":"chascomus-primera-jornada-de-la-gran-final-de-los-bonaerenses","status":"publish","type":"post","link":"https:\/\/larevistadigital.com.ar\/blog\/chascomus-primera-jornada-de-la-gran-final-de-los-bonaerenses\/","title":{"rendered":"Chascom\u00fas: Primera jornada de la Gran Final de los Bonaerenses"},"content":{"rendered":"<h3 class=\"excerpt\">Podios, medallas y mucha alegr\u00eda en los primeros eventos con presencia chascomunense.<\/h3>\n<p>16 de Octubre de 2025<\/p>\n<div id=\"miDiv1\" class=\"text\">\n<p><strong>CHASCOM\u00daS &#8211;\u00a0<\/strong> \u00a0Pas\u00f3 el primer d\u00eda de competencias en la Final Provincial de los Juegos Bonaerenses con grandes alegr\u00edas para la delegaci\u00f3n chascomunense.<\/p>\n<blockquote>\n<h3>En primer lugar, el s\u00f3lo hecho de estar all\u00e1 y participar, la final es una fiesta en s\u00ed misma. Chicos y chicas de distintos distritos de la provincia se encuentran, comparten emociones, participan de las competencias, muchos disfrutan de la playa por primera vez.<\/h3>\n<\/blockquote>\n<p>En este marco, el primero en dar una gran noticia fue Pedro Dagorret, con su medalla de oro en Nataci\u00f3n. M\u00e1s tarde, Braian Bona se subi\u00f3 a lo m\u00e1s alto del podio con un oro en Lanzamiento de Bala. Juan Sagorogosky conquist\u00f3 la medalla de bronce en la prueba de 100 metros llanos. Nuevamente la nataci\u00f3n pone a la ciudad en lo m\u00e1s alto, de la mano de Catriel Sotelo y su medalla de oro. En una de las \u00faltimos eventos de la jornada, Chascom\u00fas sum\u00f3 un oro m\u00e1s gracias a la gran performance de Jos\u00e9 Barrag\u00e1n.<\/p>\n<\/div>\n","protected":false},"excerpt":{"rendered":"<div class=\"mh-excerpt\"><p>Podios, medallas y mucha alegr\u00eda en los primeros eventos con presencia chascomunense. 16 de Octubre de 2025 CHASCOM\u00daS &#8211;\u00a0 \u00a0Pas\u00f3 el primer d\u00eda de competencias en la Final Provincial de los Juegos Bonaerenses con grandes <a class=\"mh-excerpt-more\" href=\"https:\/\/larevistadigital.com.ar\/blog\/chascomus-primera-jornada-de-la-gran-final-de-los-bonaerenses\/\" title=\"Chascom\u00fas: Primera jornada de la Gran Final de los Bonaerenses\">[Leer M\u00e1s]<\/a><\/p>\n<\/div>","protected":false},"author":3,"featured_media":42026,"comment_status":"open","ping_status":"open","sticky":false,"template":"","format":"standard","meta":{"_jetpack_memberships_contains_paid_content":false,"footnotes":"","jetpack_publicize_message":"","jetpack_publicize_feature_enabled":true,"jetpack_social_post_already_shared":true,"jetpack_social_options":{"image_generator_settings":{"template":"highway","default_image_id":0,"font":"","enabled":false},"version":2}},"categories":[6],"tags":[],"class_list":{"0":"post-42025","1":"post","2":"type-post","3":"status-publish","4":"format-standard","5":"has-post-thumbnail","7":"category-chascomus"},"jetpack_publicize_connections":[],"jetpack_featured_media_url":"https:\/\/i0.wp.com\/larevistadigital.com.ar\/blog\/wp-content\/uploads\/68f117fa12ec1.png?fit=668%2C445&ssl=1","jetpack_sharing_enabled":true,"jetpack_shortlink":"https:\/\/wp.me\/p8qtrQ-aVP","jetpack-related-posts":[{"id":37730,"url":"https:\/\/larevistadigital.com.ar\/blog\/chascomus-obtuvo-ocho-medallas-en-los-juegos-bonaerenses\/","url_meta":{"origin":42025,"position":0},"title":"Chascom\u00fas obtuvo ocho medallas en los Juegos Bonaerenses","author":"Alejandro Sosa Ruda","date":"5 noviembre, 2024","format":false,"excerpt":"Finaliz\u00f3 la 33\u00b0 edici\u00f3n de la competencia deportiva y cultural m\u00e1s convocante de la provincia 5 de Noviembre de 2024 CHASCOM\u00daS -\u00a0 Con una delegaci\u00f3n de 114 personas, Chascom\u00fas particip\u00f3 de la gran final de Los Juegos Bonaerenses 2024 en Mar del Plata. Tras una semana de competencias, la cosecha\u2026","rel":"","context":"En \u00abCHASCOM\u00daS\u00bb","block_context":{"text":"CHASCOM\u00daS","link":"https:\/\/larevistadigital.com.ar\/blog\/category\/chascomus\/"},"img":{"alt_text":"","src":"https:\/\/i0.wp.com\/larevistadigital.com.ar\/blog\/wp-content\/uploads\/6729086fe5860.png?fit=668%2C445&ssl=1&resize=350%2C200","width":350,"height":200,"srcset":"https:\/\/i0.wp.com\/larevistadigital.com.ar\/blog\/wp-content\/uploads\/6729086fe5860.png?fit=668%2C445&ssl=1&resize=350%2C200 1x, https:\/\/i0.wp.com\/larevistadigital.com.ar\/blog\/wp-content\/uploads\/6729086fe5860.png?fit=668%2C445&ssl=1&resize=525%2C300 1.5x"},"classes":[]},{"id":42157,"url":"https:\/\/larevistadigital.com.ar\/blog\/chascomus-javier-gaston-recibio-a-medallistas-de-los-juegos-bonaerenses\/","url_meta":{"origin":42025,"position":1},"title":"Chascom\u00fas: Javier Gast\u00f3n recibi\u00f3 a medallistas de los Juegos Bonaerenses","author":"Alejandro Sosa Ruda","date":"22 octubre, 2025","format":false,"excerpt":"Una parte de la delegaci\u00f3n fue recibida por el Intendente ayer por la tarde en su despacho. 22 de Octubre de 2025 CHASCOM\u00daS -\u00a0 \u00a0 Tras el regreso de Mar del Plata, donde se disput\u00f3 la gran final provincial de los Juegos Bonaerenses, el intendente Gast\u00f3n recibi\u00f3 a una parte\u2026","rel":"","context":"En \u00abCHASCOM\u00daS\u00bb","block_context":{"text":"CHASCOM\u00daS","link":"https:\/\/larevistadigital.com.ar\/blog\/category\/chascomus\/"},"img":{"alt_text":"","src":"https:\/\/i0.wp.com\/larevistadigital.com.ar\/blog\/wp-content\/uploads\/68f923e305583.png?fit=668%2C445&ssl=1&resize=350%2C200","width":350,"height":200,"srcset":"https:\/\/i0.wp.com\/larevistadigital.com.ar\/blog\/wp-content\/uploads\/68f923e305583.png?fit=668%2C445&ssl=1&resize=350%2C200 1x, https:\/\/i0.wp.com\/larevistadigital.com.ar\/blog\/wp-content\/uploads\/68f923e305583.png?fit=668%2C445&ssl=1&resize=525%2C300 1.5x"},"classes":[]},{"id":37866,"url":"https:\/\/larevistadigital.com.ar\/blog\/javier-gaston-recibio-a-medallistas-de-los-juegos-bonaerenses\/","url_meta":{"origin":42025,"position":2},"title":"Javier Gast\u00f3n recibi\u00f3 a medallistas de los Juegos Bonaerenses","author":"Alejandro Sosa Ruda","date":"13 noviembre, 2024","format":false,"excerpt":"Los integrantes de la delegaci\u00f3n chascomunense fueron convocados hoy al Palacio Municipal. 13 DE nOVIEMBRE DE 2024 CHASCOM\u00daS - Los ganadores en distintas disciplinas culturales y deportivas de la \u00faltima edici\u00f3n de los Juegos Bonaerenses, fueron convocados a un encuentro con el intendente Javier Gast\u00f3n, quien los recibi\u00f3 en reconocimiento\u2026","rel":"","context":"En \u00abCHASCOM\u00daS\u00bb","block_context":{"text":"CHASCOM\u00daS","link":"https:\/\/larevistadigital.com.ar\/blog\/category\/chascomus\/"},"img":{"alt_text":"","src":"https:\/\/i0.wp.com\/larevistadigital.com.ar\/blog\/wp-content\/uploads\/6734ee18d43f2.png?fit=668%2C445&ssl=1&resize=350%2C200","width":350,"height":200,"srcset":"https:\/\/i0.wp.com\/larevistadigital.com.ar\/blog\/wp-content\/uploads\/6734ee18d43f2.png?fit=668%2C445&ssl=1&resize=350%2C200 1x, https:\/\/i0.wp.com\/larevistadigital.com.ar\/blog\/wp-content\/uploads\/6734ee18d43f2.png?fit=668%2C445&ssl=1&resize=525%2C300 1.5x"},"classes":[]},{"id":37945,"url":"https:\/\/larevistadigital.com.ar\/blog\/taekwondo-chascomus-en-el-nivel-mas-alto\/","url_meta":{"origin":42025,"position":3},"title":"Taekwondo: Chascom\u00fas en el nivel m\u00e1s alto","author":"Alejandro Sosa Ruda","date":"21 noviembre, 2024","format":false,"excerpt":"Javier Gast\u00f3n recibi\u00f3 a los campeones consagrados en el Mundial de Mar del Plata 21 de Noviembre de 2024 CHASCOM\u00daS -\u00a0 El intendente Gast\u00f3n, acompa\u00f1ado por el Subsecretario de Deportes, Pablo Francese, recibi\u00f3 hoy al medio d\u00eda a los chascomunenses que participaron en el \u00faltimo Mundial de Taekwondo ITF, realizado\u2026","rel":"","context":"En \u00abCHASCOM\u00daS\u00bb","block_context":{"text":"CHASCOM\u00daS","link":"https:\/\/larevistadigital.com.ar\/blog\/category\/chascomus\/"},"img":{"alt_text":"","src":"https:\/\/i0.wp.com\/larevistadigital.com.ar\/blog\/wp-content\/uploads\/673f6a8457391.png?fit=668%2C445&ssl=1&resize=350%2C200","width":350,"height":200,"srcset":"https:\/\/i0.wp.com\/larevistadigital.com.ar\/blog\/wp-content\/uploads\/673f6a8457391.png?fit=668%2C445&ssl=1&resize=350%2C200 1x, https:\/\/i0.wp.com\/larevistadigital.com.ar\/blog\/wp-content\/uploads\/673f6a8457391.png?fit=668%2C445&ssl=1&resize=525%2C300 1.5x"},"classes":[]},{"id":42790,"url":"https:\/\/larevistadigital.com.ar\/blog\/pedro-dagorret-el-adolescente-chascomunense-que-convirtio-los-desafios-en-impulso-y-compitio-en-el-cenard\/","url_meta":{"origin":42025,"position":4},"title":"Pedro Dagorret: el adolescente chascomunense que convirti\u00f3 los desaf\u00edos en impulso y compiti\u00f3 en el CeNARD","author":"Alejandro Sosa Ruda","date":"9 diciembre, 2025","format":false,"excerpt":"Con 15 a\u00f1os, visi\u00f3n reducida y un trabajo diario ejemplar, represent\u00f3 a la ciudad en un Open Internacional de Nataci\u00f3n Paral\u00edmpica. Una historia de superaci\u00f3n que inspira. Pedro Dagorret tiene 15 a\u00f1os y un motor interno que parece inagotable. En Chascom\u00fas muchos lo conocen como Pe, Pepo o Pepi, pero\u2026","rel":"","context":"En \u00abCHASCOM\u00daS\u00bb","block_context":{"text":"CHASCOM\u00daS","link":"https:\/\/larevistadigital.com.ar\/blog\/category\/chascomus\/"},"img":{"alt_text":"","src":"https:\/\/i0.wp.com\/larevistadigital.com.ar\/blog\/wp-content\/uploads\/pedro.jpg?fit=800%2C1050&ssl=1&resize=350%2C200","width":350,"height":200,"srcset":"https:\/\/i0.wp.com\/larevistadigital.com.ar\/blog\/wp-content\/uploads\/pedro.jpg?fit=800%2C1050&ssl=1&resize=350%2C200 1x, https:\/\/i0.wp.com\/larevistadigital.com.ar\/blog\/wp-content\/uploads\/pedro.jpg?fit=800%2C1050&ssl=1&resize=525%2C300 1.5x, https:\/\/i0.wp.com\/larevistadigital.com.ar\/blog\/wp-content\/uploads\/pedro.jpg?fit=800%2C1050&ssl=1&resize=700%2C400 2x"},"classes":[]},{"id":44039,"url":"https:\/\/larevistadigital.com.ar\/blog\/chascomus-gran-convocatoria-en-el-cierre-de-aguas-abiertas-2026\/","url_meta":{"origin":42025,"position":5},"title":"Chascom\u00fas: Gran convocatoria en el cierre de Aguas Abiertas 2026","author":"Alejandro Sosa Ruda","date":"18 febrero, 2026","format":false,"excerpt":"M\u00e1s de 450 competidores participaron en la edici\u00f3n de la competencia de nataci\u00f3n que se disputa en las aguas de la laguna de Chascom\u00fas. 18 de febrero de 2026 CHASCOM\u00daS -\u00a0 \u00a0El s\u00e1bado se llev\u00f3 a cabo la \u00faltima de las tres fechas del Circuito de Aguas Abiertas en nuestra\u2026","rel":"","context":"En \u00abCHASCOM\u00daS\u00bb","block_context":{"text":"CHASCOM\u00daS","link":"https:\/\/larevistadigital.com.ar\/blog\/category\/chascomus\/"},"img":{"alt_text":"","src":"https:\/\/i0.wp.com\/larevistadigital.com.ar\/blog\/wp-content\/uploads\/6995f9c25374d.png?fit=668%2C445&ssl=1&resize=350%2C200","width":350,"height":200,"srcset":"https:\/\/i0.wp.com\/larevistadigital.com.ar\/blog\/wp-content\/uploads\/6995f9c25374d.png?fit=668%2C445&ssl=1&resize=350%2C200 1x, https:\/\/i0.wp.com\/larevistadigital.com.ar\/blog\/wp-content\/uploads\/6995f9c25374d.png?fit=668%2C445&ssl=1&resize=525%2C300 1.5x"},"classes":[]}],"_links":{"self":[{"href":"https:\/\/larevistadigital.com.ar\/blog\/wp-json\/wp\/v2\/posts\/42025","targetHints":{"allow":["GET"]}}],"collection":[{"href":"https:\/\/larevistadigital.com.ar\/blog\/wp-json\/wp\/v2\/posts"}],"about":[{"href":"https:\/\/larevistadigital.com.ar\/blog\/wp-json\/wp\/v2\/types\/post"}],"author":[{"embeddable":true,"href":"https:\/\/larevistadigital.com.ar\/blog\/wp-json\/wp\/v2\/users\/3"}],"replies":[{"embeddable":true,"href":"https:\/\/larevistadigital.com.ar\/blog\/wp-json\/wp\/v2\/comments?post=42025"}],"version-history":[{"count":2,"href":"https:\/\/larevistadigital.com.ar\/blog\/wp-json\/wp\/v2\/posts\/42025\/revisions"}],"predecessor-version":[{"id":42028,"href":"https:\/\/larevistadigital.com.ar\/blog\/wp-json\/wp\/v2\/posts\/42025\/revisions\/42028"}],"wp:featuredmedia":[{"embeddable":true,"href":"https:\/\/larevistadigital.com.ar\/blog\/wp-json\/wp\/v2\/media\/42026"}],"wp:attachment":[{"href":"https:\/\/larevistadigital.com.ar\/blog\/wp-json\/wp\/v2\/media?parent=42025"}],"wp:term":[{"taxonomy":"category","embeddable":true,"href":"https:\/\/larevistadigital.com.ar\/blog\/wp-json\/wp\/v2\/categories?post=42025"},{"taxonomy":"post_tag","embeddable":true,"href":"https:\/\/larevistadigital.com.ar\/blog\/wp-json\/wp\/v2\/tags?post=42025"}],"curies":[{"name":"wp","href":"https:\/\/api.w.org\/{rel}","templated":true}]}}