{"id":42029,"date":"2025-10-16T18:34:35","date_gmt":"2025-10-16T21:34:35","guid":{"rendered":"https:\/\/larevistadigital.com.ar\/blog\/?p=42029"},"modified":"2025-10-16T18:34:53","modified_gmt":"2025-10-16T21:34:53","slug":"chascomus-lanzamiento-de-la-diplomatura-democracia-y-parlamento-futuro","status":"publish","type":"post","link":"https:\/\/larevistadigital.com.ar\/blog\/chascomus-lanzamiento-de-la-diplomatura-democracia-y-parlamento-futuro\/","title":{"rendered":"Chascom\u00fas: Lanzamiento de la diplomatura \u201cDemocracia y Parlamento Futuro\u201d"},"content":{"rendered":"<h3 class=\"excerpt\">La formaci\u00f3n que se realiza en el marco del programa \u201cChascom\u00fas Km 0 de la Democracia\u201d, se dicta de forma virtual y tiene 500 inscriptos de todo el pa\u00eds.<\/h3>\n<p>16 de Octubre de 2025<\/p>\n<div id=\"miDiv1\" class=\"text\">\n<p><strong>CHASCOM\u00daS &#8211;\u00a0<\/strong> \u00a0El ministro de Gobierno bonaerense, <strong>Carlos Bianco<\/strong>, el intendente <strong>Javier Gast\u00f3n<\/strong> y el vicepresidente corporativo del Banco de Desarrollo de Am\u00e9rica Latina y el Caribe (CAF), <strong>Christian Asinelli<\/strong>, encabezaron este jueves el lanzamiento de la diplomatura <strong><em>\u201cDemocracia y Parlamento Futuro\u201d.<\/em><\/strong><\/p>\n<blockquote>\n<h3>La propuesta acad\u00e9mica es impulsada por la Escuela de Gobierno de la provincia de Buenos Aires junto al Municipio de Chascom\u00fas, con certificaci\u00f3n de la Universidad Nacional de San Mart\u00edn (UNSAM) y el apoyo de CAF \u2013 Banco de Desarrollo de Am\u00e9rica Latina y el Caribe.<\/h3>\n<\/blockquote>\n<p>La diplomatura, que se dicta bajo modalidad virtual, cuenta con m\u00e1s de 500 inscriptos de distintos puntos del pa\u00eds. Su programa contempla dos m\u00f3dulos \u2014\u201cDemocracia en transici\u00f3n\u201d y \u201cParlamento, inteligencia artificial y gobierno abierto\u201d\u2014, con un total de 36 clases regulares y seis charlas magistrales previstas para 2026.<\/p>\n<p>La diplomatura <strong>\u201cDemocracia y Parlamento Futuro\u201d forma parte de dos iniciativas: la c\u00e1tedra hom\u00f3nima, creada en el marco del 40\u00b0 aniversario de la democracia argentina, y el programa \u201cChascom\u00fas KM 0 de la Democracia\u201d<\/strong>, que busca fortalecer las pr\u00e1cticas democr\u00e1ticas desde el territorio.<\/p>\n<blockquote>\n<h3>Durante la apertura, Bianco destac\u00f3 la importancia del espacio formativo en el actual contexto pol\u00edtico.<\/h3>\n<\/blockquote>\n<p><strong><em>\u201cTenemos una gran preocupaci\u00f3n por el deterioro de las instituciones democr\u00e1ticas, un fen\u00f3meno que se observa en nuestra regi\u00f3n y en distintos pa\u00edses de Europa, y del que la Argentina no es ajena. El Gobierno nacional est\u00e1 avasallando el sistema republicano, representativo y federal con una serie de hechos que muestran la degradaci\u00f3n de nuestro sistema democr\u00e1tico\u201d<\/em><\/strong>, se\u00f1al\u00f3 el ministro.<\/p>\n<blockquote>\n<h3><em>\u201cEsta diplomatura abre un debate muy importante para generar conciencia sobre el respeto de las instituciones y fortalecer el sistema democr\u00e1tico nacional, que es el que permitir\u00e1 que la pol\u00edtica lleve adelante las transformaciones necesarias para nuestra patria\u201d<\/em>, agreg\u00f3.<\/h3>\n<\/blockquote>\n<p>Por su parte, el intendente<strong> Javier Gast\u00f3n<\/strong> subray\u00f3 el valor simb\u00f3lico de que el lanzamiento se realice en Chascom\u00fas.<\/p>\n<p><strong><em>\u201cEstamos en el kil\u00f3metro cero de la Democracia, a partir de la figura y el legado de Ra\u00fal Alfons\u00edn. En momentos en los que la democracia participativa est\u00e1 en crisis, debemos tomarnos el tiempo de analizar lo que nos pasa como sociedad. Vemos cada d\u00eda c\u00f3mo nuestras comunidades se vuelven m\u00e1s violentas e intolerantes, y es urgente que fortalezcamos la democracia\u201d<\/em><\/strong>, expres\u00f3.<\/p>\n<blockquote><p><strong><em>\u201cEsta c\u00e1tedra que nace de la UNSAM busca capacitar a nuestros vecinos para que se comprometan con la gesti\u00f3n p\u00fablica, y es una muestra de la decisi\u00f3n pol\u00edtica de la Provincia de acercar la educaci\u00f3n universitaria al interior bonaerense\u201d<\/em><\/strong>, remarc\u00f3 <strong>Gast\u00f3n<\/strong>.<\/p><\/blockquote>\n<p>La diputada nacional y secretaria acad\u00e9mica de la c\u00e1tedra, <strong>M\u00f3nica Litza<\/strong>, reflexion\u00f3 sobre los desaf\u00edos de la representaci\u00f3n pol\u00edtica contempor\u00e1nea: <strong><em>\u201cLa democracia dej\u00f3 de ser un valor en s\u00ed misma. En un mundo cada vez m\u00e1s individualista, donde la comunicaci\u00f3n entre ciudadan\u00eda y poder es directa a trav\u00e9s de la tecnolog\u00eda, debemos repensar cu\u00e1l es el rol de los parlamentos. Los parlamentos eran intermediarios entre el gobierno y la comunidad, pero hoy esa demanda se canaliza de otras maneras\u201d<\/em><\/strong>, explic\u00f3.<\/p>\n<blockquote><p><strong><em>\u201cEsta c\u00e1tedra tiene como objetivo darnos herramientas para que, cuando nos toque ocupar funciones p\u00fablicas, estemos preparados. En un mundo globalizado, estamos convencidos de que debemos realizarnos en comunidad\u201d<\/em><\/strong>, afirm\u00f3.<\/p><\/blockquote>\n<p>A su turno, el vicepresidente ejecutivo de CAF, Christian Asinelli, destac\u00f3 la articulaci\u00f3n institucional que hizo posible la propuesta.<\/p>\n<p><strong><em>\u201cEstamos ante una gran oportunidad, porque se est\u00e1 produciendo un c\u00edrculo virtuoso entre la Provincia, el municipio, las universidades p\u00fablicas, organismos como la OEI y la CAF, y las personas interesadas en capacitarse. Coordinarse no es f\u00e1cil, por eso es tan importante este espacio: se respira futuro, estamos pensando hacia adelante en un tema tan esencial como la democracia\u201d<\/em><\/strong>, sostuvo.<\/p>\n<blockquote><p><em><strong>\u201cLa CAF es un banco de desarrollo, y creemos que la infraestructura institucional es tan importante como la f\u00edsica. Apoyamos estas actividades de formaci\u00f3n porque son las personas las que llevan adelante las pol\u00edticas y las ideas\u201d<\/strong><\/em>, a\u00f1adi\u00f3.<\/p><\/blockquote>\n<p>El encuentro, realizado en el sal\u00f3n \u201cLa F\u00e1brica\u201d cont\u00f3 con la presencia de intendentes y funcionarios de 16 municipios bonaerenses, entre ellos Ayacucho, Balcarce, General Belgrano, General Las Heras, General Paz, Las Flores y Lober\u00eda.<\/p>\n<blockquote>\n<h3>Como cierre de la jornada, el especialista espa\u00f1ol Pau Solanilla Franco ofreci\u00f3 la clase magistral \u201cLa ciudad 5.0, democracia, prop\u00f3sito social y emociones\u201d, en la que plante\u00f3 la necesidad de repensar el desarrollo urbano desde una mirada centrada en las personas.<\/h3>\n<\/blockquote>\n<p><em><strong>\u201cLa tecnolog\u00eda sin equidad ni sensibilidad humana puede generar nuevas brechas y desigualdades. La ciudad 5.0 propone una sociedad centrada en el ser humano, donde el desarrollo econ\u00f3mico y la resoluci\u00f3n de los problemas sociales sean compatibles a trav\u00e9s de un sistema integrado entre el espacio f\u00edsico y el digital\u201d<\/strong><\/em>, explic\u00f3.<\/p>\n<p>Antes del acto p\u00fablico, los intendentes bonaerenses participantes mantuvieron una reuni\u00f3n de trabajo con el ministro de Gobierno, Carlos Bianco, y el vicepresidente ejecutivo de CAF, Christian Asinelli, en la que abordaron temas vinculados a la articulaci\u00f3n entre los municipios, la Provincia y los organismos internacionales para el desarrollo de proyectos de fortalecimiento institucional y acciones locales.<\/p>\n<p>Junto al intendente Javier Gast\u00f3n, en este encuentro estuvieron presentes los jefes comunales de General Belgrano, Osvaldo Din\u00e1poli; de Las Flores, Alberto Gelen\u00e9; de General Las Heras, Javier Osuna; de Balcarce, Esteban Reino; de Lober\u00eda, Pablo Barrera; de Ayacucho, Emilio Cordonier, y de General Paz, Juan Manuel \u00c1lvarez, acompa\u00f1ado por la jefa de Gabinete Noelia Massacessi. A ellos se sumaron Myriam Mongay, presidenta del Concejo Deliberante de Lezama; y el secretario de Desarrollo Econ\u00f3mico de Monte, Silvio Larragorri.<\/p>\n<blockquote><p>All\u00ed tambi\u00e9n estuvieron presentes los referentes de la CAF, Baltazar Ojeda, Sebasti\u00e1n Putzoli, Nicol\u00e1s Milazzo y Alejo Ram\u00edrez, junto a Diego Filmus en representaci\u00f3n de la Organizaci\u00f3n de Estados Iberoamericanos (OEI).<\/p><\/blockquote>\n<p>Como cierre de la jornada, los participantes asistieron a la presentaci\u00f3n de la pel\u00edcula documental \u00abUn sonido original de Am\u00e9rica\u00bb, junto a su director Ariel Broitman, en la sede de la Orquesta-Escuela de Chascom\u00fas, donde tambi\u00e9n disfrutaron de un concierto de los j\u00f3venes integrantes de la agrupaci\u00f3n local.<\/p>\n<\/div>\n","protected":false},"excerpt":{"rendered":"<div class=\"mh-excerpt\"><p>La formaci\u00f3n que se realiza en el marco del programa \u201cChascom\u00fas Km 0 de la Democracia\u201d, se dicta de forma virtual y tiene 500 inscriptos de todo el pa\u00eds. 16 de Octubre de 2025 CHASCOM\u00daS <a class=\"mh-excerpt-more\" href=\"https:\/\/larevistadigital.com.ar\/blog\/chascomus-lanzamiento-de-la-diplomatura-democracia-y-parlamento-futuro\/\" title=\"Chascom\u00fas: Lanzamiento de la diplomatura \u201cDemocracia y Parlamento Futuro\u201d\">[Leer M\u00e1s]<\/a><\/p>\n<\/div>","protected":false},"author":3,"featured_media":42030,"comment_status":"open","ping_status":"open","sticky":false,"template":"","format":"standard","meta":{"_jetpack_memberships_contains_paid_content":false,"footnotes":"","jetpack_publicize_message":"","jetpack_publicize_feature_enabled":true,"jetpack_social_post_already_shared":true,"jetpack_social_options":{"image_generator_settings":{"template":"highway","default_image_id":0,"font":"","enabled":false},"version":2}},"categories":[6,50],"tags":[],"class_list":{"0":"post-42029","1":"post","2":"type-post","3":"status-publish","4":"format-standard","5":"has-post-thumbnail","7":"category-chascomus","8":"category-interes-general"},"jetpack_publicize_connections":[],"jetpack_featured_media_url":"https:\/\/i0.wp.com\/larevistadigital.com.ar\/blog\/wp-content\/uploads\/68f12bebd967f.png?fit=668%2C445&ssl=1","jetpack_sharing_enabled":true,"jetpack_shortlink":"https:\/\/wp.me\/p8qtrQ-aVT","jetpack-related-posts":[{"id":41954,"url":"https:\/\/larevistadigital.com.ar\/blog\/chascomus-presentacion-de-la-diplomatura-democracia-y-parlamento-futuro\/","url_meta":{"origin":42029,"position":0},"title":"Chascom\u00fas: Presentaci\u00f3n de la Diplomatura Democracia y Parlamento Futuro","author":"Alejandro Sosa Ruda","date":"14 octubre, 2025","format":false,"excerpt":"Apunta a rescatar las virtudes del sistema democr\u00e1tico y reafirmar su vigencia como modelo capaz de consolidar instituciones p\u00fablicas y organizaciones de la sociedad civil. 14 de Octubre de 2025 CHASCOM\u00daS -\u00a0 \u00a0En el marco del programa \u201cChascom\u00fas Km 0 de la Democracia\u201d, este mi\u00e9rcoles se presentar\u00e1 la Diplomatura en\u2026","rel":"","context":"En \u00abCHASCOM\u00daS\u00bb","block_context":{"text":"CHASCOM\u00daS","link":"https:\/\/larevistadigital.com.ar\/blog\/category\/chascomus\/"},"img":{"alt_text":"","src":"https:\/\/i0.wp.com\/larevistadigital.com.ar\/blog\/wp-content\/uploads\/68ee8eefa94a4.png?fit=668%2C445&ssl=1&resize=350%2C200","width":350,"height":200,"srcset":"https:\/\/i0.wp.com\/larevistadigital.com.ar\/blog\/wp-content\/uploads\/68ee8eefa94a4.png?fit=668%2C445&ssl=1&resize=350%2C200 1x, https:\/\/i0.wp.com\/larevistadigital.com.ar\/blog\/wp-content\/uploads\/68ee8eefa94a4.png?fit=668%2C445&ssl=1&resize=525%2C300 1.5x"},"classes":[]},{"id":41731,"url":"https:\/\/larevistadigital.com.ar\/blog\/chascomus-participo-de-la-presentacion-del-reporte-de-economia-y-desarrollo-2025-de-caf\/","url_meta":{"origin":42029,"position":1},"title":"Chascom\u00fas particip\u00f3 de la presentaci\u00f3n del Reporte de Econom\u00eda y Desarrollo 2025 de CAF","author":"Alejandro Sosa Ruda","date":"3 octubre, 2025","format":false,"excerpt":"El organismo internacional respaldar\u00e1 proyectos locales de saneamiento y mejora de la red cloacal. Adem\u00e1s acompa\u00f1ar\u00e1 el proyecto \u201cChascom\u00fas Km 0 de la Democracia\u201d. 03 de octubre de 2025 CHASCOM\u00daS\u00a0 -\u00a0 \u00a0 El intendente Javier Gast\u00f3n asisti\u00f3 a la presentaci\u00f3n del Reporte de Econom\u00eda y Desarrollo (RED) 2025 del Banco\u2026","rel":"","context":"En \u00abCHASCOM\u00daS\u00bb","block_context":{"text":"CHASCOM\u00daS","link":"https:\/\/larevistadigital.com.ar\/blog\/category\/chascomus\/"},"img":{"alt_text":"","src":"https:\/\/i0.wp.com\/larevistadigital.com.ar\/blog\/wp-content\/uploads\/68e006e1c37b4.png?fit=668%2C445&ssl=1&resize=350%2C200","width":350,"height":200,"srcset":"https:\/\/i0.wp.com\/larevistadigital.com.ar\/blog\/wp-content\/uploads\/68e006e1c37b4.png?fit=668%2C445&ssl=1&resize=350%2C200 1x, https:\/\/i0.wp.com\/larevistadigital.com.ar\/blog\/wp-content\/uploads\/68e006e1c37b4.png?fit=668%2C445&ssl=1&resize=525%2C300 1.5x"},"classes":[]},{"id":42317,"url":"https:\/\/larevistadigital.com.ar\/blog\/chascomus-continua-posicionandose-a-nivel-internacional-fortaleciendo-lazos-con-instituciones-academicas-y-de-gobierno\/","url_meta":{"origin":42029,"position":2},"title":"Chascom\u00fas contin\u00faa posicion\u00e1ndose a nivel internacional fortaleciendo lazos con instituciones acad\u00e9micas y de gobierno","author":"Alejandro Sosa Ruda","date":"1 noviembre, 2025","format":false,"excerpt":"Reuniones con referentes acad\u00e9micos y especialistas en gesti\u00f3n urbana y formaci\u00f3n ciudadana en Espa\u00f1a. El intendente Javier Gast\u00f3n mantuvo diversas reuniones con funcionarios y referentes acad\u00e9micos en el marco del viaje que se encuentra realizando en Espa\u00f1a con el prop\u00f3sito de consolidar convenios y generar nuevos espacios de cooperaci\u00f3n en\u2026","rel":"","context":"En \u00abCHASCOM\u00daS\u00bb","block_context":{"text":"CHASCOM\u00daS","link":"https:\/\/larevistadigital.com.ar\/blog\/category\/chascomus\/"},"img":{"alt_text":"","src":"https:\/\/i0.wp.com\/larevistadigital.com.ar\/blog\/wp-content\/uploads\/6904f91126844.png?fit=668%2C445&ssl=1&resize=350%2C200","width":350,"height":200,"srcset":"https:\/\/i0.wp.com\/larevistadigital.com.ar\/blog\/wp-content\/uploads\/6904f91126844.png?fit=668%2C445&ssl=1&resize=350%2C200 1x, https:\/\/i0.wp.com\/larevistadigital.com.ar\/blog\/wp-content\/uploads\/6904f91126844.png?fit=668%2C445&ssl=1&resize=525%2C300 1.5x"},"classes":[]},{"id":37849,"url":"https:\/\/larevistadigital.com.ar\/blog\/el-intendente-de-chascomus-firmo-un-convenio-de-cooperacion-con-la-organizacion-de-estados-iberoamericanos\/","url_meta":{"origin":42029,"position":3},"title":"El intendente de Chascom\u00fas, firm\u00f3 un convenio de cooperaci\u00f3n con la Organizaci\u00f3n de Estados Iberoamericanos","author":"Alejandro Sosa Ruda","date":"12 noviembre, 2024","format":false,"excerpt":"Ser\u00e1 una gran posibilidad para nuestra ciudad de promover proyectos de distintos \u00edndole, poniendo el acento en el \u201cChascom\u00fas, Km 0 de la Democracia\u201d 12 de Noviembre de CHASCOM\u00daS -\u00a0 El intendente Javier Gast\u00f3n firm\u00f3 el convenio marco de cooperaci\u00f3n con la Organizaci\u00f3n de Estados Iberoamericanos (OEI), el organismo internacional\u2026","rel":"","context":"En \u00abSin categor\u00eda\u00bb","block_context":{"text":"Sin categor\u00eda","link":"https:\/\/larevistadigital.com.ar\/blog\/category\/sin-categoria\/"},"img":{"alt_text":"","src":"https:\/\/i0.wp.com\/larevistadigital.com.ar\/blog\/wp-content\/uploads\/67337f68c8772.png?fit=668%2C445&ssl=1&resize=350%2C200","width":350,"height":200,"srcset":"https:\/\/i0.wp.com\/larevistadigital.com.ar\/blog\/wp-content\/uploads\/67337f68c8772.png?fit=668%2C445&ssl=1&resize=350%2C200 1x, https:\/\/i0.wp.com\/larevistadigital.com.ar\/blog\/wp-content\/uploads\/67337f68c8772.png?fit=668%2C445&ssl=1&resize=525%2C300 1.5x"},"classes":[]},{"id":38983,"url":"https:\/\/larevistadigital.com.ar\/blog\/convenio-entre-la-universidad-nacional-de-mar-del-plata-y-la-municipalidad-de-chascomus\/","url_meta":{"origin":42029,"position":4},"title":"Convenio entre la Universidad Nacional de Mar del Plata y la Municipalidad de Chascom\u00fas","author":"Alejandro Sosa Ruda","date":"13 marzo, 2025","format":false,"excerpt":"El acuerdo busca promover actividades acad\u00e9micas y de investigaci\u00f3n en el marco del programa Chascom\u00fas Km 0 de la Democracia. 14 de Marzo de 2025 CHASCOM\u00daS -\u00a0 El intendente Javier Gast\u00f3n y el rector de la Universidad Nacional de Mar del Plata, Alfredo Lazzeretti, firmaron un convenio de cooperaci\u00f3n entre\u2026","rel":"","context":"En \u00abCHASCOM\u00daS\u00bb","block_context":{"text":"CHASCOM\u00daS","link":"https:\/\/larevistadigital.com.ar\/blog\/category\/chascomus\/"},"img":{"alt_text":"","src":"https:\/\/i0.wp.com\/larevistadigital.com.ar\/blog\/wp-content\/uploads\/67d4637c2359e.png?fit=668%2C445&ssl=1&resize=350%2C200","width":350,"height":200,"srcset":"https:\/\/i0.wp.com\/larevistadigital.com.ar\/blog\/wp-content\/uploads\/67d4637c2359e.png?fit=668%2C445&ssl=1&resize=350%2C200 1x, https:\/\/i0.wp.com\/larevistadigital.com.ar\/blog\/wp-content\/uploads\/67d4637c2359e.png?fit=668%2C445&ssl=1&resize=525%2C300 1.5x"},"classes":[]},{"id":38854,"url":"https:\/\/larevistadigital.com.ar\/blog\/chascomus-se-suma-a-la-red-de-biodiverciudades\/","url_meta":{"origin":42029,"position":5},"title":"Chascom\u00fas se suma a la Red de Biodiverciudades","author":"Alejandro Sosa Ruda","date":"27 febrero, 2025","format":false,"excerpt":"La iniciativa busca promover la integraci\u00f3n de la biodiversidad en la planificaci\u00f3n urbana y fomentar modelos de econom\u00eda circular, infraestructura verde y bienestar ciudadano. 27 de Febrero de 2025 CHASCOM\u00daS -\u00a0 Como parte de las gestiones para lograr el financiamiento que permita realizar obras de infraestructura para Chascom\u00fas, el intendente\u2026","rel":"","context":"En \u00abCHASCOM\u00daS\u00bb","block_context":{"text":"CHASCOM\u00daS","link":"https:\/\/larevistadigital.com.ar\/blog\/category\/chascomus\/"},"img":{"alt_text":"","src":"https:\/\/i0.wp.com\/larevistadigital.com.ar\/blog\/wp-content\/uploads\/67c096164e94d.png?fit=668%2C445&ssl=1&resize=350%2C200","width":350,"height":200,"srcset":"https:\/\/i0.wp.com\/larevistadigital.com.ar\/blog\/wp-content\/uploads\/67c096164e94d.png?fit=668%2C445&ssl=1&resize=350%2C200 1x, https:\/\/i0.wp.com\/larevistadigital.com.ar\/blog\/wp-content\/uploads\/67c096164e94d.png?fit=668%2C445&ssl=1&resize=525%2C300 1.5x"},"classes":[]}],"_links":{"self":[{"href":"https:\/\/larevistadigital.com.ar\/blog\/wp-json\/wp\/v2\/posts\/42029","targetHints":{"allow":["GET"]}}],"collection":[{"href":"https:\/\/larevistadigital.com.ar\/blog\/wp-json\/wp\/v2\/posts"}],"about":[{"href":"https:\/\/larevistadigital.com.ar\/blog\/wp-json\/wp\/v2\/types\/post"}],"author":[{"embeddable":true,"href":"https:\/\/larevistadigital.com.ar\/blog\/wp-json\/wp\/v2\/users\/3"}],"replies":[{"embeddable":true,"href":"https:\/\/larevistadigital.com.ar\/blog\/wp-json\/wp\/v2\/comments?post=42029"}],"version-history":[{"count":1,"href":"https:\/\/larevistadigital.com.ar\/blog\/wp-json\/wp\/v2\/posts\/42029\/revisions"}],"predecessor-version":[{"id":42031,"href":"https:\/\/larevistadigital.com.ar\/blog\/wp-json\/wp\/v2\/posts\/42029\/revisions\/42031"}],"wp:featuredmedia":[{"embeddable":true,"href":"https:\/\/larevistadigital.com.ar\/blog\/wp-json\/wp\/v2\/media\/42030"}],"wp:attachment":[{"href":"https:\/\/larevistadigital.com.ar\/blog\/wp-json\/wp\/v2\/media?parent=42029"}],"wp:term":[{"taxonomy":"category","embeddable":true,"href":"https:\/\/larevistadigital.com.ar\/blog\/wp-json\/wp\/v2\/categories?post=42029"},{"taxonomy":"post_tag","embeddable":true,"href":"https:\/\/larevistadigital.com.ar\/blog\/wp-json\/wp\/v2\/tags?post=42029"}],"curies":[{"name":"wp","href":"https:\/\/api.w.org\/{rel}","templated":true}]}}