{"id":423,"date":"2017-02-28T01:23:07","date_gmt":"2017-02-28T01:23:07","guid":{"rendered":"https:\/\/larevistadigital.com.ar\/blog\/?p=423"},"modified":"2017-02-28T01:23:07","modified_gmt":"2017-02-28T01:23:07","slug":"control-las-concesiones-persecucion-encubierta","status":"publish","type":"post","link":"https:\/\/larevistadigital.com.ar\/blog\/control-las-concesiones-persecucion-encubierta\/","title":{"rendered":"\u00bfControl de las concesiones o persecuci\u00f3n encubierta?"},"content":{"rendered":"<p><strong><em>Mientras el gobierno local planea una campa\u00f1a de control de las concesiones en la ciudad, cosa que siempre es necesaria, desde los prestadores, hay quienes sostienen que esto es una persecuci\u00f3n encubierta para quienes no comulgan con las ideas del ejecutivo.<\/em><\/strong><\/p>\n<p>Se ha conocido la decisi\u00f3n del Intendente Municipal Javier Gast\u00f3n, de que desde el \u00e1rea de Turismo y Comunicaci\u00f3n\u00a0 se haga un relevamiento de las concesiones que se encuentran funcionando a la fecha.<\/p>\n<p>En el marco de este plan, se verifica que cada predio tenga toda la documentaci\u00f3n en regla, habilitaci\u00f3n, REBA, canon, rubro, tasas, plazos de obra, seguros, bajadas n\u00e1uticas, horarios de atenci\u00f3n al p\u00fablico, horario de apertura de ba\u00f1os p\u00fablicos, etc.<\/p>\n<p><a href=\"https:\/\/i0.wp.com\/larevistadigital.com.ar\/blog\/wp-content\/uploads\/2017\/02\/balneario-lamadrid-Copiar.jpg?ssl=1\"><img data-recalc-dims=\"1\" loading=\"lazy\" decoding=\"async\" class=\"size-medium wp-image-424 alignleft\" src=\"https:\/\/i0.wp.com\/larevistadigital.com.ar\/blog\/wp-content\/uploads\/2017\/02\/balneario-lamadrid-Copiar.jpg?resize=300%2C225&#038;ssl=1\" alt=\"\" width=\"300\" height=\"225\" srcset=\"https:\/\/i0.wp.com\/larevistadigital.com.ar\/blog\/wp-content\/uploads\/2017\/02\/balneario-lamadrid-Copiar.jpg?resize=300%2C225&amp;ssl=1 300w, https:\/\/i0.wp.com\/larevistadigital.com.ar\/blog\/wp-content\/uploads\/2017\/02\/balneario-lamadrid-Copiar.jpg?resize=768%2C576&amp;ssl=1 768w, https:\/\/i0.wp.com\/larevistadigital.com.ar\/blog\/wp-content\/uploads\/2017\/02\/balneario-lamadrid-Copiar.jpg?w=1024&amp;ssl=1 1024w, https:\/\/i0.wp.com\/larevistadigital.com.ar\/blog\/wp-content\/uploads\/2017\/02\/balneario-lamadrid-Copiar.jpg?resize=678%2C509&amp;ssl=1 678w, https:\/\/i0.wp.com\/larevistadigital.com.ar\/blog\/wp-content\/uploads\/2017\/02\/balneario-lamadrid-Copiar.jpg?resize=326%2C245&amp;ssl=1 326w, https:\/\/i0.wp.com\/larevistadigital.com.ar\/blog\/wp-content\/uploads\/2017\/02\/balneario-lamadrid-Copiar.jpg?resize=80%2C60&amp;ssl=1 80w\" sizes=\"auto, (max-width: 300px) 100vw, 300px\" \/><\/a><\/p>\n<p>Tambi\u00e9n se est\u00e1n fiscalizando el estado edilicio de la concesi\u00f3n con un relevamiento fotogr\u00e1fico de las instalaciones, su estado, limpieza, se\u00f1alizaciones, mantenimiento, nuevas obrasno declaradas, l\u00edmite geogr\u00e1fico del predio, etc.<\/p>\n<p>Cada uno de los informes realizados se presentar\u00e1n los primeros d\u00edas de abril al Concejo Deliberante.<\/p>\n<p>Hasta ac\u00e1 todo perfecto, ya que siempre es necesario un control sobre los que han sido beneficiados con la adjudicaci\u00f3n de una concesi\u00f3n.<\/p>\n<p>El tema es que algunos concesionarios nos han hecho llegar sus dudas acerca de si esto podr\u00eda convertirse en una suerte de \u201ccaza de brujas\u201d en donde desde el gobierno municipal\u00a0 se \u201cpersiga\u201d a algunos que son conocidos como simpatizantes de la UCR, solamente por su pertenencia o simpat\u00eda partidaria.<\/p>\n<p><a href=\"https:\/\/i0.wp.com\/larevistadigital.com.ar\/blog\/wp-content\/uploads\/2017\/02\/chascomus36-marita.jpg?ssl=1\"><img data-recalc-dims=\"1\" loading=\"lazy\" decoding=\"async\" class=\"size-medium wp-image-425 alignleft\" src=\"https:\/\/i0.wp.com\/larevistadigital.com.ar\/blog\/wp-content\/uploads\/2017\/02\/chascomus36-marita.jpg?resize=300%2C225&#038;ssl=1\" alt=\"\" width=\"300\" height=\"225\" srcset=\"https:\/\/i0.wp.com\/larevistadigital.com.ar\/blog\/wp-content\/uploads\/2017\/02\/chascomus36-marita.jpg?resize=300%2C225&amp;ssl=1 300w, https:\/\/i0.wp.com\/larevistadigital.com.ar\/blog\/wp-content\/uploads\/2017\/02\/chascomus36-marita.jpg?resize=768%2C576&amp;ssl=1 768w, https:\/\/i0.wp.com\/larevistadigital.com.ar\/blog\/wp-content\/uploads\/2017\/02\/chascomus36-marita.jpg?resize=1024%2C768&amp;ssl=1 1024w, https:\/\/i0.wp.com\/larevistadigital.com.ar\/blog\/wp-content\/uploads\/2017\/02\/chascomus36-marita.jpg?resize=678%2C509&amp;ssl=1 678w, https:\/\/i0.wp.com\/larevistadigital.com.ar\/blog\/wp-content\/uploads\/2017\/02\/chascomus36-marita.jpg?resize=326%2C245&amp;ssl=1 326w, https:\/\/i0.wp.com\/larevistadigital.com.ar\/blog\/wp-content\/uploads\/2017\/02\/chascomus36-marita.jpg?resize=80%2C60&amp;ssl=1 80w, https:\/\/i0.wp.com\/larevistadigital.com.ar\/blog\/wp-content\/uploads\/2017\/02\/chascomus36-marita.jpg?w=1400&amp;ssl=1 1400w\" sizes=\"auto, (max-width: 300px) 100vw, 300px\" \/><\/a>Un vecino, que vamos a llamar <strong>\u201cPedro\u201d<\/strong>, ya que teme que si publicamos su nombre se tomen algunas represalias en su contra, nos coment\u00f3 que se siente muy preocupado porque asegura haber recibido presiones que seg\u00fan asegura tendr\u00edan que ver con su conocida simpat\u00eda por el radicalismo, sosteniendo adem\u00e1s que <strong><em>\u201ceste gobierno ya ha demostrado como se maneja. En el municipio han dejado afuera a mucha gente por el solo hecho de tener otro color partidario, y eso pocos lo dicen, pero todos lo saben\u201d<\/em><\/strong><\/p>\n<p><strong><em>\u201cTengo una amiga y varios conocidos a los que han embromado. A algunos los persiguieron y a otros los cambiaron de lugar de trabajo, solo para incomodarlos\u201d<\/em><\/strong> agreg\u00f3.<\/p>\n<p>Desde LRD, aclaramos que no nos consta que as\u00ed sea, aunque fueron varios los que se manifestaron en ese sentido.<\/p>\n<p>Tambi\u00e9n, es nuestra opini\u00f3n que nos complace que se hagan controles sobre las distintas concesiones del municipio, ya que los predios y lugares concesionados no son ni de Gast\u00f3n ni de otro gobierno, sino que son patrimonio de todos los chascomunenses, y es tambi\u00e9n obligaci\u00f3n de las autoridades velar por que sean cuidados, preservados y\u00a0 l\u00f3gicamente que se cumplan con las obligaciones y normas establecidas.<\/p>\n<p><a href=\"https:\/\/i0.wp.com\/larevistadigital.com.ar\/blog\/wp-content\/uploads\/2017\/02\/10-scr_00037-015.jpg?ssl=1\"><img data-recalc-dims=\"1\" loading=\"lazy\" decoding=\"async\" class=\"size-medium wp-image-426 alignleft\" src=\"https:\/\/i0.wp.com\/larevistadigital.com.ar\/blog\/wp-content\/uploads\/2017\/02\/10-scr_00037-015.jpg?resize=300%2C225&#038;ssl=1\" alt=\"\" width=\"300\" height=\"225\" srcset=\"https:\/\/i0.wp.com\/larevistadigital.com.ar\/blog\/wp-content\/uploads\/2017\/02\/10-scr_00037-015.jpg?resize=300%2C225&amp;ssl=1 300w, https:\/\/i0.wp.com\/larevistadigital.com.ar\/blog\/wp-content\/uploads\/2017\/02\/10-scr_00037-015.jpg?resize=768%2C576&amp;ssl=1 768w, https:\/\/i0.wp.com\/larevistadigital.com.ar\/blog\/wp-content\/uploads\/2017\/02\/10-scr_00037-015.jpg?resize=1024%2C768&amp;ssl=1 1024w, https:\/\/i0.wp.com\/larevistadigital.com.ar\/blog\/wp-content\/uploads\/2017\/02\/10-scr_00037-015.jpg?resize=678%2C509&amp;ssl=1 678w, https:\/\/i0.wp.com\/larevistadigital.com.ar\/blog\/wp-content\/uploads\/2017\/02\/10-scr_00037-015.jpg?resize=326%2C245&amp;ssl=1 326w, https:\/\/i0.wp.com\/larevistadigital.com.ar\/blog\/wp-content\/uploads\/2017\/02\/10-scr_00037-015.jpg?resize=80%2C60&amp;ssl=1 80w, https:\/\/i0.wp.com\/larevistadigital.com.ar\/blog\/wp-content\/uploads\/2017\/02\/10-scr_00037-015.jpg?w=1025&amp;ssl=1 1025w\" sizes=\"auto, (max-width: 300px) 100vw, 300px\" \/><\/a>Igualmente, y hecha esta salvedad, tambi\u00e9n queremos dejar en claro que tomamos nota de la situaci\u00f3n manifestada por algunos vecinos, y que si realmente se diera la temida persecuci\u00f3n, seremos los primeros en denunciarlo y hacerlo notar, ya que ser\u00eda inaceptable semejante abuso de poder, el que esperamos que nunca ocurra.<\/p>\n","protected":false},"excerpt":{"rendered":"<div class=\"mh-excerpt\"><p>Mientras el gobierno local planea una campa\u00f1a de control de las concesiones en la ciudad, cosa que siempre es necesaria, desde los prestadores, hay quienes sostienen que esto es una persecuci\u00f3n encubierta para quienes no <a class=\"mh-excerpt-more\" href=\"https:\/\/larevistadigital.com.ar\/blog\/control-las-concesiones-persecucion-encubierta\/\" title=\"\u00bfControl de las concesiones o persecuci\u00f3n encubierta?\">[Leer M\u00e1s]<\/a><\/p>\n<\/div>","protected":false},"author":2,"featured_media":424,"comment_status":"open","ping_status":"open","sticky":false,"template":"","format":"standard","meta":{"_jetpack_memberships_contains_paid_content":false,"footnotes":"","jetpack_publicize_message":"\u00bfControl de las concesiones o persecuci\u00f3n encubierta?","jetpack_publicize_feature_enabled":true,"jetpack_social_post_already_shared":true,"jetpack_social_options":{"image_generator_settings":{"template":"highway","default_image_id":0,"font":"","enabled":false},"version":2}},"categories":[6,12,23],"tags":[],"class_list":{"0":"post-423","1":"post","2":"type-post","3":"status-publish","4":"format-standard","5":"has-post-thumbnail","7":"category-chascomus","8":"category-politica","9":"category-politica-local"},"jetpack_publicize_connections":[],"jetpack_featured_media_url":"https:\/\/i0.wp.com\/larevistadigital.com.ar\/blog\/wp-content\/uploads\/2017\/02\/balneario-lamadrid-Copiar.jpg?fit=1024%2C768&ssl=1","jetpack_sharing_enabled":true,"jetpack_shortlink":"https:\/\/wp.me\/p8qtrQ-6P","jetpack-related-posts":[{"id":44412,"url":"https:\/\/larevistadigital.com.ar\/blog\/chascomus-convocatoria-del-ejecutivo-a-concejales-para-trabajar-en-los-pliegos-de-futuras-concesiones-municipales\/","url_meta":{"origin":423,"position":0},"title":"Chascom\u00fas: Convocatoria del Ejecutivo a concejales para trabajar en los pliegos de futuras concesiones municipales","author":"Alejandro Sosa Ruda","date":"9 marzo, 2026","format":false,"excerpt":"En la primera reuni\u00f3n analizaron los casos de Las Escalinatas, la parcela ribere\u00f1a N\u00ba 11 y el sector de El Castillo. Habr\u00e1 una nueva reuni\u00f3n en dos semanas para continuar el trabajo conjunto. 09 de Marzo de 2026 CHASCOM\u00daS -\u00a0 \u00a0La secretaria de Turismo, Deporte y Cultura, Julieta Spina, encabez\u00f3\u2026","rel":"","context":"En \u00abINTERES GENERAL\u00bb","block_context":{"text":"INTERES GENERAL","link":"https:\/\/larevistadigital.com.ar\/blog\/category\/interes-general\/"},"img":{"alt_text":"","src":"https:\/\/i0.wp.com\/larevistadigital.com.ar\/blog\/wp-content\/uploads\/69af0e5b5e285.png?fit=668%2C445&ssl=1&resize=350%2C200","width":350,"height":200,"srcset":"https:\/\/i0.wp.com\/larevistadigital.com.ar\/blog\/wp-content\/uploads\/69af0e5b5e285.png?fit=668%2C445&ssl=1&resize=350%2C200 1x, https:\/\/i0.wp.com\/larevistadigital.com.ar\/blog\/wp-content\/uploads\/69af0e5b5e285.png?fit=668%2C445&ssl=1&resize=525%2C300 1.5x"},"classes":[]},{"id":25368,"url":"https:\/\/larevistadigital.com.ar\/blog\/chascomus-paradojas-de-las-concesiones-municipales\/","url_meta":{"origin":423,"position":1},"title":"CHASCOM\u00daS: PARADOJAS DE LAS CONCESIONES MUNICIPALES&#8230;","author":"Alejandro Sosa Ruda","date":"23 mayo, 2022","format":false,"excerpt":"Un vecino hizo llegar a nuestra redacci\u00f3n una reflexi\u00f3n acerca del comportamiento de las autoridades con las distintas concesiones, haciendo foco en las notables desigualdades. (PEDIDO DE PUBLICACI\u00d3N) DIJO JES\u00daS: \u201cCON LA MEDIDA CON QUE MIDAN SERAN MEDIDOS\u201d (LUCAS 6, 36-38) (Evidentemente, una frase desconocida por el Intendente y el\u2026","rel":"","context":"En \u00abDESTACADAS\u00bb","block_context":{"text":"DESTACADAS","link":"https:\/\/larevistadigital.com.ar\/blog\/category\/destacadas\/"},"img":{"alt_text":"","src":"https:\/\/i0.wp.com\/larevistadigital.com.ar\/blog\/wp-content\/uploads\/punta-norte-2.jpg?fit=1080%2C526&ssl=1&resize=350%2C200","width":350,"height":200,"srcset":"https:\/\/i0.wp.com\/larevistadigital.com.ar\/blog\/wp-content\/uploads\/punta-norte-2.jpg?fit=1080%2C526&ssl=1&resize=350%2C200 1x, https:\/\/i0.wp.com\/larevistadigital.com.ar\/blog\/wp-content\/uploads\/punta-norte-2.jpg?fit=1080%2C526&ssl=1&resize=525%2C300 1.5x, https:\/\/i0.wp.com\/larevistadigital.com.ar\/blog\/wp-content\/uploads\/punta-norte-2.jpg?fit=1080%2C526&ssl=1&resize=700%2C400 2x, https:\/\/i0.wp.com\/larevistadigital.com.ar\/blog\/wp-content\/uploads\/punta-norte-2.jpg?fit=1080%2C526&ssl=1&resize=1050%2C600 3x"},"classes":[]},{"id":19970,"url":"https:\/\/larevistadigital.com.ar\/blog\/otondo-perez-del-cerro-evasivas-falta-de-respuestas-y-una-nota-obligando-a-edea-a-avisarles-si-van-a-inspeccionar\/","url_meta":{"origin":423,"position":2},"title":"OTONDO-PEREZ DEL CERRO: EVASIVAS, FALTA DE RESPUESTAS, Y UNA NOTA OBLIGANDO A EDEA A AVISARLES SI VAN A INSPECCIONAR.","author":"Alejandro Sosa Ruda","date":"30 abril, 2021","format":false,"excerpt":"El pasado Lunes, concurri\u00f3 al Concejo Deliberante, el Secretario de Turismo\u00a0 Leandro Otondo, que hab\u00eda sido citado para que diera informes sobre lo ocurrido con el Concesionario Mule,\u00a0 ante la inspecci\u00f3n realizada por \u00a0EDEA, la denuncia realizada a los titulares de dicha concesi\u00f3n por amenazas , ya que con posterioridad\u2026","rel":"","context":"En \u00abDESTACADAS\u00bb","block_context":{"text":"DESTACADAS","link":"https:\/\/larevistadigital.com.ar\/blog\/category\/destacadas\/"},"img":{"alt_text":"","src":"https:\/\/i0.wp.com\/larevistadigital.com.ar\/blog\/wp-content\/uploads\/TOCA-TIMBRE.jpg?fit=1200%2C649&ssl=1&resize=350%2C200","width":350,"height":200,"srcset":"https:\/\/i0.wp.com\/larevistadigital.com.ar\/blog\/wp-content\/uploads\/TOCA-TIMBRE.jpg?fit=1200%2C649&ssl=1&resize=350%2C200 1x, https:\/\/i0.wp.com\/larevistadigital.com.ar\/blog\/wp-content\/uploads\/TOCA-TIMBRE.jpg?fit=1200%2C649&ssl=1&resize=525%2C300 1.5x, https:\/\/i0.wp.com\/larevistadigital.com.ar\/blog\/wp-content\/uploads\/TOCA-TIMBRE.jpg?fit=1200%2C649&ssl=1&resize=700%2C400 2x, https:\/\/i0.wp.com\/larevistadigital.com.ar\/blog\/wp-content\/uploads\/TOCA-TIMBRE.jpg?fit=1200%2C649&ssl=1&resize=1050%2C600 3x"},"classes":[]},{"id":8700,"url":"https:\/\/larevistadigital.com.ar\/blog\/chascomus-el-secretario-de-turismo-dijo-que-hay-tres-proyectos-para-explotar-el-balneario-san-jose\/","url_meta":{"origin":423,"position":3},"title":"CHASCOM\u00daS: EL SECRETARIO DE TURISMO DIJO QUE HAY TRES PROYECTOS PARA EXPLOTAR EL BALNEARIO SAN JOS\u00c9","author":"Alejandro Sosa Ruda","date":"24 febrero, 2019","format":false,"excerpt":"El Secretario de Turismo y Planificaci\u00f3n Leandro Otondo, fue entrevistado por el noticiero local \u201cSomos Chascom\u00fas\u201d, en el que inform\u00f3 sobre el estado de las concesiones tur\u00edsticas. All\u00ed, en primer t\u00e9rmino, se refiri\u00f3 al abandonado edificio del balneario San Jos\u00e9, sobre el cual se\u00f1al\u00f3 que est\u00e1n pronto a realizar un\u2026","rel":"","context":"En \u00abCHASCOM\u00daS\u00bb","block_context":{"text":"CHASCOM\u00daS","link":"https:\/\/larevistadigital.com.ar\/blog\/category\/chascomus\/"},"img":{"alt_text":"","src":"https:\/\/i0.wp.com\/larevistadigital.com.ar\/blog\/wp-content\/uploads\/2019\/02\/parador_24defebrerode2019_elfuerte.jpg?fit=737%2C415&ssl=1&resize=350%2C200","width":350,"height":200,"srcset":"https:\/\/i0.wp.com\/larevistadigital.com.ar\/blog\/wp-content\/uploads\/2019\/02\/parador_24defebrerode2019_elfuerte.jpg?fit=737%2C415&ssl=1&resize=350%2C200 1x, https:\/\/i0.wp.com\/larevistadigital.com.ar\/blog\/wp-content\/uploads\/2019\/02\/parador_24defebrerode2019_elfuerte.jpg?fit=737%2C415&ssl=1&resize=525%2C300 1.5x, https:\/\/i0.wp.com\/larevistadigital.com.ar\/blog\/wp-content\/uploads\/2019\/02\/parador_24defebrerode2019_elfuerte.jpg?fit=737%2C415&ssl=1&resize=700%2C400 2x"},"classes":[]},{"id":30610,"url":"https:\/\/larevistadigital.com.ar\/blog\/con-la-vara-que-midas-seras-medido-por-patricia-garcia-rey\/","url_meta":{"origin":423,"position":4},"title":"\u201cCON LA VARA QUE MIDAS SERAS MEDIDO\u2026\u201d (Por Patricia Garc\u00eda Rey)","author":"Alejandro Sosa Ruda","date":"15 marzo, 2023","format":false,"excerpt":"Primera nota de opini\u00f3n y presentaci\u00f3n en sociedad de nuestra nueva compa\u00f1era de la Revista Digital, P.G. Rey. (\u00bfActuar\u00e1 as\u00ed la Administraci\u00f3n Gast\u00f3n?) 15 de marzo de 2023 CHASCOM\u00daS -\u00a0 Por la importancia que reviste para nuestra ciudad, La Revista Digital, toma como uno de los temas preferidos para dar\u2026","rel":"","context":"En \u00abDESTACADAS\u00bb","block_context":{"text":"DESTACADAS","link":"https:\/\/larevistadigital.com.ar\/blog\/category\/destacadas\/"},"img":{"alt_text":"","src":"https:\/\/i0.wp.com\/larevistadigital.com.ar\/blog\/wp-content\/uploads\/11064818_801344899950469_30307243910688494_o.jpg?fit=1200%2C900&ssl=1&resize=350%2C200","width":350,"height":200,"srcset":"https:\/\/i0.wp.com\/larevistadigital.com.ar\/blog\/wp-content\/uploads\/11064818_801344899950469_30307243910688494_o.jpg?fit=1200%2C900&ssl=1&resize=350%2C200 1x, https:\/\/i0.wp.com\/larevistadigital.com.ar\/blog\/wp-content\/uploads\/11064818_801344899950469_30307243910688494_o.jpg?fit=1200%2C900&ssl=1&resize=525%2C300 1.5x, https:\/\/i0.wp.com\/larevistadigital.com.ar\/blog\/wp-content\/uploads\/11064818_801344899950469_30307243910688494_o.jpg?fit=1200%2C900&ssl=1&resize=700%2C400 2x, https:\/\/i0.wp.com\/larevistadigital.com.ar\/blog\/wp-content\/uploads\/11064818_801344899950469_30307243910688494_o.jpg?fit=1200%2C900&ssl=1&resize=1050%2C600 3x"},"classes":[]},{"id":22073,"url":"https:\/\/larevistadigital.com.ar\/blog\/cuando-la-desidia-y-el-abandono-es-la-estrategia-de-gestion\/","url_meta":{"origin":423,"position":5},"title":"CUANDO LA DESIDIA Y EL ABANDONO ES LA ESTRATEGIA DE GESTI\u00d3N&#8230;","author":"Alejandro Sosa Ruda","date":"21 septiembre, 2021","format":false,"excerpt":"Ya en m\u00e1s de una oportunidad desde la Revista Digital, dimos cuenta del estado de las concesiones Municipales, cuales estaban en situaci\u00f3n normal, cu\u00e1les no, y en algunos casos \u00a0hicimos notas puntuales sobre una concesi\u00f3n en particular y el estado de abandono\u00a0 del predio por culpa del Municipio, que hab\u00eda\u2026","rel":"","context":"En \u00abINTERES GENERAL\u00bb","block_context":{"text":"INTERES GENERAL","link":"https:\/\/larevistadigital.com.ar\/blog\/category\/interes-general\/"},"img":{"alt_text":"","src":"https:\/\/i0.wp.com\/larevistadigital.com.ar\/blog\/wp-content\/uploads\/WhatsApp-Image-2021-09-20-at-09.52.57.jpeg?fit=1200%2C900&ssl=1&resize=350%2C200","width":350,"height":200,"srcset":"https:\/\/i0.wp.com\/larevistadigital.com.ar\/blog\/wp-content\/uploads\/WhatsApp-Image-2021-09-20-at-09.52.57.jpeg?fit=1200%2C900&ssl=1&resize=350%2C200 1x, https:\/\/i0.wp.com\/larevistadigital.com.ar\/blog\/wp-content\/uploads\/WhatsApp-Image-2021-09-20-at-09.52.57.jpeg?fit=1200%2C900&ssl=1&resize=525%2C300 1.5x, https:\/\/i0.wp.com\/larevistadigital.com.ar\/blog\/wp-content\/uploads\/WhatsApp-Image-2021-09-20-at-09.52.57.jpeg?fit=1200%2C900&ssl=1&resize=700%2C400 2x, https:\/\/i0.wp.com\/larevistadigital.com.ar\/blog\/wp-content\/uploads\/WhatsApp-Image-2021-09-20-at-09.52.57.jpeg?fit=1200%2C900&ssl=1&resize=1050%2C600 3x"},"classes":[]}],"_links":{"self":[{"href":"https:\/\/larevistadigital.com.ar\/blog\/wp-json\/wp\/v2\/posts\/423","targetHints":{"allow":["GET"]}}],"collection":[{"href":"https:\/\/larevistadigital.com.ar\/blog\/wp-json\/wp\/v2\/posts"}],"about":[{"href":"https:\/\/larevistadigital.com.ar\/blog\/wp-json\/wp\/v2\/types\/post"}],"author":[{"embeddable":true,"href":"https:\/\/larevistadigital.com.ar\/blog\/wp-json\/wp\/v2\/users\/2"}],"replies":[{"embeddable":true,"href":"https:\/\/larevistadigital.com.ar\/blog\/wp-json\/wp\/v2\/comments?post=423"}],"version-history":[{"count":1,"href":"https:\/\/larevistadigital.com.ar\/blog\/wp-json\/wp\/v2\/posts\/423\/revisions"}],"predecessor-version":[{"id":427,"href":"https:\/\/larevistadigital.com.ar\/blog\/wp-json\/wp\/v2\/posts\/423\/revisions\/427"}],"wp:featuredmedia":[{"embeddable":true,"href":"https:\/\/larevistadigital.com.ar\/blog\/wp-json\/wp\/v2\/media\/424"}],"wp:attachment":[{"href":"https:\/\/larevistadigital.com.ar\/blog\/wp-json\/wp\/v2\/media?parent=423"}],"wp:term":[{"taxonomy":"category","embeddable":true,"href":"https:\/\/larevistadigital.com.ar\/blog\/wp-json\/wp\/v2\/categories?post=423"},{"taxonomy":"post_tag","embeddable":true,"href":"https:\/\/larevistadigital.com.ar\/blog\/wp-json\/wp\/v2\/tags?post=423"}],"curies":[{"name":"wp","href":"https:\/\/api.w.org\/{rel}","templated":true}]}}