{"id":42332,"date":"2025-11-01T14:43:24","date_gmt":"2025-11-01T17:43:24","guid":{"rendered":"https:\/\/larevistadigital.com.ar\/blog\/?p=42332"},"modified":"2025-11-01T14:43:24","modified_gmt":"2025-11-01T17:43:24","slug":"movimientos-sociales-advierten-que-resistiran-en-las-calles-las-politicas-de-ajuste","status":"publish","type":"post","link":"https:\/\/larevistadigital.com.ar\/blog\/movimientos-sociales-advierten-que-resistiran-en-las-calles-las-politicas-de-ajuste\/","title":{"rendered":"Movimientos sociales advierten que \u201cResistir\u00e1n en las calles las pol\u00edticas de ajuste\u201d"},"content":{"rendered":"<p class=\"fparrafo ctext fz18 lh25\"><em><strong>En un contexto de creciente malestar por la profundizaci\u00f3n del ajuste y los anuncios de una reforma laboral considerada regresiva, diversas organizaciones sociales de La Matanza nucleadas en la Multisectorial ratificaron su decisi\u00f3n de \u201cresistir en la calle\u201d las pol\u00edticas del Gobierno nacional y llamaron a fortalecer la unidad del campo popular. \u201cPara 2027, la conducci\u00f3n tiene que consolidarse desde abajo\u201d, expresaron.<\/strong><\/em><\/p>\n<p class=\"selectionShareable\">Reunidos en Isidro Casanova, referentes de la Corriente Clasista y Combativa (CCC), la CTA Aut\u00f3noma, Barrios de Pie, el Partido Comunista y la Corriente Nacional Agust\u00edn Tosco coincidieron en que el resultado electoral que favoreci\u00f3 a La Libertad Avanza \u201cle dio margen al Gobierno de Javier Milei para profundizar el ajuste y avanzar en la entrega de los recursos nacionales\u201d.<\/p>\n<p class=\"selectionShareable\">Seg\u00fan reporta El1Digital, el dirigente de la CCC, Juan Carlos Alderete, se\u00f1al\u00f3 que desde el espacio de Fuerza Patria \u201cse subestim\u00f3 el apoyo de Estados Unidos al oficialismo\u201d y critic\u00f3 la falta de propuestas concretas durante la campa\u00f1a: \u201cNo alcanzaba con decir que hab\u00eda que frenar a Milei, hab\u00eda que plantear un programa que mostrara c\u00f3mo salir de la crisis. La gente sufre cada vez m\u00e1s mientras se destruye el aparato productivo\u201d, advirti\u00f3.<\/p>\n<p class=\"selectionShareable\">En esa l\u00ednea, Alderete reclam\u00f3 unidad opositora y acci\u00f3n directa: \u201cTenemos que juntarnos todos los sectores golpeados por esta pol\u00edtica. La derrota de este modelo tiene que construirse en la calle, porque en las elecciones se puede ganar o perder, pero en la movilizaci\u00f3n est\u00e1 la verdadera fuerza popular\u201d.<\/p>\n<p class=\"selectionShareable\"><b>Contra las reformas laborales y previsionales<\/b><\/p>\n<p class=\"selectionShareable\">El secretario general de la CTA Aut\u00f3noma distrital, \u201cBeto\u201d Galeano, sostuvo que la reforma laboral impulsada por el Gobierno \u201cimplica una p\u00e9rdida de derechos: vacaciones, indemnizaciones, jornadas laborales\u201d. Tambi\u00e9n alert\u00f3 sobre la posible reforma previsional, que \u201caumentar\u00eda la edad jubilatoria y podr\u00eda reabrir la puerta a la privatizaci\u00f3n del sistema, como ocurri\u00f3 con las AFJP\u201d.<\/p>\n<p class=\"selectionShareable\">En materia tributaria, Galeano cuestion\u00f3 que el enfoque oficial \u201cno apunta a aliviar el IVA, que pagamos todos, sino a otorgar mayores beneficios a los grandes grupos econ\u00f3micos\u201d.<\/p>\n<p class=\"selectionShareable\"><b>Reflexi\u00f3n interna<\/b><\/p>\n<p class=\"selectionShareable\">Por su parte, Jos\u00e9 Oscari, referente local de Barrios de Pie, admiti\u00f3 que \u201csomos parte de la derrota, aunque no del armado de listas\u201d, y llam\u00f3 a una reflexi\u00f3n interna: \u201cHay un proceso de renovaci\u00f3n en marcha, y la conducci\u00f3n que venga en 2027 debe fortalecerse desde abajo\u201d.<\/p>\n<p class=\"selectionShareable\"><b>M\u00e1s ajuste y quita de derechos<\/b><\/p>\n<p class=\"selectionShareable\">En tanto, Pedro Panasiuk, dirigente del Partido Comunista y de la Corriente Nacional Agust\u00edn Tosco, advirti\u00f3 que \u201clo que viene del Gobierno es m\u00e1s ajuste y m\u00e1s quita de derechos. La respuesta debe ser con unidad y en las calles; la Multisectorial es la herramienta para enfrentar este modelo de hambre y entrega del patrimonio nacional\u201d.<\/p>\n<p class=\"selectionShareable\"><b>Riesgo de un enfrentamiento social creciente<\/b><\/p>\n<p class=\"selectionShareable\">Finalmente, Viviana Oscari, tambi\u00e9n de Barrios de Pie, alert\u00f3 sobre el riesgo de un enfrentamiento social creciente: \u201cSe est\u00e1 gestando una pelea de pobres contra pobres. El cambio generacional tiene que construirse desde abajo, y la lucha no termin\u00f3 el domingo. Vamos a seguir en las calles, porque los pobres somos los m\u00e1s golpeados\u201d.<b>\u00a0(InfoGEI)Ac<\/b><\/p>\n","protected":false},"excerpt":{"rendered":"<div class=\"mh-excerpt\"><p>En un contexto de creciente malestar por la profundizaci\u00f3n del ajuste y los anuncios de una reforma laboral considerada regresiva, diversas organizaciones sociales de La Matanza nucleadas en la Multisectorial ratificaron su decisi\u00f3n de \u201cresistir <a class=\"mh-excerpt-more\" href=\"https:\/\/larevistadigital.com.ar\/blog\/movimientos-sociales-advierten-que-resistiran-en-las-calles-las-politicas-de-ajuste\/\" title=\"Movimientos sociales advierten que \u201cResistir\u00e1n en las calles las pol\u00edticas de ajuste\u201d\">[Leer M\u00e1s]<\/a><\/p>\n<\/div>","protected":false},"author":3,"featured_media":42333,"comment_status":"open","ping_status":"open","sticky":false,"template":"","format":"standard","meta":{"_jetpack_memberships_contains_paid_content":false,"footnotes":"","jetpack_publicize_message":"","jetpack_publicize_feature_enabled":true,"jetpack_social_post_already_shared":true,"jetpack_social_options":{"image_generator_settings":{"template":"highway","default_image_id":0,"font":"","enabled":false},"version":2}},"categories":[50],"tags":[],"class_list":{"0":"post-42332","1":"post","2":"type-post","3":"status-publish","4":"format-standard","5":"has-post-thumbnail","7":"category-interes-general"},"jetpack_publicize_connections":[],"jetpack_featured_media_url":"https:\/\/i0.wp.com\/larevistadigital.com.ar\/blog\/wp-content\/uploads\/20251031120301_multisectorial-movimientos-sociales-la-matanza-resistir.jpg?fit=880%2C512&ssl=1","jetpack_sharing_enabled":true,"jetpack_shortlink":"https:\/\/wp.me\/p8qtrQ-b0M","jetpack-related-posts":[{"id":8089,"url":"https:\/\/larevistadigital.com.ar\/blog\/chascomus-la-cta-confirmo-una-concentracion-contra-el-tarifazo-hoy-a-las-1930hs\/","url_meta":{"origin":42332,"position":0},"title":"CHASCOM\u00daS: LA CTA CONFIRM\u00d3 UNA CONCENTRACI\u00d3N CONTRA EL TARIFAZO HOY A LAS 19:30HS.","author":"Alejandro Sosa Ruda","date":"31 enero, 2019","format":false,"excerpt":"La CTA\u00a0Regional Chascom\u00fas, Lezama, Castelli, Dolores y Tordillo, inform\u00f3 mediante un comunicado que en el d\u00eda de hoy a las 19:30 hs. se llevar\u00e1 a cabo una nueva concentraci\u00f3n para repudiar las pol\u00edticas econ\u00f3micas del Gobierno Nacional y Provincial, como tambi\u00e9n manifestar el malestar por algunas medidas que se han\u2026","rel":"","context":"En \u00abPOLITICA\u00bb","block_context":{"text":"POLITICA","link":"https:\/\/larevistadigital.com.ar\/blog\/category\/politica\/"},"img":{"alt_text":"","src":"https:\/\/i0.wp.com\/larevistadigital.com.ar\/blog\/wp-content\/uploads\/2019\/01\/IMG-20190129-WA0070.jpg?fit=1200%2C852&ssl=1&resize=350%2C200","width":350,"height":200,"srcset":"https:\/\/i0.wp.com\/larevistadigital.com.ar\/blog\/wp-content\/uploads\/2019\/01\/IMG-20190129-WA0070.jpg?fit=1200%2C852&ssl=1&resize=350%2C200 1x, https:\/\/i0.wp.com\/larevistadigital.com.ar\/blog\/wp-content\/uploads\/2019\/01\/IMG-20190129-WA0070.jpg?fit=1200%2C852&ssl=1&resize=525%2C300 1.5x, https:\/\/i0.wp.com\/larevistadigital.com.ar\/blog\/wp-content\/uploads\/2019\/01\/IMG-20190129-WA0070.jpg?fit=1200%2C852&ssl=1&resize=700%2C400 2x, https:\/\/i0.wp.com\/larevistadigital.com.ar\/blog\/wp-content\/uploads\/2019\/01\/IMG-20190129-WA0070.jpg?fit=1200%2C852&ssl=1&resize=1050%2C600 3x"},"classes":[]},{"id":37970,"url":"https:\/\/larevistadigital.com.ar\/blog\/gremios-e-intendentes-organizan-protesta-contra-la-gestion-de-milei\/","url_meta":{"origin":42332,"position":1},"title":"Gremios e intendentes organizan protesta contra la gesti\u00f3n de Milei","author":"Alejandro Sosa Ruda","date":"23 noviembre, 2024","format":false,"excerpt":"Las dos Centrales de Trabajadores Argentinos (CTA Aut\u00f3noma y CTA de los Trabajadores) se reunieron con intendentes del conurbano bonaerense para sumar su apoyo a una movilizaci\u00f3n contra las pol\u00edticas del presidente Javier Milei. 23 de Noviembre de 2024 BUENOS AIRES -\u00a0 En el marco de una serie de encuentros\u2026","rel":"","context":"En \u00abATAQUE DE RADIO\u00bb","block_context":{"text":"ATAQUE DE RADIO","link":"https:\/\/larevistadigital.com.ar\/blog\/category\/ataque-de-radio\/"},"img":{"alt_text":"","src":"https:\/\/i0.wp.com\/larevistadigital.com.ar\/blog\/wp-content\/uploads\/20241122152955_cta-intendentes-conurbano-movilizacion-contra-milei.jpg?fit=880%2C512&ssl=1&resize=350%2C200","width":350,"height":200,"srcset":"https:\/\/i0.wp.com\/larevistadigital.com.ar\/blog\/wp-content\/uploads\/20241122152955_cta-intendentes-conurbano-movilizacion-contra-milei.jpg?fit=880%2C512&ssl=1&resize=350%2C200 1x, https:\/\/i0.wp.com\/larevistadigital.com.ar\/blog\/wp-content\/uploads\/20241122152955_cta-intendentes-conurbano-movilizacion-contra-milei.jpg?fit=880%2C512&ssl=1&resize=525%2C300 1.5x, https:\/\/i0.wp.com\/larevistadigital.com.ar\/blog\/wp-content\/uploads\/20241122152955_cta-intendentes-conurbano-movilizacion-contra-milei.jpg?fit=880%2C512&ssl=1&resize=700%2C400 2x"},"classes":[]},{"id":39281,"url":"https:\/\/larevistadigital.com.ar\/blog\/kicillof-volvio-a-llamar-a-la-unidad-para-frenar-las-politicas-de-milei-y-defender-la-provincia\/","url_meta":{"origin":42332,"position":2},"title":"Kicillof volvi\u00f3 a llamar a la unidad para frenar las pol\u00edticas de Milei y defender la Provincia","author":"Alejandro Sosa Ruda","date":"4 abril, 2025","format":false,"excerpt":"El gobernador de la provincia de Buenos Aires, Axel Kicillof, encabez\u00f3 este jueves el cierre del ciclo de charlas \u201cDebate del Futuro\u201d en el Teatro Argentino de La Plata. Lo acompa\u00f1aron el ministro de Gobierno, Carlos Bianco; el subsecretario de Econom\u00eda Popular, Daniel Men\u00e9ndez; y el intendente platense, Julio Alak.\u2026","rel":"","context":"En \u00abINTERES GENERAL\u00bb","block_context":{"text":"INTERES GENERAL","link":"https:\/\/larevistadigital.com.ar\/blog\/category\/interes-general\/"},"img":{"alt_text":"","src":"https:\/\/i0.wp.com\/larevistadigital.com.ar\/blog\/wp-content\/uploads\/20250403195806_kicillof-acto-contra-milei-provincia.jpg?fit=880%2C512&ssl=1&resize=350%2C200","width":350,"height":200,"srcset":"https:\/\/i0.wp.com\/larevistadigital.com.ar\/blog\/wp-content\/uploads\/20250403195806_kicillof-acto-contra-milei-provincia.jpg?fit=880%2C512&ssl=1&resize=350%2C200 1x, https:\/\/i0.wp.com\/larevistadigital.com.ar\/blog\/wp-content\/uploads\/20250403195806_kicillof-acto-contra-milei-provincia.jpg?fit=880%2C512&ssl=1&resize=525%2C300 1.5x, https:\/\/i0.wp.com\/larevistadigital.com.ar\/blog\/wp-content\/uploads\/20250403195806_kicillof-acto-contra-milei-provincia.jpg?fit=880%2C512&ssl=1&resize=700%2C400 2x"},"classes":[]},{"id":37654,"url":"https:\/\/larevistadigital.com.ar\/blog\/las-pymes-se-suman-al-apagon-contra-los-tarifazos\/","url_meta":{"origin":42332,"position":3},"title":"Las PYMES se suman al apag\u00f3n contra los tarifazos","author":"Alejandro Sosa Ruda","date":"30 octubre, 2024","format":false,"excerpt":"Como parte integrante del Foro Multisectorial contra los Tarifazos, la Asamblea de Peque\u00f1os y Medianos Empresarios (APYME) convoc\u00f3 a participar del Apag\u00f3n Nacional que se realizar\u00e1 este jueves 31 de octubre de 21 a 21.10 hs, en rechazo a los aumentos desmedidos e injustos de tarifas de la energ\u00eda y\u2026","rel":"","context":"En \u00abINTERES GENERAL\u00bb","block_context":{"text":"INTERES GENERAL","link":"https:\/\/larevistadigital.com.ar\/blog\/category\/interes-general\/"},"img":{"alt_text":"","src":"https:\/\/i0.wp.com\/larevistadigital.com.ar\/blog\/wp-content\/uploads\/20241030164438_pymes-apagon-tarifazos.jpg?fit=880%2C512&ssl=1&resize=350%2C200","width":350,"height":200,"srcset":"https:\/\/i0.wp.com\/larevistadigital.com.ar\/blog\/wp-content\/uploads\/20241030164438_pymes-apagon-tarifazos.jpg?fit=880%2C512&ssl=1&resize=350%2C200 1x, https:\/\/i0.wp.com\/larevistadigital.com.ar\/blog\/wp-content\/uploads\/20241030164438_pymes-apagon-tarifazos.jpg?fit=880%2C512&ssl=1&resize=525%2C300 1.5x, https:\/\/i0.wp.com\/larevistadigital.com.ar\/blog\/wp-content\/uploads\/20241030164438_pymes-apagon-tarifazos.jpg?fit=880%2C512&ssl=1&resize=700%2C400 2x"},"classes":[]},{"id":5895,"url":"https:\/\/larevistadigital.com.ar\/blog\/la-iglesia-pidio-que-las-politicas-de-ajuste-no-se-practiquen-sobre-los-pobres\/","url_meta":{"origin":42332,"position":4},"title":"La Iglesia pidi\u00f3 que \u00ablas pol\u00edticas de ajuste no se practiquen sobre los pobres\u00bb","author":"admin","date":"25 junio, 2018","format":false,"excerpt":"El mensaje de clausura de la\u00a0Semana Social 2018 organizada por la Comisi\u00f3n Episcopal de Pastoral Social (Cepas), que se realiz\u00f3 en la ciudad de Mar del Plata, la Iglesia plante\u00f3 la existencia de una \"deuda con los pobres\" que es necesario saldar. Adem\u00e1s se destac\u00f3 la necesidad de \"nuevas normas\u2026","rel":"","context":"En \u00abPOLITICA\u00bb","block_context":{"text":"POLITICA","link":"https:\/\/larevistadigital.com.ar\/blog\/category\/politica\/"},"img":{"alt_text":"","src":"https:\/\/i0.wp.com\/larevistadigital.com.ar\/blog\/wp-content\/uploads\/2018\/06\/Obispo-Ruben-Frassia.jpg?fit=1200%2C675&ssl=1&resize=350%2C200","width":350,"height":200,"srcset":"https:\/\/i0.wp.com\/larevistadigital.com.ar\/blog\/wp-content\/uploads\/2018\/06\/Obispo-Ruben-Frassia.jpg?fit=1200%2C675&ssl=1&resize=350%2C200 1x, https:\/\/i0.wp.com\/larevistadigital.com.ar\/blog\/wp-content\/uploads\/2018\/06\/Obispo-Ruben-Frassia.jpg?fit=1200%2C675&ssl=1&resize=525%2C300 1.5x, https:\/\/i0.wp.com\/larevistadigital.com.ar\/blog\/wp-content\/uploads\/2018\/06\/Obispo-Ruben-Frassia.jpg?fit=1200%2C675&ssl=1&resize=700%2C400 2x, https:\/\/i0.wp.com\/larevistadigital.com.ar\/blog\/wp-content\/uploads\/2018\/06\/Obispo-Ruben-Frassia.jpg?fit=1200%2C675&ssl=1&resize=1050%2C600 3x"},"classes":[]},{"id":40415,"url":"https:\/\/larevistadigital.com.ar\/blog\/crisis-economica-casi-el-30-de-los-adultos-mayores-recurre-a-la-ayuda-estatal\/","url_meta":{"origin":42332,"position":5},"title":"Cr\u00edsis econ\u00f3mica&#8230; Casi el 30% de los adultos mayores recurre a la ayuda estatal","author":"Alejandro Sosa Ruda","date":"10 julio, 2025","format":false,"excerpt":"La pol\u00edtica de ajuste del Estado nacional modific\u00f3 la din\u00e1mica social y obliga al gobierno municipal a redoblar esfuerzos para contener la demanda. 10 de Julio de 2025 CHASCOM\u00daS -\u00a0 Mientras el Congreso Nacional est\u00e1 tratando de debatir hoy proyectos de leyes sobre la emergencia en discapacidad, la actualizaci\u00f3n de\u2026","rel":"","context":"En \u00abCHASCOM\u00daS\u00bb","block_context":{"text":"CHASCOM\u00daS","link":"https:\/\/larevistadigital.com.ar\/blog\/category\/chascomus\/"},"img":{"alt_text":"","src":"https:\/\/i0.wp.com\/larevistadigital.com.ar\/blog\/wp-content\/uploads\/686ffbe6962b8.png?fit=668%2C445&ssl=1&resize=350%2C200","width":350,"height":200,"srcset":"https:\/\/i0.wp.com\/larevistadigital.com.ar\/blog\/wp-content\/uploads\/686ffbe6962b8.png?fit=668%2C445&ssl=1&resize=350%2C200 1x, https:\/\/i0.wp.com\/larevistadigital.com.ar\/blog\/wp-content\/uploads\/686ffbe6962b8.png?fit=668%2C445&ssl=1&resize=525%2C300 1.5x"},"classes":[]}],"_links":{"self":[{"href":"https:\/\/larevistadigital.com.ar\/blog\/wp-json\/wp\/v2\/posts\/42332","targetHints":{"allow":["GET"]}}],"collection":[{"href":"https:\/\/larevistadigital.com.ar\/blog\/wp-json\/wp\/v2\/posts"}],"about":[{"href":"https:\/\/larevistadigital.com.ar\/blog\/wp-json\/wp\/v2\/types\/post"}],"author":[{"embeddable":true,"href":"https:\/\/larevistadigital.com.ar\/blog\/wp-json\/wp\/v2\/users\/3"}],"replies":[{"embeddable":true,"href":"https:\/\/larevistadigital.com.ar\/blog\/wp-json\/wp\/v2\/comments?post=42332"}],"version-history":[{"count":1,"href":"https:\/\/larevistadigital.com.ar\/blog\/wp-json\/wp\/v2\/posts\/42332\/revisions"}],"predecessor-version":[{"id":42334,"href":"https:\/\/larevistadigital.com.ar\/blog\/wp-json\/wp\/v2\/posts\/42332\/revisions\/42334"}],"wp:featuredmedia":[{"embeddable":true,"href":"https:\/\/larevistadigital.com.ar\/blog\/wp-json\/wp\/v2\/media\/42333"}],"wp:attachment":[{"href":"https:\/\/larevistadigital.com.ar\/blog\/wp-json\/wp\/v2\/media?parent=42332"}],"wp:term":[{"taxonomy":"category","embeddable":true,"href":"https:\/\/larevistadigital.com.ar\/blog\/wp-json\/wp\/v2\/categories?post=42332"},{"taxonomy":"post_tag","embeddable":true,"href":"https:\/\/larevistadigital.com.ar\/blog\/wp-json\/wp\/v2\/tags?post=42332"}],"curies":[{"name":"wp","href":"https:\/\/api.w.org\/{rel}","templated":true}]}}