{"id":42462,"date":"2025-11-14T00:51:28","date_gmt":"2025-11-14T03:51:28","guid":{"rendered":"https:\/\/larevistadigital.com.ar\/blog\/?p=42462"},"modified":"2025-11-14T00:51:28","modified_gmt":"2025-11-14T03:51:28","slug":"un-turista-fallecio-tras-descompensarse-mientras-pescaba-en-la-laguna-de-chascomus","status":"publish","type":"post","link":"https:\/\/larevistadigital.com.ar\/blog\/un-turista-fallecio-tras-descompensarse-mientras-pescaba-en-la-laguna-de-chascomus\/","title":{"rendered":"Un turista falleci\u00f3 tras descompensarse mientras pescaba en la laguna de Chascom\u00fas"},"content":{"rendered":"<h3>El hombre, de 55 a\u00f1os y oriundo de Florencio Varela, sufri\u00f3 una descompensaci\u00f3n mientras pescaba con amigos. Pese a recibir atenci\u00f3n m\u00e9dica y RCP, falleci\u00f3 en el Hospital Municipal.<\/h3>\n<p>14 de Noviembre de 2025<\/p>\n<p><strong>CHASCOM\u00daS &#8211;<\/strong>\u00a0 Un turista de <strong data-start=\"374\" data-end=\"385\">55 a\u00f1os<\/strong>, proveniente de <strong data-start=\"402\" data-end=\"422\">Florencio Varela<\/strong>, falleci\u00f3 este martes en Chascom\u00fas luego de sufrir una descompensaci\u00f3n mientras se encontraba pescando junto a un grupo de amigos en la <strong data-start=\"559\" data-end=\"575\">laguna local<\/strong>.<\/p>\n<p data-start=\"578\" data-end=\"833\">Seg\u00fan se inform\u00f3, el hombre fue asistido en el lugar y recibi\u00f3 <strong data-start=\"654\" data-end=\"674\">maniobras de RCP<\/strong>, para luego ser trasladado al <strong data-start=\"705\" data-end=\"747\">Hospital Municipal San Vicente de Paul<\/strong>.<br data-start=\"748\" data-end=\"751\" \/>A pesar del esfuerzo del personal m\u00e9dico, lamentablemente <strong data-start=\"809\" data-end=\"832\">no logr\u00f3 sobrevivir<\/strong>.<\/p>\n<p data-start=\"835\" data-end=\"996\">El hecho gener\u00f3 conmoci\u00f3n entre los presentes y las autoridades recordaron la importancia de solicitar asistencia r\u00e1pidamente ante cualquier s\u00edntoma de malestar.<\/p>\n<p>&nbsp;<\/p>\n","protected":false},"excerpt":{"rendered":"<div class=\"mh-excerpt\"><p>El hombre, de 55 a\u00f1os y oriundo de Florencio Varela, sufri\u00f3 una descompensaci\u00f3n mientras pescaba con amigos. Pese a recibir atenci\u00f3n m\u00e9dica y RCP, falleci\u00f3 en el Hospital Municipal. 14 de Noviembre de 2025 CHASCOM\u00daS <a class=\"mh-excerpt-more\" href=\"https:\/\/larevistadigital.com.ar\/blog\/un-turista-fallecio-tras-descompensarse-mientras-pescaba-en-la-laguna-de-chascomus\/\" title=\"Un turista falleci\u00f3 tras descompensarse mientras pescaba en la laguna de Chascom\u00fas\">[Leer M\u00e1s]<\/a><\/p>\n<\/div>","protected":false},"author":3,"featured_media":15356,"comment_status":"open","ping_status":"open","sticky":false,"template":"","format":"standard","meta":{"_jetpack_memberships_contains_paid_content":false,"footnotes":"","jetpack_publicize_message":"","jetpack_publicize_feature_enabled":true,"jetpack_social_post_already_shared":true,"jetpack_social_options":{"image_generator_settings":{"template":"highway","default_image_id":0,"font":"","enabled":false},"version":2}},"categories":[50],"tags":[],"class_list":{"0":"post-42462","1":"post","2":"type-post","3":"status-publish","4":"format-standard","5":"has-post-thumbnail","7":"category-interes-general"},"jetpack_publicize_connections":[],"jetpack_featured_media_url":"https:\/\/i0.wp.com\/larevistadigital.com.ar\/blog\/wp-content\/uploads\/nueva-ambulancia-hospital-bariloche.jpg?fit=915%2C608&ssl=1","jetpack_sharing_enabled":true,"jetpack_shortlink":"https:\/\/wp.me\/p8qtrQ-b2S","jetpack-related-posts":[{"id":28329,"url":"https:\/\/larevistadigital.com.ar\/blog\/chascomus-tragedia-en-la-costanera-una-criatura-de-3-anos-fue-atropellada-por-una-camioneta-y-fallecio-en-el-hospital\/","url_meta":{"origin":42462,"position":0},"title":"CHASCOM\u00daS: TRAGEDIA EN LA COSTANERA. UNA CRIATURA DE 3 A\u00d1OS FUE ATROPELLADA POR UNA CAMIONETA  Y FALLECI\u00d3 EN EL HOSPITAL.","author":"Alejandro Sosa Ruda","date":"10 octubre, 2022","format":false,"excerpt":"La nena estaba con sus padres y aparentemente se apart\u00f3 cruz\u00e1ndose fatalmente frente a una camioneta que nada pudo hacer para esquivarla... CHASCOM\u00daS -\u00a0\u00a0El desgraciado episodio ocurri\u00f3 aproximadamente a las 11 hs. de este lunes, en la Costanera de la ciudad, cuando una familia estaba cargando su camioneta para retornar\u2026","rel":"","context":"En \u00abDESTACADAS\u00bb","block_context":{"text":"DESTACADAS","link":"https:\/\/larevistadigital.com.ar\/blog\/category\/destacadas\/"},"img":{"alt_text":"","src":"https:\/\/i0.wp.com\/larevistadigital.com.ar\/blog\/wp-content\/uploads\/ACCIDENTE-COSTANERA.jpg?fit=1062%2C704&ssl=1&resize=350%2C200","width":350,"height":200,"srcset":"https:\/\/i0.wp.com\/larevistadigital.com.ar\/blog\/wp-content\/uploads\/ACCIDENTE-COSTANERA.jpg?fit=1062%2C704&ssl=1&resize=350%2C200 1x, https:\/\/i0.wp.com\/larevistadigital.com.ar\/blog\/wp-content\/uploads\/ACCIDENTE-COSTANERA.jpg?fit=1062%2C704&ssl=1&resize=525%2C300 1.5x, https:\/\/i0.wp.com\/larevistadigital.com.ar\/blog\/wp-content\/uploads\/ACCIDENTE-COSTANERA.jpg?fit=1062%2C704&ssl=1&resize=700%2C400 2x, https:\/\/i0.wp.com\/larevistadigital.com.ar\/blog\/wp-content\/uploads\/ACCIDENTE-COSTANERA.jpg?fit=1062%2C704&ssl=1&resize=1050%2C600 3x"},"classes":[]},{"id":3501,"url":"https:\/\/larevistadigital.com.ar\/blog\/chascomus-hombre-fallecio-ahogado-luego-tropezar-golpearse-la-cabeza\/","url_meta":{"origin":42462,"position":1},"title":"CHASCOM\u00daS: UN HOMBRE FALLECI\u00d3 AHOGADO LUEGO DE TROPEZAR Y GOLPEARSE LA CABEZA","author":"Alejandro Sosa Ruda","date":"17 octubre, 2017","format":false,"excerpt":"Lamentablemente, un hombre de 58 a\u00f1os de edad, llamado Mario Manuel V\u00e1zquez, oriundo de la localidad de Adrogu\u00e9, partido de Almirante Brown, falleci\u00f3 en la laguna, por ahogamiento, luego de haber tropezado y sufrido un golpe en su cabeza que le habr\u00eda provocado la p\u00e9rdida del conocimiento. El infausto suceso,\u2026","rel":"","context":"En \u00abCHASCOM\u00daS\u00bb","block_context":{"text":"CHASCOM\u00daS","link":"https:\/\/larevistadigital.com.ar\/blog\/category\/chascomus\/"},"img":{"alt_text":"","src":"","width":0,"height":0},"classes":[]},{"id":28149,"url":"https:\/\/larevistadigital.com.ar\/blog\/tragedia-en-f-varela-nene-de-casi-dos-anos-muere-arrollado-por-el-tren-roca\/","url_meta":{"origin":42462,"position":2},"title":"TRAGEDIA EN F. VARELA: NENE DE CASI DOS A\u00d1OS MUERE ARROLLADO POR EL TREN ROCA","author":"Alejandro Sosa Ruda","date":"29 septiembre, 2022","format":false,"excerpt":"Un ni\u00f1o de menos de 2 a\u00f1os se escap\u00f3 de su casa y se subi\u00f3 a las v\u00edas en el momento que pasaba una formaci\u00f3n del tren Roca. El beb\u00e9 fue trasladado al hospital con vida pero horas despu\u00e9s falleci\u00f3. 29 de septiembre de 2022 El tr\u00e1gico episodio ocurri\u00f3 el\u2026","rel":"","context":"En \u00abPOLICIALES\u00bb","block_context":{"text":"POLICIALES","link":"https:\/\/larevistadigital.com.ar\/blog\/category\/policiales\/"},"img":{"alt_text":"","src":"https:\/\/i0.wp.com\/larevistadigital.com.ar\/blog\/wp-content\/uploads\/20220928170905_roca.jpg?fit=880%2C512&ssl=1&resize=350%2C200","width":350,"height":200,"srcset":"https:\/\/i0.wp.com\/larevistadigital.com.ar\/blog\/wp-content\/uploads\/20220928170905_roca.jpg?fit=880%2C512&ssl=1&resize=350%2C200 1x, https:\/\/i0.wp.com\/larevistadigital.com.ar\/blog\/wp-content\/uploads\/20220928170905_roca.jpg?fit=880%2C512&ssl=1&resize=525%2C300 1.5x, https:\/\/i0.wp.com\/larevistadigital.com.ar\/blog\/wp-content\/uploads\/20220928170905_roca.jpg?fit=880%2C512&ssl=1&resize=700%2C400 2x"},"classes":[]},{"id":44136,"url":"https:\/\/larevistadigital.com.ar\/blog\/santa-teresita-turista-de-hurlingham-murio-tras-descompensarse-en-el-mar\/","url_meta":{"origin":42462,"position":3},"title":"Santa Teresita: turista de Hurlingham muri\u00f3 tras descompensarse en el mar","author":"Alejandro Sosa Ruda","date":"23 febrero, 2026","format":false,"excerpt":"El hombre, de 65 a\u00f1os, sufri\u00f3 un presunto infarto cuando estaba con el agua a la altura de la cintura. Fue asistido por guardavidas y trasladado al hospital, pero falleci\u00f3. 23 de febrero de 2026 SANTA TERESITA - Un turista de 65 a\u00f1os, oriundo de Hurlingham, falleci\u00f3 el viernes por\u2026","rel":"","context":"En \u00abINTERES GENERAL\u00bb","block_context":{"text":"INTERES GENERAL","link":"https:\/\/larevistadigital.com.ar\/blog\/category\/interes-general\/"},"img":{"alt_text":"","src":"https:\/\/i0.wp.com\/larevistadigital.com.ar\/blog\/wp-content\/uploads\/6febd989c0063cfdd131ea60a90add4a138c5b90.jpg?fit=1140%2C683&ssl=1&resize=350%2C200","width":350,"height":200,"srcset":"https:\/\/i0.wp.com\/larevistadigital.com.ar\/blog\/wp-content\/uploads\/6febd989c0063cfdd131ea60a90add4a138c5b90.jpg?fit=1140%2C683&ssl=1&resize=350%2C200 1x, https:\/\/i0.wp.com\/larevistadigital.com.ar\/blog\/wp-content\/uploads\/6febd989c0063cfdd131ea60a90add4a138c5b90.jpg?fit=1140%2C683&ssl=1&resize=525%2C300 1.5x, https:\/\/i0.wp.com\/larevistadigital.com.ar\/blog\/wp-content\/uploads\/6febd989c0063cfdd131ea60a90add4a138c5b90.jpg?fit=1140%2C683&ssl=1&resize=700%2C400 2x, https:\/\/i0.wp.com\/larevistadigital.com.ar\/blog\/wp-content\/uploads\/6febd989c0063cfdd131ea60a90add4a138c5b90.jpg?fit=1140%2C683&ssl=1&resize=1050%2C600 3x"},"classes":[]},{"id":44922,"url":"https:\/\/larevistadigital.com.ar\/blog\/tragedia-en-villa-gesell-un-hombre-murio-tras-descompensarse-en-el-mar\/","url_meta":{"origin":42462,"position":4},"title":"Tragedia en Villa Gesell: un hombre muri\u00f3 tras descompensarse en el mar","author":"Alejandro Sosa Ruda","date":"4 abril, 2026","format":false,"excerpt":"El hecho ocurri\u00f3 en la zona del Paseo 108. Fue rescatado por guardavidas y trasladado al hospital, pero ingres\u00f3 sin signos vitales. 04 de abril de 2026 Villa Gesell.- BUENOS AIRES -\u00a0 \u00a0Un tr\u00e1gico episodio se registr\u00f3 este viernes por la ma\u00f1ana en Villa Gesell, donde un hombre falleci\u00f3 luego\u2026","rel":"","context":"En \u00abPOLICIALES\u00bb","block_context":{"text":"POLICIALES","link":"https:\/\/larevistadigital.com.ar\/blog\/category\/policiales\/"},"img":{"alt_text":"","src":"https:\/\/i0.wp.com\/larevistadigital.com.ar\/blog\/wp-content\/uploads\/Captura-de-pantalla-2026-04-04-004950.jpg?fit=948%2C404&ssl=1&resize=350%2C200","width":350,"height":200,"srcset":"https:\/\/i0.wp.com\/larevistadigital.com.ar\/blog\/wp-content\/uploads\/Captura-de-pantalla-2026-04-04-004950.jpg?fit=948%2C404&ssl=1&resize=350%2C200 1x, https:\/\/i0.wp.com\/larevistadigital.com.ar\/blog\/wp-content\/uploads\/Captura-de-pantalla-2026-04-04-004950.jpg?fit=948%2C404&ssl=1&resize=525%2C300 1.5x, https:\/\/i0.wp.com\/larevistadigital.com.ar\/blog\/wp-content\/uploads\/Captura-de-pantalla-2026-04-04-004950.jpg?fit=948%2C404&ssl=1&resize=700%2C400 2x"},"classes":[]},{"id":38662,"url":"https:\/\/larevistadigital.com.ar\/blog\/chascomus-fallecio-un-turista-en-una-pileta\/","url_meta":{"origin":42462,"position":5},"title":"Chascom\u00fas: Falleci\u00f3 un turista en una pileta","author":"Alejandro Sosa Ruda","date":"10 febrero, 2025","format":false,"excerpt":"El hecho ocurri\u00f3 en la pileta de un complejo de d\u00faplex. El fallecido ten\u00eda 87 a\u00f1os. 10 de Febrero de 2025 CHASCOM\u00daS -\u00a0 En horas del mediodia del dia de la fecha se iniciaron actuaciones en la E.P.C. Chascomus 1ra. por Averiguacion de Causales de Muerte con injerencia de la\u2026","rel":"","context":"En \u00abDESTACADAS\u00bb","block_context":{"text":"DESTACADAS","link":"https:\/\/larevistadigital.com.ar\/blog\/category\/destacadas\/"},"img":{"alt_text":"POLIC\u00cdA CIENT\u00cdFICA","src":"https:\/\/i0.wp.com\/larevistadigital.com.ar\/blog\/wp-content\/uploads\/9d13c069ebb8a015d200bdb72bd358bb7195c86a.jpg?fit=1140%2C759&ssl=1&resize=350%2C200","width":350,"height":200,"srcset":"https:\/\/i0.wp.com\/larevistadigital.com.ar\/blog\/wp-content\/uploads\/9d13c069ebb8a015d200bdb72bd358bb7195c86a.jpg?fit=1140%2C759&ssl=1&resize=350%2C200 1x, https:\/\/i0.wp.com\/larevistadigital.com.ar\/blog\/wp-content\/uploads\/9d13c069ebb8a015d200bdb72bd358bb7195c86a.jpg?fit=1140%2C759&ssl=1&resize=525%2C300 1.5x, https:\/\/i0.wp.com\/larevistadigital.com.ar\/blog\/wp-content\/uploads\/9d13c069ebb8a015d200bdb72bd358bb7195c86a.jpg?fit=1140%2C759&ssl=1&resize=700%2C400 2x, https:\/\/i0.wp.com\/larevistadigital.com.ar\/blog\/wp-content\/uploads\/9d13c069ebb8a015d200bdb72bd358bb7195c86a.jpg?fit=1140%2C759&ssl=1&resize=1050%2C600 3x"},"classes":[]}],"_links":{"self":[{"href":"https:\/\/larevistadigital.com.ar\/blog\/wp-json\/wp\/v2\/posts\/42462","targetHints":{"allow":["GET"]}}],"collection":[{"href":"https:\/\/larevistadigital.com.ar\/blog\/wp-json\/wp\/v2\/posts"}],"about":[{"href":"https:\/\/larevistadigital.com.ar\/blog\/wp-json\/wp\/v2\/types\/post"}],"author":[{"embeddable":true,"href":"https:\/\/larevistadigital.com.ar\/blog\/wp-json\/wp\/v2\/users\/3"}],"replies":[{"embeddable":true,"href":"https:\/\/larevistadigital.com.ar\/blog\/wp-json\/wp\/v2\/comments?post=42462"}],"version-history":[{"count":1,"href":"https:\/\/larevistadigital.com.ar\/blog\/wp-json\/wp\/v2\/posts\/42462\/revisions"}],"predecessor-version":[{"id":42463,"href":"https:\/\/larevistadigital.com.ar\/blog\/wp-json\/wp\/v2\/posts\/42462\/revisions\/42463"}],"wp:featuredmedia":[{"embeddable":true,"href":"https:\/\/larevistadigital.com.ar\/blog\/wp-json\/wp\/v2\/media\/15356"}],"wp:attachment":[{"href":"https:\/\/larevistadigital.com.ar\/blog\/wp-json\/wp\/v2\/media?parent=42462"}],"wp:term":[{"taxonomy":"category","embeddable":true,"href":"https:\/\/larevistadigital.com.ar\/blog\/wp-json\/wp\/v2\/categories?post=42462"},{"taxonomy":"post_tag","embeddable":true,"href":"https:\/\/larevistadigital.com.ar\/blog\/wp-json\/wp\/v2\/tags?post=42462"}],"curies":[{"name":"wp","href":"https:\/\/api.w.org\/{rel}","templated":true}]}}