{"id":42532,"date":"2025-11-20T15:32:26","date_gmt":"2025-11-20T18:32:26","guid":{"rendered":"https:\/\/larevistadigital.com.ar\/blog\/?p=42532"},"modified":"2025-11-20T15:32:26","modified_gmt":"2025-11-20T18:32:26","slug":"chascomus-chipeado-gratuito-en-el-fuerte","status":"publish","type":"post","link":"https:\/\/larevistadigital.com.ar\/blog\/chascomus-chipeado-gratuito-en-el-fuerte\/","title":{"rendered":"Chascom\u00fas: Chipeado gratuito en el Fuerte"},"content":{"rendered":"<h3 class=\"excerpt\">Disponible para quienes deseen aportar nutrientes y humedad a la huerta.<\/h3>\n<p>20 de Noviembre de 2025<\/p>\n<div id=\"miDiv1\" class=\"text\">\n<p><strong>CHASCOM\u00daS &#8211;<\/strong>\u00a0 \u00a0Se encuentra disponible de manera libre y gratuita el chipeado resultante de la trituraci\u00f3n de ramas y restos de poda recolectadas por la Municipalidad de Chascom\u00fas, apto para utilizarse como mulch en huertas y jardines.<\/p>\n<blockquote>\n<h3>El mismo puede ser retirado del Fuerte San Juan Bautista de lunes a viernes entre las 7 y las 15 hs. Este reciclado de materia org\u00e1nica se consigue mediante un proceso de trituraci\u00f3n mecanizada, y es rico en nutrientes.<\/h3>\n<\/blockquote>\n<p>Pero adem\u00e1s y de acuerdo al uso que se le d\u00e9, aporta humedad y carbono al compost, evita el crecimiento de malezas y mantiene la humedad en huertas y canteros (mulching), aumenta la biodiversidad y es un aislante t\u00e9rmico natural para el fr\u00edo o el calor, protegiendo las ra\u00edces.<\/p>\n<p>Es una manera de reciclar y reutilizar materia descartada que aporta al cuidado del ambiente contribuyendo a la fertilizaci\u00f3n de los suelos. La basura es otra cosa.<\/p>\n<\/div>\n","protected":false},"excerpt":{"rendered":"<div class=\"mh-excerpt\"><p>Disponible para quienes deseen aportar nutrientes y humedad a la huerta. 20 de Noviembre de 2025 CHASCOM\u00daS &#8211;\u00a0 \u00a0Se encuentra disponible de manera libre y gratuita el chipeado resultante de la trituraci\u00f3n de ramas y <a class=\"mh-excerpt-more\" href=\"https:\/\/larevistadigital.com.ar\/blog\/chascomus-chipeado-gratuito-en-el-fuerte\/\" title=\"Chascom\u00fas: Chipeado gratuito en el Fuerte\">[Leer M\u00e1s]<\/a><\/p>\n<\/div>","protected":false},"author":3,"featured_media":42533,"comment_status":"open","ping_status":"open","sticky":false,"template":"","format":"standard","meta":{"_jetpack_memberships_contains_paid_content":false,"footnotes":"","jetpack_publicize_message":"","jetpack_publicize_feature_enabled":true,"jetpack_social_post_already_shared":true,"jetpack_social_options":{"image_generator_settings":{"template":"highway","default_image_id":0,"font":"","enabled":false},"version":2}},"categories":[6],"tags":[],"class_list":{"0":"post-42532","1":"post","2":"type-post","3":"status-publish","4":"format-standard","5":"has-post-thumbnail","7":"category-chascomus"},"jetpack_publicize_connections":[],"jetpack_featured_media_url":"https:\/\/i0.wp.com\/larevistadigital.com.ar\/blog\/wp-content\/uploads\/691f3b6fca7ea.png?fit=668%2C445&ssl=1","jetpack_sharing_enabled":true,"jetpack_shortlink":"https:\/\/wp.me\/p8qtrQ-b40","jetpack-related-posts":[{"id":38829,"url":"https:\/\/larevistadigital.com.ar\/blog\/chascomus-comienza-la-entrega-de-semillas-del-banco-de-intercambio\/","url_meta":{"origin":42532,"position":0},"title":"Chascom\u00fas: Comienza la entrega de semillas del banco de intercambio","author":"Alejandro Sosa Ruda","date":"24 febrero, 2025","format":false,"excerpt":"Se enmarca en el programa municipal \u201cCosechando saberes\u201d cuyo objetivo es promover la soberan\u00eda alimentaria a trav\u00e9s de la educaci\u00f3n y el fortalecimiento de competencias relacionadas con el manejo ambiental y la agricultura sustentable. 24 de Febrero de 2025 CHASCOM\u00daS -\u00a0 \u00a0A trav\u00e9s del programa \"Cosechando Saberes\", a partir del\u2026","rel":"","context":"En \u00abINTERES GENERAL\u00bb","block_context":{"text":"INTERES GENERAL","link":"https:\/\/larevistadigital.com.ar\/blog\/category\/interes-general\/"},"img":{"alt_text":"","src":"https:\/\/i0.wp.com\/larevistadigital.com.ar\/blog\/wp-content\/uploads\/67bca56b04a65.png?fit=668%2C445&ssl=1&resize=350%2C200","width":350,"height":200,"srcset":"https:\/\/i0.wp.com\/larevistadigital.com.ar\/blog\/wp-content\/uploads\/67bca56b04a65.png?fit=668%2C445&ssl=1&resize=350%2C200 1x, https:\/\/i0.wp.com\/larevistadigital.com.ar\/blog\/wp-content\/uploads\/67bca56b04a65.png?fit=668%2C445&ssl=1&resize=525%2C300 1.5x"},"classes":[]},{"id":13912,"url":"https:\/\/larevistadigital.com.ar\/blog\/chascomus-estallan-redes-sociales-por-una-publicacion-del-diario-el-fuerte-de-ayer\/","url_meta":{"origin":42532,"position":1},"title":"CHASCOM\u00daS: ESTALLAN REDES SOCIALES POR UNA PUBLICACI\u00d3N DEL DIARIO EL FUERTE DE AYER","author":"Alejandro Sosa Ruda","date":"30 diciembre, 2019","format":false,"excerpt":"La publicaci\u00f3n del Diario El Fuerte en su edici\u00f3n de ayer, referida al env\u00edo por parte del gobierno provincial de un total de mil cajas navide\u00f1as a la Municipalidad de Chascom\u00fas, para que sea esta la que de manera institucional distribuya las mismas en las familias m\u00e1s carenciadas y necesitadas\u2026","rel":"","context":"En \u00abCHASCOM\u00daS\u00bb","block_context":{"text":"CHASCOM\u00daS","link":"https:\/\/larevistadigital.com.ar\/blog\/category\/chascomus\/"},"img":{"alt_text":"","src":"https:\/\/i0.wp.com\/larevistadigital.com.ar\/blog\/wp-content\/uploads\/facebook-hackers.jpg?fit=630%2C630&ssl=1&resize=350%2C200","width":350,"height":200,"srcset":"https:\/\/i0.wp.com\/larevistadigital.com.ar\/blog\/wp-content\/uploads\/facebook-hackers.jpg?fit=630%2C630&ssl=1&resize=350%2C200 1x, https:\/\/i0.wp.com\/larevistadigital.com.ar\/blog\/wp-content\/uploads\/facebook-hackers.jpg?fit=630%2C630&ssl=1&resize=525%2C300 1.5x"},"classes":[]},{"id":21529,"url":"https:\/\/larevistadigital.com.ar\/blog\/chascomus-fuerte-choque-entre-moto-y-camioneta\/","url_meta":{"origin":42532,"position":2},"title":"CHASCOM\u00daS: FUERTE CHOQUE ENTRE MOTO Y CAMIONETA","author":"Alejandro Sosa Ruda","date":"12 agosto, 2021","format":false,"excerpt":"CHASCOM\u00daS - Una vecina y amiga, nos env\u00eda la foto de un choque ocurrido hoy en el cruce de avenida Lastra con la calle Bah\u00eda Blanca, donde una camioneta choc\u00f3 contra una moto. Seg\u00fan comentarios, la moto habr\u00eda pasado con el sem\u00e1foro en rojo y de esta manera se habr\u00eda\u2026","rel":"","context":"En \u00abINTERES GENERAL\u00bb","block_context":{"text":"INTERES GENERAL","link":"https:\/\/larevistadigital.com.ar\/blog\/category\/interes-general\/"},"img":{"alt_text":"","src":"https:\/\/i0.wp.com\/larevistadigital.com.ar\/blog\/wp-content\/uploads\/WhatsApp-Image-2021-08-12-at-13.41.56.jpeg?fit=780%2C1040&ssl=1&resize=350%2C200","width":350,"height":200,"srcset":"https:\/\/i0.wp.com\/larevistadigital.com.ar\/blog\/wp-content\/uploads\/WhatsApp-Image-2021-08-12-at-13.41.56.jpeg?fit=780%2C1040&ssl=1&resize=350%2C200 1x, https:\/\/i0.wp.com\/larevistadigital.com.ar\/blog\/wp-content\/uploads\/WhatsApp-Image-2021-08-12-at-13.41.56.jpeg?fit=780%2C1040&ssl=1&resize=525%2C300 1.5x, https:\/\/i0.wp.com\/larevistadigital.com.ar\/blog\/wp-content\/uploads\/WhatsApp-Image-2021-08-12-at-13.41.56.jpeg?fit=780%2C1040&ssl=1&resize=700%2C400 2x"},"classes":[]},{"id":41734,"url":"https:\/\/larevistadigital.com.ar\/blog\/chascomus-318-grupos-familiares-recibieron-semillas-del-programa-municipal-cosechando-saberes\/","url_meta":{"origin":42532,"position":3},"title":"Chascom\u00fas: 318 grupos familiares recibieron semillas del programa municipal \u201cCosechando saberes\u201d","author":"Alejandro Sosa Ruda","date":"3 octubre, 2025","format":false,"excerpt":"El mismo nace de una propuesta de trabajo articulado entre la Municipalidad de Chascom\u00fas y el INTA Chascom\u00fas. 03 de Octubre de 2025 CHASCOM\u00daS -\u00a0 \u00a0El programa \u201cCosechando Saberes\u201d busca promover que cada vez m\u00e1s vecinos y vecinas se sumen a la propuesta de producir sus propios alimentos de un\u2026","rel":"","context":"En \u00abCHASCOM\u00daS\u00bb","block_context":{"text":"CHASCOM\u00daS","link":"https:\/\/larevistadigital.com.ar\/blog\/category\/chascomus\/"},"img":{"alt_text":"","src":"https:\/\/i0.wp.com\/larevistadigital.com.ar\/blog\/wp-content\/uploads\/68e0061d1a2ca.png?fit=668%2C445&ssl=1&resize=350%2C200","width":350,"height":200,"srcset":"https:\/\/i0.wp.com\/larevistadigital.com.ar\/blog\/wp-content\/uploads\/68e0061d1a2ca.png?fit=668%2C445&ssl=1&resize=350%2C200 1x, https:\/\/i0.wp.com\/larevistadigital.com.ar\/blog\/wp-content\/uploads\/68e0061d1a2ca.png?fit=668%2C445&ssl=1&resize=525%2C300 1.5x"},"classes":[]},{"id":23576,"url":"https:\/\/larevistadigital.com.ar\/blog\/excelente-iniciativa-en-escobar-utiliaran-los-residuos-de-poda-para-producir-compost-biotecnologico\/","url_meta":{"origin":42532,"position":4},"title":"EXCELENTE INICIATIVA: EN ESCOBAR UTILIAR\u00c1N LOS RESIDUOS DE PODA, PARA PRODUCIR COMPOST BIOTECNOL\u00d3GICO","author":"Alejandro Sosa Ruda","date":"26 enero, 2022","format":false,"excerpt":"Para este proyecto, el Municipio firm\u00f3 un convenio con Arhumus Sustratos Argentinos S.A., una empresa local. De esta manera, a trav\u00e9s de un proceso con biotecnolog\u00eda, el Municipio podr\u00e1 obtener un sustrato con alto contenido de nutrientes que servir\u00e1 para enriquecer el crecimiento de plantas nativas y huertas agroecol\u00f3gicas. ESCOBAR\u2026","rel":"","context":"En \u00abINTERES GENERAL\u00bb","block_context":{"text":"INTERES GENERAL","link":"https:\/\/larevistadigital.com.ar\/blog\/category\/interes-general\/"},"img":{"alt_text":"","src":"https:\/\/i0.wp.com\/larevistadigital.com.ar\/blog\/wp-content\/uploads\/20220125184121_ramas2.jpg?fit=880%2C512&ssl=1&resize=350%2C200","width":350,"height":200,"srcset":"https:\/\/i0.wp.com\/larevistadigital.com.ar\/blog\/wp-content\/uploads\/20220125184121_ramas2.jpg?fit=880%2C512&ssl=1&resize=350%2C200 1x, https:\/\/i0.wp.com\/larevistadigital.com.ar\/blog\/wp-content\/uploads\/20220125184121_ramas2.jpg?fit=880%2C512&ssl=1&resize=525%2C300 1.5x, https:\/\/i0.wp.com\/larevistadigital.com.ar\/blog\/wp-content\/uploads\/20220125184121_ramas2.jpg?fit=880%2C512&ssl=1&resize=700%2C400 2x"},"classes":[]},{"id":39484,"url":"https:\/\/larevistadigital.com.ar\/blog\/chascomus-huerta-en-casa\/","url_meta":{"origin":42532,"position":5},"title":"Chascom\u00fas: Huerta en casa","author":"Alejandro Sosa Ruda","date":"22 abril, 2025","format":false,"excerpt":"Alimentos frescos y saludables todo el a\u00f1o 22 de Abril de 2025 Producir alimentos en casa es m\u00e1s f\u00e1cil de lo que parece, no insume mucho tiempo, puede convertirse en una actividad que convoque a toda la familia y adem\u00e1s, garantiza una alimentaci\u00f3n saludable, natural y sostenible. El primer paso\u2026","rel":"","context":"En \u00abCHASCOM\u00daS\u00bb","block_context":{"text":"CHASCOM\u00daS","link":"https:\/\/larevistadigital.com.ar\/blog\/category\/chascomus\/"},"img":{"alt_text":"","src":"https:\/\/i0.wp.com\/larevistadigital.com.ar\/blog\/wp-content\/uploads\/68067c4ee80cb.png?fit=668%2C445&ssl=1&resize=350%2C200","width":350,"height":200,"srcset":"https:\/\/i0.wp.com\/larevistadigital.com.ar\/blog\/wp-content\/uploads\/68067c4ee80cb.png?fit=668%2C445&ssl=1&resize=350%2C200 1x, https:\/\/i0.wp.com\/larevistadigital.com.ar\/blog\/wp-content\/uploads\/68067c4ee80cb.png?fit=668%2C445&ssl=1&resize=525%2C300 1.5x"},"classes":[]}],"_links":{"self":[{"href":"https:\/\/larevistadigital.com.ar\/blog\/wp-json\/wp\/v2\/posts\/42532","targetHints":{"allow":["GET"]}}],"collection":[{"href":"https:\/\/larevistadigital.com.ar\/blog\/wp-json\/wp\/v2\/posts"}],"about":[{"href":"https:\/\/larevistadigital.com.ar\/blog\/wp-json\/wp\/v2\/types\/post"}],"author":[{"embeddable":true,"href":"https:\/\/larevistadigital.com.ar\/blog\/wp-json\/wp\/v2\/users\/3"}],"replies":[{"embeddable":true,"href":"https:\/\/larevistadigital.com.ar\/blog\/wp-json\/wp\/v2\/comments?post=42532"}],"version-history":[{"count":1,"href":"https:\/\/larevistadigital.com.ar\/blog\/wp-json\/wp\/v2\/posts\/42532\/revisions"}],"predecessor-version":[{"id":42534,"href":"https:\/\/larevistadigital.com.ar\/blog\/wp-json\/wp\/v2\/posts\/42532\/revisions\/42534"}],"wp:featuredmedia":[{"embeddable":true,"href":"https:\/\/larevistadigital.com.ar\/blog\/wp-json\/wp\/v2\/media\/42533"}],"wp:attachment":[{"href":"https:\/\/larevistadigital.com.ar\/blog\/wp-json\/wp\/v2\/media?parent=42532"}],"wp:term":[{"taxonomy":"category","embeddable":true,"href":"https:\/\/larevistadigital.com.ar\/blog\/wp-json\/wp\/v2\/categories?post=42532"},{"taxonomy":"post_tag","embeddable":true,"href":"https:\/\/larevistadigital.com.ar\/blog\/wp-json\/wp\/v2\/tags?post=42532"}],"curies":[{"name":"wp","href":"https:\/\/api.w.org\/{rel}","templated":true}]}}