{"id":42539,"date":"2025-11-20T15:39:29","date_gmt":"2025-11-20T18:39:29","guid":{"rendered":"https:\/\/larevistadigital.com.ar\/blog\/?p=42539"},"modified":"2025-11-20T15:39:29","modified_gmt":"2025-11-20T18:39:29","slug":"chascomus-se-llevo-a-cabo-una-nueva-reunion-con-representantes-sindicales","status":"publish","type":"post","link":"https:\/\/larevistadigital.com.ar\/blog\/chascomus-se-llevo-a-cabo-una-nueva-reunion-con-representantes-sindicales\/","title":{"rendered":"Chascom\u00fas: Se llev\u00f3 a cabo una nueva reuni\u00f3n con representantes sindicales"},"content":{"rendered":"<h3 class=\"excerpt\">El encuentro se realiz\u00f3 en la ma\u00f1ana de este jueves en el palacio municipal.<\/h3>\n<p>20 de Noviembre de 2025<\/p>\n<div id=\"miDiv1\" class=\"text\">\n<p><strong>CHASCOM\u00daS &#8211;\u00a0<\/strong> \u00a0En la reuni\u00f3n, se continu\u00f3 trabajando sobre pases a planta permanente y recategorizaciones de trabajadores de diversas \u00e1reas.<\/p>\n<p>Asimismo, se acord\u00f3 continuar en la elaboraci\u00f3n de un Convenio Colectivo de Trabajo que regular\u00e1 las condiciones laborales del personal municipal y tiene como objetivo establecer un marco normativo justo, equitativo y transparente. Los presentes acordaron reunirse nuevamente el 27 de noviembre para avanzar en este documento. En el marco del di\u00e1logo de la mesa de negociaci\u00f3n colectiva, se fij\u00f3 tambi\u00e9n una reuni\u00f3n para el 4 de diciembre.<\/p>\n<blockquote>\n<h3>Los secretarios de Gobierno, Cipriano P\u00e9rez del Cerro, y de Recursos Humanos y Modernizaci\u00f3n del Estado, Jos\u00e9 Yezza Ross encabezaron la reuni\u00f3n en la que estuvieron presentes Mar\u00eda Elena Ortiz Molina y Sergio Coronel de UPCN; Cintia Ardohain de ATE; y Mercedes Rold\u00e1n y Claudio Bertucci del Sindicato de Trabajadores Municipales.<\/h3>\n<\/blockquote>\n<p>Por otra parte, la representante de la Asociaci\u00f3n de Trabajadores del Estado (ATE) expres\u00f3 que, en caso de continuar con las medidas de fuerza, se compromet\u00edan a no afectar a los comedores del Jard\u00edn Clarisa Amezaga y la Escuela Municipal 2<\/p>\n<\/div>\n","protected":false},"excerpt":{"rendered":"<div class=\"mh-excerpt\"><p>El encuentro se realiz\u00f3 en la ma\u00f1ana de este jueves en el palacio municipal. 20 de Noviembre de 2025 CHASCOM\u00daS &#8211;\u00a0 \u00a0En la reuni\u00f3n, se continu\u00f3 trabajando sobre pases a planta permanente y recategorizaciones de <a class=\"mh-excerpt-more\" href=\"https:\/\/larevistadigital.com.ar\/blog\/chascomus-se-llevo-a-cabo-una-nueva-reunion-con-representantes-sindicales\/\" title=\"Chascom\u00fas: Se llev\u00f3 a cabo una nueva reuni\u00f3n con representantes sindicales\">[Leer M\u00e1s]<\/a><\/p>\n<\/div>","protected":false},"author":3,"featured_media":42540,"comment_status":"open","ping_status":"open","sticky":false,"template":"","format":"standard","meta":{"_jetpack_memberships_contains_paid_content":false,"footnotes":"","jetpack_publicize_message":"","jetpack_publicize_feature_enabled":true,"jetpack_social_post_already_shared":true,"jetpack_social_options":{"image_generator_settings":{"template":"highway","default_image_id":0,"font":"","enabled":false},"version":2}},"categories":[41],"tags":[],"class_list":{"0":"post-42539","1":"post","2":"type-post","3":"status-publish","4":"format-standard","5":"has-post-thumbnail","7":"category-destacadas"},"jetpack_publicize_connections":[],"jetpack_featured_media_url":"https:\/\/i0.wp.com\/larevistadigital.com.ar\/blog\/wp-content\/uploads\/691f5c6ac43b9.png?fit=668%2C445&ssl=1","jetpack_sharing_enabled":true,"jetpack_shortlink":"https:\/\/wp.me\/p8qtrQ-b47","jetpack-related-posts":[{"id":40899,"url":"https:\/\/larevistadigital.com.ar\/blog\/nueva-reunion-para-avanzar-en-el-convenio-colectivo-de-trabajo-municipal\/","url_meta":{"origin":42539,"position":0},"title":"Nueva reuni\u00f3n para avanzar en el convenio colectivo de trabajo municipal","author":"Alejandro Sosa Ruda","date":"13 agosto, 2025","format":false,"excerpt":"Esta propuesta regular\u00e1 las condiciones laborales del personal municipal y tiene como objetivo establecer un marco normativo justo, equitativo y transparente, fortaleciendo los derechos de todos los trabajadores. 13 de Agosto de 2025 CHASCOM\u00daS\u00a0 -\u00a0 \u00a0Este mi\u00e9rcoles se llev\u00f3 a cabo una nueva reuni\u00f3n entre el gobierno municipal y los\u2026","rel":"","context":"En \u00abCHASCOM\u00daS\u00bb","block_context":{"text":"CHASCOM\u00daS","link":"https:\/\/larevistadigital.com.ar\/blog\/category\/chascomus\/"},"img":{"alt_text":"","src":"https:\/\/i0.wp.com\/larevistadigital.com.ar\/blog\/wp-content\/uploads\/689cda05c8918.png?fit=668%2C445&ssl=1&resize=350%2C200","width":350,"height":200,"srcset":"https:\/\/i0.wp.com\/larevistadigital.com.ar\/blog\/wp-content\/uploads\/689cda05c8918.png?fit=668%2C445&ssl=1&resize=350%2C200 1x, https:\/\/i0.wp.com\/larevistadigital.com.ar\/blog\/wp-content\/uploads\/689cda05c8918.png?fit=668%2C445&ssl=1&resize=525%2C300 1.5x"},"classes":[]},{"id":36591,"url":"https:\/\/larevistadigital.com.ar\/blog\/chascomus-reunion-del-departamento-ejecutivo-municipal-con-representantes-sindicales\/","url_meta":{"origin":42539,"position":1},"title":"CHASCOM\u00daS: REUNI\u00d3N DEL DEPARTAMENTO EJECUTIVO MUNICIPAL CON REPRESENTANTES SINDICALES","author":"Alejandro Sosa Ruda","date":"4 julio, 2024","format":false,"excerpt":"Convocatoria de la mesa salarial para evaluar aumentos salariales para los pr\u00f3ximos meses. 04 de Julio de 2024 CHASCOM\u00daS -\u00a0 El Departamento Ejecutivo Municipal se reuni\u00f3 con los gremios con representaci\u00f3n municipal para iniciar el di\u00e1logo sobre los aumentos salariales para la planta salarial. En la reuni\u00f3n estuvieron presentes el\u2026","rel":"","context":"En \u00abDESTACADAS\u00bb","block_context":{"text":"DESTACADAS","link":"https:\/\/larevistadigital.com.ar\/blog\/category\/destacadas\/"},"img":{"alt_text":"","src":"https:\/\/i0.wp.com\/larevistadigital.com.ar\/blog\/wp-content\/uploads\/2024_07_05_01_08_53_2859804.jpg?fit=600%2C400&ssl=1&resize=350%2C200","width":350,"height":200,"srcset":"https:\/\/i0.wp.com\/larevistadigital.com.ar\/blog\/wp-content\/uploads\/2024_07_05_01_08_53_2859804.jpg?fit=600%2C400&ssl=1&resize=350%2C200 1x, https:\/\/i0.wp.com\/larevistadigital.com.ar\/blog\/wp-content\/uploads\/2024_07_05_01_08_53_2859804.jpg?fit=600%2C400&ssl=1&resize=525%2C300 1.5x"},"classes":[]},{"id":37894,"url":"https:\/\/larevistadigital.com.ar\/blog\/reunion-con-propietarios-de-locales-nocturnos-para-definir-pautas-de-trabajo\/","url_meta":{"origin":42539,"position":2},"title":"Reuni\u00f3n con propietarios de locales nocturnos para definir pautas de trabajo","author":"Alejandro Sosa Ruda","date":"15 noviembre, 2024","format":false,"excerpt":"Autoridades municipales ajustan criterios para fortalecer la seguridad en la temporada estival. 15 de Noviembre de 2024 CHASCOM\u00daS -\u00a0 \u00a0La secretaria de Seguridad Ciudadana Mariela Moscarella encabez\u00f3 una reuni\u00f3n con due\u00f1os de bares, boliches y espacios de esparcimiento en el Centro Cultural Municipal Vieja Estaci\u00f3n. El encuentro tuvo como objetivo\u2026","rel":"","context":"En \u00abCHASCOM\u00daS\u00bb","block_context":{"text":"CHASCOM\u00daS","link":"https:\/\/larevistadigital.com.ar\/blog\/category\/chascomus\/"},"img":{"alt_text":"","src":"https:\/\/i0.wp.com\/larevistadigital.com.ar\/blog\/wp-content\/uploads\/67362f4672624.png?fit=668%2C445&ssl=1&resize=350%2C200","width":350,"height":200,"srcset":"https:\/\/i0.wp.com\/larevistadigital.com.ar\/blog\/wp-content\/uploads\/67362f4672624.png?fit=668%2C445&ssl=1&resize=350%2C200 1x, https:\/\/i0.wp.com\/larevistadigital.com.ar\/blog\/wp-content\/uploads\/67362f4672624.png?fit=668%2C445&ssl=1&resize=525%2C300 1.5x"},"classes":[]},{"id":40510,"url":"https:\/\/larevistadigital.com.ar\/blog\/autoridades-municipales-recibieron-a-los-nuevos-miembros-de-la-comision-directiva-del-fortin-chascomus\/","url_meta":{"origin":42539,"position":3},"title":"Autoridades municipales recibieron a los nuevos miembros de la comisi\u00f3n directiva del Fort\u00edn Chascom\u00fas","author":"Alejandro Sosa Ruda","date":"18 julio, 2025","format":false,"excerpt":"Entre otros temas, se organiza la fiesta tradicionalista en el mes de noviembre, que llegar\u00e1 este a\u00f1o renovada. 18 de Julio de 2025 CHASCOM\u00daS -\u00a0 \u00a0En horas de la ma\u00f1ana del \u00faltimo mi\u00e9rcoles, se realiz\u00f3 una reuni\u00f3n con las nuevas autoridades del \u201cFort\u00edn Chascom\u00fas\u201d, encabezados por H\u00e9ctor Arriola, quienes fueron\u2026","rel":"","context":"En \u00abCHASCOM\u00daS\u00bb","block_context":{"text":"CHASCOM\u00daS","link":"https:\/\/larevistadigital.com.ar\/blog\/category\/chascomus\/"},"img":{"alt_text":"","src":"https:\/\/i0.wp.com\/larevistadigital.com.ar\/blog\/wp-content\/uploads\/687929b57e3a8.png?fit=668%2C445&ssl=1&resize=350%2C200","width":350,"height":200,"srcset":"https:\/\/i0.wp.com\/larevistadigital.com.ar\/blog\/wp-content\/uploads\/687929b57e3a8.png?fit=668%2C445&ssl=1&resize=350%2C200 1x, https:\/\/i0.wp.com\/larevistadigital.com.ar\/blog\/wp-content\/uploads\/687929b57e3a8.png?fit=668%2C445&ssl=1&resize=525%2C300 1.5x"},"classes":[]},{"id":38578,"url":"https:\/\/larevistadigital.com.ar\/blog\/reunion-sobre-salud-mental\/","url_meta":{"origin":42539,"position":4},"title":"Reuni\u00f3n sobre salud mental","author":"Alejandro Sosa Ruda","date":"29 enero, 2025","format":false,"excerpt":"El equipo interdisciplinario se reuni\u00f3 hoy con el objetivo de poner en com\u00fan experiencias y progresos 29 DE ENERO DE 2025 CHASCOM\u00daS -\u00a0 Como cada mes, profesionales pertenecientes a los distintos efectores de salud municipales que intervienen en el abordaje de la salud mental, mantuvieron hoy por la ma\u00f1ana una\u2026","rel":"","context":"En \u00abCHASCOM\u00daS\u00bb","block_context":{"text":"CHASCOM\u00daS","link":"https:\/\/larevistadigital.com.ar\/blog\/category\/chascomus\/"},"img":{"alt_text":"","src":"https:\/\/i0.wp.com\/larevistadigital.com.ar\/blog\/wp-content\/uploads\/679917ff04faf.png?fit=668%2C445&ssl=1&resize=350%2C200","width":350,"height":200,"srcset":"https:\/\/i0.wp.com\/larevistadigital.com.ar\/blog\/wp-content\/uploads\/679917ff04faf.png?fit=668%2C445&ssl=1&resize=350%2C200 1x, https:\/\/i0.wp.com\/larevistadigital.com.ar\/blog\/wp-content\/uploads\/679917ff04faf.png?fit=668%2C445&ssl=1&resize=525%2C300 1.5x"},"classes":[]},{"id":3338,"url":"https:\/\/larevistadigital.com.ar\/blog\/chascomus-gran-acatamiento-en-el-paro-de-24-hs-de-los-profesionales-de-la-salud\/","url_meta":{"origin":42539,"position":5},"title":"CHASCOM\u00daS: GRAN ACATAMIENTO EN EL PARO DE 24 HS. DE LOS PROFESIONALES DE LA SALUD","author":"Alejandro Sosa Ruda","date":"28 septiembre, 2017","format":false,"excerpt":"Como estaba previsto, en el d\u00eda de ayer se llev\u00f3 a cabo la jornada de paro de profesionales de la salud, en el Hospital Municipal San Vicente de Paul, por 24 horas. Esto sucede en el marco del conflicto que mantienen con el Ejecutivo Municipal por la ordenanza de salud\u2026","rel":"","context":"En \u00abDESTACADAS\u00bb","block_context":{"text":"DESTACADAS","link":"https:\/\/larevistadigital.com.ar\/blog\/category\/destacadas\/"},"img":{"alt_text":"","src":"https:\/\/i0.wp.com\/larevistadigital.com.ar\/blog\/wp-content\/uploads\/2017\/09\/CICOP.jpg?fit=960%2C720&ssl=1&resize=350%2C200","width":350,"height":200,"srcset":"https:\/\/i0.wp.com\/larevistadigital.com.ar\/blog\/wp-content\/uploads\/2017\/09\/CICOP.jpg?fit=960%2C720&ssl=1&resize=350%2C200 1x, https:\/\/i0.wp.com\/larevistadigital.com.ar\/blog\/wp-content\/uploads\/2017\/09\/CICOP.jpg?fit=960%2C720&ssl=1&resize=525%2C300 1.5x, https:\/\/i0.wp.com\/larevistadigital.com.ar\/blog\/wp-content\/uploads\/2017\/09\/CICOP.jpg?fit=960%2C720&ssl=1&resize=700%2C400 2x"},"classes":[]}],"_links":{"self":[{"href":"https:\/\/larevistadigital.com.ar\/blog\/wp-json\/wp\/v2\/posts\/42539","targetHints":{"allow":["GET"]}}],"collection":[{"href":"https:\/\/larevistadigital.com.ar\/blog\/wp-json\/wp\/v2\/posts"}],"about":[{"href":"https:\/\/larevistadigital.com.ar\/blog\/wp-json\/wp\/v2\/types\/post"}],"author":[{"embeddable":true,"href":"https:\/\/larevistadigital.com.ar\/blog\/wp-json\/wp\/v2\/users\/3"}],"replies":[{"embeddable":true,"href":"https:\/\/larevistadigital.com.ar\/blog\/wp-json\/wp\/v2\/comments?post=42539"}],"version-history":[{"count":1,"href":"https:\/\/larevistadigital.com.ar\/blog\/wp-json\/wp\/v2\/posts\/42539\/revisions"}],"predecessor-version":[{"id":42541,"href":"https:\/\/larevistadigital.com.ar\/blog\/wp-json\/wp\/v2\/posts\/42539\/revisions\/42541"}],"wp:featuredmedia":[{"embeddable":true,"href":"https:\/\/larevistadigital.com.ar\/blog\/wp-json\/wp\/v2\/media\/42540"}],"wp:attachment":[{"href":"https:\/\/larevistadigital.com.ar\/blog\/wp-json\/wp\/v2\/media?parent=42539"}],"wp:term":[{"taxonomy":"category","embeddable":true,"href":"https:\/\/larevistadigital.com.ar\/blog\/wp-json\/wp\/v2\/categories?post=42539"},{"taxonomy":"post_tag","embeddable":true,"href":"https:\/\/larevistadigital.com.ar\/blog\/wp-json\/wp\/v2\/tags?post=42539"}],"curies":[{"name":"wp","href":"https:\/\/api.w.org\/{rel}","templated":true}]}}