{"id":431,"date":"2017-02-28T01:31:10","date_gmt":"2017-02-28T01:31:10","guid":{"rendered":"https:\/\/larevistadigital.com.ar\/blog\/?p=431"},"modified":"2017-02-28T01:31:10","modified_gmt":"2017-02-28T01:31:10","slug":"nueva-tasa-seguridad-no","status":"publish","type":"post","link":"https:\/\/larevistadigital.com.ar\/blog\/nueva-tasa-seguridad-no\/","title":{"rendered":"Nueva tasa para seguridad\u2026 \u00bfs\u00ed o no?"},"content":{"rendered":"<p><strong><em>Mientras que desde el ejecutivo se pretende crear una nueva tasa, afectada al \u00e1rea de seguridad, partidos de la oposici\u00f3n sostienen que no es necesaria la creaci\u00f3n de la misma.<\/em><\/strong><\/p>\n<p>D\u00edas atr\u00e1s, en el marco de una entrevista a la <strong>FM La Radio 101.5<\/strong> de la ciudad de Chascom\u00fas el Secretario de Turismo y comunicaci\u00f3n <strong>Leandro Otondo<\/strong>, se ocup\u00f3 de remarcar que este a\u00f1o no estar\u00e1 el financiamiento para seguridad, raz\u00f3n por la cual se est\u00e1 evaluando desde el departamento ejecutivo la creaci\u00f3n de una nueva tasa destinada a tal efecto, la que se encuentra dentro del presupuesto que a\u00fan no ha sido aprobado.<\/p>\n<p>R\u00e1pidamente estas declaraciones provocaron algunas r\u00e9plicas. Como por ejemplo la del Concejal de UCR-Cambiemos <strong>Osvaldo Casalins<\/strong>, quien en el mismo programa que hab\u00eda hablado <strong>Otondo<\/strong> <strong>(AM SHOW), <\/strong>luego de referirse a otros temas, manifest\u00f3 con respecto a la tasa pretendida por el ejecutivo y mencionada por Otondo, que si bien la misma est\u00e1 contemplada en el presupuesto municipal (no aprobado), dicha tasa no re\u00fane las condiciones de legalidad.<\/p>\n<p>Sostuvo adem\u00e1s que desde la creaci\u00f3n de la Secretar\u00eda de Seguridad, se han planteado dentro del presupuesto los fondos necesarios para mantenerla, expresando que del fondo de infraestructura se podr\u00eda destinar una partida para tal efecto.<\/p>\n<p>Por el lado del FPV-PJ, Gabriel Macchi en charla con <strong>LRD (La Revista Digital)<\/strong>, sostuvo que:\u00a0 <strong><em>\u201cSi va en la misma sinton\u00eda, es una doble imposici\u00f3n, porque la seguridad es una cuesti\u00f3n de la provincia, y ya existen otras tasas que son para ese fin a nivel provincial, por lo que cobrarlo nuevamente en el municipio genera una doble imposici\u00f3n&#8230;.Por lo cual \u00abSERIA\u00bb ilegal , digo ser\u00eda porque depende de lo que resuelva el tribunal de cuentas si se aplicar\u00e1.\u201d<\/em><\/strong><\/p>\n<p>Tambi\u00e9n, neg\u00f3 que la provincia no aporte dinero, ya que afirm\u00f3: <strong><em>\u201cS\u00ed,\u00a0 la provincia les pasa lo que es la coparticipaci\u00f3n y\u00a0 adem\u00e1s se hace cargo de los sueldos y gastos de la polic\u00eda que ahora va a ser comunal.\u201d<\/em><\/strong><\/p>\n<p><a href=\"https:\/\/i0.wp.com\/larevistadigital.com.ar\/blog\/wp-content\/uploads\/2017\/02\/casalins_elfuerte_21denoviembrede2016.jpg?ssl=1\"><img data-recalc-dims=\"1\" loading=\"lazy\" decoding=\"async\" class=\"alignnone  wp-image-432\" src=\"https:\/\/i0.wp.com\/larevistadigital.com.ar\/blog\/wp-content\/uploads\/2017\/02\/casalins_elfuerte_21denoviembrede2016.jpg?resize=199%2C205&#038;ssl=1\" alt=\"\" width=\"199\" height=\"205\" srcset=\"https:\/\/i0.wp.com\/larevistadigital.com.ar\/blog\/wp-content\/uploads\/2017\/02\/casalins_elfuerte_21denoviembrede2016.jpg?resize=292%2C300&amp;ssl=1 292w, https:\/\/i0.wp.com\/larevistadigital.com.ar\/blog\/wp-content\/uploads\/2017\/02\/casalins_elfuerte_21denoviembrede2016.jpg?w=747&amp;ssl=1 747w\" sizes=\"auto, (max-width: 199px) 100vw, 199px\" \/><\/a> <a href=\"https:\/\/i0.wp.com\/larevistadigital.com.ar\/blog\/wp-content\/uploads\/2017\/02\/gabriel-macchi.jpg?ssl=1\"><img data-recalc-dims=\"1\" loading=\"lazy\" decoding=\"async\" class=\"alignnone  wp-image-433\" src=\"https:\/\/i0.wp.com\/larevistadigital.com.ar\/blog\/wp-content\/uploads\/2017\/02\/gabriel-macchi.jpg?resize=179%2C204&#038;ssl=1\" alt=\"\" width=\"179\" height=\"204\" srcset=\"https:\/\/i0.wp.com\/larevistadigital.com.ar\/blog\/wp-content\/uploads\/2017\/02\/gabriel-macchi.jpg?resize=264%2C300&amp;ssl=1 264w, https:\/\/i0.wp.com\/larevistadigital.com.ar\/blog\/wp-content\/uploads\/2017\/02\/gabriel-macchi.jpg?resize=768%2C874&amp;ssl=1 768w, https:\/\/i0.wp.com\/larevistadigital.com.ar\/blog\/wp-content\/uploads\/2017\/02\/gabriel-macchi.jpg?w=844&amp;ssl=1 844w\" sizes=\"auto, (max-width: 179px) 100vw, 179px\" \/><\/a> <a href=\"https:\/\/i0.wp.com\/larevistadigital.com.ar\/blog\/wp-content\/uploads\/2017\/02\/images.jpg?ssl=1\"><img data-recalc-dims=\"1\" loading=\"lazy\" decoding=\"async\" class=\"alignnone  wp-image-434\" src=\"https:\/\/i0.wp.com\/larevistadigital.com.ar\/blog\/wp-content\/uploads\/2017\/02\/images.jpg?resize=311%2C203&#038;ssl=1\" alt=\"\" width=\"311\" height=\"203\" \/><\/a><\/p>\n","protected":false},"excerpt":{"rendered":"<div class=\"mh-excerpt\"><p>Mientras que desde el ejecutivo se pretende crear una nueva tasa, afectada al \u00e1rea de seguridad, partidos de la oposici\u00f3n sostienen que no es necesaria la creaci\u00f3n de la misma. D\u00edas atr\u00e1s, en el marco <a class=\"mh-excerpt-more\" href=\"https:\/\/larevistadigital.com.ar\/blog\/nueva-tasa-seguridad-no\/\" title=\"Nueva tasa para seguridad\u2026 \u00bfs\u00ed o no?\">[Leer M\u00e1s]<\/a><\/p>\n<\/div>","protected":false},"author":2,"featured_media":435,"comment_status":"open","ping_status":"open","sticky":false,"template":"","format":"standard","meta":{"_jetpack_memberships_contains_paid_content":false,"footnotes":"","jetpack_publicize_message":"Nueva tasa para seguridad\u2026 \u00bfs\u00ed o no?","jetpack_publicize_feature_enabled":true,"jetpack_social_post_already_shared":true,"jetpack_social_options":{"image_generator_settings":{"template":"highway","default_image_id":0,"font":"","enabled":false},"version":2}},"categories":[6,12,23],"tags":[],"class_list":{"0":"post-431","1":"post","2":"type-post","3":"status-publish","4":"format-standard","5":"has-post-thumbnail","7":"category-chascomus","8":"category-politica","9":"category-politica-local"},"jetpack_publicize_connections":[],"jetpack_featured_media_url":"https:\/\/i0.wp.com\/larevistadigital.com.ar\/blog\/wp-content\/uploads\/2017\/02\/bbx_390248617_4_otondo_1.jpg?fit=800%2C579&ssl=1","jetpack_sharing_enabled":true,"jetpack_shortlink":"https:\/\/wp.me\/p8qtrQ-6X","jetpack-related-posts":[{"id":13831,"url":"https:\/\/larevistadigital.com.ar\/blog\/chascomus-leandro-otondo-esperamos-que-para-enero-del-2020-comience-a-funcionar-la-nueva-oficina-de-informes-turisticos-en-la-costanera\/","url_meta":{"origin":431,"position":0},"title":"CHASCOM\u00daS: LEANDRO OTONDO: \u201cESPERAMOS QUE PARA ENERO DEL 2020 COMIENCE A FUNCIONAR LA NUEVA OFICINA DE INFORMES TUR\u00cdSTICOS EN LA COSTANERA\u201d","author":"Alejandro Sosa Ruda","date":"27 diciembre, 2019","format":false,"excerpt":"\u201cSer\u00e1 un nuevo punto de referencia para quienes llegan a nuestra ciudad\u201d expres\u00f3 el Secretario de Planificaci\u00f3n y Turismo acerca del nuevo espacio para informes y n\u00facleo sanitario p\u00fablico que se encuentra en la etapa final de construcci\u00f3n. Desde all\u00ed, el equipo t\u00e9cnico de Turismo brindar\u00e1 material informativo gratuito, tales\u2026","rel":"","context":"En \u00abINTERES GENERAL\u00bb","block_context":{"text":"INTERES GENERAL","link":"https:\/\/larevistadigital.com.ar\/blog\/category\/interes-general\/"},"img":{"alt_text":"","src":"https:\/\/i0.wp.com\/larevistadigital.com.ar\/blog\/wp-content\/uploads\/80558817_3416994685008216_3475319040061210624_o.jpg?fit=1200%2C710&ssl=1&resize=350%2C200","width":350,"height":200,"srcset":"https:\/\/i0.wp.com\/larevistadigital.com.ar\/blog\/wp-content\/uploads\/80558817_3416994685008216_3475319040061210624_o.jpg?fit=1200%2C710&ssl=1&resize=350%2C200 1x, https:\/\/i0.wp.com\/larevistadigital.com.ar\/blog\/wp-content\/uploads\/80558817_3416994685008216_3475319040061210624_o.jpg?fit=1200%2C710&ssl=1&resize=525%2C300 1.5x, https:\/\/i0.wp.com\/larevistadigital.com.ar\/blog\/wp-content\/uploads\/80558817_3416994685008216_3475319040061210624_o.jpg?fit=1200%2C710&ssl=1&resize=700%2C400 2x, https:\/\/i0.wp.com\/larevistadigital.com.ar\/blog\/wp-content\/uploads\/80558817_3416994685008216_3475319040061210624_o.jpg?fit=1200%2C710&ssl=1&resize=1050%2C600 3x"},"classes":[]},{"id":1494,"url":"https:\/\/larevistadigital.com.ar\/blog\/pablo-francese-no-conozco-ningun-despacho-para-el-pago-del-bono-a-los-trabajadores\/","url_meta":{"origin":431,"position":1},"title":"PABLO FRANCESE: \u201cNO CONOZCO NING\u00daN DESPACHO PARA EL PAGO DEL BONO A LOS TRABAJADORES\u201d","author":"Alejandro Sosa Ruda","date":"22 marzo, 2017","format":false,"excerpt":"El Concejal del Bloque de Unidad por Chascom\u00fas, Pablo Francese, fue entrevistado en el programa \"AM Show\" que conducen Alberto Morel y Mart\u00edn Palmero por FM La Radio 101.5, donde se refiri\u00f3 al Presupuesto Municipal 2017. All\u00ed se\u00f1al\u00f3 que es optimista en que sea aprobado, \"\u2026la oposici\u00f3n ha trabado el\u2026","rel":"","context":"En \u00abCHASCOM\u00daS\u00bb","block_context":{"text":"CHASCOM\u00daS","link":"https:\/\/larevistadigital.com.ar\/blog\/category\/chascomus\/"},"img":{"alt_text":"","src":"https:\/\/i0.wp.com\/larevistadigital.com.ar\/blog\/wp-content\/uploads\/2017\/03\/1016596_10201513159055576_302659065_n-1.jpg?fit=650%2C817&ssl=1&resize=350%2C200","width":350,"height":200,"srcset":"https:\/\/i0.wp.com\/larevistadigital.com.ar\/blog\/wp-content\/uploads\/2017\/03\/1016596_10201513159055576_302659065_n-1.jpg?fit=650%2C817&ssl=1&resize=350%2C200 1x, https:\/\/i0.wp.com\/larevistadigital.com.ar\/blog\/wp-content\/uploads\/2017\/03\/1016596_10201513159055576_302659065_n-1.jpg?fit=650%2C817&ssl=1&resize=525%2C300 1.5x"},"classes":[]},{"id":2304,"url":"https:\/\/larevistadigital.com.ar\/blog\/mientras-en-chascomus-estudian-aumentar-las-tazas-en-general-las-heras-reducen-las-tasas-de-seguridad-e-higiene-para-bajar-los-precios\/","url_meta":{"origin":431,"position":2},"title":"Mientras en Chascom\u00fas estudian aumentar las tazas en  General Las Heras reducen las tasas de seguridad e higiene para bajar los precios","author":"editor","date":"13 mayo, 2017","format":false,"excerpt":"Desde el municipio de Chascom\u00fas cuyo intendente tambi\u00e9n forma parte del FRENTE RENOVADOR, \u00a0que lidera Sergio Massa ahora con la compan\u00eda de Margarita Stolbizer, \u00a0buscan que le aprueben el aumento de las tazas existentes y la creaci\u00f3n de unas nuevas. Esto ir\u00eda en contramano de la ultima presentaci\u00f3n de los\u2026","rel":"","context":"En \u00abCHASCOM\u00daS\u00bb","block_context":{"text":"CHASCOM\u00daS","link":"https:\/\/larevistadigital.com.ar\/blog\/category\/chascomus\/"},"img":{"alt_text":"","src":"https:\/\/i0.wp.com\/larevistadigital.com.ar\/blog\/wp-content\/uploads\/2017\/05\/9eeb518b-3a36-43bd-86bb-183d6c7aaa25.jpg?fit=786%2C1200&ssl=1&resize=350%2C200","width":350,"height":200,"srcset":"https:\/\/i0.wp.com\/larevistadigital.com.ar\/blog\/wp-content\/uploads\/2017\/05\/9eeb518b-3a36-43bd-86bb-183d6c7aaa25.jpg?fit=786%2C1200&ssl=1&resize=350%2C200 1x, https:\/\/i0.wp.com\/larevistadigital.com.ar\/blog\/wp-content\/uploads\/2017\/05\/9eeb518b-3a36-43bd-86bb-183d6c7aaa25.jpg?fit=786%2C1200&ssl=1&resize=525%2C300 1.5x, https:\/\/i0.wp.com\/larevistadigital.com.ar\/blog\/wp-content\/uploads\/2017\/05\/9eeb518b-3a36-43bd-86bb-183d6c7aaa25.jpg?fit=786%2C1200&ssl=1&resize=700%2C400 2x"},"classes":[]},{"id":6803,"url":"https:\/\/larevistadigital.com.ar\/blog\/chascomus-otondo-dijo-que-no-hay-plata-para-arreglar-las-murallas-y-que-el-concesionario-de-escalinatas-reparara-unos-40-metros\/","url_meta":{"origin":431,"position":3},"title":"CHASCOM\u00daS: OTONDO DIJO QUE NO HAY PLATA PARA ARREGLAR LAS MURALLAS Y QUE EL CONCESIONARIO DE ESCALINATAS REPARAR\u00c1 UNOS 40 METROS","author":"Alejandro Sosa Ruda","date":"11 octubre, 2018","format":false,"excerpt":"ASEGUR\u00d3 ADEM\u00c1S QUE EL DETERIORO DE LAS MURALLAS NO REPRESENTA NING\u00daN PELIGRO El secretario de turismo de Chascom\u00fas, Leandro Otondo, mantuvo una entrevista durante el programa de tv local \"Somos Noticias\", en donde brind\u00f3 su opini\u00f3n por el deplorable estado de las murallas, sobre todo en las cercan\u00edas de \"las\u2026","rel":"","context":"En \u00abCHASCOM\u00daS\u00bb","block_context":{"text":"CHASCOM\u00daS","link":"https:\/\/larevistadigital.com.ar\/blog\/category\/chascomus\/"},"img":{"alt_text":"","src":"https:\/\/i0.wp.com\/larevistadigital.com.ar\/blog\/wp-content\/uploads\/2018\/10\/escalinata_11deoctubrede2018_elfuerte.jpg?fit=737%2C415&ssl=1&resize=350%2C200","width":350,"height":200,"srcset":"https:\/\/i0.wp.com\/larevistadigital.com.ar\/blog\/wp-content\/uploads\/2018\/10\/escalinata_11deoctubrede2018_elfuerte.jpg?fit=737%2C415&ssl=1&resize=350%2C200 1x, https:\/\/i0.wp.com\/larevistadigital.com.ar\/blog\/wp-content\/uploads\/2018\/10\/escalinata_11deoctubrede2018_elfuerte.jpg?fit=737%2C415&ssl=1&resize=525%2C300 1.5x, https:\/\/i0.wp.com\/larevistadigital.com.ar\/blog\/wp-content\/uploads\/2018\/10\/escalinata_11deoctubrede2018_elfuerte.jpg?fit=737%2C415&ssl=1&resize=700%2C400 2x"},"classes":[]},{"id":43207,"url":"https:\/\/larevistadigital.com.ar\/blog\/chascomus-vencimientos-de-las-tasas-municipales-durante-enero\/","url_meta":{"origin":431,"position":4},"title":"Chascom\u00fas:  Vencimientos de las tasas municipales durante enero","author":"Alejandro Sosa Ruda","date":"7 enero, 2026","format":false,"excerpt":"Desde el \u00e1rea de Hacienda se recuerdan los vencimientos de tasas del mes en curso como as\u00ed tambi\u00e9n los distintos sistemas de pago La Municipalidad de Chascom\u00fas informa las fechas de vencimiento de las tasas correspondientes al mes de enero, las cuales responden al siguiente detalle: -Tasa de Servicios Rurales:\u2026","rel":"","context":"En \u00abCHASCOM\u00daS\u00bb","block_context":{"text":"CHASCOM\u00daS","link":"https:\/\/larevistadigital.com.ar\/blog\/category\/chascomus\/"},"img":{"alt_text":"","src":"https:\/\/i0.wp.com\/larevistadigital.com.ar\/blog\/wp-content\/uploads\/695e90a462f72.png?fit=668%2C445&ssl=1&resize=350%2C200","width":350,"height":200,"srcset":"https:\/\/i0.wp.com\/larevistadigital.com.ar\/blog\/wp-content\/uploads\/695e90a462f72.png?fit=668%2C445&ssl=1&resize=350%2C200 1x, https:\/\/i0.wp.com\/larevistadigital.com.ar\/blog\/wp-content\/uploads\/695e90a462f72.png?fit=668%2C445&ssl=1&resize=525%2C300 1.5x"},"classes":[]},{"id":32639,"url":"https:\/\/larevistadigital.com.ar\/blog\/chascomus-ramiro-ferrante-fortalece-su-alianza-estrategica-con-el-campo\/","url_meta":{"origin":431,"position":5},"title":"CHASCOM\u00daS: RAMIRO FERRANTE FORTALECE SU ALIANZA ESTRAT\u00c9GICA CON EL CAMPO","author":"Alejandro Sosa Ruda","date":"28 julio, 2023","format":false,"excerpt":"En su visita al paraje rural Manantiales, el precandidato a intendente por Juntos Chascom\u00fas recogi\u00f3 las preocupaciones de los vecinos de la zona y reafirm\u00f3 su compromiso de apuntalar la actividad rural en el distrito: \u201cEl campo es uno de los sectores m\u00e1s importantes que motorizan el eje productivo de\u2026","rel":"","context":"En \u00abINTERES GENERAL\u00bb","block_context":{"text":"INTERES GENERAL","link":"https:\/\/larevistadigital.com.ar\/blog\/category\/interes-general\/"},"img":{"alt_text":"","src":"https:\/\/i0.wp.com\/larevistadigital.com.ar\/blog\/wp-content\/uploads\/FERRANTE-MANANTIALES.jpg?fit=750%2C559&ssl=1&resize=350%2C200","width":350,"height":200,"srcset":"https:\/\/i0.wp.com\/larevistadigital.com.ar\/blog\/wp-content\/uploads\/FERRANTE-MANANTIALES.jpg?fit=750%2C559&ssl=1&resize=350%2C200 1x, https:\/\/i0.wp.com\/larevistadigital.com.ar\/blog\/wp-content\/uploads\/FERRANTE-MANANTIALES.jpg?fit=750%2C559&ssl=1&resize=525%2C300 1.5x, https:\/\/i0.wp.com\/larevistadigital.com.ar\/blog\/wp-content\/uploads\/FERRANTE-MANANTIALES.jpg?fit=750%2C559&ssl=1&resize=700%2C400 2x"},"classes":[]}],"_links":{"self":[{"href":"https:\/\/larevistadigital.com.ar\/blog\/wp-json\/wp\/v2\/posts\/431","targetHints":{"allow":["GET"]}}],"collection":[{"href":"https:\/\/larevistadigital.com.ar\/blog\/wp-json\/wp\/v2\/posts"}],"about":[{"href":"https:\/\/larevistadigital.com.ar\/blog\/wp-json\/wp\/v2\/types\/post"}],"author":[{"embeddable":true,"href":"https:\/\/larevistadigital.com.ar\/blog\/wp-json\/wp\/v2\/users\/2"}],"replies":[{"embeddable":true,"href":"https:\/\/larevistadigital.com.ar\/blog\/wp-json\/wp\/v2\/comments?post=431"}],"version-history":[{"count":1,"href":"https:\/\/larevistadigital.com.ar\/blog\/wp-json\/wp\/v2\/posts\/431\/revisions"}],"predecessor-version":[{"id":436,"href":"https:\/\/larevistadigital.com.ar\/blog\/wp-json\/wp\/v2\/posts\/431\/revisions\/436"}],"wp:featuredmedia":[{"embeddable":true,"href":"https:\/\/larevistadigital.com.ar\/blog\/wp-json\/wp\/v2\/media\/435"}],"wp:attachment":[{"href":"https:\/\/larevistadigital.com.ar\/blog\/wp-json\/wp\/v2\/media?parent=431"}],"wp:term":[{"taxonomy":"category","embeddable":true,"href":"https:\/\/larevistadigital.com.ar\/blog\/wp-json\/wp\/v2\/categories?post=431"},{"taxonomy":"post_tag","embeddable":true,"href":"https:\/\/larevistadigital.com.ar\/blog\/wp-json\/wp\/v2\/tags?post=431"}],"curies":[{"name":"wp","href":"https:\/\/api.w.org\/{rel}","templated":true}]}}