{"id":43106,"date":"2026-01-04T14:03:52","date_gmt":"2026-01-04T17:03:52","guid":{"rendered":"https:\/\/larevistadigital.com.ar\/blog\/?p=43106"},"modified":"2026-01-04T14:03:52","modified_gmt":"2026-01-04T17:03:52","slug":"chascomus-la-gestion-de-las-compuertas-y-su-impacto-en-el-sistema-de-lagunas","status":"publish","type":"post","link":"https:\/\/larevistadigital.com.ar\/blog\/chascomus-la-gestion-de-las-compuertas-y-su-impacto-en-el-sistema-de-lagunas\/","title":{"rendered":"Chascom\u00fas: La gesti\u00f3n de las compuertas y su impacto en el sistema de lagunas"},"content":{"rendered":"<h3 class=\"excerpt\">La laguna de Chascom\u00fas es parte de un sistema m\u00e1s amplio, por lo que no se pueden tomar decisiones aisladas que solo beneficien a nuestro espejo lacustre.<\/h3>\n<p>02 de enero de 2026<\/p>\n<div id=\"miDiv1\" class=\"text\">\n<p><strong>CHASCOM\u00daS &#8211;\u00a0<\/strong> \u00a0 Mantener controlado el nivel del agua de la laguna es clave, especialmente ante la posibilidad de lluvias intensas, porque cumple una funci\u00f3n fundamental en la prevenci\u00f3n de anegamientos en las zonas urbanas. La Municipalidad trabaja con el asesoramiento de profesionales responsables que permiten tener una previsi\u00f3n y una visi\u00f3n del conjunto.<\/p>\n<blockquote>\n<h3>El sistema de lagunas encadenadas est\u00e1 integrado por siete espejos de agua conectados entre s\u00ed, desde Vitel hasta Barrancas, que descargan los excedentes hacia el r\u00edo Salado a trav\u00e9s del arroyo La Horqueta.<\/h3>\n<\/blockquote>\n<p>En este marco, es importante aclarar que en el manejo de las compuertas las decisiones no se toman \u00fanicamente en funci\u00f3n del nivel de cada laguna en particular, sino considerando el estado general de las cuencas del r\u00edo Salado con el objetivo de asegurar el funcionamiento adecuado del conjunto h\u00eddrico y reducir riesgos de inundaciones.<\/p>\n<blockquote>\n<h3>La decisi\u00f3n involucra a organismos provinciales y a los municipios de Chascom\u00fas y Lezama, en el marco de la denominada Unidad Hidrol\u00f3gica Operativa.<\/h3>\n<\/blockquote>\n<p>Actualmente, los organismos t\u00e9cnicos prev\u00e9n lluvias abundantes para la temporada oto\u00f1o\u2013invierno, lo que podr\u00eda comprometer y afectar a ciudades y pueblos de la cuenca baja. Ese contexto regional es un factor central al momento de definir la apertura o regulaci\u00f3n de las compuertas, ya que una decisi\u00f3n aislada podr\u00eda agravar la situaci\u00f3n aguas abajo.<\/p>\n<blockquote>\n<h3>Los informes t\u00e9cnicos remarcan que el nivel de la laguna de Chascom\u00fas resulta prioritario, debido a su cercan\u00eda con el casco urbano y al rol que cumple en el sistema de desag\u00fces pluviales.<\/h3>\n<\/blockquote>\n<p>En ese sentido, la Autoridad del Agua y la Direcci\u00f3n Provincial de Hidr\u00e1ulica ratificaron que, en condiciones normales, la compuerta que vincula las lagunas Barrancas y Tablilla debe permanecer abierta para permitir el vuelco gradual hacia el r\u00edo Salado. Solo en situaciones de crecida, cuando el nivel del r\u00edo supera al de las lagunas, y en coordinaci\u00f3n con los gobiernos locales, se dispone el cierre para impedir el ingreso de agua al sistema para prevenir da\u00f1os futuros.<\/p>\n<\/div>\n","protected":false},"excerpt":{"rendered":"<div class=\"mh-excerpt\"><p>La laguna de Chascom\u00fas es parte de un sistema m\u00e1s amplio, por lo que no se pueden tomar decisiones aisladas que solo beneficien a nuestro espejo lacustre. 02 de enero de 2026 CHASCOM\u00daS &#8211;\u00a0 \u00a0 <a class=\"mh-excerpt-more\" href=\"https:\/\/larevistadigital.com.ar\/blog\/chascomus-la-gestion-de-las-compuertas-y-su-impacto-en-el-sistema-de-lagunas\/\" title=\"Chascom\u00fas: La gesti\u00f3n de las compuertas y su impacto en el sistema de lagunas\">[Leer M\u00e1s]<\/a><\/p>\n<\/div>","protected":false},"author":3,"featured_media":43133,"comment_status":"open","ping_status":"open","sticky":false,"template":"","format":"standard","meta":{"_jetpack_memberships_contains_paid_content":false,"footnotes":"","jetpack_publicize_message":"","jetpack_publicize_feature_enabled":true,"jetpack_social_post_already_shared":true,"jetpack_social_options":{"image_generator_settings":{"template":"highway","default_image_id":0,"font":"","enabled":false},"version":2}},"categories":[51],"tags":[],"class_list":{"0":"post-43106","1":"post","2":"type-post","3":"status-publish","4":"format-standard","5":"has-post-thumbnail","7":"category-regionales"},"jetpack_publicize_connections":[],"jetpack_featured_media_url":"https:\/\/i0.wp.com\/larevistadigital.com.ar\/blog\/wp-content\/uploads\/6958015134c57.png?fit=668%2C445&ssl=1","jetpack_sharing_enabled":true,"jetpack_shortlink":"https:\/\/wp.me\/p8qtrQ-bdg","jetpack-related-posts":[{"id":42231,"url":"https:\/\/larevistadigital.com.ar\/blog\/chascomus-colocan-islas-flotantes-artificiales-en-la-laguna\/","url_meta":{"origin":43106,"position":0},"title":"Chascom\u00fas: Colocan islas flotantes artificiales en la laguna","author":"Alejandro Sosa Ruda","date":"24 octubre, 2025","format":false,"excerpt":"Se trata de una investigaci\u00f3n del Instituto Nacional del Agua (INA) que pone a prueba este sistema innovador frente a las particularidades climatol\u00f3gicas. 24 de Octubre de 2025 CHASCOM\u00daS -\u00a0 \u00a0En el d\u00eda de ayer investigadores del INA junto al personal del \u00e1rea de Ambiente municipal, comenzaron la construcci\u00f3n de\u2026","rel":"","context":"En \u00abCHASCOM\u00daS\u00bb","block_context":{"text":"CHASCOM\u00daS","link":"https:\/\/larevistadigital.com.ar\/blog\/category\/chascomus\/"},"img":{"alt_text":"","src":"https:\/\/i0.wp.com\/larevistadigital.com.ar\/blog\/wp-content\/uploads\/68fbab3eb3c4b.png?fit=668%2C445&ssl=1&resize=350%2C200","width":350,"height":200,"srcset":"https:\/\/i0.wp.com\/larevistadigital.com.ar\/blog\/wp-content\/uploads\/68fbab3eb3c4b.png?fit=668%2C445&ssl=1&resize=350%2C200 1x, https:\/\/i0.wp.com\/larevistadigital.com.ar\/blog\/wp-content\/uploads\/68fbab3eb3c4b.png?fit=668%2C445&ssl=1&resize=525%2C300 1.5x"},"classes":[]},{"id":27143,"url":"https:\/\/larevistadigital.com.ar\/blog\/chascomus-importante-tarea-de-limpieza-en-la-laguna\/","url_meta":{"origin":43106,"position":1},"title":"CHASCOM\u00daS: IMPORTANTE TAREA DE LIMPIEZA EN LA LAGUNA","author":"Alejandro Sosa Ruda","date":"19 agosto, 2022","format":false,"excerpt":"Se hicieron trabajos para cuidar el ecosistema. quitando residuos y peces muertos por falta de oxigeno a causa de la poca agua. La opini\u00f3n de Gustavo Berasain al respecto. CHASCOM\u00daS -\u00a0 En los \u00faltimos tiempos, se ha podido apreciar entre otras cosas una gran mortandad de peces en la laguna\u2026","rel":"","context":"En \u00abCHASCOM\u00daS\u00bb","block_context":{"text":"CHASCOM\u00daS","link":"https:\/\/larevistadigital.com.ar\/blog\/category\/chascomus\/"},"img":{"alt_text":"","src":"https:\/\/i0.wp.com\/larevistadigital.com.ar\/blog\/wp-content\/uploads\/WhatsApp-Image-2022-08-17-at-4.46.07-PM.jpeg?fit=1200%2C547&ssl=1&resize=350%2C200","width":350,"height":200,"srcset":"https:\/\/i0.wp.com\/larevistadigital.com.ar\/blog\/wp-content\/uploads\/WhatsApp-Image-2022-08-17-at-4.46.07-PM.jpeg?fit=1200%2C547&ssl=1&resize=350%2C200 1x, https:\/\/i0.wp.com\/larevistadigital.com.ar\/blog\/wp-content\/uploads\/WhatsApp-Image-2022-08-17-at-4.46.07-PM.jpeg?fit=1200%2C547&ssl=1&resize=525%2C300 1.5x, https:\/\/i0.wp.com\/larevistadigital.com.ar\/blog\/wp-content\/uploads\/WhatsApp-Image-2022-08-17-at-4.46.07-PM.jpeg?fit=1200%2C547&ssl=1&resize=700%2C400 2x, https:\/\/i0.wp.com\/larevistadigital.com.ar\/blog\/wp-content\/uploads\/WhatsApp-Image-2022-08-17-at-4.46.07-PM.jpeg?fit=1200%2C547&ssl=1&resize=1050%2C600 3x"},"classes":[]},{"id":34600,"url":"https:\/\/larevistadigital.com.ar\/blog\/lagunas-bonaerenses-alerta-por-cianobacterias-y-piden-no-consumir-pescados\/","url_meta":{"origin":43106,"position":2},"title":"LAGUNAS BONAERENSES: ALERTA POR CIANOBACTERIAS Y PIDEN NO CONSUMIR PESCADOS","author":"Alejandro Sosa Ruda","date":"25 noviembre, 2023","format":false,"excerpt":"Las cianobacterias son organismos que viven en el agua y que generalmente presentan un color verdoso. Algunas especies son nocivas para la salud y pueden generar diarreas, v\u00f3mitos, dolores de cabeza, debilitamiento muscular y alergias en la piel. 25 de Noviembre de 2023 BUENOS AIRES -\u00a0 El Gobierno bonaerense inform\u00f3\u2026","rel":"","context":"En \u00abREGIONALES\u00bb","block_context":{"text":"REGIONALES","link":"https:\/\/larevistadigital.com.ar\/blog\/category\/regionales\/"},"img":{"alt_text":"","src":"https:\/\/i0.wp.com\/larevistadigital.com.ar\/blog\/wp-content\/uploads\/20231123134812_ciano.jpg?fit=880%2C512&ssl=1&resize=350%2C200","width":350,"height":200,"srcset":"https:\/\/i0.wp.com\/larevistadigital.com.ar\/blog\/wp-content\/uploads\/20231123134812_ciano.jpg?fit=880%2C512&ssl=1&resize=350%2C200 1x, https:\/\/i0.wp.com\/larevistadigital.com.ar\/blog\/wp-content\/uploads\/20231123134812_ciano.jpg?fit=880%2C512&ssl=1&resize=525%2C300 1.5x, https:\/\/i0.wp.com\/larevistadigital.com.ar\/blog\/wp-content\/uploads\/20231123134812_ciano.jpg?fit=880%2C512&ssl=1&resize=700%2C400 2x"},"classes":[]},{"id":42725,"url":"https:\/\/larevistadigital.com.ar\/blog\/chascomus-laguna-en-nivel-critico-advierten-por-riesgos-y-piden-extremar-cuidados\/","url_meta":{"origin":43106,"position":3},"title":"Chascom\u00fas: Laguna en nivel cr\u00edtico&#8230; advierten por riesgos y piden extremar cuidados","author":"Alejandro Sosa Ruda","date":"3 diciembre, 2025","format":false,"excerpt":"Marcelo Opici, responsable de Seguridad Lacustre, explic\u00f3 en \u201cAtaque de Radio\u201d por qu\u00e9 la laguna est\u00e1 tan alta y qu\u00e9 medidas deben tomar vecinos y turistas. 03 de Diciembre de 2025 CHASCOM\u00daS -\u00a0 \u00a0El notable incremento en el nivel del agua de la laguna de Chascom\u00fas no pas\u00f3 desapercibido en\u2026","rel":"","context":"En \u00abATAQUE DE RADIO\u00bb","block_context":{"text":"ATAQUE DE RADIO","link":"https:\/\/larevistadigital.com.ar\/blog\/category\/ataque-de-radio\/"},"img":{"alt_text":"","src":"https:\/\/i0.wp.com\/larevistadigital.com.ar\/blog\/wp-content\/uploads\/Captura-de-pantalla-2025-12-03-204055.jpg?fit=686%2C379&ssl=1&resize=350%2C200","width":350,"height":200,"srcset":"https:\/\/i0.wp.com\/larevistadigital.com.ar\/blog\/wp-content\/uploads\/Captura-de-pantalla-2025-12-03-204055.jpg?fit=686%2C379&ssl=1&resize=350%2C200 1x, https:\/\/i0.wp.com\/larevistadigital.com.ar\/blog\/wp-content\/uploads\/Captura-de-pantalla-2025-12-03-204055.jpg?fit=686%2C379&ssl=1&resize=525%2C300 1.5x"},"classes":[]},{"id":32177,"url":"https:\/\/larevistadigital.com.ar\/blog\/alerta-roja-por-cianobacterias-en-lagunas-bonaerenses-y-el-rio-salado\/","url_meta":{"origin":43106,"position":4},"title":"ALERTA ROJA POR CIANOBACTERIAS EN LAGUNAS BONAERENSES Y EL R\u00cdO SALADO","author":"Alejandro Sosa Ruda","date":"30 junio, 2023","format":false,"excerpt":"Recomiendan no usar el agua para consumo de forma directa ni para higiene personal; alejar a los ni\u00f1os y mascotas hasta que la floraci\u00f3n desaparezca, tampoco consumir alimentos que provengan del r\u00edo o laguna, ni ba\u00f1arse en ellos. 30 de junio de 2023 BUENOS AIRES -\u00a0 La Subsecretar\u00eda de Recursos\u2026","rel":"","context":"En \u00abREGIONALES\u00bb","block_context":{"text":"REGIONALES","link":"https:\/\/larevistadigital.com.ar\/blog\/category\/regionales\/"},"img":{"alt_text":"","src":"https:\/\/i0.wp.com\/larevistadigital.com.ar\/blog\/wp-content\/uploads\/20230628183307_cianob.jpg?fit=880%2C512&ssl=1&resize=350%2C200","width":350,"height":200,"srcset":"https:\/\/i0.wp.com\/larevistadigital.com.ar\/blog\/wp-content\/uploads\/20230628183307_cianob.jpg?fit=880%2C512&ssl=1&resize=350%2C200 1x, https:\/\/i0.wp.com\/larevistadigital.com.ar\/blog\/wp-content\/uploads\/20230628183307_cianob.jpg?fit=880%2C512&ssl=1&resize=525%2C300 1.5x, https:\/\/i0.wp.com\/larevistadigital.com.ar\/blog\/wp-content\/uploads\/20230628183307_cianob.jpg?fit=880%2C512&ssl=1&resize=700%2C400 2x"},"classes":[]},{"id":41996,"url":"https:\/\/larevistadigital.com.ar\/blog\/chascomus-estudiantes-de-la-escuela-n8-desarrollan-una-maqueta-de-isla-flotante-artificial\/","url_meta":{"origin":43106,"position":5},"title":"Chascom\u00fas: Estudiantes de la Escuela N\u00b08 desarrollan una maqueta de isla flotante artificial","author":"Alejandro Sosa Ruda","date":"15 octubre, 2025","format":false,"excerpt":"El proyecto experimental ayuda a descontaminar el agua y se instala en un estanque del vivero municipal. 15 de Octubre de 2025 CHASCOM\u00daS -\u00a0 \u00a0Estudiantes de nivel secundario desarrollaron una maqueta de isla artificial flotante junto a investigadores del Instituto Nacional del Agua (INA) en conjunto con el \u00e1rea de\u2026","rel":"","context":"En \u00abCHASCOM\u00daS\u00bb","block_context":{"text":"CHASCOM\u00daS","link":"https:\/\/larevistadigital.com.ar\/blog\/category\/chascomus\/"},"img":{"alt_text":"","src":"https:\/\/i0.wp.com\/larevistadigital.com.ar\/blog\/wp-content\/uploads\/68efe3885b240.png?fit=668%2C445&ssl=1&resize=350%2C200","width":350,"height":200,"srcset":"https:\/\/i0.wp.com\/larevistadigital.com.ar\/blog\/wp-content\/uploads\/68efe3885b240.png?fit=668%2C445&ssl=1&resize=350%2C200 1x, https:\/\/i0.wp.com\/larevistadigital.com.ar\/blog\/wp-content\/uploads\/68efe3885b240.png?fit=668%2C445&ssl=1&resize=525%2C300 1.5x"},"classes":[]}],"_links":{"self":[{"href":"https:\/\/larevistadigital.com.ar\/blog\/wp-json\/wp\/v2\/posts\/43106","targetHints":{"allow":["GET"]}}],"collection":[{"href":"https:\/\/larevistadigital.com.ar\/blog\/wp-json\/wp\/v2\/posts"}],"about":[{"href":"https:\/\/larevistadigital.com.ar\/blog\/wp-json\/wp\/v2\/types\/post"}],"author":[{"embeddable":true,"href":"https:\/\/larevistadigital.com.ar\/blog\/wp-json\/wp\/v2\/users\/3"}],"replies":[{"embeddable":true,"href":"https:\/\/larevistadigital.com.ar\/blog\/wp-json\/wp\/v2\/comments?post=43106"}],"version-history":[{"count":1,"href":"https:\/\/larevistadigital.com.ar\/blog\/wp-json\/wp\/v2\/posts\/43106\/revisions"}],"predecessor-version":[{"id":43134,"href":"https:\/\/larevistadigital.com.ar\/blog\/wp-json\/wp\/v2\/posts\/43106\/revisions\/43134"}],"wp:featuredmedia":[{"embeddable":true,"href":"https:\/\/larevistadigital.com.ar\/blog\/wp-json\/wp\/v2\/media\/43133"}],"wp:attachment":[{"href":"https:\/\/larevistadigital.com.ar\/blog\/wp-json\/wp\/v2\/media?parent=43106"}],"wp:term":[{"taxonomy":"category","embeddable":true,"href":"https:\/\/larevistadigital.com.ar\/blog\/wp-json\/wp\/v2\/categories?post=43106"},{"taxonomy":"post_tag","embeddable":true,"href":"https:\/\/larevistadigital.com.ar\/blog\/wp-json\/wp\/v2\/tags?post=43106"}],"curies":[{"name":"wp","href":"https:\/\/api.w.org\/{rel}","templated":true}]}}