{"id":43136,"date":"2026-01-05T16:00:38","date_gmt":"2026-01-05T19:00:38","guid":{"rendered":"https:\/\/larevistadigital.com.ar\/blog\/?p=43136"},"modified":"2026-01-05T16:00:38","modified_gmt":"2026-01-05T19:00:38","slug":"chascomus-el-area-de-politicas-de-genero-municipal-realizo-mas-de-1300-intervenciones-durante-el-2025","status":"publish","type":"post","link":"https:\/\/larevistadigital.com.ar\/blog\/chascomus-el-area-de-politicas-de-genero-municipal-realizo-mas-de-1300-intervenciones-durante-el-2025\/","title":{"rendered":"Chascom\u00fas: El \u00e1rea de Pol\u00edticas de G\u00e9nero Municipal realiz\u00f3 m\u00e1s de 1300 intervenciones durante el 2025"},"content":{"rendered":"<h3 class=\"excerpt\">Este espacio aborda las situaciones de violencia por razones de g\u00e9nero y familiar, brindando acompa\u00f1amiento psicol\u00f3gico, social y\/o asesoramiento legal, a trav\u00e9s de un equipo interdisciplinario.<\/h3>\n<p>05 de enero de 2026<\/p>\n<div id=\"miDiv1\" class=\"text\">\n<p><strong>CHASCOM\u00daS &#8211;\u00a0<\/strong> \u00a0La Municipalidad de Chascom\u00fas ofrece acompa\u00f1amiento a personas que se encuentran en situaci\u00f3n de violencia, a trav\u00e9s del equipo interdisciplinario, integrado por abogada, acompa\u00f1ante terap\u00e9utica, psic\u00f3logas y trabajadoras sociales. De manera presencial en las oficinas de calle Moreno N\u00b0 259 esquina Mendoza, en el horario de 9 a 14 hs, o al tel\u00e9fono 2241-530448.<\/p>\n<p>Uno de los dispositivos de acompa\u00f1amiento es la guardia integrada que atiende las 24 hs, los 365 d\u00edas del a\u00f1o, y brinda contenci\u00f3n y asesoramiento a personas en situaciones de vulnerabilidad de derechos, de violencia familiar o violencia de g\u00e9nero, a trav\u00e9s de llamadas, mensajes de texto o WhatsApp al 2241-559397.<\/p>\n<blockquote>\n<h3>Adem\u00e1s de los dispositivos de acompa\u00f1amiento y desde un eje preventivo y de promoci\u00f3n de los derechos, desde el \u00e1rea ofrecen jornadas de reflexi\u00f3n y sensibilizaci\u00f3n sobre diversidad, respeto e inclusi\u00f3n, para la construcci\u00f3n de espacios m\u00e1s respetuosos y justos.<\/h3>\n<\/blockquote>\n<p>Otro servicio que se brinda a la comunidad a trav\u00e9s del \u00e1rea de Pol\u00edticas de G\u00e9nero, es el espacio de Construcci\u00f3n de Nuevas Masculinidades, que ofrece acompa\u00f1amiento a varones que ejercieron violencia. Un espacio de escucha individual que brinda herramientas para una conducta reparatoria. Esta estrategia no punitiva se complementa con espacios grupales que buscan la erradicaci\u00f3n de conductas violentas.<\/p>\n<p>Desde el \u00e1rea de Pol\u00edticas de G\u00e9nero del municipio de Chascom\u00fas, se han realizado, durante el a\u00f1o 2025, m\u00e1s de 1300 intervenciones, a trav\u00e9s de un trabajo articulado con diferentes instituciones y organizaciones sociales de nuestra comunidad.<\/p>\n<\/div>\n","protected":false},"excerpt":{"rendered":"<div class=\"mh-excerpt\"><p>Este espacio aborda las situaciones de violencia por razones de g\u00e9nero y familiar, brindando acompa\u00f1amiento psicol\u00f3gico, social y\/o asesoramiento legal, a trav\u00e9s de un equipo interdisciplinario. 05 de enero de 2026 CHASCOM\u00daS &#8211;\u00a0 \u00a0La Municipalidad <a class=\"mh-excerpt-more\" href=\"https:\/\/larevistadigital.com.ar\/blog\/chascomus-el-area-de-politicas-de-genero-municipal-realizo-mas-de-1300-intervenciones-durante-el-2025\/\" title=\"Chascom\u00fas: El \u00e1rea de Pol\u00edticas de G\u00e9nero Municipal realiz\u00f3 m\u00e1s de 1300 intervenciones durante el 2025\">[Leer M\u00e1s]<\/a><\/p>\n<\/div>","protected":false},"author":3,"featured_media":43137,"comment_status":"open","ping_status":"open","sticky":false,"template":"","format":"standard","meta":{"_jetpack_memberships_contains_paid_content":false,"footnotes":"","jetpack_publicize_message":"","jetpack_publicize_feature_enabled":true,"jetpack_social_post_already_shared":true,"jetpack_social_options":{"image_generator_settings":{"template":"highway","default_image_id":0,"font":"","enabled":false},"version":2}},"categories":[6],"tags":[],"class_list":{"0":"post-43136","1":"post","2":"type-post","3":"status-publish","4":"format-standard","5":"has-post-thumbnail","7":"category-chascomus"},"jetpack_publicize_connections":[],"jetpack_featured_media_url":"https:\/\/i0.wp.com\/larevistadigital.com.ar\/blog\/wp-content\/uploads\/695bf01532e2e.png?fit=668%2C445&ssl=1","jetpack_sharing_enabled":true,"jetpack_shortlink":"https:\/\/wp.me\/p8qtrQ-bdK","jetpack-related-posts":[{"id":38418,"url":"https:\/\/larevistadigital.com.ar\/blog\/muy-importante-desarrollo-social-en-chascomus-cuenta-con-una-guardia-integrada-de-acompanamiento-en-situaciones-de-vulnerabilidad\/","url_meta":{"origin":43136,"position":0},"title":"MUY IMPORTANTE: Desarrollo Social en Chascom\u00fas, cuenta con una guardia integrada de acompa\u00f1amiento en situaciones de vulnerabilidad","author":"Alejandro Sosa Ruda","date":"8 enero, 2025","format":false,"excerpt":"A trav\u00e9s de una l\u00ednea telef\u00f3nica 15-559397, atiende las 24 hs., todos los d\u00edas del a\u00f1o. 08 de Enero de 2025 CHASCOM\u00daS -\u00a0 La Municipalidad de Chascom\u00fas, en el \u00e1rea de Desarrollo Social, cuenta con una guardia integrada. Un canal de comunicaci\u00f3n directa, donde se brinda acompa\u00f1amiento y asesoramiento a\u2026","rel":"","context":"En \u00abINTERES GENERAL\u00bb","block_context":{"text":"INTERES GENERAL","link":"https:\/\/larevistadigital.com.ar\/blog\/category\/interes-general\/"},"img":{"alt_text":"","src":"https:\/\/i0.wp.com\/larevistadigital.com.ar\/blog\/wp-content\/uploads\/677eabe420caf.png?fit=668%2C445&ssl=1&resize=350%2C200","width":350,"height":200,"srcset":"https:\/\/i0.wp.com\/larevistadigital.com.ar\/blog\/wp-content\/uploads\/677eabe420caf.png?fit=668%2C445&ssl=1&resize=350%2C200 1x, https:\/\/i0.wp.com\/larevistadigital.com.ar\/blog\/wp-content\/uploads\/677eabe420caf.png?fit=668%2C445&ssl=1&resize=525%2C300 1.5x"},"classes":[]},{"id":42372,"url":"https:\/\/larevistadigital.com.ar\/blog\/chascomus-incremento-de-operativos-de-prevencion-por-violencia-de-genero\/","url_meta":{"origin":43136,"position":1},"title":"Chascom\u00fas: Incremento de operativos de prevenci\u00f3n por Violencia de G\u00e9nero","author":"Alejandro Sosa Ruda","date":"5 noviembre, 2025","format":false,"excerpt":"Ante el aumento de casos se refuerzan los dispositivos de prevenci\u00f3n y acompa\u00f1amiento. 05 de Noviembre de 2025 CHASCOM\u00daS -\u00a0 \u00a0Desde el \u00e1rea de Pol\u00edticas de G\u00e9nero de la Municipalidad de Chascom\u00fas, afirman que se percibe un incremento en las estad\u00edsticas que reflejan situaciones de violencia por razones de g\u00e9nero.\u2026","rel":"","context":"En \u00abCHASCOM\u00daS\u00bb","block_context":{"text":"CHASCOM\u00daS","link":"https:\/\/larevistadigital.com.ar\/blog\/category\/chascomus\/"},"img":{"alt_text":"","src":"https:\/\/i0.wp.com\/larevistadigital.com.ar\/blog\/wp-content\/uploads\/690a3938aaceb.png?fit=668%2C445&ssl=1&resize=350%2C200","width":350,"height":200,"srcset":"https:\/\/i0.wp.com\/larevistadigital.com.ar\/blog\/wp-content\/uploads\/690a3938aaceb.png?fit=668%2C445&ssl=1&resize=350%2C200 1x, https:\/\/i0.wp.com\/larevistadigital.com.ar\/blog\/wp-content\/uploads\/690a3938aaceb.png?fit=668%2C445&ssl=1&resize=525%2C300 1.5x"},"classes":[]},{"id":42645,"url":"https:\/\/larevistadigital.com.ar\/blog\/chascomus-capacitacion-sobre-guia-para-un-buen-abordaje-de-situaciones-de-violencia-en-el-ambito-municipal\/","url_meta":{"origin":43136,"position":2},"title":"Chascom\u00fas: Capacitaci\u00f3n sobre \u201cGu\u00eda para un buen abordaje de situaciones de violencia en el \u00e1mbito municipal\u201d","author":"Alejandro Sosa Ruda","date":"29 noviembre, 2025","format":false,"excerpt":"\u201cVenimos trabajando, como la prevenci\u00f3n y la promoci\u00f3n de los recursos, entendiendo que la perspectiva de g\u00e9nero tiene que ser transversal a todas las instituciones y todas las \u00e1reas\u201d, dijo la secretaria Gazzaniga. 29 de Noviembre de 2025 CHASCOM\u00daS -\u00a0 \u00a0El \u00faltimo mi\u00e9rcoles, en el marco del \u201cD\u00eda Internacional de\u2026","rel":"","context":"En \u00abCHASCOM\u00daS\u00bb","block_context":{"text":"CHASCOM\u00daS","link":"https:\/\/larevistadigital.com.ar\/blog\/category\/chascomus\/"},"img":{"alt_text":"","src":"https:\/\/i0.wp.com\/larevistadigital.com.ar\/blog\/wp-content\/uploads\/6929d7062d323.png?fit=668%2C445&ssl=1&resize=350%2C200","width":350,"height":200,"srcset":"https:\/\/i0.wp.com\/larevistadigital.com.ar\/blog\/wp-content\/uploads\/6929d7062d323.png?fit=668%2C445&ssl=1&resize=350%2C200 1x, https:\/\/i0.wp.com\/larevistadigital.com.ar\/blog\/wp-content\/uploads\/6929d7062d323.png?fit=668%2C445&ssl=1&resize=525%2C300 1.5x"},"classes":[]},{"id":44198,"url":"https:\/\/larevistadigital.com.ar\/blog\/programa-de-acompanamiento-municipal-a-victimas-de-delito-y-violencia\/","url_meta":{"origin":43136,"position":3},"title":"Programa de Acompa\u00f1amiento Municipal a V\u00edctimas de Delito y Violencia","author":"Alejandro Sosa Ruda","date":"28 febrero, 2026","format":false,"excerpt":"Este dispositivo brinda orientaci\u00f3n y acompa\u00f1amiento a vecinos y vecinas durante las 24 horas de cada d\u00eda. 28 de febrero de 2026 CHASCOM\u00daS -\u00a0 \u00a0Los vecinos y vecinas cuentan con el Programa de Acompa\u00f1amiento Municipal a V\u00edctimas (PAMUV) implementado por un equipo interdisciplinario conjunto entre las \u00e1reas municipales de Seguridad\u2026","rel":"","context":"En \u00abCHASCOM\u00daS\u00bb","block_context":{"text":"CHASCOM\u00daS","link":"https:\/\/larevistadigital.com.ar\/blog\/category\/chascomus\/"},"img":{"alt_text":"","src":"https:\/\/i0.wp.com\/larevistadigital.com.ar\/blog\/wp-content\/uploads\/69a1d5b93012a.png?fit=668%2C445&ssl=1&resize=350%2C200","width":350,"height":200,"srcset":"https:\/\/i0.wp.com\/larevistadigital.com.ar\/blog\/wp-content\/uploads\/69a1d5b93012a.png?fit=668%2C445&ssl=1&resize=350%2C200 1x, https:\/\/i0.wp.com\/larevistadigital.com.ar\/blog\/wp-content\/uploads\/69a1d5b93012a.png?fit=668%2C445&ssl=1&resize=525%2C300 1.5x"},"classes":[]},{"id":40198,"url":"https:\/\/larevistadigital.com.ar\/blog\/chascomus-asesoramiento-para-acceder-al-programa-alimentario-para-personas-celiacas\/","url_meta":{"origin":43136,"position":4},"title":"Chascom\u00fas: Asesoramiento para acceder al programa alimentario para personas cel\u00edacas","author":"Alejandro Sosa Ruda","date":"26 junio, 2025","format":false,"excerpt":"La Municipalidad brinda orientaci\u00f3n y acompa\u00f1amiento a quienes deseen solicitar el beneficio provincial. 26 de Junio de 2025 CHASCOM\u00daS -\u00a0 \u00a0El \u00e1rea de Desarrollo Social municipal ofrece un servicio de asesoramiento destinado a personas interesadas en acceder al Programa Alimentario para Personas Cel\u00edacas (PAAC) de la provincia de Buenos Aires.\u2026","rel":"","context":"En \u00abCHASCOM\u00daS\u00bb","block_context":{"text":"CHASCOM\u00daS","link":"https:\/\/larevistadigital.com.ar\/blog\/category\/chascomus\/"},"img":{"alt_text":"","src":"https:\/\/i0.wp.com\/larevistadigital.com.ar\/blog\/wp-content\/uploads\/685d79e55ec7e.png?fit=668%2C445&ssl=1&resize=350%2C200","width":350,"height":200,"srcset":"https:\/\/i0.wp.com\/larevistadigital.com.ar\/blog\/wp-content\/uploads\/685d79e55ec7e.png?fit=668%2C445&ssl=1&resize=350%2C200 1x, https:\/\/i0.wp.com\/larevistadigital.com.ar\/blog\/wp-content\/uploads\/685d79e55ec7e.png?fit=668%2C445&ssl=1&resize=525%2C300 1.5x"},"classes":[]},{"id":37129,"url":"https:\/\/larevistadigital.com.ar\/blog\/la-violencia-obstetrica-es-violencia-de-genero\/","url_meta":{"origin":43136,"position":5},"title":"La violencia obst\u00e9trica es violencia de g\u00e9nero","author":"Alejandro Sosa Ruda","date":"5 septiembre, 2024","format":false,"excerpt":"Se presentar\u00e1 un nuevo programa para el acompa\u00f1amiento y asesoramiento de personas en situaci\u00f3n de violencia durante la gestaci\u00f3n o el parto 04 de Septiembre de 2024 CHASCOM\u00daS -\u00a0 El viernes 6 de septiembre a partir de las 10.30 en el CIC 30 de Mayo, se presentar\u00e1 el Programa Municipal\u2026","rel":"","context":"En \u00abINTERES GENERAL\u00bb","block_context":{"text":"INTERES GENERAL","link":"https:\/\/larevistadigital.com.ar\/blog\/category\/interes-general\/"},"img":{"alt_text":"","src":"https:\/\/i0.wp.com\/larevistadigital.com.ar\/blog\/wp-content\/uploads\/66d740d4b15c5.png?fit=668%2C445&ssl=1&resize=350%2C200","width":350,"height":200,"srcset":"https:\/\/i0.wp.com\/larevistadigital.com.ar\/blog\/wp-content\/uploads\/66d740d4b15c5.png?fit=668%2C445&ssl=1&resize=350%2C200 1x, https:\/\/i0.wp.com\/larevistadigital.com.ar\/blog\/wp-content\/uploads\/66d740d4b15c5.png?fit=668%2C445&ssl=1&resize=525%2C300 1.5x"},"classes":[]}],"_links":{"self":[{"href":"https:\/\/larevistadigital.com.ar\/blog\/wp-json\/wp\/v2\/posts\/43136","targetHints":{"allow":["GET"]}}],"collection":[{"href":"https:\/\/larevistadigital.com.ar\/blog\/wp-json\/wp\/v2\/posts"}],"about":[{"href":"https:\/\/larevistadigital.com.ar\/blog\/wp-json\/wp\/v2\/types\/post"}],"author":[{"embeddable":true,"href":"https:\/\/larevistadigital.com.ar\/blog\/wp-json\/wp\/v2\/users\/3"}],"replies":[{"embeddable":true,"href":"https:\/\/larevistadigital.com.ar\/blog\/wp-json\/wp\/v2\/comments?post=43136"}],"version-history":[{"count":1,"href":"https:\/\/larevistadigital.com.ar\/blog\/wp-json\/wp\/v2\/posts\/43136\/revisions"}],"predecessor-version":[{"id":43138,"href":"https:\/\/larevistadigital.com.ar\/blog\/wp-json\/wp\/v2\/posts\/43136\/revisions\/43138"}],"wp:featuredmedia":[{"embeddable":true,"href":"https:\/\/larevistadigital.com.ar\/blog\/wp-json\/wp\/v2\/media\/43137"}],"wp:attachment":[{"href":"https:\/\/larevistadigital.com.ar\/blog\/wp-json\/wp\/v2\/media?parent=43136"}],"wp:term":[{"taxonomy":"category","embeddable":true,"href":"https:\/\/larevistadigital.com.ar\/blog\/wp-json\/wp\/v2\/categories?post=43136"},{"taxonomy":"post_tag","embeddable":true,"href":"https:\/\/larevistadigital.com.ar\/blog\/wp-json\/wp\/v2\/tags?post=43136"}],"curies":[{"name":"wp","href":"https:\/\/api.w.org\/{rel}","templated":true}]}}