{"id":43139,"date":"2026-01-05T16:05:52","date_gmt":"2026-01-05T19:05:52","guid":{"rendered":"https:\/\/larevistadigital.com.ar\/blog\/?p=43139"},"modified":"2026-01-05T16:05:52","modified_gmt":"2026-01-05T19:05:52","slug":"chascomus-recomendaciones-para-disfrutar-la-laguna-de-forma-segura-y-responsable","status":"publish","type":"post","link":"https:\/\/larevistadigital.com.ar\/blog\/chascomus-recomendaciones-para-disfrutar-la-laguna-de-forma-segura-y-responsable\/","title":{"rendered":"Chascom\u00fas: Recomendaciones para disfrutar la laguna de forma segura y responsable"},"content":{"rendered":"<h3 class=\"excerpt\">El nivel del agua es monitoreado de manera permanente por su rol clave en la prevenci\u00f3n de anegamientos. Respetar la carteler\u00eda y la informaci\u00f3n oficial es fundamental para cuidar y disfrutar la laguna de forma segura.<\/h3>\n<p>05 de enero de 2026<\/p>\n<div id=\"miDiv1\" class=\"text\">\n<p><span dir=\"auto\"><strong>CHASCOM\u00daS &#8211;\u00a0<\/strong> \u00a0La laguna de Chascom\u00fas es uno de los espacios naturales m\u00e1s valiosos de la ciudad y forma parte de un sistema h\u00eddrico regional, por lo que su cuidado y uso responsable son fundamentales tanto para el disfrute como para la prevenci\u00f3n de anegamientos en zonas urbanas.<\/span><\/p>\n<p>En el marco de la temporada de verano, y en continuidad con las acciones de monitoreo, prevenci\u00f3n y convivencia que viene informando el Municipio, se recuerdan una serie de recomendaciones clave para vecinos, vecinas y visitantes.<\/p>\n<h3><span dir=\"auto\" style=\"color: #ff0000\">Presencia de guardavidas y rescatistas<\/span><\/h3>\n<p>La Municipalidad cuenta con puestos de guardavidas en distintos sectores de la costanera, destinados a brindar protecci\u00f3n y asistencia a quienes ingresan a las aguas de la laguna.<\/p>\n<blockquote>\n<h3>El equipo de rescatistas, dependiente de la Secretar\u00eda de Seguridad Ciudadana, trabaja para resguardar la seguridad en el espejo de agua y acompa\u00f1ar a la comunidad en un disfrute responsable del espacio.<\/h3>\n<\/blockquote>\n<p>En relaci\u00f3n a la pr\u00e1ctica de deportes acu\u00e1ticos, se recuerda la importancia de respetar las zonas demarcadas con boyas, que permiten ordenar los distintos usos del espejo de agua y prevenir situaciones de riesgo entre embarcaciones, deportistas y ba\u00f1istas. Estas delimitaciones est\u00e1n pensadas para garantizar una convivencia segura y deben ser respetadas en todo momento.<\/p>\n<p>Asimismo, quienes naveguen o realicen actividades deportivas deben hacerlo a velocidades adecuadas y realizar las bajadas y botas \u00fanicamente en las bajas n\u00e1uticas habilitadas. El cumplimiento de estas normas es clave para evitar accidentes, proteger el entorno natural y asegurar que la laguna pueda disfrutarse de manera responsable por toda la comunidad.<\/p>\n<\/div>\n","protected":false},"excerpt":{"rendered":"<div class=\"mh-excerpt\"><p>El nivel del agua es monitoreado de manera permanente por su rol clave en la prevenci\u00f3n de anegamientos. Respetar la carteler\u00eda y la informaci\u00f3n oficial es fundamental para cuidar y disfrutar la laguna de forma <a class=\"mh-excerpt-more\" href=\"https:\/\/larevistadigital.com.ar\/blog\/chascomus-recomendaciones-para-disfrutar-la-laguna-de-forma-segura-y-responsable\/\" title=\"Chascom\u00fas: Recomendaciones para disfrutar la laguna de forma segura y responsable\">[Leer M\u00e1s]<\/a><\/p>\n<\/div>","protected":false},"author":3,"featured_media":43140,"comment_status":"open","ping_status":"open","sticky":false,"template":"","format":"standard","meta":{"_jetpack_memberships_contains_paid_content":false,"footnotes":"","jetpack_publicize_message":"","jetpack_publicize_feature_enabled":true,"jetpack_social_post_already_shared":true,"jetpack_social_options":{"image_generator_settings":{"template":"highway","default_image_id":0,"font":"","enabled":false},"version":2}},"categories":[6],"tags":[],"class_list":{"0":"post-43139","1":"post","2":"type-post","3":"status-publish","4":"format-standard","5":"has-post-thumbnail","7":"category-chascomus"},"jetpack_publicize_connections":[],"jetpack_featured_media_url":"https:\/\/i0.wp.com\/larevistadigital.com.ar\/blog\/wp-content\/uploads\/695bf59d7bfbc.png?fit=668%2C445&ssl=1","jetpack_sharing_enabled":true,"jetpack_shortlink":"https:\/\/wp.me\/p8qtrQ-bdN","jetpack-related-posts":[{"id":38250,"url":"https:\/\/larevistadigital.com.ar\/blog\/chascomus-este-fin-de-semana-comienza-el-servicio-de-guardavidas\/","url_meta":{"origin":43139,"position":0},"title":"Chascom\u00fas: Este fin de semana, comienza el servicio de Guardavidas.","author":"Alejandro Sosa Ruda","date":"14 diciembre, 2024","format":false,"excerpt":"Este important\u00edsimo equipo de prevenci\u00f3n y rescate, permite a los ba\u00f1istas disfrutar de la laguna en forma segura. 14 de Diciembre de 2024 CHASCOM\u00daS -\u00a0 Con la apertura de la temporada de verano 2024\/2025, comienza a funcionar el servicio de guardavidas de la Municipalidad de Chascom\u00fas, el cual depende de\u2026","rel":"","context":"En \u00abCHASCOM\u00daS\u00bb","block_context":{"text":"CHASCOM\u00daS","link":"https:\/\/larevistadigital.com.ar\/blog\/category\/chascomus\/"},"img":{"alt_text":"","src":"https:\/\/i0.wp.com\/larevistadigital.com.ar\/blog\/wp-content\/uploads\/675c709af1adf.png?fit=668%2C445&ssl=1&resize=350%2C200","width":350,"height":200,"srcset":"https:\/\/i0.wp.com\/larevistadigital.com.ar\/blog\/wp-content\/uploads\/675c709af1adf.png?fit=668%2C445&ssl=1&resize=350%2C200 1x, https:\/\/i0.wp.com\/larevistadigital.com.ar\/blog\/wp-content\/uploads\/675c709af1adf.png?fit=668%2C445&ssl=1&resize=525%2C300 1.5x"},"classes":[]},{"id":44962,"url":"https:\/\/larevistadigital.com.ar\/blog\/chascomus-finalizo-la-temporada-del-servicio-municipal-de-guardavidas-en-la-laguna\/","url_meta":{"origin":43139,"position":1},"title":"Chascom\u00fas: Finaliz\u00f3 la temporada del servicio municipal de guardavidas en la laguna","author":"Alejandro Sosa Ruda","date":"6 abril, 2026","format":false,"excerpt":"El operativo que se realiz\u00f3 durante toda la temporada de verano fue evaluado de manera positiva. 06 de abril de 2026 CHASCOM\u00daS -\u00a0 \u00a0El servicio municipal de guardavidas concluy\u00f3 este fin de semana tras su labor a lo largo de la temporada en distintos sectores de la costanera. Este dispositivo\u2026","rel":"","context":"En \u00abCHASCOM\u00daS\u00bb","block_context":{"text":"CHASCOM\u00daS","link":"https:\/\/larevistadigital.com.ar\/blog\/category\/chascomus\/"},"img":{"alt_text":"","src":"https:\/\/i0.wp.com\/larevistadigital.com.ar\/blog\/wp-content\/uploads\/69d3e7d908f81.png?fit=668%2C445&ssl=1&resize=350%2C200","width":350,"height":200,"srcset":"https:\/\/i0.wp.com\/larevistadigital.com.ar\/blog\/wp-content\/uploads\/69d3e7d908f81.png?fit=668%2C445&ssl=1&resize=350%2C200 1x, https:\/\/i0.wp.com\/larevistadigital.com.ar\/blog\/wp-content\/uploads\/69d3e7d908f81.png?fit=668%2C445&ssl=1&resize=525%2C300 1.5x"},"classes":[]},{"id":43106,"url":"https:\/\/larevistadigital.com.ar\/blog\/chascomus-la-gestion-de-las-compuertas-y-su-impacto-en-el-sistema-de-lagunas\/","url_meta":{"origin":43139,"position":2},"title":"Chascom\u00fas: La gesti\u00f3n de las compuertas y su impacto en el sistema de lagunas","author":"Alejandro Sosa Ruda","date":"4 enero, 2026","format":false,"excerpt":"La laguna de Chascom\u00fas es parte de un sistema m\u00e1s amplio, por lo que no se pueden tomar decisiones aisladas que solo beneficien a nuestro espejo lacustre. 02 de enero de 2026 CHASCOM\u00daS -\u00a0 \u00a0 Mantener controlado el nivel del agua de la laguna es clave, especialmente ante la posibilidad\u2026","rel":"","context":"En \u00abREGIONALES\u00bb","block_context":{"text":"REGIONALES","link":"https:\/\/larevistadigital.com.ar\/blog\/category\/regionales\/"},"img":{"alt_text":"","src":"https:\/\/i0.wp.com\/larevistadigital.com.ar\/blog\/wp-content\/uploads\/6958015134c57.png?fit=668%2C445&ssl=1&resize=350%2C200","width":350,"height":200,"srcset":"https:\/\/i0.wp.com\/larevistadigital.com.ar\/blog\/wp-content\/uploads\/6958015134c57.png?fit=668%2C445&ssl=1&resize=350%2C200 1x, https:\/\/i0.wp.com\/larevistadigital.com.ar\/blog\/wp-content\/uploads\/6958015134c57.png?fit=668%2C445&ssl=1&resize=525%2C300 1.5x"},"classes":[]},{"id":40896,"url":"https:\/\/larevistadigital.com.ar\/blog\/chascomus-fueron-detectados-pescadores-furtivos-en-la-laguna-durante-la-madrugada\/","url_meta":{"origin":43139,"position":3},"title":"Chascom\u00fas: Fueron detectados pescadores furtivos en la laguna durante la madrugada","author":"Alejandro Sosa Ruda","date":"13 agosto, 2025","format":false,"excerpt":"Gracias a una intervenci\u00f3n conjunta de la Patrulla de Prevenci\u00f3n Municipal y la Polic\u00eda Rural. 13 de Agosto de 2025 CHASCOM\u00daS -\u00a0 \u00a0En un operativo realizado en horas de la madrugada, la Patrulla de Prevenci\u00f3n Municipal identific\u00f3 una situaci\u00f3n de pesca furtiva en la zona de la Costanera, entre las\u2026","rel":"","context":"En \u00abCHASCOM\u00daS\u00bb","block_context":{"text":"CHASCOM\u00daS","link":"https:\/\/larevistadigital.com.ar\/blog\/category\/chascomus\/"},"img":{"alt_text":"","src":"https:\/\/i0.wp.com\/larevistadigital.com.ar\/blog\/wp-content\/uploads\/689ccefc8cd84.png?fit=668%2C445&ssl=1&resize=350%2C200","width":350,"height":200,"srcset":"https:\/\/i0.wp.com\/larevistadigital.com.ar\/blog\/wp-content\/uploads\/689ccefc8cd84.png?fit=668%2C445&ssl=1&resize=350%2C200 1x, https:\/\/i0.wp.com\/larevistadigital.com.ar\/blog\/wp-content\/uploads\/689ccefc8cd84.png?fit=668%2C445&ssl=1&resize=525%2C300 1.5x"},"classes":[]},{"id":43290,"url":"https:\/\/larevistadigital.com.ar\/blog\/chascomus-dias-y-horarios-del-equipo-de-guardavidas-y-seguridad-lacustre\/","url_meta":{"origin":43139,"position":4},"title":"Chascom\u00fas: d\u00edas y horarios del equipo de Guardavidas y Seguridad Lacustre","author":"Alejandro Sosa Ruda","date":"12 enero, 2026","format":false,"excerpt":"El Operativo de Seguridad Acu\u00e1tica es una inversi\u00f3n municipal clave para la prevenci\u00f3n, el cuidado y la r\u00e1pida respuesta ante emergencias. 12 de enero de 2026 CHASCOM\u00daS -\u00a0 \u00a0La Municipalidad de Chascom\u00fas se encuentra prestando servicios el cuerpo de guardavidas municipal como as\u00ed tambi\u00e9n el equipo de seguridad lacustre. Ambos\u2026","rel":"","context":"En \u00abCHASCOM\u00daS\u00bb","block_context":{"text":"CHASCOM\u00daS","link":"https:\/\/larevistadigital.com.ar\/blog\/category\/chascomus\/"},"img":{"alt_text":"","src":"https:\/\/i0.wp.com\/larevistadigital.com.ar\/blog\/wp-content\/uploads\/6965337ce57f7.png?fit=668%2C445&ssl=1&resize=350%2C200","width":350,"height":200,"srcset":"https:\/\/i0.wp.com\/larevistadigital.com.ar\/blog\/wp-content\/uploads\/6965337ce57f7.png?fit=668%2C445&ssl=1&resize=350%2C200 1x, https:\/\/i0.wp.com\/larevistadigital.com.ar\/blog\/wp-content\/uploads\/6965337ce57f7.png?fit=668%2C445&ssl=1&resize=525%2C300 1.5x"},"classes":[]},{"id":44130,"url":"https:\/\/larevistadigital.com.ar\/blog\/retienen-una-moto-por-multiples-infracciones-en-la-zona-de-laguna-vitel\/","url_meta":{"origin":43139,"position":5},"title":"Retienen una moto por m\u00faltiples infracciones en la zona de Laguna Vitel","author":"Alejandro Sosa Ruda","date":"23 febrero, 2026","format":false,"excerpt":"El procedimiento se realiz\u00f3 durante una recorrida preventiva. El conductor circulaba sin documentaci\u00f3n obligatoria ni medidas b\u00e1sicas de seguridad. 22 de febrero de 2026 CHASCOM\u00daS -\u00a0 \u00a0En el marco de tareas de prevenci\u00f3n de il\u00edcitos y faltas, personal del Comando de Prevenci\u00f3n Rural de Chascom\u00fas identific\u00f3 a un hombre que\u2026","rel":"","context":"En \u00abCHASCOM\u00daS\u00bb","block_context":{"text":"CHASCOM\u00daS","link":"https:\/\/larevistadigital.com.ar\/blog\/category\/chascomus\/"},"img":{"alt_text":"","src":"https:\/\/i0.wp.com\/larevistadigital.com.ar\/blog\/wp-content\/uploads\/WhatsApp-Image-2026-02-23-at-14.02.53-1-e1771880315796.jpeg?fit=720%2C740&ssl=1&resize=350%2C200","width":350,"height":200,"srcset":"https:\/\/i0.wp.com\/larevistadigital.com.ar\/blog\/wp-content\/uploads\/WhatsApp-Image-2026-02-23-at-14.02.53-1-e1771880315796.jpeg?fit=720%2C740&ssl=1&resize=350%2C200 1x, https:\/\/i0.wp.com\/larevistadigital.com.ar\/blog\/wp-content\/uploads\/WhatsApp-Image-2026-02-23-at-14.02.53-1-e1771880315796.jpeg?fit=720%2C740&ssl=1&resize=525%2C300 1.5x, https:\/\/i0.wp.com\/larevistadigital.com.ar\/blog\/wp-content\/uploads\/WhatsApp-Image-2026-02-23-at-14.02.53-1-e1771880315796.jpeg?fit=720%2C740&ssl=1&resize=700%2C400 2x"},"classes":[]}],"_links":{"self":[{"href":"https:\/\/larevistadigital.com.ar\/blog\/wp-json\/wp\/v2\/posts\/43139","targetHints":{"allow":["GET"]}}],"collection":[{"href":"https:\/\/larevistadigital.com.ar\/blog\/wp-json\/wp\/v2\/posts"}],"about":[{"href":"https:\/\/larevistadigital.com.ar\/blog\/wp-json\/wp\/v2\/types\/post"}],"author":[{"embeddable":true,"href":"https:\/\/larevistadigital.com.ar\/blog\/wp-json\/wp\/v2\/users\/3"}],"replies":[{"embeddable":true,"href":"https:\/\/larevistadigital.com.ar\/blog\/wp-json\/wp\/v2\/comments?post=43139"}],"version-history":[{"count":1,"href":"https:\/\/larevistadigital.com.ar\/blog\/wp-json\/wp\/v2\/posts\/43139\/revisions"}],"predecessor-version":[{"id":43141,"href":"https:\/\/larevistadigital.com.ar\/blog\/wp-json\/wp\/v2\/posts\/43139\/revisions\/43141"}],"wp:featuredmedia":[{"embeddable":true,"href":"https:\/\/larevistadigital.com.ar\/blog\/wp-json\/wp\/v2\/media\/43140"}],"wp:attachment":[{"href":"https:\/\/larevistadigital.com.ar\/blog\/wp-json\/wp\/v2\/media?parent=43139"}],"wp:term":[{"taxonomy":"category","embeddable":true,"href":"https:\/\/larevistadigital.com.ar\/blog\/wp-json\/wp\/v2\/categories?post=43139"},{"taxonomy":"post_tag","embeddable":true,"href":"https:\/\/larevistadigital.com.ar\/blog\/wp-json\/wp\/v2\/tags?post=43139"}],"curies":[{"name":"wp","href":"https:\/\/api.w.org\/{rel}","templated":true}]}}