{"id":43142,"date":"2026-01-05T16:08:55","date_gmt":"2026-01-05T19:08:55","guid":{"rendered":"https:\/\/larevistadigital.com.ar\/blog\/?p=43142"},"modified":"2026-01-05T16:08:55","modified_gmt":"2026-01-05T19:08:55","slug":"chascomus-nueva-fecha-del-circuito-de-aguas-abiertas","status":"publish","type":"post","link":"https:\/\/larevistadigital.com.ar\/blog\/chascomus-nueva-fecha-del-circuito-de-aguas-abiertas\/","title":{"rendered":"Chascom\u00fas: Nueva fecha del Circuito de Aguas Abiertas"},"content":{"rendered":"<h3 class=\"excerpt\">Este martes 6 de enero cierra la inscripci\u00f3n para la segunda fecha de este evento deportivo tan valorado y que ya es un cl\u00e1sico de nuestra ciudad, que tiene a nuestra laguna como escenario.<\/h3>\n<p>05 de Enero de 2026<\/p>\n<div id=\"miDiv1\" class=\"text\">\n<p><strong>CHASCOM\u00daS &#8211;<\/strong>\u00a0 \u00a0Hasta ma\u00f1ana a las 13 horas, los interesados en participar la segunda fecha del circuito de Aguas Abiertas de la Municipalidad de Chascom\u00fas, pueden inscribirse para la competencia que se disputar\u00e1 el pr\u00f3ximo s\u00e1bado 10 de enero.<\/p>\n<p>En esta oportunidad, se desarrollar\u00e1 en dos modalidades, la principal con un recorrido de 2000 metros y la promocional de 500 metros, para categor\u00edas menores, cadetes, juveniles, mayores, masters y PCD. Acreditaci\u00f3n en la Oficina de deportes, a partir de las 9.30hs<\/p>\n<blockquote>\n<h3>Los interesados podr\u00e1n completar el tr\u00e1mite de inscripci\u00f3n on line, ingresando a la p\u00e1gina correspondiente a trav\u00e9s del link https:\/\/apps.chascomus.gob.ar\/deportes\/aguasabiertas\/, donde adem\u00e1s encontrar\u00e1n el reglamento de la competencia.<\/h3>\n<\/blockquote>\n<p>Como en cada edici\u00f3n, se pone en juego la Copa Omar \u201c\u00d1ato\u201d Ledesma en la categor\u00eda masculina, y la copa Teresita Newton en la categor\u00eda femenina. Ambas se entregar\u00e1n de acuerdo a la puntuaci\u00f3n total acumulada en las tres fechas que integran el circuito.<\/p>\n<p>Organiza e invita la Municipalidad de Chascom\u00fas, a trav\u00e9s del \u00e1rea de Deportes. Se invita a toda la comunidad a sumarse a esta nueva fecha, ya sea como competidores o como p\u00fablico, para disfrutar de una propuesta que combina deporte, verano y el entorno natural de nuestra ic\u00f3nica laguna.<\/p>\n<\/div>\n","protected":false},"excerpt":{"rendered":"<div class=\"mh-excerpt\"><p>Este martes 6 de enero cierra la inscripci\u00f3n para la segunda fecha de este evento deportivo tan valorado y que ya es un cl\u00e1sico de nuestra ciudad, que tiene a nuestra laguna como escenario. 05 <a class=\"mh-excerpt-more\" href=\"https:\/\/larevistadigital.com.ar\/blog\/chascomus-nueva-fecha-del-circuito-de-aguas-abiertas\/\" title=\"Chascom\u00fas: Nueva fecha del Circuito de Aguas Abiertas\">[Leer M\u00e1s]<\/a><\/p>\n<\/div>","protected":false},"author":3,"featured_media":43143,"comment_status":"open","ping_status":"open","sticky":false,"template":"","format":"standard","meta":{"_jetpack_memberships_contains_paid_content":false,"footnotes":"","jetpack_publicize_message":"","jetpack_publicize_feature_enabled":true,"jetpack_social_post_already_shared":true,"jetpack_social_options":{"image_generator_settings":{"template":"highway","default_image_id":0,"font":"","enabled":false},"version":2}},"categories":[6],"tags":[],"class_list":{"0":"post-43142","1":"post","2":"type-post","3":"status-publish","4":"format-standard","5":"has-post-thumbnail","7":"category-chascomus"},"jetpack_publicize_connections":[],"jetpack_featured_media_url":"https:\/\/i0.wp.com\/larevistadigital.com.ar\/blog\/wp-content\/uploads\/695bf0fee76fa.png?fit=668%2C445&ssl=1","jetpack_sharing_enabled":true,"jetpack_shortlink":"https:\/\/wp.me\/p8qtrQ-bdQ","jetpack-related-posts":[{"id":42845,"url":"https:\/\/larevistadigital.com.ar\/blog\/chascomus-vuelve-aguas-abiertas\/","url_meta":{"origin":43142,"position":0},"title":"Chascom\u00fas: Vuelve Aguas Abiertas","author":"Alejandro Sosa Ruda","date":"11 diciembre, 2025","format":false,"excerpt":"Abre la inscripci\u00f3n al evento deportivo m\u00e1s esperado Ya se encuentra habilitado el\u00a0link de inscripci\u00f3n\u00a0a la primera fecha del circuito de Aguas Abiertas, que tendr\u00e1 lugar el pr\u00f3ximo 20 de diciembre. En esta oportunidad se desarrollar\u00e1 en dos modalidades, la principal con un recorrido de 1500 metros y la promocional\u2026","rel":"","context":"En \u00abREGIONALES\u00bb","block_context":{"text":"REGIONALES","link":"https:\/\/larevistadigital.com.ar\/blog\/category\/regionales\/"},"img":{"alt_text":"","src":"https:\/\/i0.wp.com\/larevistadigital.com.ar\/blog\/wp-content\/uploads\/693af3f0eef86.png?fit=668%2C445&ssl=1&resize=350%2C200","width":350,"height":200,"srcset":"https:\/\/i0.wp.com\/larevistadigital.com.ar\/blog\/wp-content\/uploads\/693af3f0eef86.png?fit=668%2C445&ssl=1&resize=350%2C200 1x, https:\/\/i0.wp.com\/larevistadigital.com.ar\/blog\/wp-content\/uploads\/693af3f0eef86.png?fit=668%2C445&ssl=1&resize=525%2C300 1.5x"},"classes":[]},{"id":43287,"url":"https:\/\/larevistadigital.com.ar\/blog\/chascomus-se-disputo-el-sabado-la-segunda-fecha-del-circuito-de-aguas-abiertas\/","url_meta":{"origin":43142,"position":1},"title":"Chascom\u00fas: Se disput\u00f3 el s\u00e1bado la segunda fecha del Circuito de Aguas Abiertas","author":"Alejandro Sosa Ruda","date":"12 enero, 2026","format":false,"excerpt":"Con gran emoci\u00f3n y el aliento del p\u00fablico, se desarroll\u00f3 la propuesta deportiva m\u00e1s convocantes de la temporada estival. 12 de enero de 2026 La prueba se disput\u00f3 el pasado 10 de enero en la Laguna de Chascom\u00fas con 320 participantes de todas las categor\u00edas, entre los que se encontraban\u2026","rel":"","context":"En \u00abCHASCOM\u00daS\u00bb","block_context":{"text":"CHASCOM\u00daS","link":"https:\/\/larevistadigital.com.ar\/blog\/category\/chascomus\/"},"img":{"alt_text":"","src":"https:\/\/i0.wp.com\/larevistadigital.com.ar\/blog\/wp-content\/uploads\/696532af52618.png?fit=668%2C445&ssl=1&resize=350%2C200","width":350,"height":200,"srcset":"https:\/\/i0.wp.com\/larevistadigital.com.ar\/blog\/wp-content\/uploads\/696532af52618.png?fit=668%2C445&ssl=1&resize=350%2C200 1x, https:\/\/i0.wp.com\/larevistadigital.com.ar\/blog\/wp-content\/uploads\/696532af52618.png?fit=668%2C445&ssl=1&resize=525%2C300 1.5x"},"classes":[]},{"id":43381,"url":"https:\/\/larevistadigital.com.ar\/blog\/aguas-abiertas-una-politica-publica-deportiva-que-ya-convoco-a-mas-de-1-000-competidores-y-se-prepara-para-un-gran-cierre\/","url_meta":{"origin":43142,"position":2},"title":"Aguas Abiertas: una pol\u00edtica p\u00fablica deportiva que ya convoc\u00f3 a m\u00e1s de 1.000 competidores y se prepara para un gran cierre","author":"Alejandro Sosa Ruda","date":"16 enero, 2026","format":false,"excerpt":"Tras dos fechas con gran convocatoria, el circuito organizado por la Municipalidad de Chascom\u00fas, encara su cierre con una propuesta que integra el deporte en un marco natural pensado para toda la familia. 16 de enero de 2026 CHASCOM\u00daS -\u00a0 \u00a0El circuito de Aguas Abiertas llevado adelante por el \u00c1rea\u2026","rel":"","context":"En \u00abCHASCOM\u00daS\u00bb","block_context":{"text":"CHASCOM\u00daS","link":"https:\/\/larevistadigital.com.ar\/blog\/category\/chascomus\/"},"img":{"alt_text":"","src":"https:\/\/i0.wp.com\/larevistadigital.com.ar\/blog\/wp-content\/uploads\/69692282a697e.png?fit=668%2C445&ssl=1&resize=350%2C200","width":350,"height":200,"srcset":"https:\/\/i0.wp.com\/larevistadigital.com.ar\/blog\/wp-content\/uploads\/69692282a697e.png?fit=668%2C445&ssl=1&resize=350%2C200 1x, https:\/\/i0.wp.com\/larevistadigital.com.ar\/blog\/wp-content\/uploads\/69692282a697e.png?fit=668%2C445&ssl=1&resize=525%2C300 1.5x"},"classes":[]},{"id":42175,"url":"https:\/\/larevistadigital.com.ar\/blog\/chascomus-vuelve-el-circuito-de-aguas-abiertas\/","url_meta":{"origin":43142,"position":3},"title":"Chascom\u00fas: Vuelve el circuito de \u00abAguas Abiertas\u00bb","author":"Alejandro Sosa Ruda","date":"23 octubre, 2025","format":false,"excerpt":"Tras dos a\u00f1os de espera vuelve uno de los grandes eventos deportivos de la ciudad. 23 de Octubre de 2025 CHASCOM\u00daS -\u00a0 \u00a0Ya tiene fecha la edici\u00f3n 2025\/2026 del circuito de Aguas Abiertas que organiza la Municipalidad de Chascom\u00fas, a trav\u00e9s del \u00e1rea de Deportes. Las fechas previstas son el\u2026","rel":"","context":"En \u00abCHASCOM\u00daS\u00bb","block_context":{"text":"CHASCOM\u00daS","link":"https:\/\/larevistadigital.com.ar\/blog\/category\/chascomus\/"},"img":{"alt_text":"","src":"https:\/\/i0.wp.com\/larevistadigital.com.ar\/blog\/wp-content\/uploads\/68fa84cf34910.png?fit=668%2C445&ssl=1&resize=350%2C200","width":350,"height":200,"srcset":"https:\/\/i0.wp.com\/larevistadigital.com.ar\/blog\/wp-content\/uploads\/68fa84cf34910.png?fit=668%2C445&ssl=1&resize=350%2C200 1x, https:\/\/i0.wp.com\/larevistadigital.com.ar\/blog\/wp-content\/uploads\/68fa84cf34910.png?fit=668%2C445&ssl=1&resize=525%2C300 1.5x"},"classes":[]},{"id":43931,"url":"https:\/\/larevistadigital.com.ar\/blog\/chascomus-con-450-inscriptos-se-disputara-la-ultima-fecha-de-la-competencia-de-aguas-abiertas\/","url_meta":{"origin":43142,"position":4},"title":"Chascom\u00fas: Con 450 inscriptos se disputar\u00e1 la \u00faltima fecha de la competencia de Aguas Abiertas","author":"Alejandro Sosa Ruda","date":"11 febrero, 2026","format":false,"excerpt":"La laguna \u201cChascom\u00fas\u201d oficiar\u00e1 de escenario de esta ic\u00f3nica competencia que combina el deporte, el verano, la naturaleza y la vida saludable, adem\u00e1s de potenciar el turismo Organizada por la Municipalidad de Chascom\u00fas, a trav\u00e9s del \u00e1rea de Deportes, este s\u00e1bado llega a su fin la tradicional competencia de Aguas\u2026","rel":"","context":"En \u00abCHASCOM\u00daS\u00bb","block_context":{"text":"CHASCOM\u00daS","link":"https:\/\/larevistadigital.com.ar\/blog\/category\/chascomus\/"},"img":{"alt_text":"","src":"https:\/\/i0.wp.com\/larevistadigital.com.ar\/blog\/wp-content\/uploads\/698cbc739b767.png?fit=668%2C445&ssl=1&resize=350%2C200","width":350,"height":200,"srcset":"https:\/\/i0.wp.com\/larevistadigital.com.ar\/blog\/wp-content\/uploads\/698cbc739b767.png?fit=668%2C445&ssl=1&resize=350%2C200 1x, https:\/\/i0.wp.com\/larevistadigital.com.ar\/blog\/wp-content\/uploads\/698cbc739b767.png?fit=668%2C445&ssl=1&resize=525%2C300 1.5x"},"classes":[]},{"id":42992,"url":"https:\/\/larevistadigital.com.ar\/blog\/exitosa-primera-fecha-del-circuito-de-aguas-abiertas-en-chascomus\/","url_meta":{"origin":43142,"position":5},"title":"Exitosa primera fecha del circuito de Aguas Abiertas en Chascom\u00fas","author":"Alejandro Sosa Ruda","date":"22 diciembre, 2025","format":false,"excerpt":"A pesar del clima volvi\u00f3 una de las competencias m\u00e1s convocantes del calendario deportivo de la Municipalidad de Chascom\u00fas. 22 de diciembre de 2025 CHASCOM\u00daS -\u00a0 \u00a0El s\u00e1bado 20 se llev\u00f3 adelante en Chascom\u00fas la primera fecha del calendario de Aguas Abiertas, con una destacada participaci\u00f3n de nadadores de la\u2026","rel":"","context":"En \u00abCHASCOM\u00daS\u00bb","block_context":{"text":"CHASCOM\u00daS","link":"https:\/\/larevistadigital.com.ar\/blog\/category\/chascomus\/"},"img":{"alt_text":"","src":"https:\/\/i0.wp.com\/larevistadigital.com.ar\/blog\/wp-content\/uploads\/694970e83d9b3.png?fit=668%2C445&ssl=1&resize=350%2C200","width":350,"height":200,"srcset":"https:\/\/i0.wp.com\/larevistadigital.com.ar\/blog\/wp-content\/uploads\/694970e83d9b3.png?fit=668%2C445&ssl=1&resize=350%2C200 1x, https:\/\/i0.wp.com\/larevistadigital.com.ar\/blog\/wp-content\/uploads\/694970e83d9b3.png?fit=668%2C445&ssl=1&resize=525%2C300 1.5x"},"classes":[]}],"_links":{"self":[{"href":"https:\/\/larevistadigital.com.ar\/blog\/wp-json\/wp\/v2\/posts\/43142","targetHints":{"allow":["GET"]}}],"collection":[{"href":"https:\/\/larevistadigital.com.ar\/blog\/wp-json\/wp\/v2\/posts"}],"about":[{"href":"https:\/\/larevistadigital.com.ar\/blog\/wp-json\/wp\/v2\/types\/post"}],"author":[{"embeddable":true,"href":"https:\/\/larevistadigital.com.ar\/blog\/wp-json\/wp\/v2\/users\/3"}],"replies":[{"embeddable":true,"href":"https:\/\/larevistadigital.com.ar\/blog\/wp-json\/wp\/v2\/comments?post=43142"}],"version-history":[{"count":1,"href":"https:\/\/larevistadigital.com.ar\/blog\/wp-json\/wp\/v2\/posts\/43142\/revisions"}],"predecessor-version":[{"id":43144,"href":"https:\/\/larevistadigital.com.ar\/blog\/wp-json\/wp\/v2\/posts\/43142\/revisions\/43144"}],"wp:featuredmedia":[{"embeddable":true,"href":"https:\/\/larevistadigital.com.ar\/blog\/wp-json\/wp\/v2\/media\/43143"}],"wp:attachment":[{"href":"https:\/\/larevistadigital.com.ar\/blog\/wp-json\/wp\/v2\/media?parent=43142"}],"wp:term":[{"taxonomy":"category","embeddable":true,"href":"https:\/\/larevistadigital.com.ar\/blog\/wp-json\/wp\/v2\/categories?post=43142"},{"taxonomy":"post_tag","embeddable":true,"href":"https:\/\/larevistadigital.com.ar\/blog\/wp-json\/wp\/v2\/tags?post=43142"}],"curies":[{"name":"wp","href":"https:\/\/api.w.org\/{rel}","templated":true}]}}