{"id":43145,"date":"2026-01-05T16:28:58","date_gmt":"2026-01-05T19:28:58","guid":{"rendered":"https:\/\/larevistadigital.com.ar\/blog\/?p=43145"},"modified":"2026-01-05T16:28:58","modified_gmt":"2026-01-05T19:28:58","slug":"chascomus-este-miercoles-se-disputara-el-torneo-de-verano-de-beach-voley","status":"publish","type":"post","link":"https:\/\/larevistadigital.com.ar\/blog\/chascomus-este-miercoles-se-disputara-el-torneo-de-verano-de-beach-voley\/","title":{"rendered":"Chascom\u00fas: Este mi\u00e9rcoles se disputar\u00e1 el Torneo de Verano de Beach Voley"},"content":{"rendered":"<h3 class=\"excerpt\">Ser\u00e1 en el Parque V Centenario, desde las 18 horas, en la modalidad 3 vs 3 mixto, en categor\u00eda libre.<\/h3>\n<p>05 de enero de 2026<\/p>\n<div id=\"miDiv1\" class=\"text\">\n<p><strong>CHASCOM\u00daS &#8211;\u00a0<\/strong> \u00a0 La Municipalidad de Chascom\u00fas, a trav\u00e9s del \u00e1rea de Deportes, organiza un torneo de verano de beach voley que se disputar\u00e1 el pr\u00f3ximo mi\u00e9rcoles 7 de enero, a partir de las 18 horas, en el Parque V Centenario.<\/p>\n<blockquote>\n<h3>La competencia se desarrollar\u00e1 bajo la modalidad 3 vs 3 mixto, en categor\u00eda libre, y est\u00e1 pensada como una propuesta recreativa y deportiva para disfrutar al aire libre durante la temporada de verano.<\/h3>\n<\/blockquote>\n<p>El torneo contar\u00e1 con cupos limitados, por lo que se recomienda realizar la inscripci\u00f3n con anticipaci\u00f3n. Los equipos interesados pueden anotarse de manera personal en la Subsecretar\u00eda de Deportes, Av. Lastra 1, o comunicarse v\u00eda WhatsApp al (2241) 57-0974 para obtener m\u00e1s informaci\u00f3n y confirmar su participaci\u00f3n.<\/p>\n<p>Esta iniciativa se enmarca en las pol\u00edticas municipales de promoci\u00f3n del deporte, la actividad f\u00edsica y el uso de los espacios p\u00fablicos, fomentando el encuentro y la participaci\u00f3n de la comunidad.<\/p>\n<\/div>\n","protected":false},"excerpt":{"rendered":"<div class=\"mh-excerpt\"><p>Ser\u00e1 en el Parque V Centenario, desde las 18 horas, en la modalidad 3 vs 3 mixto, en categor\u00eda libre. 05 de enero de 2026 CHASCOM\u00daS &#8211;\u00a0 \u00a0 La Municipalidad de Chascom\u00fas, a trav\u00e9s del <a class=\"mh-excerpt-more\" href=\"https:\/\/larevistadigital.com.ar\/blog\/chascomus-este-miercoles-se-disputara-el-torneo-de-verano-de-beach-voley\/\" title=\"Chascom\u00fas: Este mi\u00e9rcoles se disputar\u00e1 el Torneo de Verano de Beach Voley\">[Leer M\u00e1s]<\/a><\/p>\n<\/div>","protected":false},"author":3,"featured_media":43146,"comment_status":"open","ping_status":"open","sticky":false,"template":"","format":"standard","meta":{"_jetpack_memberships_contains_paid_content":false,"footnotes":"","jetpack_publicize_message":"","jetpack_publicize_feature_enabled":true,"jetpack_social_post_already_shared":true,"jetpack_social_options":{"image_generator_settings":{"template":"highway","default_image_id":0,"font":"","enabled":false},"version":2}},"categories":[6],"tags":[],"class_list":{"0":"post-43145","1":"post","2":"type-post","3":"status-publish","4":"format-standard","5":"has-post-thumbnail","7":"category-chascomus"},"jetpack_publicize_connections":[],"jetpack_featured_media_url":"https:\/\/i0.wp.com\/larevistadigital.com.ar\/blog\/wp-content\/uploads\/695bf0708dd2d.png?fit=668%2C445&ssl=1","jetpack_sharing_enabled":true,"jetpack_shortlink":"https:\/\/wp.me\/p8qtrQ-bdT","jetpack-related-posts":[{"id":8925,"url":"https:\/\/larevistadigital.com.ar\/blog\/chascomus-hoy-las-finales-de-papy-en-deportivo-con-entrada-libre-y-gratuita\/","url_meta":{"origin":43145,"position":0},"title":"CHASCOM\u00daS: HOY LAS FINALES DE PAPY EN DEPORTIVO, CON ENTRADA LIBRE Y GRATUITA","author":"Alejandro Sosa Ruda","date":"8 marzo, 2019","format":false,"excerpt":"Las finales del papy \u201cCopa Automotores Avenida\u201d se juegan hoy viernes 8 de marzo en el Club Deportivo.\u00a0Habr\u00e1 dos finales, torneos Tradicional y Mixto, y otro partido por el tercer y cuarto puesto del campeonato Mixto. Finalmente parece que el tiempo permitir\u00e1 definir este apasionante y tradicional torneo de f\u00fatbol\u2026","rel":"","context":"En \u00abDEPORTES\u00bb","block_context":{"text":"DEPORTES","link":"https:\/\/larevistadigital.com.ar\/blog\/category\/deportes\/"},"img":{"alt_text":"","src":"https:\/\/i0.wp.com\/larevistadigital.com.ar\/blog\/wp-content\/uploads\/2019\/03\/Screenshot_3-1.jpg?fit=740%2C650&ssl=1&resize=350%2C200","width":350,"height":200,"srcset":"https:\/\/i0.wp.com\/larevistadigital.com.ar\/blog\/wp-content\/uploads\/2019\/03\/Screenshot_3-1.jpg?fit=740%2C650&ssl=1&resize=350%2C200 1x, https:\/\/i0.wp.com\/larevistadigital.com.ar\/blog\/wp-content\/uploads\/2019\/03\/Screenshot_3-1.jpg?fit=740%2C650&ssl=1&resize=525%2C300 1.5x, https:\/\/i0.wp.com\/larevistadigital.com.ar\/blog\/wp-content\/uploads\/2019\/03\/Screenshot_3-1.jpg?fit=740%2C650&ssl=1&resize=700%2C400 2x"},"classes":[]},{"id":43142,"url":"https:\/\/larevistadigital.com.ar\/blog\/chascomus-nueva-fecha-del-circuito-de-aguas-abiertas\/","url_meta":{"origin":43145,"position":1},"title":"Chascom\u00fas: Nueva fecha del Circuito de Aguas Abiertas","author":"Alejandro Sosa Ruda","date":"5 enero, 2026","format":false,"excerpt":"Este martes 6 de enero cierra la inscripci\u00f3n para la segunda fecha de este evento deportivo tan valorado y que ya es un cl\u00e1sico de nuestra ciudad, que tiene a nuestra laguna como escenario. 05 de Enero de 2026 CHASCOM\u00daS -\u00a0 \u00a0Hasta ma\u00f1ana a las 13 horas, los interesados en\u2026","rel":"","context":"En \u00abCHASCOM\u00daS\u00bb","block_context":{"text":"CHASCOM\u00daS","link":"https:\/\/larevistadigital.com.ar\/blog\/category\/chascomus\/"},"img":{"alt_text":"","src":"https:\/\/i0.wp.com\/larevistadigital.com.ar\/blog\/wp-content\/uploads\/695bf0fee76fa.png?fit=668%2C445&ssl=1&resize=350%2C200","width":350,"height":200,"srcset":"https:\/\/i0.wp.com\/larevistadigital.com.ar\/blog\/wp-content\/uploads\/695bf0fee76fa.png?fit=668%2C445&ssl=1&resize=350%2C200 1x, https:\/\/i0.wp.com\/larevistadigital.com.ar\/blog\/wp-content\/uploads\/695bf0fee76fa.png?fit=668%2C445&ssl=1&resize=525%2C300 1.5x"},"classes":[]},{"id":9505,"url":"https:\/\/larevistadigital.com.ar\/blog\/excelente-performance-de-la-academia-de-taekwondo-chascomus-en-torneo-de-la-costa\/","url_meta":{"origin":43145,"position":2},"title":"EXCELENTE PERFORMANCE DE LA ACADEMIA DE TAEKWONDO CHASCOM\u00daS EN TORNEO DE LA COSTA","author":"Alejandro Sosa Ruda","date":"1 abril, 2019","format":false,"excerpt":"Ayer, domingo 31 de Marzo, en el complejo deportivo y Cultural de la ciudad Las Toninas partido de la costa, se llev\u00f3 a cabo el torneo que convoca desde hace algunos a\u00f1os a competidores del partido de la costa y aleda\u00f1os. La Academia de Taekwondo Chascom\u00fas, con el profesor Pedro\u2026","rel":"","context":"En \u00abDEPORTES\u00bb","block_context":{"text":"DEPORTES","link":"https:\/\/larevistadigital.com.ar\/blog\/category\/deportes\/"},"img":{"alt_text":"","src":"https:\/\/i0.wp.com\/larevistadigital.com.ar\/blog\/wp-content\/uploads\/2019\/04\/profesor-Pedro-Andrade-y-sus-alumnos-e1554151195858.jpg?fit=719%2C529&ssl=1&resize=350%2C200","width":350,"height":200,"srcset":"https:\/\/i0.wp.com\/larevistadigital.com.ar\/blog\/wp-content\/uploads\/2019\/04\/profesor-Pedro-Andrade-y-sus-alumnos-e1554151195858.jpg?fit=719%2C529&ssl=1&resize=350%2C200 1x, https:\/\/i0.wp.com\/larevistadigital.com.ar\/blog\/wp-content\/uploads\/2019\/04\/profesor-Pedro-Andrade-y-sus-alumnos-e1554151195858.jpg?fit=719%2C529&ssl=1&resize=525%2C300 1.5x, https:\/\/i0.wp.com\/larevistadigital.com.ar\/blog\/wp-content\/uploads\/2019\/04\/profesor-Pedro-Andrade-y-sus-alumnos-e1554151195858.jpg?fit=719%2C529&ssl=1&resize=700%2C400 2x"},"classes":[]},{"id":563,"url":"https:\/\/larevistadigital.com.ar\/blog\/deporte-nacional-chascomus-saladillo\/","url_meta":{"origin":43145,"position":3},"title":"Deporte nacional en Chascom\u00fas y Saladillo","author":"editor","date":"6 marzo, 2017","format":false,"excerpt":"La competencia por la Copa Expo Ganadera Chascom\u00fas se disputar\u00e1 desde el s\u00e1bado 4 de marzo a partir de las 15 hs en esa ciudad bonaerense. Intervendr\u00e1n equipos de 8 tantos de valorizaci\u00f3n y m\u00e1ximo 4 tantos de ventaja para los jugadores. El certamen se disputar\u00e1 por el sistema de\u2026","rel":"","context":"En \u00abCHASCOM\u00daS\u00bb","block_context":{"text":"CHASCOM\u00daS","link":"https:\/\/larevistadigital.com.ar\/blog\/category\/chascomus\/"},"img":{"alt_text":"","src":"https:\/\/i0.wp.com\/larevistadigital.com.ar\/blog\/wp-content\/uploads\/2017\/03\/DSC06237-1024x768.jpg?fit=1024%2C768&ssl=1&resize=350%2C200","width":350,"height":200,"srcset":"https:\/\/i0.wp.com\/larevistadigital.com.ar\/blog\/wp-content\/uploads\/2017\/03\/DSC06237-1024x768.jpg?fit=1024%2C768&ssl=1&resize=350%2C200 1x, https:\/\/i0.wp.com\/larevistadigital.com.ar\/blog\/wp-content\/uploads\/2017\/03\/DSC06237-1024x768.jpg?fit=1024%2C768&ssl=1&resize=525%2C300 1.5x, https:\/\/i0.wp.com\/larevistadigital.com.ar\/blog\/wp-content\/uploads\/2017\/03\/DSC06237-1024x768.jpg?fit=1024%2C768&ssl=1&resize=700%2C400 2x"},"classes":[]},{"id":43381,"url":"https:\/\/larevistadigital.com.ar\/blog\/aguas-abiertas-una-politica-publica-deportiva-que-ya-convoco-a-mas-de-1-000-competidores-y-se-prepara-para-un-gran-cierre\/","url_meta":{"origin":43145,"position":4},"title":"Aguas Abiertas: una pol\u00edtica p\u00fablica deportiva que ya convoc\u00f3 a m\u00e1s de 1.000 competidores y se prepara para un gran cierre","author":"Alejandro Sosa Ruda","date":"16 enero, 2026","format":false,"excerpt":"Tras dos fechas con gran convocatoria, el circuito organizado por la Municipalidad de Chascom\u00fas, encara su cierre con una propuesta que integra el deporte en un marco natural pensado para toda la familia. 16 de enero de 2026 CHASCOM\u00daS -\u00a0 \u00a0El circuito de Aguas Abiertas llevado adelante por el \u00c1rea\u2026","rel":"","context":"En \u00abCHASCOM\u00daS\u00bb","block_context":{"text":"CHASCOM\u00daS","link":"https:\/\/larevistadigital.com.ar\/blog\/category\/chascomus\/"},"img":{"alt_text":"","src":"https:\/\/i0.wp.com\/larevistadigital.com.ar\/blog\/wp-content\/uploads\/69692282a697e.png?fit=668%2C445&ssl=1&resize=350%2C200","width":350,"height":200,"srcset":"https:\/\/i0.wp.com\/larevistadigital.com.ar\/blog\/wp-content\/uploads\/69692282a697e.png?fit=668%2C445&ssl=1&resize=350%2C200 1x, https:\/\/i0.wp.com\/larevistadigital.com.ar\/blog\/wp-content\/uploads\/69692282a697e.png?fit=668%2C445&ssl=1&resize=525%2C300 1.5x"},"classes":[]},{"id":43931,"url":"https:\/\/larevistadigital.com.ar\/blog\/chascomus-con-450-inscriptos-se-disputara-la-ultima-fecha-de-la-competencia-de-aguas-abiertas\/","url_meta":{"origin":43145,"position":5},"title":"Chascom\u00fas: Con 450 inscriptos se disputar\u00e1 la \u00faltima fecha de la competencia de Aguas Abiertas","author":"Alejandro Sosa Ruda","date":"11 febrero, 2026","format":false,"excerpt":"La laguna \u201cChascom\u00fas\u201d oficiar\u00e1 de escenario de esta ic\u00f3nica competencia que combina el deporte, el verano, la naturaleza y la vida saludable, adem\u00e1s de potenciar el turismo Organizada por la Municipalidad de Chascom\u00fas, a trav\u00e9s del \u00e1rea de Deportes, este s\u00e1bado llega a su fin la tradicional competencia de Aguas\u2026","rel":"","context":"En \u00abCHASCOM\u00daS\u00bb","block_context":{"text":"CHASCOM\u00daS","link":"https:\/\/larevistadigital.com.ar\/blog\/category\/chascomus\/"},"img":{"alt_text":"","src":"https:\/\/i0.wp.com\/larevistadigital.com.ar\/blog\/wp-content\/uploads\/698cbc739b767.png?fit=668%2C445&ssl=1&resize=350%2C200","width":350,"height":200,"srcset":"https:\/\/i0.wp.com\/larevistadigital.com.ar\/blog\/wp-content\/uploads\/698cbc739b767.png?fit=668%2C445&ssl=1&resize=350%2C200 1x, https:\/\/i0.wp.com\/larevistadigital.com.ar\/blog\/wp-content\/uploads\/698cbc739b767.png?fit=668%2C445&ssl=1&resize=525%2C300 1.5x"},"classes":[]}],"_links":{"self":[{"href":"https:\/\/larevistadigital.com.ar\/blog\/wp-json\/wp\/v2\/posts\/43145","targetHints":{"allow":["GET"]}}],"collection":[{"href":"https:\/\/larevistadigital.com.ar\/blog\/wp-json\/wp\/v2\/posts"}],"about":[{"href":"https:\/\/larevistadigital.com.ar\/blog\/wp-json\/wp\/v2\/types\/post"}],"author":[{"embeddable":true,"href":"https:\/\/larevistadigital.com.ar\/blog\/wp-json\/wp\/v2\/users\/3"}],"replies":[{"embeddable":true,"href":"https:\/\/larevistadigital.com.ar\/blog\/wp-json\/wp\/v2\/comments?post=43145"}],"version-history":[{"count":1,"href":"https:\/\/larevistadigital.com.ar\/blog\/wp-json\/wp\/v2\/posts\/43145\/revisions"}],"predecessor-version":[{"id":43147,"href":"https:\/\/larevistadigital.com.ar\/blog\/wp-json\/wp\/v2\/posts\/43145\/revisions\/43147"}],"wp:featuredmedia":[{"embeddable":true,"href":"https:\/\/larevistadigital.com.ar\/blog\/wp-json\/wp\/v2\/media\/43146"}],"wp:attachment":[{"href":"https:\/\/larevistadigital.com.ar\/blog\/wp-json\/wp\/v2\/media?parent=43145"}],"wp:term":[{"taxonomy":"category","embeddable":true,"href":"https:\/\/larevistadigital.com.ar\/blog\/wp-json\/wp\/v2\/categories?post=43145"},{"taxonomy":"post_tag","embeddable":true,"href":"https:\/\/larevistadigital.com.ar\/blog\/wp-json\/wp\/v2\/tags?post=43145"}],"curies":[{"name":"wp","href":"https:\/\/api.w.org\/{rel}","templated":true}]}}