{"id":43148,"date":"2026-01-05T16:39:40","date_gmt":"2026-01-05T19:39:40","guid":{"rendered":"https:\/\/larevistadigital.com.ar\/blog\/?p=43148"},"modified":"2026-01-05T16:39:40","modified_gmt":"2026-01-05T19:39:40","slug":"chascomus-vos-tambien-podes-colaborar-con-la-cooperadora-del-hospital-municipal","status":"publish","type":"post","link":"https:\/\/larevistadigital.com.ar\/blog\/chascomus-vos-tambien-podes-colaborar-con-la-cooperadora-del-hospital-municipal\/","title":{"rendered":"Chascom\u00fas:  Vos tambi\u00e9n pod\u00e9s colaborar con la Cooperadora del Hospital Municipal"},"content":{"rendered":"<h3 class=\"excerpt\">Bien sabido es el importante trabajo que desarrollan desde la cooperadora, con recursos para el bienestar de los pacientes y con herramientas e insumos para un mejor servicio.<\/h3>\n<p>05 de enero de 2026<\/p>\n<div id=\"miDiv1\" class=\"text\">\n<p><strong>CHASCOM\u00daS &#8211;<\/strong>\u00a0 \u00a0Sin lugar a dudas una de las instituciones m\u00e1s reconocidas de nuestra ciudad es la Cooperadora del Hospital Municipal \u201cSan Vicente de Paul\u201d, que tiene por objetivo colaborar con recursos que se requieran para el bienestar de los pacientes que ingresan al principal efector de salud de la ciudad y con herramientas e insumos para mejorar los diferentes servicios.<\/p>\n<p>Por ello, te invitamos a ser parte de este servicio solidario, pudi\u00e9ndote sumar como socio y aportar para esta justa causa. Podes hacerlo, contact\u00e1ndote con la Cooperadora del Hospital Municipal, a trav\u00e9s de sus redes sociales @cooperadora.hospital.chascomus o por tel\u00e9fono al 2241-466086.<\/p>\n<\/div>\n","protected":false},"excerpt":{"rendered":"<div class=\"mh-excerpt\"><p>Bien sabido es el importante trabajo que desarrollan desde la cooperadora, con recursos para el bienestar de los pacientes y con herramientas e insumos para un mejor servicio. 05 de enero de 2026 CHASCOM\u00daS &#8211;\u00a0 <a class=\"mh-excerpt-more\" href=\"https:\/\/larevistadigital.com.ar\/blog\/chascomus-vos-tambien-podes-colaborar-con-la-cooperadora-del-hospital-municipal\/\" title=\"Chascom\u00fas:  Vos tambi\u00e9n pod\u00e9s colaborar con la Cooperadora del Hospital Municipal\">[Leer M\u00e1s]<\/a><\/p>\n<\/div>","protected":false},"author":3,"featured_media":43149,"comment_status":"open","ping_status":"open","sticky":false,"template":"","format":"standard","meta":{"_jetpack_memberships_contains_paid_content":false,"footnotes":"","jetpack_publicize_message":"","jetpack_publicize_feature_enabled":true,"jetpack_social_post_already_shared":true,"jetpack_social_options":{"image_generator_settings":{"template":"highway","default_image_id":0,"font":"","enabled":false},"version":2}},"categories":[6],"tags":[],"class_list":{"0":"post-43148","1":"post","2":"type-post","3":"status-publish","4":"format-standard","5":"has-post-thumbnail","7":"category-chascomus"},"jetpack_publicize_connections":[],"jetpack_featured_media_url":"https:\/\/i0.wp.com\/larevistadigital.com.ar\/blog\/wp-content\/uploads\/695bf0b88f6bd.png?fit=668%2C445&ssl=1","jetpack_sharing_enabled":true,"jetpack_shortlink":"https:\/\/wp.me\/p8qtrQ-bdW","jetpack-related-posts":[{"id":42764,"url":"https:\/\/larevistadigital.com.ar\/blog\/chascomus-nueva-aparatologia-en-el-hospital-municipal-donada-por-la-cooperadora\/","url_meta":{"origin":43148,"position":0},"title":"Chascom\u00fas: Nueva aparatolog\u00eda en el Hospital Municipal donada por la Cooperadora","author":"Alejandro Sosa Ruda","date":"4 diciembre, 2025","format":false,"excerpt":"Se trata de importante equipamiento que contribuir\u00e1 a la atenci\u00f3n de los consultorios externos. 04 de Diciembre de 2025 CHASCOM\u00daS -\u00a0 \u00a0 En la jornada del \u00faltimo mi\u00e9rcoles, la Cooperadora del Hospital Municipal \u201cSan Vicente de Paul\u201d don\u00f3 importante aparatolog\u00eda para el \u00e1rea de consultorios externos, que contribuyen a mejorar\u2026","rel":"","context":"En \u00abCHASCOM\u00daS\u00bb","block_context":{"text":"CHASCOM\u00daS","link":"https:\/\/larevistadigital.com.ar\/blog\/category\/chascomus\/"},"img":{"alt_text":"","src":"","width":0,"height":0},"classes":[]},{"id":41311,"url":"https:\/\/larevistadigital.com.ar\/blog\/chascomus-nuevo-equipamiento-en-el-hospital-municipal\/","url_meta":{"origin":43148,"position":1},"title":"Chascom\u00fas: Nuevo equipamiento en el Hospital Municipal","author":"Alejandro Sosa Ruda","date":"5 septiembre, 2025","format":false,"excerpt":"Se trata de autoanalizador donado por la Cooperadora que moderniza el sector de An\u00e1lisis Cl\u00ednicos. 05 de Septiembre de 2025 CHASCOM\u00daS -\u00a0 \u00a0La Cooperadora del Hospital San Vicente de Paul don\u00f3 un autonalizador de qu\u00edmica cl\u00ednica para el laboratorio de an\u00e1lisis. El nuevo equipamiento reemplaza uno anterior utilizado hasta el\u2026","rel":"","context":"En \u00abDESTACADAS\u00bb","block_context":{"text":"DESTACADAS","link":"https:\/\/larevistadigital.com.ar\/blog\/category\/destacadas\/"},"img":{"alt_text":"","src":"https:\/\/i0.wp.com\/larevistadigital.com.ar\/blog\/wp-content\/uploads\/68bb184745531.png?fit=668%2C445&ssl=1&resize=350%2C200","width":350,"height":200,"srcset":"https:\/\/i0.wp.com\/larevistadigital.com.ar\/blog\/wp-content\/uploads\/68bb184745531.png?fit=668%2C445&ssl=1&resize=350%2C200 1x, https:\/\/i0.wp.com\/larevistadigital.com.ar\/blog\/wp-content\/uploads\/68bb184745531.png?fit=668%2C445&ssl=1&resize=525%2C300 1.5x"},"classes":[]},{"id":44854,"url":"https:\/\/larevistadigital.com.ar\/blog\/chascomus-salud-publica-impulsa-la-participacion-de-empresas-en-apoyo-al-hospital-municipal\/","url_meta":{"origin":43148,"position":2},"title":"Chascom\u00fas: Salud P\u00fablica impulsa la participaci\u00f3n de empresas en apoyo al Hospital Municipal","author":"Alejandro Sosa Ruda","date":"31 marzo, 2026","format":false,"excerpt":"La direcci\u00f3n del centro de salud inici\u00f3 una campa\u00f1a para convocar a colaboradores de la cooperadora. 31 de marzo de 2026 CHASCOM\u00daS -\u00a0 \u00a0Desde el \u00e1rea de Salud P\u00fablica municipal se impulsan acciones para incorporar a empresas y comercios locales como colaboradores de la Asociaci\u00f3n Cooperadora del Hospital Municipal San\u2026","rel":"","context":"En \u00abINTERES GENERAL\u00bb","block_context":{"text":"INTERES GENERAL","link":"https:\/\/larevistadigital.com.ar\/blog\/category\/interes-general\/"},"img":{"alt_text":"","src":"https:\/\/i0.wp.com\/larevistadigital.com.ar\/blog\/wp-content\/uploads\/69cbfcdf2be84.png?fit=668%2C445&ssl=1&resize=350%2C200","width":350,"height":200,"srcset":"https:\/\/i0.wp.com\/larevistadigital.com.ar\/blog\/wp-content\/uploads\/69cbfcdf2be84.png?fit=668%2C445&ssl=1&resize=350%2C200 1x, https:\/\/i0.wp.com\/larevistadigital.com.ar\/blog\/wp-content\/uploads\/69cbfcdf2be84.png?fit=668%2C445&ssl=1&resize=525%2C300 1.5x"},"classes":[]},{"id":10509,"url":"https:\/\/larevistadigital.com.ar\/blog\/chascomus-nuevo-locro-solidario-a-beneficio-del-hospital-municipal\/","url_meta":{"origin":43148,"position":3},"title":"CHASCOMUS: NUEVO LOCRO SOLIDARIO A BENEFICIO DEL HOSPITAL MUNICIPAL","author":"Alejandro Sosa Ruda","date":"9 junio, 2019","format":false,"excerpt":"El joven comerciante Oscar Gim\u00e9nez presidente y fundador de la filial \u201cIsmael Damonte\u201d de Estudiantes de La plata, fue entrevistado en FM Por Siempre donde dio detalles de lo que ser\u00e1 la tercera edici\u00f3n de una nueva campa\u00f1a del locro solidaria donde en esta ocasi\u00f3n -por segunda vez- se trabajar\u00e1\u2026","rel":"","context":"En \u00abCHASCOM\u00daS\u00bb","block_context":{"text":"CHASCOM\u00daS","link":"https:\/\/larevistadigital.com.ar\/blog\/category\/chascomus\/"},"img":{"alt_text":"","src":"https:\/\/i0.wp.com\/larevistadigital.com.ar\/blog\/wp-content\/uploads\/Screenshot_5.jpg?fit=1026%2C567&ssl=1&resize=350%2C200","width":350,"height":200,"srcset":"https:\/\/i0.wp.com\/larevistadigital.com.ar\/blog\/wp-content\/uploads\/Screenshot_5.jpg?fit=1026%2C567&ssl=1&resize=350%2C200 1x, https:\/\/i0.wp.com\/larevistadigital.com.ar\/blog\/wp-content\/uploads\/Screenshot_5.jpg?fit=1026%2C567&ssl=1&resize=525%2C300 1.5x, https:\/\/i0.wp.com\/larevistadigital.com.ar\/blog\/wp-content\/uploads\/Screenshot_5.jpg?fit=1026%2C567&ssl=1&resize=700%2C400 2x"},"classes":[]},{"id":4349,"url":"https:\/\/larevistadigital.com.ar\/blog\/chascomus-importantes-adquisiciones-la-cooperadora-hospital-municipal\/","url_meta":{"origin":43148,"position":4},"title":"CHASCOM\u00daS: IMPORTANTES ADQUISICIONES PARA EL HOSPITAL MUNICIPAL","author":"Alejandro Sosa Ruda","date":"2 enero, 2018","format":false,"excerpt":"Esta ma\u00f1ana, el Intendente Javier Gast\u00f3n se hizo presente en el Hospital Municipal \u201cSan Vicente de Paul\u201d, para observar la nueva ambulancia y un equipo para diagn\u00f3sticos de infartos que ser\u00e1 utilizado para tener una mayor presencia y complejidad ante casos de emergencias. \u201cNos pone muy contentos poder contribuir con\u2026","rel":"","context":"En \u00abCHASCOM\u00daS\u00bb","block_context":{"text":"CHASCOM\u00daS","link":"https:\/\/larevistadigital.com.ar\/blog\/category\/chascomus\/"},"img":{"alt_text":"","src":"https:\/\/i0.wp.com\/larevistadigital.com.ar\/blog\/wp-content\/uploads\/2018\/01\/2018_01_02_15_59_09_8088684.jpg?fit=600%2C401&ssl=1&resize=350%2C200","width":350,"height":200,"srcset":"https:\/\/i0.wp.com\/larevistadigital.com.ar\/blog\/wp-content\/uploads\/2018\/01\/2018_01_02_15_59_09_8088684.jpg?fit=600%2C401&ssl=1&resize=350%2C200 1x, https:\/\/i0.wp.com\/larevistadigital.com.ar\/blog\/wp-content\/uploads\/2018\/01\/2018_01_02_15_59_09_8088684.jpg?fit=600%2C401&ssl=1&resize=525%2C300 1.5x"},"classes":[]},{"id":34526,"url":"https:\/\/larevistadigital.com.ar\/blog\/gran-apoyo-al-proyecto-solidario-corre-por-tus-suenos\/","url_meta":{"origin":43148,"position":5},"title":"GRAN APOYO AL PROYECTO SOLIDARIO \u00abCORRE POR TUS SUE\u00d1OS\u00bb","author":"Alejandro Sosa Ruda","date":"14 noviembre, 2023","format":false,"excerpt":"El proyecto solidario de Corre por Tus Sue\u00f1os con miras a El Cruce y a beneficio de la Cooperadora del Hospital. Lo public\u00f3 \"elsuplenteonline\" y \u00a1felicitamos la iniciativa! 14 de Noviembre de 2023 CHASCOM\u00daS -\u00a0 Una donaci\u00f3n cercana a los 400mil pesos para la Cooperadora del Hospital Municipal de Chascom\u00fas,\u2026","rel":"","context":"En \u00abCHASCOM\u00daS\u00bb","block_context":{"text":"CHASCOM\u00daS","link":"https:\/\/larevistadigital.com.ar\/blog\/category\/chascomus\/"},"img":{"alt_text":"","src":"https:\/\/i0.wp.com\/larevistadigital.com.ar\/blog\/wp-content\/uploads\/Captura-de-pantalla-2023-11-14-182248.png?fit=608%2C461&ssl=1&resize=350%2C200","width":350,"height":200,"srcset":"https:\/\/i0.wp.com\/larevistadigital.com.ar\/blog\/wp-content\/uploads\/Captura-de-pantalla-2023-11-14-182248.png?fit=608%2C461&ssl=1&resize=350%2C200 1x, https:\/\/i0.wp.com\/larevistadigital.com.ar\/blog\/wp-content\/uploads\/Captura-de-pantalla-2023-11-14-182248.png?fit=608%2C461&ssl=1&resize=525%2C300 1.5x"},"classes":[]}],"_links":{"self":[{"href":"https:\/\/larevistadigital.com.ar\/blog\/wp-json\/wp\/v2\/posts\/43148","targetHints":{"allow":["GET"]}}],"collection":[{"href":"https:\/\/larevistadigital.com.ar\/blog\/wp-json\/wp\/v2\/posts"}],"about":[{"href":"https:\/\/larevistadigital.com.ar\/blog\/wp-json\/wp\/v2\/types\/post"}],"author":[{"embeddable":true,"href":"https:\/\/larevistadigital.com.ar\/blog\/wp-json\/wp\/v2\/users\/3"}],"replies":[{"embeddable":true,"href":"https:\/\/larevistadigital.com.ar\/blog\/wp-json\/wp\/v2\/comments?post=43148"}],"version-history":[{"count":1,"href":"https:\/\/larevistadigital.com.ar\/blog\/wp-json\/wp\/v2\/posts\/43148\/revisions"}],"predecessor-version":[{"id":43150,"href":"https:\/\/larevistadigital.com.ar\/blog\/wp-json\/wp\/v2\/posts\/43148\/revisions\/43150"}],"wp:featuredmedia":[{"embeddable":true,"href":"https:\/\/larevistadigital.com.ar\/blog\/wp-json\/wp\/v2\/media\/43149"}],"wp:attachment":[{"href":"https:\/\/larevistadigital.com.ar\/blog\/wp-json\/wp\/v2\/media?parent=43148"}],"wp:term":[{"taxonomy":"category","embeddable":true,"href":"https:\/\/larevistadigital.com.ar\/blog\/wp-json\/wp\/v2\/categories?post=43148"},{"taxonomy":"post_tag","embeddable":true,"href":"https:\/\/larevistadigital.com.ar\/blog\/wp-json\/wp\/v2\/tags?post=43148"}],"curies":[{"name":"wp","href":"https:\/\/api.w.org\/{rel}","templated":true}]}}