{"id":43151,"date":"2026-01-05T17:02:36","date_gmt":"2026-01-05T20:02:36","guid":{"rendered":"https:\/\/larevistadigital.com.ar\/blog\/?p=43151"},"modified":"2026-01-05T17:02:36","modified_gmt":"2026-01-05T20:02:36","slug":"chascomus-el-intendente-javier-gaston-visito-a-los-agentes-que-participan-del-operativo-de-sol-a-sol-en-chascomus","status":"publish","type":"post","link":"https:\/\/larevistadigital.com.ar\/blog\/chascomus-el-intendente-javier-gaston-visito-a-los-agentes-que-participan-del-operativo-de-sol-a-sol-en-chascomus\/","title":{"rendered":"Chascom\u00fas: El intendente Javier Gast\u00f3n visit\u00f3 a los agentes que participan del Operativo de Sol a Sol en Chascom\u00fas"},"content":{"rendered":"<h3 class=\"excerpt\">El jefe comunal, junto a la secretar\u00eda de Seguridad, Mariela Moscarella, dio la bienvenida a los 20 agentes y 4 coordinadores que refuerzan las tareas de prevenci\u00f3n y cuidado durante la temporada de verano en el marco del Operativo de Sol a<\/h3>\n<div id=\"miDiv1\" class=\"text\">\n<p><span dir=\"auto\">El intendente <strong>Javier Gast\u00f3n<\/strong> visit\u00f3 a los 20 agentes y 4 coordinadores que arribaron a Chascom\u00fas como parte del Operativo de Sol a Sol, destinado a reforzar las tareas de prevenci\u00f3n, control y seguridad durante la temporada de verano.<\/span><\/p>\n<p>El encuentro se realiz\u00f3 junto a la secretar\u00eda de Seguridad, Mariela Moscarella, con quien el jefe comunal agradeci\u00f3 el trabajo conjunto que se lleva adelante entre la Municipalidad, la Polic\u00eda de la Provincia de Buenos Aires y las distintas fuerzas que participan del operativo.<\/p>\n<p>Los agentes se encuentran abocados a tareas de patrullaje, controles preventivos y acompa\u00f1amiento en zonas de mayor circulaci\u00f3n, espacios p\u00fablicos y sectores tur\u00edsticos, con el objetivo de garantizar una temporada segura tanto para vecinos y vecinas como para quienes visitan la ciudad.<\/p>\n<p>En esta oportunidad, el Operativo de Sol a Sol, una pol\u00edtica sostenida a\u00f1o a a\u00f1o por el Gobierno de la Provincia de Buenos Aires, contar\u00e1 con un despliegue de m\u00e1s de 20.000 polic\u00edas, 200 nuevos patrulleros y 60 motos, que realizar\u00e1n tareas de prevenci\u00f3n y cuidado de los y los turistas en la costa atl\u00e1ntica, las sierras y los lagos bonaerenses.<\/p>\n<p>Adem\u00e1s, se incrementar\u00e1n los medios log\u00edsticos y t\u00e9cnicos en las principales rutas, con el objetivo de brindar asistencia, prevenir siniestros viales, fiscalizar el transporte y realizar controles de alcoholemia.<\/p>\n<p>En materia de salud, el operativo contar\u00e1 con 35 ambulancias, un helic\u00f3ptero sanitario y 18 postas del programa \u201cMarea Sanitaria\u201d, orientadas a acciones de prevenci\u00f3n y promoci\u00f3n de la salud. Asimismo, se reforzar\u00e1 el Sistema de Atenci\u00f3n al Turista (SAT) para dar respuesta r\u00e1pida ante situaciones de urgencia.<\/p>\n<p>Desde la Municipalidad se destac\u00f3 la importancia de la presencia del Estado y la coordinaci\u00f3n permanente con las fuerzas de seguridad y los equipos de salud, reafirmando la decisi\u00f3n de seguir fortaleciendo las pol\u00edticas de prevenci\u00f3n y cuidado en todo el distrito.<\/p>\n<p>El Operativo de Sol a Sol forma parte de una estrategia integral que promueve el disfrute responsable de Chascom\u00fas durante el verano, reforzando la seguridad, la atenci\u00f3n sanitaria y la convivencia.<\/p>\n<\/div>\n","protected":false},"excerpt":{"rendered":"<div class=\"mh-excerpt\"><p>El jefe comunal, junto a la secretar\u00eda de Seguridad, Mariela Moscarella, dio la bienvenida a los 20 agentes y 4 coordinadores que refuerzan las tareas de prevenci\u00f3n y cuidado durante la temporada de verano en <a class=\"mh-excerpt-more\" href=\"https:\/\/larevistadigital.com.ar\/blog\/chascomus-el-intendente-javier-gaston-visito-a-los-agentes-que-participan-del-operativo-de-sol-a-sol-en-chascomus\/\" title=\"Chascom\u00fas: El intendente Javier Gast\u00f3n visit\u00f3 a los agentes que participan del Operativo de Sol a Sol en Chascom\u00fas\">[Leer M\u00e1s]<\/a><\/p>\n<\/div>","protected":false},"author":3,"featured_media":43152,"comment_status":"open","ping_status":"open","sticky":false,"template":"","format":"standard","meta":{"_jetpack_memberships_contains_paid_content":false,"footnotes":"","jetpack_publicize_message":"","jetpack_publicize_feature_enabled":true,"jetpack_social_post_already_shared":true,"jetpack_social_options":{"image_generator_settings":{"template":"highway","default_image_id":0,"font":"","enabled":false},"version":2}},"categories":[6],"tags":[],"class_list":{"0":"post-43151","1":"post","2":"type-post","3":"status-publish","4":"format-standard","5":"has-post-thumbnail","7":"category-chascomus"},"jetpack_publicize_connections":[],"jetpack_featured_media_url":"https:\/\/i0.wp.com\/larevistadigital.com.ar\/blog\/wp-content\/uploads\/695bf5450baf3.png?fit=668%2C445&ssl=1","jetpack_sharing_enabled":true,"jetpack_shortlink":"https:\/\/wp.me\/p8qtrQ-bdZ","jetpack-related-posts":[{"id":44094,"url":"https:\/\/larevistadigital.com.ar\/blog\/chascomus-el-intendente-recibio-a-nuevas-cadetes-del-operativo-sol-a-sol\/","url_meta":{"origin":43151,"position":0},"title":"Chascom\u00fas: El Intendente recibi\u00f3 a nuevas cadetes del Operativo Sol a Sol","author":"Alejandro Sosa Ruda","date":"20 febrero, 2026","format":false,"excerpt":"Dos j\u00f3venes polic\u00edas chascomunenses se incorporaron al refuerzo de seguridad para la temporada de verano. 20 de febrero de 2026 CHASCOM\u00daS -\u00a0 \u00a0El intendente Javier Gast\u00f3n recibi\u00f3 en su despacho a dos nuevas cadetes de polic\u00eda chascomunenses que forman parte del Operativo Sol a Sol, el dispositivo que refuerza la\u2026","rel":"","context":"En \u00abCHASCOM\u00daS\u00bb","block_context":{"text":"CHASCOM\u00daS","link":"https:\/\/larevistadigital.com.ar\/blog\/category\/chascomus\/"},"img":{"alt_text":"","src":"https:\/\/i0.wp.com\/larevistadigital.com.ar\/blog\/wp-content\/uploads\/6998938fe9b37.png?fit=668%2C445&ssl=1&resize=350%2C200","width":350,"height":200,"srcset":"https:\/\/i0.wp.com\/larevistadigital.com.ar\/blog\/wp-content\/uploads\/6998938fe9b37.png?fit=668%2C445&ssl=1&resize=350%2C200 1x, https:\/\/i0.wp.com\/larevistadigital.com.ar\/blog\/wp-content\/uploads\/6998938fe9b37.png?fit=668%2C445&ssl=1&resize=525%2C300 1.5x"},"classes":[]},{"id":37450,"url":"https:\/\/larevistadigital.com.ar\/blog\/chascomus-prepara-un-amplio-operativo-de-seguridad-para-la-temporada-de-verano\/","url_meta":{"origin":43151,"position":1},"title":"Chascom\u00fas prepara un amplio operativo de seguridad para la temporada de verano","author":"Alejandro Sosa Ruda","date":"7 octubre, 2024","format":false,"excerpt":"Funcionarios municipales y autoridades policiales se reunieron para coordinar medidas de cara a la llegada de turistas. 7 de Octubre de 2024 CHASCOM\u00daS -\u00a0 El intendente Javier Gast\u00f3n encabez\u00f3 un encuentro con funcionarios municipales y autoridades policiales para comenzar a trabajar en el operativo de seguridad que se implementar\u00e1 durante\u2026","rel":"","context":"En \u00abINTERES GENERAL\u00bb","block_context":{"text":"INTERES GENERAL","link":"https:\/\/larevistadigital.com.ar\/blog\/category\/interes-general\/"},"img":{"alt_text":"","src":"https:\/\/i0.wp.com\/larevistadigital.com.ar\/blog\/wp-content\/uploads\/6704163e418bc.png?fit=668%2C445&ssl=1&resize=350%2C200","width":350,"height":200,"srcset":"https:\/\/i0.wp.com\/larevistadigital.com.ar\/blog\/wp-content\/uploads\/6704163e418bc.png?fit=668%2C445&ssl=1&resize=350%2C200 1x, https:\/\/i0.wp.com\/larevistadigital.com.ar\/blog\/wp-content\/uploads\/6704163e418bc.png?fit=668%2C445&ssl=1&resize=525%2C300 1.5x"},"classes":[]},{"id":38372,"url":"https:\/\/larevistadigital.com.ar\/blog\/funcionarios-municipales-participaron-en-la-ceremonia-por-el-dia-de-la-policia-de-buenos-aires\/","url_meta":{"origin":43151,"position":2},"title":"Funcionarios municipales participaron en la ceremonia por el D\u00eda de la Polic\u00eda de Buenos Aires","author":"Alejandro Sosa Ruda","date":"21 diciembre, 2024","format":false,"excerpt":"En el marco del D\u00eda de la Polic\u00eda de la Provincia de Buenos Aires, autoridades municipales participaron en el acto conmemorativo que destac\u00f3 la labor de los agentes en la protecci\u00f3n y seguridad de la comunidad. 21 de Diciembre de 2024 CHASCOM\u00daS -\u00a0 La ceremonia cont\u00f3 con la presencia del\u2026","rel":"","context":"En \u00abDESTACADAS\u00bb","block_context":{"text":"DESTACADAS","link":"https:\/\/larevistadigital.com.ar\/blog\/category\/destacadas\/"},"img":{"alt_text":"","src":"https:\/\/i0.wp.com\/larevistadigital.com.ar\/blog\/wp-content\/uploads\/6765a2a2e6495.png?fit=668%2C445&ssl=1&resize=350%2C200","width":350,"height":200,"srcset":"https:\/\/i0.wp.com\/larevistadigital.com.ar\/blog\/wp-content\/uploads\/6765a2a2e6495.png?fit=668%2C445&ssl=1&resize=350%2C200 1x, https:\/\/i0.wp.com\/larevistadigital.com.ar\/blog\/wp-content\/uploads\/6765a2a2e6495.png?fit=668%2C445&ssl=1&resize=525%2C300 1.5x"},"classes":[]},{"id":29589,"url":"https:\/\/larevistadigital.com.ar\/blog\/chascomus-el-intendente-acompano-los-actos-por-la-creacion-de-la-policia-bonaerense\/","url_meta":{"origin":43151,"position":3},"title":"CHASCOM\u00daS: EL INTENDENTE ACOMPA\u00d1\u00d3 LOS ACTOS POR LA CREACI\u00d3N DE LA POLIC\u00cdA BONAERENSE","author":"Alejandro Sosa Ruda","date":"23 diciembre, 2022","format":false,"excerpt":"El intendente municipal Javier Gast\u00f3n, estuvo junto a la Secretaria de Seguridad Comunal Mariela Moscarellla en el acto de conmemoraci\u00f3n de los 201 a\u00f1os de la creaci\u00f3n de la Polic\u00eda Provincial, donde se entregaron reconocimientos y distinciones. CHASCOM\u00daS -\u00a0 En un muy emotivo acto, donde se percibi\u00f3 la gran camarader\u00eda\u2026","rel":"","context":"En \u00abCHASCOM\u00daS\u00bb","block_context":{"text":"CHASCOM\u00daS","link":"https:\/\/larevistadigital.com.ar\/blog\/category\/chascomus\/"},"img":{"alt_text":"","src":"https:\/\/i0.wp.com\/larevistadigital.com.ar\/blog\/wp-content\/uploads\/2022_12_23_00_27_06_1031904.jpg?fit=600%2C401&ssl=1&resize=350%2C200","width":350,"height":200,"srcset":"https:\/\/i0.wp.com\/larevistadigital.com.ar\/blog\/wp-content\/uploads\/2022_12_23_00_27_06_1031904.jpg?fit=600%2C401&ssl=1&resize=350%2C200 1x, https:\/\/i0.wp.com\/larevistadigital.com.ar\/blog\/wp-content\/uploads\/2022_12_23_00_27_06_1031904.jpg?fit=600%2C401&ssl=1&resize=525%2C300 1.5x"},"classes":[]},{"id":40753,"url":"https:\/\/larevistadigital.com.ar\/blog\/chascomus-la-nueva-titular-de-la-estacion-de-policia-comunal-fue-recibida-por-el-intendente-javier-gaston\/","url_meta":{"origin":43151,"position":4},"title":"Chascom\u00fas: La nueva titular de la Estaci\u00f3n de Polic\u00eda Comunal fue recibida por el intendente Javier Gast\u00f3n","author":"Alejandro Sosa Ruda","date":"5 agosto, 2025","format":false,"excerpt":"Marisa Islas asumir\u00e1 la conducci\u00f3n de la EPC y se acord\u00f3 fortalecer el trabajo conjunto en materia de seguridad. 05 de Agosto de 2025 CHASCOM\u00daS\u00a0 -\u00a0 Javier Gast\u00f3n recibi\u00f3 a la nueva titular de la Estaci\u00f3n de Polic\u00eda Comunal Marisa Islas asumir\u00e1 la conducci\u00f3n de la EPC y se acord\u00f3\u2026","rel":"","context":"En \u00abDESTACADAS\u00bb","block_context":{"text":"DESTACADAS","link":"https:\/\/larevistadigital.com.ar\/blog\/category\/destacadas\/"},"img":{"alt_text":"","src":"https:\/\/i0.wp.com\/larevistadigital.com.ar\/blog\/wp-content\/uploads\/68923689f253f.png?fit=668%2C445&ssl=1&resize=350%2C200","width":350,"height":200,"srcset":"https:\/\/i0.wp.com\/larevistadigital.com.ar\/blog\/wp-content\/uploads\/68923689f253f.png?fit=668%2C445&ssl=1&resize=350%2C200 1x, https:\/\/i0.wp.com\/larevistadigital.com.ar\/blog\/wp-content\/uploads\/68923689f253f.png?fit=668%2C445&ssl=1&resize=525%2C300 1.5x"},"classes":[]},{"id":38365,"url":"https:\/\/larevistadigital.com.ar\/blog\/presentacion-oficial-del-operativo-sol-y-la-temporada-2025\/","url_meta":{"origin":43151,"position":5},"title":"Presentaci\u00f3n oficial del Operativo Sol y la Temporada 2025","author":"Alejandro Sosa Ruda","date":"21 diciembre, 2024","format":false,"excerpt":"Leandro Bordalecou estuvo presente en el acto encabezado por el gobernador Kicillof 21 de Diciembre de 2024 CHASCOM\u00daS El intendente interino Leandro Bordalecou particip\u00f3 del acto realizado ayer en Miramar, donde el gobernador Axel Kicillof present\u00f3 la Temporada 2024\/25 y el Operativo de Sol a Sol, el dispositivo de seguridad,\u2026","rel":"","context":"En \u00abDESTACADAS\u00bb","block_context":{"text":"DESTACADAS","link":"https:\/\/larevistadigital.com.ar\/blog\/category\/destacadas\/"},"img":{"alt_text":"","src":"https:\/\/i0.wp.com\/larevistadigital.com.ar\/blog\/wp-content\/uploads\/6765b785549b7.png?fit=668%2C445&ssl=1&resize=350%2C200","width":350,"height":200,"srcset":"https:\/\/i0.wp.com\/larevistadigital.com.ar\/blog\/wp-content\/uploads\/6765b785549b7.png?fit=668%2C445&ssl=1&resize=350%2C200 1x, https:\/\/i0.wp.com\/larevistadigital.com.ar\/blog\/wp-content\/uploads\/6765b785549b7.png?fit=668%2C445&ssl=1&resize=525%2C300 1.5x"},"classes":[]}],"_links":{"self":[{"href":"https:\/\/larevistadigital.com.ar\/blog\/wp-json\/wp\/v2\/posts\/43151","targetHints":{"allow":["GET"]}}],"collection":[{"href":"https:\/\/larevistadigital.com.ar\/blog\/wp-json\/wp\/v2\/posts"}],"about":[{"href":"https:\/\/larevistadigital.com.ar\/blog\/wp-json\/wp\/v2\/types\/post"}],"author":[{"embeddable":true,"href":"https:\/\/larevistadigital.com.ar\/blog\/wp-json\/wp\/v2\/users\/3"}],"replies":[{"embeddable":true,"href":"https:\/\/larevistadigital.com.ar\/blog\/wp-json\/wp\/v2\/comments?post=43151"}],"version-history":[{"count":1,"href":"https:\/\/larevistadigital.com.ar\/blog\/wp-json\/wp\/v2\/posts\/43151\/revisions"}],"predecessor-version":[{"id":43153,"href":"https:\/\/larevistadigital.com.ar\/blog\/wp-json\/wp\/v2\/posts\/43151\/revisions\/43153"}],"wp:featuredmedia":[{"embeddable":true,"href":"https:\/\/larevistadigital.com.ar\/blog\/wp-json\/wp\/v2\/media\/43152"}],"wp:attachment":[{"href":"https:\/\/larevistadigital.com.ar\/blog\/wp-json\/wp\/v2\/media?parent=43151"}],"wp:term":[{"taxonomy":"category","embeddable":true,"href":"https:\/\/larevistadigital.com.ar\/blog\/wp-json\/wp\/v2\/categories?post=43151"},{"taxonomy":"post_tag","embeddable":true,"href":"https:\/\/larevistadigital.com.ar\/blog\/wp-json\/wp\/v2\/tags?post=43151"}],"curies":[{"name":"wp","href":"https:\/\/api.w.org\/{rel}","templated":true}]}}