{"id":43154,"date":"2026-01-05T17:29:20","date_gmt":"2026-01-05T20:29:20","guid":{"rendered":"https:\/\/larevistadigital.com.ar\/blog\/?p=43154"},"modified":"2026-01-05T17:29:20","modified_gmt":"2026-01-05T20:29:20","slug":"prevencion-de-accidentes-domesticos-con-ninos-y-ninas-pequenos","status":"publish","type":"post","link":"https:\/\/larevistadigital.com.ar\/blog\/prevencion-de-accidentes-domesticos-con-ninos-y-ninas-pequenos\/","title":{"rendered":"Prevenci\u00f3n de accidentes dom\u00e9sticos con ni\u00f1os y ni\u00f1as peque\u00f1os"},"content":{"rendered":"<h3 class=\"excerpt\">Desde la secretar\u00eda de Salud P\u00fablica Municipal se brindan recomendaciones para evitar los accidentes que se producen en el hogar.<\/h3>\n<p>05 de enero de 2026<\/p>\n<div id=\"miDiv1\" class=\"text\">\n<p><strong>CHASCOM\u00daS &#8211;\u00a0<\/strong> \u00a0Cada grupo familiar debe tener presente que el ni\u00f1o o la ni\u00f1a progresan r\u00e1pidamente en su desarrollo motor y que los episodios de lesiones m\u00e1s frecuentes ocurren en el hogar; especialmente, dentro de la cocina.<\/p>\n<blockquote>\n<h3>La mejor forma de prevenir accidentes dom\u00e9sticos es la supervisi\u00f3n constante de un adulto. Un minuto sin prestarles atenci\u00f3n puede ser suficiente para ocasionar una situaci\u00f3n de riesgo.<\/h3>\n<\/blockquote>\n<p>No obstante, para reducir los factores de riesgo en el hogar debemos implementar todas las medidas necesarias para evitarlos. A continuaci\u00f3n, la secretar\u00eda municipal de Salud P\u00fablica brinda algunas recomendaciones para hacerlo:<\/p>\n<p>&#8211;<em><strong>Proteger con rejas o defensas adecuadas las ventanas, escaleras y balcones.<\/strong><\/em><\/p>\n<p><em><strong>-Prestar atenci\u00f3n al usar manteles, ya que el ni\u00f1o puede desplazarse y tirar de ellos, arrastrando sobre s\u00ed objetos y l\u00edquidos calientes.<\/strong><\/em><\/p>\n<p><em><strong>-No darle al ni\u00f1o alimentos que puedan aspirarse con facilidad (garrapi\u00f1adas, man\u00edes, etc.)<\/strong><\/em><\/p>\n<p><em><strong>-Guardar bien los objetos filosos o punzantes (cuchillos, tijeras, agujas de tejer, etc.).<\/strong><\/em><\/p>\n<p><em><strong>-Mantener los insecticidas, los medicamentos y los art\u00edculos de limpieza en un lugar seguro y en su envase original.<\/strong><\/em><\/p>\n<p><em><strong>-No darles para que juegue cordones, ni bolsas pl\u00e1sticas, ni globos, ni objetos peque\u00f1os.<\/strong><\/em><\/p>\n<p><em><strong>-Tapar los enchufes.<\/strong><\/em><\/p>\n<p><em><strong>-No tener al beb\u00e9 en brazos cuando el adulto est\u00e1 tomando una bebida caliente.<\/strong><\/em><\/p>\n<p><em><strong>-No dejar solos a los ni\u00f1os, si se encuentran jugando con agua. Cuidar tambi\u00e9n que no queden al alcance del ni\u00f1o recipientes con agua (baldes, tachos, piletas, jarrones, etc.) donde se pueda ahogar.<\/strong><\/em><\/p>\n<\/div>\n","protected":false},"excerpt":{"rendered":"<div class=\"mh-excerpt\"><p>Desde la secretar\u00eda de Salud P\u00fablica Municipal se brindan recomendaciones para evitar los accidentes que se producen en el hogar. 05 de enero de 2026 CHASCOM\u00daS &#8211;\u00a0 \u00a0Cada grupo familiar debe tener presente que el <a class=\"mh-excerpt-more\" href=\"https:\/\/larevistadigital.com.ar\/blog\/prevencion-de-accidentes-domesticos-con-ninos-y-ninas-pequenos\/\" title=\"Prevenci\u00f3n de accidentes dom\u00e9sticos con ni\u00f1os y ni\u00f1as peque\u00f1os\">[Leer M\u00e1s]<\/a><\/p>\n<\/div>","protected":false},"author":3,"featured_media":43155,"comment_status":"open","ping_status":"open","sticky":false,"template":"","format":"standard","meta":{"_jetpack_memberships_contains_paid_content":false,"footnotes":"","jetpack_publicize_message":"","jetpack_publicize_feature_enabled":true,"jetpack_social_post_already_shared":true,"jetpack_social_options":{"image_generator_settings":{"template":"highway","default_image_id":0,"font":"","enabled":false},"version":2}},"categories":[50],"tags":[],"class_list":{"0":"post-43154","1":"post","2":"type-post","3":"status-publish","4":"format-standard","5":"has-post-thumbnail","7":"category-interes-general"},"jetpack_publicize_connections":[],"jetpack_featured_media_url":"https:\/\/i0.wp.com\/larevistadigital.com.ar\/blog\/wp-content\/uploads\/695bf1379a61a.png?fit=668%2C445&ssl=1","jetpack_sharing_enabled":true,"jetpack_shortlink":"https:\/\/wp.me\/p8qtrQ-be2","jetpack-related-posts":[{"id":42642,"url":"https:\/\/larevistadigital.com.ar\/blog\/chascomus-controles-periodicos-de-salud-para-personal-municipal\/","url_meta":{"origin":43154,"position":0},"title":"Chascom\u00fas: Controles peri\u00f3dicos de salud para personal municipal","author":"Alejandro Sosa Ruda","date":"29 noviembre, 2025","format":false,"excerpt":"Se llevaron a cabo evaluaciones obligatorias junto a Provincia ART para prevenir enfermedades profesionales. Durante la \u00faltima semana se desarrollaron los ex\u00e1menes peri\u00f3dicos obligatorios destinados a trabajadores y trabajadoras municipales. Las evaluaciones fueron coordinadas por el equipo de Recursos Humanos de la Municipalidad y contaron con la participaci\u00f3n de profesionales\u2026","rel":"","context":"En \u00abCHASCOM\u00daS\u00bb","block_context":{"text":"CHASCOM\u00daS","link":"https:\/\/larevistadigital.com.ar\/blog\/category\/chascomus\/"},"img":{"alt_text":"","src":"https:\/\/i0.wp.com\/larevistadigital.com.ar\/blog\/wp-content\/uploads\/6929d7c893e88.png?fit=668%2C445&ssl=1&resize=350%2C200","width":350,"height":200,"srcset":"https:\/\/i0.wp.com\/larevistadigital.com.ar\/blog\/wp-content\/uploads\/6929d7c893e88.png?fit=668%2C445&ssl=1&resize=350%2C200 1x, https:\/\/i0.wp.com\/larevistadigital.com.ar\/blog\/wp-content\/uploads\/6929d7c893e88.png?fit=668%2C445&ssl=1&resize=525%2C300 1.5x"},"classes":[]},{"id":36968,"url":"https:\/\/larevistadigital.com.ar\/blog\/recomendaciones-del-municipio-para-el-cuidado-responsable-de-mascotas\/","url_meta":{"origin":43154,"position":1},"title":"RECOMENDACIONES DEL MUNICIPIO PARA EL CUIDADO RESPONSABLE DE MASCOTAS","author":"Alejandro Sosa Ruda","date":"13 agosto, 2024","format":false,"excerpt":"La Municipalidad de Chascom\u00fas invita a los vecinos a comprometerse con el cuidado de sus animales de compa\u00f1\u00eda. 13 de Agosto de 2024 CHASCOM\u00daS -\u00a0 La tenencia responsable es el conjunto de obligaciones y responsabilidades que deben asumir los tutores de un animal dom\u00e9stico. Este compromiso dura toda la vida\u2026","rel":"","context":"En \u00abREGIONALES\u00bb","block_context":{"text":"REGIONALES","link":"https:\/\/larevistadigital.com.ar\/blog\/category\/regionales\/"},"img":{"alt_text":"","src":"https:\/\/i0.wp.com\/larevistadigital.com.ar\/blog\/wp-content\/uploads\/66bb8f034fbb6.png?fit=668%2C445&ssl=1&resize=350%2C200","width":350,"height":200,"srcset":"https:\/\/i0.wp.com\/larevistadigital.com.ar\/blog\/wp-content\/uploads\/66bb8f034fbb6.png?fit=668%2C445&ssl=1&resize=350%2C200 1x, https:\/\/i0.wp.com\/larevistadigital.com.ar\/blog\/wp-content\/uploads\/66bb8f034fbb6.png?fit=668%2C445&ssl=1&resize=525%2C300 1.5x"},"classes":[]},{"id":28885,"url":"https:\/\/larevistadigital.com.ar\/blog\/alerta-meteorologico-en-mar-del-plata-y-la-zona-por-lluvias-y-posible-caida-de-granizo\/","url_meta":{"origin":43154,"position":2},"title":"ALERTA METEOROL\u00d3GICO EN MAR DEL PLATA Y LA ZONA POR LLUVIAS Y POSIBLE CAIDA DE GRANIZO","author":"Alejandro Sosa Ruda","date":"19 noviembre, 2022","format":false,"excerpt":"Las condiciones clim\u00e1ticas podr\u00edan extenderse hasta la madrugada. Recomendaciones para evitar accidentes y da\u00f1os mayores. 19 de noviembre de 2022 El\u00a0Servicio Meteorol\u00f3gico Nacional\u00a0(SMN) emiti\u00f3 un alerta por\u00a0fuertes tormentas\u00a0para la Costa Atl\u00e1ntica. Seg\u00fan detallaron se trata de un alerta a corto plazo por tormentas fuertes con\u00a0lluvias intensas, r\u00e1fagas y ocasional ca\u00edda\u2026","rel":"","context":"En \u00abREGIONALES\u00bb","block_context":{"text":"REGIONALES","link":"https:\/\/larevistadigital.com.ar\/blog\/category\/regionales\/"},"img":{"alt_text":"","src":"https:\/\/i0.wp.com\/larevistadigital.com.ar\/blog\/wp-content\/uploads\/ALERTA-METEOROLOGICO.jpg?fit=1140%2C758&ssl=1&resize=350%2C200","width":350,"height":200,"srcset":"https:\/\/i0.wp.com\/larevistadigital.com.ar\/blog\/wp-content\/uploads\/ALERTA-METEOROLOGICO.jpg?fit=1140%2C758&ssl=1&resize=350%2C200 1x, https:\/\/i0.wp.com\/larevistadigital.com.ar\/blog\/wp-content\/uploads\/ALERTA-METEOROLOGICO.jpg?fit=1140%2C758&ssl=1&resize=525%2C300 1.5x, https:\/\/i0.wp.com\/larevistadigital.com.ar\/blog\/wp-content\/uploads\/ALERTA-METEOROLOGICO.jpg?fit=1140%2C758&ssl=1&resize=700%2C400 2x, https:\/\/i0.wp.com\/larevistadigital.com.ar\/blog\/wp-content\/uploads\/ALERTA-METEOROLOGICO.jpg?fit=1140%2C758&ssl=1&resize=1050%2C600 3x"},"classes":[]},{"id":44995,"url":"https:\/\/larevistadigital.com.ar\/blog\/el-otono-el-momento-ideal-para-revisar-estufas-y-equipos-de-calefaccion-antes-del-invierno\/","url_meta":{"origin":43154,"position":3},"title":"El oto\u00f1o, el momento ideal para revisar estufas y equipos de calefacci\u00f3n antes del invierno","author":"Alejandro Sosa Ruda","date":"7 abril, 2026","format":false,"excerpt":"Ante el inicio de las temporadas de bajas temperaturas, la Municipalidad de Chascom\u00fas brinda una serie de recomendaciones para prevenir accidentes dom\u00e9sticos por el uso de sistemas de calefacci\u00f3n. 07 de abril de 2026 CHASCOM\u00daS -\u00a0 \u00a0 Cada a\u00f1o, ante el descenso t\u00e9rmico, se incrementa el uso de estufas y\u2026","rel":"","context":"En \u00abINTERES GENERAL\u00bb","block_context":{"text":"INTERES GENERAL","link":"https:\/\/larevistadigital.com.ar\/blog\/category\/interes-general\/"},"img":{"alt_text":"","src":"https:\/\/i0.wp.com\/larevistadigital.com.ar\/blog\/wp-content\/uploads\/69d53a57e9e4c.png?fit=668%2C445&ssl=1&resize=350%2C200","width":350,"height":200,"srcset":"https:\/\/i0.wp.com\/larevistadigital.com.ar\/blog\/wp-content\/uploads\/69d53a57e9e4c.png?fit=668%2C445&ssl=1&resize=350%2C200 1x, https:\/\/i0.wp.com\/larevistadigital.com.ar\/blog\/wp-content\/uploads\/69d53a57e9e4c.png?fit=668%2C445&ssl=1&resize=525%2C300 1.5x"},"classes":[]},{"id":3648,"url":"https:\/\/larevistadigital.com.ar\/blog\/chascomus-primicia-confirmada-la-mayoria-los-jefes-area-del-hospital-presentaron-renuncia\/","url_meta":{"origin":43154,"position":4},"title":"CHASCOM\u00daS: PRIMICIA CONFIRMADA. LA MAYOR\u00cdA DE LOS JEFES DE \u00c1REA DEL HOSPITAL PRESENTARON SU RENUNCIA","author":"Alejandro Sosa Ruda","date":"30 octubre, 2017","format":false,"excerpt":"Lamentablemente distintas fuentes del hospital confirmaron a LRD lo que hab\u00eda anticipado la presidente de la CICOP, Rebeca Biggi con respecto a la presentaci\u00f3n de la renuncia de casi todos los jefes de \u00e1rea del Hospital Municipal San Vicente de Paul. Circul\u00f3 el rumor que esto alcanzar\u00eda a otras \u00e1reas,\u2026","rel":"","context":"En \u00abDESTACADAS\u00bb","block_context":{"text":"DESTACADAS","link":"https:\/\/larevistadigital.com.ar\/blog\/category\/destacadas\/"},"img":{"alt_text":"","src":"https:\/\/i0.wp.com\/larevistadigital.com.ar\/blog\/wp-content\/uploads\/2017\/10\/hospi1-1024x767-111-700x524.jpg?fit=700%2C524&ssl=1&resize=350%2C200","width":350,"height":200,"srcset":"https:\/\/i0.wp.com\/larevistadigital.com.ar\/blog\/wp-content\/uploads\/2017\/10\/hospi1-1024x767-111-700x524.jpg?fit=700%2C524&ssl=1&resize=350%2C200 1x, https:\/\/i0.wp.com\/larevistadigital.com.ar\/blog\/wp-content\/uploads\/2017\/10\/hospi1-1024x767-111-700x524.jpg?fit=700%2C524&ssl=1&resize=525%2C300 1.5x, https:\/\/i0.wp.com\/larevistadigital.com.ar\/blog\/wp-content\/uploads\/2017\/10\/hospi1-1024x767-111-700x524.jpg?fit=700%2C524&ssl=1&resize=700%2C400 2x"},"classes":[]},{"id":35682,"url":"https:\/\/larevistadigital.com.ar\/blog\/el-programa-de-salud-bucal-municipal-busca-prevenir-la-caries-desde-la-primera-infancia\/","url_meta":{"origin":43154,"position":5},"title":"EL PROGRAMA DE SALUD BUCAL MUNICIPAL BUSCA PREVENIR LA CARIES DESDE LA PRIMERA INFANCIA","author":"Alejandro Sosa Ruda","date":"23 marzo, 2024","format":false,"excerpt":"Con una charla realizada el viernes por la ma\u00f1ana en el Centro Integrador Comunitario (CIC) del barrio 30 de Mayo, se lanz\u00f3 el programa municipal \"La Salud en Boca de Todos los Ni\u00f1os y Ni\u00f1as de Chascom\u00fas\". 23 de marzo de 2024 CHASCOM\u00daS -\u00a0 \u00a0Este proyecto, encabezado por la secretaria\u2026","rel":"","context":"En \u00abCHASCOM\u00daS\u00bb","block_context":{"text":"CHASCOM\u00daS","link":"https:\/\/larevistadigital.com.ar\/blog\/category\/chascomus\/"},"img":{"alt_text":"","src":"https:\/\/i0.wp.com\/larevistadigital.com.ar\/blog\/wp-content\/uploads\/2024_03_23_01_23_03_6460605.jpg?fit=600%2C401&ssl=1&resize=350%2C200","width":350,"height":200,"srcset":"https:\/\/i0.wp.com\/larevistadigital.com.ar\/blog\/wp-content\/uploads\/2024_03_23_01_23_03_6460605.jpg?fit=600%2C401&ssl=1&resize=350%2C200 1x, https:\/\/i0.wp.com\/larevistadigital.com.ar\/blog\/wp-content\/uploads\/2024_03_23_01_23_03_6460605.jpg?fit=600%2C401&ssl=1&resize=525%2C300 1.5x"},"classes":[]}],"_links":{"self":[{"href":"https:\/\/larevistadigital.com.ar\/blog\/wp-json\/wp\/v2\/posts\/43154","targetHints":{"allow":["GET"]}}],"collection":[{"href":"https:\/\/larevistadigital.com.ar\/blog\/wp-json\/wp\/v2\/posts"}],"about":[{"href":"https:\/\/larevistadigital.com.ar\/blog\/wp-json\/wp\/v2\/types\/post"}],"author":[{"embeddable":true,"href":"https:\/\/larevistadigital.com.ar\/blog\/wp-json\/wp\/v2\/users\/3"}],"replies":[{"embeddable":true,"href":"https:\/\/larevistadigital.com.ar\/blog\/wp-json\/wp\/v2\/comments?post=43154"}],"version-history":[{"count":1,"href":"https:\/\/larevistadigital.com.ar\/blog\/wp-json\/wp\/v2\/posts\/43154\/revisions"}],"predecessor-version":[{"id":43156,"href":"https:\/\/larevistadigital.com.ar\/blog\/wp-json\/wp\/v2\/posts\/43154\/revisions\/43156"}],"wp:featuredmedia":[{"embeddable":true,"href":"https:\/\/larevistadigital.com.ar\/blog\/wp-json\/wp\/v2\/media\/43155"}],"wp:attachment":[{"href":"https:\/\/larevistadigital.com.ar\/blog\/wp-json\/wp\/v2\/media?parent=43154"}],"wp:term":[{"taxonomy":"category","embeddable":true,"href":"https:\/\/larevistadigital.com.ar\/blog\/wp-json\/wp\/v2\/categories?post=43154"},{"taxonomy":"post_tag","embeddable":true,"href":"https:\/\/larevistadigital.com.ar\/blog\/wp-json\/wp\/v2\/tags?post=43154"}],"curies":[{"name":"wp","href":"https:\/\/api.w.org\/{rel}","templated":true}]}}