{"id":43157,"date":"2026-01-05T21:18:03","date_gmt":"2026-01-06T00:18:03","guid":{"rendered":"https:\/\/larevistadigital.com.ar\/blog\/?p=43157"},"modified":"2026-01-05T21:18:03","modified_gmt":"2026-01-06T00:18:03","slug":"plan-maestro-del-rio-salado-kicillof-impulsa-la-etapa-final-frente-a-la-inaccion-nacional","status":"publish","type":"post","link":"https:\/\/larevistadigital.com.ar\/blog\/plan-maestro-del-rio-salado-kicillof-impulsa-la-etapa-final-frente-a-la-inaccion-nacional\/","title":{"rendered":"Plan Maestro del R\u00edo Salado: Kicillof impulsa la etapa final frente a la inacci\u00f3n nacional"},"content":{"rendered":"<h3>La Provincia lanza la licitaci\u00f3n del Tramo V y cuestiona la paralizaci\u00f3n del IV por parte de Naci\u00f3n. La obra busca recuperar 400 mil hect\u00e1reas, mitigar inundaciones y fortalecer el desarrollo productivo bonaerense.<\/h3>\n<p>05 de enero de 2026<\/p>\n<p>El gobierno de la provincia de Buenos Aires avanz\u00f3 con la licitaci\u00f3n de las etapas 1 y 2 del Tramo V del Plan Maestro Integral de la Cuenca del R\u00edo Salado, una de las obras hidr\u00e1ulicas m\u00e1s estrat\u00e9gicas de la historia reciente de la provincia. La iniciativa, impulsada por el ministerio de Infraestructura y Servicios P\u00fablicos, apunta a continuar con la adecuaci\u00f3n, ensanche y profundizaci\u00f3n del cauce del r\u00edo en un sector clave del centro-noroeste bonaerense.<\/p>\n<p>Los trabajos abarcan m\u00e1s de 60 kil\u00f3metros, atravesando los partidos de Alberti, Bragado y Chacabuco, con un impacto directo sobre miles de hect\u00e1reas productivas. La inversi\u00f3n estimada asciende a 138 millones de d\u00f3lares, financiados mediante un pr\u00e9stamo del Banco Europeo de Inversi\u00f3n (BEI) por 110 millones y aportes del Tesoro provincial. La apertura de sobres est\u00e1 prevista para el 26 de febrero y el inicio de las obras se espera para el \u00faltimo trimestre de 2026.<\/p>\n<p>\u201cPor decisi\u00f3n del gobernador\u00a0<strong>Axel Kicillof<\/strong>, la Provincia de Buenos Aires va a financiar la \u00faltima etapa de una de las obras m\u00e1s estrat\u00e9gicas y emblem\u00e1ticas de los \u00faltimos 30 a\u00f1os\u201d, indicaron desde Infraestructura.<\/p>\n<h2>Recuperaci\u00f3n productiva y gesti\u00f3n ambiental<\/h2>\n<p>Desde la Provincia destacaron que la concreci\u00f3n del Tramo V permitir\u00e1 recuperar cerca de 400 mil hect\u00e1reas productivas y mejorar sustancialmente la capacidad de escurrimiento del r\u00edo, triplicando su secci\u00f3n actual. Adem\u00e1s, se intervendr\u00e1n siete puentes \u2014cinco viales y dos ferroviarios\u2014 que hoy funcionan como cuellos de botella frente a crecidas extraordinarias.<\/p>\n<blockquote>\n<h3><em>\u201cEl Plan Maestro del r\u00edo Salado es una soluci\u00f3n estructural para cuidar a nuestra gente, fortalecer el desarrollo productivo bonaerense y planificar el territorio\u201d<\/em>, sostuvo el ministro\u00a0<strong>Javier Rodr\u00edguez<\/strong>. <strong><em>\u201cTenemos una mirada federal de la provincia de Buenos Aires, a partir de la convicci\u00f3n de que no hay municipios ni bonaerenses de primera y de segunda\u201d.<\/em><\/strong><\/h3>\n<\/blockquote>\n<p>El proyecto contempla tambi\u00e9n un fuerte componente ambiental, con preservaci\u00f3n de humedales, gesti\u00f3n integral de excedentes h\u00eddricos y mitigaci\u00f3n de los efectos de inundaciones y sequ\u00edas, fen\u00f3menos cada vez m\u00e1s frecuentes en la regi\u00f3n pampeana.<\/p>\n<h2>La disputa con la Naci\u00f3n por el Tramo IV<\/h2>\n<p>Mientras la Provincia avanza con el Tramo V, el Tramo IV permanece parcialmente paralizado por decisi\u00f3n del Gobierno Nacional, que no ha ejecutado la etapa 2 a pesar de contar con fondos espec\u00edficos provenientes del Fideicomiso de Infraestructura H\u00eddrica.<\/p>\n<p>Seg\u00fan <strong>Rodr\u00edguez<\/strong>, <strong><em>\u201ccelebramos que ya est\u00e9 encaminado el proceso para llevar adelante la etapa 5, que es la \u00faltima del dragado del Salado, pero no podemos dejar de reclamar por la paralizaci\u00f3n por parte del gobierno de\u00a0Javier Milei\u00a0de la etapa 4.2, a pesar de que\u00a0existe el Fondo H\u00eddrico conformado por recursos que se recaudan con este fin\u201d.<\/em><\/strong><\/p>\n<p>El Tramo IV incluye cuatro etapas y alcanza 212 km del curso del r\u00edo, afectando directamente a m\u00e1s de 10 mil hect\u00e1reas. La paralizaci\u00f3n de los subtramos A, B y C genera consecuencias negativas para la provincia y retrasa la finalizaci\u00f3n completa del Plan Maestro, una pol\u00edtica de Estado que abarca 531 km de la cuenca, 59 municipios y beneficia directamente a m\u00e1s de 1,5 millones de bonaerenses.<\/p>\n<p><strong><em>\u201cLa obra permite mitigar los efectos de las inundaciones, ampl\u00eda la frontera agropecuaria de toda la cuenca y mejora la calidad de vida de m\u00e1s de 1,5 millones de bonaerenses\u201d<\/em><\/strong>, concluyeron desde Infraestructura, y advirtieron que la Naci\u00f3n <strong><em>\u201clleva a la Argentina por un camino equivocado cuando deja al pa\u00eds sin infraestructura\u201d.<\/em><\/strong><\/p>\n","protected":false},"excerpt":{"rendered":"<div class=\"mh-excerpt\"><p>La Provincia lanza la licitaci\u00f3n del Tramo V y cuestiona la paralizaci\u00f3n del IV por parte de Naci\u00f3n. La obra busca recuperar 400 mil hect\u00e1reas, mitigar inundaciones y fortalecer el desarrollo productivo bonaerense. 05 de <a class=\"mh-excerpt-more\" href=\"https:\/\/larevistadigital.com.ar\/blog\/plan-maestro-del-rio-salado-kicillof-impulsa-la-etapa-final-frente-a-la-inaccion-nacional\/\" title=\"Plan Maestro del R\u00edo Salado: Kicillof impulsa la etapa final frente a la inacci\u00f3n nacional\">[Leer M\u00e1s]<\/a><\/p>\n<\/div>","protected":false},"author":3,"featured_media":43158,"comment_status":"open","ping_status":"open","sticky":false,"template":"","format":"standard","meta":{"_jetpack_memberships_contains_paid_content":false,"footnotes":"","jetpack_publicize_message":"","jetpack_publicize_feature_enabled":true,"jetpack_social_post_already_shared":true,"jetpack_social_options":{"image_generator_settings":{"template":"highway","default_image_id":0,"font":"","enabled":false},"version":2}},"categories":[41],"tags":[],"class_list":{"0":"post-43157","1":"post","2":"type-post","3":"status-publish","4":"format-standard","5":"has-post-thumbnail","7":"category-destacadas"},"jetpack_publicize_connections":[],"jetpack_featured_media_url":"https:\/\/i0.wp.com\/larevistadigital.com.ar\/blog\/wp-content\/uploads\/Captura-de-pantalla-2026-01-05-210225.jpg?fit=801%2C490&ssl=1","jetpack_sharing_enabled":true,"jetpack_shortlink":"https:\/\/wp.me\/p8qtrQ-be5","jetpack-related-posts":[{"id":39286,"url":"https:\/\/larevistadigital.com.ar\/blog\/preocupacion-por-el-freno-en-las-obras-del-rio-salado-advierten-un-cuello-de-botella-que-agrava-el-riesgo-de-inundaciones\/","url_meta":{"origin":43157,"position":0},"title":"Preocupaci\u00f3n por el freno en las obras del R\u00edo Salado: advierten un \u00abcuello de botella\u00bb que agrava el riesgo de inundaciones","author":"Alejandro Sosa Ruda","date":"4 abril, 2025","format":false,"excerpt":"Desde el Consejo del Salado reclaman la reanudaci\u00f3n urgente del dragado en el tramo IV.2, clave para el escurrimiento de las aguas. Denuncian que los fondos est\u00e1n disponibles, pero \u201cduermen\u201d en el Banco Naci\u00f3n. 04 de Abril de 2025 BUENOS AIRES -\u00a0 La paralizaci\u00f3n de las obras de dragado en\u2026","rel":"","context":"En \u00abMEDIO AMBIENTE\u00bb","block_context":{"text":"MEDIO AMBIENTE","link":"https:\/\/larevistadigital.com.ar\/blog\/category\/suplementos\/medio-ambiente\/"},"img":{"alt_text":"","src":"https:\/\/i0.wp.com\/larevistadigital.com.ar\/blog\/wp-content\/uploads\/4428d5120bf5da7f5afb1468b48c15ea87f712f0.jpg?fit=1140%2C760&ssl=1&resize=350%2C200","width":350,"height":200,"srcset":"https:\/\/i0.wp.com\/larevistadigital.com.ar\/blog\/wp-content\/uploads\/4428d5120bf5da7f5afb1468b48c15ea87f712f0.jpg?fit=1140%2C760&ssl=1&resize=350%2C200 1x, https:\/\/i0.wp.com\/larevistadigital.com.ar\/blog\/wp-content\/uploads\/4428d5120bf5da7f5afb1468b48c15ea87f712f0.jpg?fit=1140%2C760&ssl=1&resize=525%2C300 1.5x, https:\/\/i0.wp.com\/larevistadigital.com.ar\/blog\/wp-content\/uploads\/4428d5120bf5da7f5afb1468b48c15ea87f712f0.jpg?fit=1140%2C760&ssl=1&resize=700%2C400 2x, https:\/\/i0.wp.com\/larevistadigital.com.ar\/blog\/wp-content\/uploads\/4428d5120bf5da7f5afb1468b48c15ea87f712f0.jpg?fit=1140%2C760&ssl=1&resize=1050%2C600 3x"},"classes":[]},{"id":34113,"url":"https:\/\/larevistadigital.com.ar\/blog\/el-gobernador-kicillof-recorrio-los-avances-de-las-obras-en-la-cuenca-del-salado\/","url_meta":{"origin":43157,"position":1},"title":"EL GOBERNADOR KICILLOF RECORRI\u00d3 LOS AVANCES DE LAS OBRAS EN LA CUENCA DEL SALADO","author":"Alejandro Sosa Ruda","date":"19 octubre, 2023","format":false,"excerpt":"El Plan Maestro Cuenca del R\u00edo Salado fue planificado hace m\u00e1s de 20 a\u00f1os y es de vital importancia para apuntalar la producci\u00f3n de alimentos en el noroeste y el centro bonaerense, donde se produce cerca del 30% de los granos y la carne de nuestro pa\u00eds. 19 de octubre\u2026","rel":"","context":"En \u00abDESTACADAS\u00bb","block_context":{"text":"DESTACADAS","link":"https:\/\/larevistadigital.com.ar\/blog\/category\/destacadas\/"},"img":{"alt_text":"","src":"https:\/\/i0.wp.com\/larevistadigital.com.ar\/blog\/wp-content\/uploads\/20231019180126_rio-salado.jpg?fit=880%2C512&ssl=1&resize=350%2C200","width":350,"height":200,"srcset":"https:\/\/i0.wp.com\/larevistadigital.com.ar\/blog\/wp-content\/uploads\/20231019180126_rio-salado.jpg?fit=880%2C512&ssl=1&resize=350%2C200 1x, https:\/\/i0.wp.com\/larevistadigital.com.ar\/blog\/wp-content\/uploads\/20231019180126_rio-salado.jpg?fit=880%2C512&ssl=1&resize=525%2C300 1.5x, https:\/\/i0.wp.com\/larevistadigital.com.ar\/blog\/wp-content\/uploads\/20231019180126_rio-salado.jpg?fit=880%2C512&ssl=1&resize=700%2C400 2x"},"classes":[]},{"id":32177,"url":"https:\/\/larevistadigital.com.ar\/blog\/alerta-roja-por-cianobacterias-en-lagunas-bonaerenses-y-el-rio-salado\/","url_meta":{"origin":43157,"position":2},"title":"ALERTA ROJA POR CIANOBACTERIAS EN LAGUNAS BONAERENSES Y EL R\u00cdO SALADO","author":"Alejandro Sosa Ruda","date":"30 junio, 2023","format":false,"excerpt":"Recomiendan no usar el agua para consumo de forma directa ni para higiene personal; alejar a los ni\u00f1os y mascotas hasta que la floraci\u00f3n desaparezca, tampoco consumir alimentos que provengan del r\u00edo o laguna, ni ba\u00f1arse en ellos. 30 de junio de 2023 BUENOS AIRES -\u00a0 La Subsecretar\u00eda de Recursos\u2026","rel":"","context":"En \u00abREGIONALES\u00bb","block_context":{"text":"REGIONALES","link":"https:\/\/larevistadigital.com.ar\/blog\/category\/regionales\/"},"img":{"alt_text":"","src":"https:\/\/i0.wp.com\/larevistadigital.com.ar\/blog\/wp-content\/uploads\/20230628183307_cianob.jpg?fit=880%2C512&ssl=1&resize=350%2C200","width":350,"height":200,"srcset":"https:\/\/i0.wp.com\/larevistadigital.com.ar\/blog\/wp-content\/uploads\/20230628183307_cianob.jpg?fit=880%2C512&ssl=1&resize=350%2C200 1x, https:\/\/i0.wp.com\/larevistadigital.com.ar\/blog\/wp-content\/uploads\/20230628183307_cianob.jpg?fit=880%2C512&ssl=1&resize=525%2C300 1.5x, https:\/\/i0.wp.com\/larevistadigital.com.ar\/blog\/wp-content\/uploads\/20230628183307_cianob.jpg?fit=880%2C512&ssl=1&resize=700%2C400 2x"},"classes":[]},{"id":31211,"url":"https:\/\/larevistadigital.com.ar\/blog\/por-fin-comenzo-la-repavimentacion-de-la-ruta-2-en-el-tramo-que-pasa-por-chascomus-lezama-castelli-y-dolores\/","url_meta":{"origin":43157,"position":3},"title":"POR FIN: COMENZ\u00d3 LA REPAVIMENTACI\u00d3N DE LA RUTA 2 EN EL TRAMO QUE PASA POR CHASCOM\u00daS, LEZAMA, CASTELLI Y DOLORES","author":"Alejandro Sosa Ruda","date":"24 abril, 2023","format":false,"excerpt":"Los trabajos tambi\u00e9n incluyen la puesta en valor y bacheo del tramo entre Las Armas y Mar del Plata. Los detalles de la obra. 24 de abril de 2023 BUENOS AIRES -\u00a0\u00a0El Gobierno bonaerense comenz\u00f3 con la obra de\u00a0repavimentaci\u00f3n, bacheo y puesta en valor de la Ruta 2\u00a0en un importante\u2026","rel":"","context":"En \u00abPOLITICA PROVINCIAL\u00bb","block_context":{"text":"POLITICA PROVINCIAL","link":"https:\/\/larevistadigital.com.ar\/blog\/category\/politica\/politica-provincial\/"},"img":{"alt_text":"","src":"https:\/\/i0.wp.com\/larevistadigital.com.ar\/blog\/wp-content\/uploads\/31b55ced6ac1f674bfbbe9ff0e5bd01118c3d679.jpg?fit=1140%2C760&ssl=1&resize=350%2C200","width":350,"height":200,"srcset":"https:\/\/i0.wp.com\/larevistadigital.com.ar\/blog\/wp-content\/uploads\/31b55ced6ac1f674bfbbe9ff0e5bd01118c3d679.jpg?fit=1140%2C760&ssl=1&resize=350%2C200 1x, https:\/\/i0.wp.com\/larevistadigital.com.ar\/blog\/wp-content\/uploads\/31b55ced6ac1f674bfbbe9ff0e5bd01118c3d679.jpg?fit=1140%2C760&ssl=1&resize=525%2C300 1.5x, https:\/\/i0.wp.com\/larevistadigital.com.ar\/blog\/wp-content\/uploads\/31b55ced6ac1f674bfbbe9ff0e5bd01118c3d679.jpg?fit=1140%2C760&ssl=1&resize=700%2C400 2x, https:\/\/i0.wp.com\/larevistadigital.com.ar\/blog\/wp-content\/uploads\/31b55ced6ac1f674bfbbe9ff0e5bd01118c3d679.jpg?fit=1140%2C760&ssl=1&resize=1050%2C600 3x"},"classes":[]},{"id":42498,"url":"https:\/\/larevistadigital.com.ar\/blog\/bianco-el-gobierno-nacional-le-debe-129-billones-a-la-provincia\/","url_meta":{"origin":43157,"position":4},"title":"Bianco: \u201cEl Gobierno nacional le debe $12,9 billones a la Provincia\u201d","author":"Alejandro Sosa Ruda","date":"17 noviembre, 2025","format":false,"excerpt":"El ministro de Gobierno, Carlos Bianco, llev\u00f3 a cabo una nueva conferencia de prensa junto al ministro de Infraestructura y Servicios P\u00fablicos, Gabriel Katopodis, y al presidente de AUBASA, Jos\u00e9 Arteaga. El ministro de Gobierno de la Provincia de Buenos Aires, Carlos Bianco, brind\u00f3 hoy la habitual conferencia de prensa\u2026","rel":"","context":"En \u00abDESTACADAS\u00bb","block_context":{"text":"DESTACADAS","link":"https:\/\/larevistadigital.com.ar\/blog\/category\/destacadas\/"},"img":{"alt_text":"","src":"https:\/\/i0.wp.com\/larevistadigital.com.ar\/blog\/wp-content\/uploads\/Screenshot_20251117_134850_Drive.jpg?fit=743%2C530&ssl=1&resize=350%2C200","width":350,"height":200,"srcset":"https:\/\/i0.wp.com\/larevistadigital.com.ar\/blog\/wp-content\/uploads\/Screenshot_20251117_134850_Drive.jpg?fit=743%2C530&ssl=1&resize=350%2C200 1x, https:\/\/i0.wp.com\/larevistadigital.com.ar\/blog\/wp-content\/uploads\/Screenshot_20251117_134850_Drive.jpg?fit=743%2C530&ssl=1&resize=525%2C300 1.5x, https:\/\/i0.wp.com\/larevistadigital.com.ar\/blog\/wp-content\/uploads\/Screenshot_20251117_134850_Drive.jpg?fit=743%2C530&ssl=1&resize=700%2C400 2x"},"classes":[]},{"id":8570,"url":"https:\/\/larevistadigital.com.ar\/blog\/monte-finalmente-hallaron-el-cuerpo-del-hombre-que-se-tiro-al-rio-para-salvar-a-sus-hijos\/","url_meta":{"origin":43157,"position":5},"title":"MONTE: FINALMENTE HALLARON EL CUERPO DEL HOMBRE QUE SE TIR\u00d3 AL R\u00cdO PARA SALVAR A SUS HIJOS","author":"Alejandro Sosa Ruda","date":"18 febrero, 2019","format":false,"excerpt":"Inform\u00f3 el portald e noticias INFOZONA que encontraron el cuerpo del hombre desaparecido en el R\u00edo Salado, en jurisdicci\u00f3n del partido de Monte. El sujeto de 32 a\u00f1os se tir\u00f3 al r\u00edo para salvar a sus hijos, de 7 y 9 a\u00f1os, arrastrados por la correntada, lamentablemente \u00e9l nunca logr\u00f3\u2026","rel":"","context":"En \u00abPOLICIALES\u00bb","block_context":{"text":"POLICIALES","link":"https:\/\/larevistadigital.com.ar\/blog\/category\/policiales\/"},"img":{"alt_text":"","src":"https:\/\/i0.wp.com\/larevistadigital.com.ar\/blog\/wp-content\/uploads\/2019\/02\/52504013_989603757905022_5164458703243444224_n.jpg?fit=960%2C720&ssl=1&resize=350%2C200","width":350,"height":200,"srcset":"https:\/\/i0.wp.com\/larevistadigital.com.ar\/blog\/wp-content\/uploads\/2019\/02\/52504013_989603757905022_5164458703243444224_n.jpg?fit=960%2C720&ssl=1&resize=350%2C200 1x, https:\/\/i0.wp.com\/larevistadigital.com.ar\/blog\/wp-content\/uploads\/2019\/02\/52504013_989603757905022_5164458703243444224_n.jpg?fit=960%2C720&ssl=1&resize=525%2C300 1.5x, https:\/\/i0.wp.com\/larevistadigital.com.ar\/blog\/wp-content\/uploads\/2019\/02\/52504013_989603757905022_5164458703243444224_n.jpg?fit=960%2C720&ssl=1&resize=700%2C400 2x"},"classes":[]}],"_links":{"self":[{"href":"https:\/\/larevistadigital.com.ar\/blog\/wp-json\/wp\/v2\/posts\/43157","targetHints":{"allow":["GET"]}}],"collection":[{"href":"https:\/\/larevistadigital.com.ar\/blog\/wp-json\/wp\/v2\/posts"}],"about":[{"href":"https:\/\/larevistadigital.com.ar\/blog\/wp-json\/wp\/v2\/types\/post"}],"author":[{"embeddable":true,"href":"https:\/\/larevistadigital.com.ar\/blog\/wp-json\/wp\/v2\/users\/3"}],"replies":[{"embeddable":true,"href":"https:\/\/larevistadigital.com.ar\/blog\/wp-json\/wp\/v2\/comments?post=43157"}],"version-history":[{"count":1,"href":"https:\/\/larevistadigital.com.ar\/blog\/wp-json\/wp\/v2\/posts\/43157\/revisions"}],"predecessor-version":[{"id":43159,"href":"https:\/\/larevistadigital.com.ar\/blog\/wp-json\/wp\/v2\/posts\/43157\/revisions\/43159"}],"wp:featuredmedia":[{"embeddable":true,"href":"https:\/\/larevistadigital.com.ar\/blog\/wp-json\/wp\/v2\/media\/43158"}],"wp:attachment":[{"href":"https:\/\/larevistadigital.com.ar\/blog\/wp-json\/wp\/v2\/media?parent=43157"}],"wp:term":[{"taxonomy":"category","embeddable":true,"href":"https:\/\/larevistadigital.com.ar\/blog\/wp-json\/wp\/v2\/categories?post=43157"},{"taxonomy":"post_tag","embeddable":true,"href":"https:\/\/larevistadigital.com.ar\/blog\/wp-json\/wp\/v2\/tags?post=43157"}],"curies":[{"name":"wp","href":"https:\/\/api.w.org\/{rel}","templated":true}]}}