{"id":43364,"date":"2026-01-14T19:56:18","date_gmt":"2026-01-14T22:56:18","guid":{"rendered":"https:\/\/larevistadigital.com.ar\/blog\/?p=43364"},"modified":"2026-01-14T19:56:18","modified_gmt":"2026-01-14T22:56:18","slug":"flybondi-volvio-a-fallar-y-multiplico-cancelaciones-en-verano","status":"publish","type":"post","link":"https:\/\/larevistadigital.com.ar\/blog\/flybondi-volvio-a-fallar-y-multiplico-cancelaciones-en-verano\/","title":{"rendered":"Flybondi volvi\u00f3 a fallar y multiplic\u00f3 cancelaciones en verano"},"content":{"rendered":"<h3>Flybondi cancel\u00f3 125 vuelos en solo cuatro d\u00edas y dej\u00f3 a m\u00e1s de 22 mil pasajeros afectados. Problemas de flota y enojo en Aeroparque.<\/h3>\n<p>14 de enero de 2026<\/p>\n<p>En el arranque de la temporada alta de verano,\u00a0<strong>Flybondi\u00a0<\/strong>volvi\u00f3 a quedar en el centro de la pol\u00e9mica tras cancelar 125 vuelos en apenas cuatro d\u00edas, una cifra que representa casi una cuarta parte de su programaci\u00f3n prevista. La situaci\u00f3n afect\u00f3 a m\u00e1s de 22.000 pasajeros y reaviv\u00f3 las cr\u00edticas por los problemas operativos que la aerol\u00ednea arrastra desde hace varias temporadas.<\/p>\n<p>Seg\u00fan datos oficiales, entre el jueves y el lunes la compa\u00f1\u00eda oper\u00f3 poco m\u00e1s de 520 vuelos y traslad\u00f3 alrededor de 94.000 personas, mientras avanzaban las suspensiones y reprogramaciones que generaron escenas de caos en Aeroparque.<\/p>\n<h3>Problemas operativos y falta de flota<\/h3>\n<p>La empresa atribuy\u00f3 las cancelaciones a \u201ccuestiones operativas y de disponibilidad de flota\u201d, adem\u00e1s del cierre temporal del aeropuerto internacional de Ezeiza, factores que \u2014seg\u00fan explic\u00f3\u2014 obligaron a realizar ajustes de \u00faltimo momento en la programaci\u00f3n.<\/p>\n<p>Desde Flybondi aseguraron que se prioriz\u00f3 la reubicaci\u00f3n de los pasajeros afectados, aunque en los aeropuertos la situaci\u00f3n fue muy distinta. Durante la ma\u00f1ana del martes, decenas de viajeros denunciaron largas filas, falta de informaci\u00f3n y una atenci\u00f3n que calificaron como insuficiente ante la cancelaci\u00f3n inesperada de sus vuelos.<\/p>\n<h3><span style=\"color: #ff0000\">Un verano que repite los mismos conflictos<\/span><\/h3>\n<p>\u201cNo es algo nuevo\u201d, reconocen incluso dentro del sector aerocomercial. Por segundo verano consecutivo, Flybondi vuelve a ser noticia por demoras, reprogramaciones y cancelaciones masivas, pese a haber anunciado meses atr\u00e1s la incorporaci\u00f3n de nuevas aeronaves.<\/p>\n<p>Un informe de especialistas en aeronavegaci\u00f3n indica que, solo en los \u00faltimos cinco d\u00edas, casi 20.000 personas se vieron afectadas por la suspensi\u00f3n de vuelos. La propia compa\u00f1\u00eda admiti\u00f3 haber cancelado m\u00e1s de 100 trayectos en ese breve lapso.<\/p>\n<h3>Antecedentes y una crisis que persiste<\/h3>\n<p>Hace poco m\u00e1s de un a\u00f1o, Flybondi ya hab\u00eda informado a la Administraci\u00f3n Nacional de Aviaci\u00f3n Civil (ANAC) la reprogramaci\u00f3n de 71 vuelos entre Navidad y A\u00f1o Nuevo. Lejos de corregirse, el problema se profundiz\u00f3 esta temporada, con cifras a\u00fan m\u00e1s altas.<\/p>\n<p>La aerol\u00ednea, fundada en 2018 y emblema del modelo low cost impulsado durante el gobierno de Mauricio Macri, fue adquirida en julio pasado por COC Global Enterprise, firma vinculada al empresario Leonardo Scaturicce. Desde entonces, la empresa busca dejar atr\u00e1s una compleja situaci\u00f3n financiera, aunque los inconvenientes operativos siguen siendo recurrentes.<\/p>\n<h3><span style=\"color: #ff0000\">Promesas de refuerzo y dudas sobre el servicio<\/span><\/h3>\n<p>En un intento por estabilizar su operaci\u00f3n, Flybondi anunci\u00f3 que incorporar\u00e1 cuatro aeronaves alquiladas para reforzar la flota durante el verano. Sin embargo, informes recientes la ubican entre las compa\u00f1\u00edas m\u00e1s impuntuales del mercado aerocomercial argentino, con elevados \u00edndices de demoras y cancelaciones.<\/p>\n<p>fuente: grupolaprovincia.com<\/p>\n","protected":false},"excerpt":{"rendered":"<div class=\"mh-excerpt\"><p>Flybondi cancel\u00f3 125 vuelos en solo cuatro d\u00edas y dej\u00f3 a m\u00e1s de 22 mil pasajeros afectados. Problemas de flota y enojo en Aeroparque. 14 de enero de 2026 En el arranque de la temporada <a class=\"mh-excerpt-more\" href=\"https:\/\/larevistadigital.com.ar\/blog\/flybondi-volvio-a-fallar-y-multiplico-cancelaciones-en-verano\/\" title=\"Flybondi volvi\u00f3 a fallar y multiplic\u00f3 cancelaciones en verano\">[Leer M\u00e1s]<\/a><\/p>\n<\/div>","protected":false},"author":3,"featured_media":43365,"comment_status":"open","ping_status":"open","sticky":false,"template":"","format":"standard","meta":{"_jetpack_memberships_contains_paid_content":false,"footnotes":"","jetpack_publicize_message":"","jetpack_publicize_feature_enabled":true,"jetpack_social_post_already_shared":true,"jetpack_social_options":{"image_generator_settings":{"template":"highway","default_image_id":0,"font":"","enabled":false},"version":2}},"categories":[50],"tags":[],"class_list":{"0":"post-43364","1":"post","2":"type-post","3":"status-publish","4":"format-standard","5":"has-post-thumbnail","7":"category-interes-general"},"jetpack_publicize_connections":[],"jetpack_featured_media_url":"https:\/\/i0.wp.com\/larevistadigital.com.ar\/blog\/wp-content\/uploads\/Captura-de-pantalla-2026-01-14-195359.jpg?fit=794%2C440&ssl=1","jetpack_sharing_enabled":true,"jetpack_shortlink":"https:\/\/wp.me\/p8qtrQ-bhq","jetpack-related-posts":[{"id":21096,"url":"https:\/\/larevistadigital.com.ar\/blog\/los-vuelos-de-todo-el-pais-estan-afectados-por-un-paro\/","url_meta":{"origin":43364,"position":0},"title":"LOS VUELOS DE TODO EL PA\u00cdS EST\u00c1N AFECTADOS POR UN PARO","author":"Alejandro Sosa Ruda","date":"12 julio, 2021","format":false,"excerpt":"Controladores y t\u00e9cnicos de navegaci\u00f3n a\u00e9rea llevan a cabo una medida de fuerza. No afecta vuelos humanitarios y\/o sanitarios que transportan vacunas. Los controladores y t\u00e9cnicos de navegaci\u00f3n a\u00e9rea nucleados en la Asociaci\u00f3n T\u00e9cnicos y Empleados de Protecci\u00f3n y Seguridad a la Aeronavegaci\u00f3n (Atepsa) realizan hoy una medida de fuerza\u2026","rel":"","context":"En \u00abINTERES GENERAL\u00bb","block_context":{"text":"INTERES GENERAL","link":"https:\/\/larevistadigital.com.ar\/blog\/category\/interes-general\/"},"img":{"alt_text":"","src":"https:\/\/i0.wp.com\/larevistadigital.com.ar\/blog\/wp-content\/uploads\/Captura-de-pantalla-2021-07-12-111104.png?fit=1012%2C567&ssl=1&resize=350%2C200","width":350,"height":200,"srcset":"https:\/\/i0.wp.com\/larevistadigital.com.ar\/blog\/wp-content\/uploads\/Captura-de-pantalla-2021-07-12-111104.png?fit=1012%2C567&ssl=1&resize=350%2C200 1x, https:\/\/i0.wp.com\/larevistadigital.com.ar\/blog\/wp-content\/uploads\/Captura-de-pantalla-2021-07-12-111104.png?fit=1012%2C567&ssl=1&resize=525%2C300 1.5x, https:\/\/i0.wp.com\/larevistadigital.com.ar\/blog\/wp-content\/uploads\/Captura-de-pantalla-2021-07-12-111104.png?fit=1012%2C567&ssl=1&resize=700%2C400 2x"},"classes":[]},{"id":41137,"url":"https:\/\/larevistadigital.com.ar\/blog\/dos-aerolineas-chinas-analizan-operar-vuelos-hacia-argentina\/","url_meta":{"origin":43364,"position":1},"title":"Dos aerol\u00edneas chinas analizan operar vuelos hacia Argentina","author":"Alejandro Sosa Ruda","date":"29 agosto, 2025","format":false,"excerpt":"China Eastern Airlines confirm\u00f3 a mediados de junio un acuerdo con el Aeropuerto Internacional de Auckland para abrir una nueva ruta que unir\u00e1 Shangh\u00e1i con Buenos Aires, con escala en Nueva Zelanda. La conexi\u00f3n, denominada \u201cCorredor Sur\u201d, comenzar\u00eda a funcionar en diciembre de 2025 con dos vuelos semanales operados con\u2026","rel":"","context":"En \u00abINTERES GENERAL\u00bb","block_context":{"text":"INTERES GENERAL","link":"https:\/\/larevistadigital.com.ar\/blog\/category\/interes-general\/"},"img":{"alt_text":"","src":"https:\/\/i0.wp.com\/larevistadigital.com.ar\/blog\/wp-content\/uploads\/20250828160104_aerolineas-chinas-argentina.jpg?fit=880%2C512&ssl=1&resize=350%2C200","width":350,"height":200,"srcset":"https:\/\/i0.wp.com\/larevistadigital.com.ar\/blog\/wp-content\/uploads\/20250828160104_aerolineas-chinas-argentina.jpg?fit=880%2C512&ssl=1&resize=350%2C200 1x, https:\/\/i0.wp.com\/larevistadigital.com.ar\/blog\/wp-content\/uploads\/20250828160104_aerolineas-chinas-argentina.jpg?fit=880%2C512&ssl=1&resize=525%2C300 1.5x, https:\/\/i0.wp.com\/larevistadigital.com.ar\/blog\/wp-content\/uploads\/20250828160104_aerolineas-chinas-argentina.jpg?fit=880%2C512&ssl=1&resize=700%2C400 2x"},"classes":[]},{"id":44424,"url":"https:\/\/larevistadigital.com.ar\/blog\/diputados-reclaman-un-operativo-urgente-para-evacuar-argentinos-varados-en-zonas-de-guerra\/","url_meta":{"origin":43364,"position":2},"title":"Diputados reclaman un operativo urgente para evacuar argentinos varados en zonas de guerra","author":"Alejandro Sosa Ruda","date":"9 marzo, 2026","format":false,"excerpt":"M\u00e1s de 600 ciudadanos argentinos permanecen atrapados en Medio Oriente por la escalada b\u00e9lica. El Congreso pide al Estado acciones inmediatas para garantizar su regreso seguro. 09 de marzo de 2026 En medio de la creciente tensi\u00f3n en Medio Oriente y las dificultades para salir de la regi\u00f3n, un grupo\u2026","rel":"","context":"En \u00abINTERES GENERAL\u00bb","block_context":{"text":"INTERES GENERAL","link":"https:\/\/larevistadigital.com.ar\/blog\/category\/interes-general\/"},"img":{"alt_text":"","src":"https:\/\/i0.wp.com\/larevistadigital.com.ar\/blog\/wp-content\/uploads\/Captura-de-pantalla-2026-03-09-195832.jpg?fit=863%2C484&ssl=1&resize=350%2C200","width":350,"height":200,"srcset":"https:\/\/i0.wp.com\/larevistadigital.com.ar\/blog\/wp-content\/uploads\/Captura-de-pantalla-2026-03-09-195832.jpg?fit=863%2C484&ssl=1&resize=350%2C200 1x, https:\/\/i0.wp.com\/larevistadigital.com.ar\/blog\/wp-content\/uploads\/Captura-de-pantalla-2026-03-09-195832.jpg?fit=863%2C484&ssl=1&resize=525%2C300 1.5x, https:\/\/i0.wp.com\/larevistadigital.com.ar\/blog\/wp-content\/uploads\/Captura-de-pantalla-2026-03-09-195832.jpg?fit=863%2C484&ssl=1&resize=700%2C400 2x"},"classes":[]},{"id":14031,"url":"https:\/\/larevistadigital.com.ar\/blog\/panico-de-mas-de-200-pasajeros-argentinos-en-un-vuelo-miami-bs-as\/","url_meta":{"origin":43364,"position":3},"title":"P\u00c1NICO DE M\u00c1S DE 200 PASAJEROS ARGENTINOS EN UN VUELO MIAMI-BS.AS.","author":"Alejandro Sosa Ruda","date":"6 enero, 2020","format":false,"excerpt":"Una turbina del Boeing 767-300 de LATAM se incendi\u00f3 al momento del despegue M\u00e1s de 200 argentinos\u00a0que estaban por retornar al pa\u00eds\u00a0en un vuelo desde Miami de la empresa LATAM vivieron el s\u00e1bado por la noche momentos de p\u00e1nico.\u00a0Sucede que\u00a0durante el despegue\u00a0se\u00a0incendi\u00f3 una de las turbinas del avi\u00f3n, un Boeing\u2026","rel":"","context":"En \u00abINTERES GENERAL\u00bb","block_context":{"text":"INTERES GENERAL","link":"https:\/\/larevistadigital.com.ar\/blog\/category\/interes-general\/"},"img":{"alt_text":"","src":"https:\/\/i0.wp.com\/larevistadigital.com.ar\/blog\/wp-content\/uploads\/Screenshot_1-79.jpg?fit=934%2C523&ssl=1&resize=350%2C200","width":350,"height":200,"srcset":"https:\/\/i0.wp.com\/larevistadigital.com.ar\/blog\/wp-content\/uploads\/Screenshot_1-79.jpg?fit=934%2C523&ssl=1&resize=350%2C200 1x, https:\/\/i0.wp.com\/larevistadigital.com.ar\/blog\/wp-content\/uploads\/Screenshot_1-79.jpg?fit=934%2C523&ssl=1&resize=525%2C300 1.5x, https:\/\/i0.wp.com\/larevistadigital.com.ar\/blog\/wp-content\/uploads\/Screenshot_1-79.jpg?fit=934%2C523&ssl=1&resize=700%2C400 2x"},"classes":[]},{"id":44260,"url":"https:\/\/larevistadigital.com.ar\/blog\/finalizaron-los-operativos-de-documentacion-de-verano-se-resolvieron-mas-de-8-300-tramites\/","url_meta":{"origin":43364,"position":4},"title":"Finalizaron los operativos de documentaci\u00f3n de verano: se resolvieron m\u00e1s de 8.300 tr\u00e1mites","author":"Alejandro Sosa Ruda","date":"3 marzo, 2026","format":false,"excerpt":"La Provincia dispuso un total de 89 acciones territoriales en 12 municipios. Todas las gestiones fueron gratuitas. 03 de marzo de 2026 El Registro Provincial de las Personas super\u00f3 los 8.300 tr\u00e1mites gratuitos en el marco de los operativos de documentaci\u00f3n de verano. Como parte del despliegue territorial, las oficinas\u2026","rel":"","context":"En \u00abPOLITICA PROVINCIAL\u00bb","block_context":{"text":"POLITICA PROVINCIAL","link":"https:\/\/larevistadigital.com.ar\/blog\/category\/politica\/politica-provincial\/"},"img":{"alt_text":"","src":"https:\/\/i0.wp.com\/larevistadigital.com.ar\/blog\/wp-content\/uploads\/registro-verano.jpg?fit=650%2C433&ssl=1&resize=350%2C200","width":350,"height":200,"srcset":"https:\/\/i0.wp.com\/larevistadigital.com.ar\/blog\/wp-content\/uploads\/registro-verano.jpg?fit=650%2C433&ssl=1&resize=350%2C200 1x, https:\/\/i0.wp.com\/larevistadigital.com.ar\/blog\/wp-content\/uploads\/registro-verano.jpg?fit=650%2C433&ssl=1&resize=525%2C300 1.5x"},"classes":[]},{"id":43411,"url":"https:\/\/larevistadigital.com.ar\/blog\/que-paso-apagon-masivo-afecto-a-mas-de-800-mil-usuarios-en-el-amba-en-plena-ola-de-calor\/","url_meta":{"origin":43364,"position":5},"title":"Qu\u00e9 pas\u00f3? Apag\u00f3n masivo afect\u00f3 a m\u00e1s de 800 mil usuarios en el AMBA en plena ola de calor","author":"Alejandro Sosa Ruda","date":"16 enero, 2026","format":false,"excerpt":"Una falla en l\u00edneas de alta tensi\u00f3n de Edenor provoc\u00f3 un corte de luz que impact\u00f3 en barrios de la Ciudad de Buenos Aires y el norte y oeste del conurbano bonaerense. El servicio qued\u00f3 totalmente restablecido hacia la tarde. 16 de enero de 2026 Un corte de energ\u00eda el\u00e9ctrica\u2026","rel":"","context":"En \u00abINTERES GENERAL\u00bb","block_context":{"text":"INTERES GENERAL","link":"https:\/\/larevistadigital.com.ar\/blog\/category\/interes-general\/"},"img":{"alt_text":"","src":"https:\/\/i0.wp.com\/larevistadigital.com.ar\/blog\/wp-content\/uploads\/Captura-de-pantalla-2026-01-16-015139.jpg?fit=912%2C498&ssl=1&resize=350%2C200","width":350,"height":200,"srcset":"https:\/\/i0.wp.com\/larevistadigital.com.ar\/blog\/wp-content\/uploads\/Captura-de-pantalla-2026-01-16-015139.jpg?fit=912%2C498&ssl=1&resize=350%2C200 1x, https:\/\/i0.wp.com\/larevistadigital.com.ar\/blog\/wp-content\/uploads\/Captura-de-pantalla-2026-01-16-015139.jpg?fit=912%2C498&ssl=1&resize=525%2C300 1.5x, https:\/\/i0.wp.com\/larevistadigital.com.ar\/blog\/wp-content\/uploads\/Captura-de-pantalla-2026-01-16-015139.jpg?fit=912%2C498&ssl=1&resize=700%2C400 2x"},"classes":[]}],"_links":{"self":[{"href":"https:\/\/larevistadigital.com.ar\/blog\/wp-json\/wp\/v2\/posts\/43364","targetHints":{"allow":["GET"]}}],"collection":[{"href":"https:\/\/larevistadigital.com.ar\/blog\/wp-json\/wp\/v2\/posts"}],"about":[{"href":"https:\/\/larevistadigital.com.ar\/blog\/wp-json\/wp\/v2\/types\/post"}],"author":[{"embeddable":true,"href":"https:\/\/larevistadigital.com.ar\/blog\/wp-json\/wp\/v2\/users\/3"}],"replies":[{"embeddable":true,"href":"https:\/\/larevistadigital.com.ar\/blog\/wp-json\/wp\/v2\/comments?post=43364"}],"version-history":[{"count":1,"href":"https:\/\/larevistadigital.com.ar\/blog\/wp-json\/wp\/v2\/posts\/43364\/revisions"}],"predecessor-version":[{"id":43366,"href":"https:\/\/larevistadigital.com.ar\/blog\/wp-json\/wp\/v2\/posts\/43364\/revisions\/43366"}],"wp:featuredmedia":[{"embeddable":true,"href":"https:\/\/larevistadigital.com.ar\/blog\/wp-json\/wp\/v2\/media\/43365"}],"wp:attachment":[{"href":"https:\/\/larevistadigital.com.ar\/blog\/wp-json\/wp\/v2\/media?parent=43364"}],"wp:term":[{"taxonomy":"category","embeddable":true,"href":"https:\/\/larevistadigital.com.ar\/blog\/wp-json\/wp\/v2\/categories?post=43364"},{"taxonomy":"post_tag","embeddable":true,"href":"https:\/\/larevistadigital.com.ar\/blog\/wp-json\/wp\/v2\/tags?post=43364"}],"curies":[{"name":"wp","href":"https:\/\/api.w.org\/{rel}","templated":true}]}}