{"id":43367,"date":"2026-01-14T20:01:46","date_gmt":"2026-01-14T23:01:46","guid":{"rendered":"https:\/\/larevistadigital.com.ar\/blog\/?p=43367"},"modified":"2026-01-14T20:01:46","modified_gmt":"2026-01-14T23:01:46","slug":"un-informe-alerta-por-el-impacto-del-alquiler-en-los-hogares","status":"publish","type":"post","link":"https:\/\/larevistadigital.com.ar\/blog\/un-informe-alerta-por-el-impacto-del-alquiler-en-los-hogares\/","title":{"rendered":"Un informe alerta por el impacto del alquiler en los hogares"},"content":{"rendered":"<h3>El alquiler golpea cada vez m\u00e1s fuerte: un informe revela endeudamiento r\u00e9cord, m\u00e1s trabajos y menos comida en los hogares argentinos que alquilan.<\/h3>\n<p>14 de enero de 2026<\/p>\n<p>Alquilar en la Argentina dej\u00f3 de ser una etapa transitoria para convertirse en una trampa estructural. A dos a\u00f1os de la desregulaci\u00f3n total del mercado inmobiliario, el alquiler pas\u00f3 a absorber una porci\u00f3n cada vez mayor de los ingresos familiares, al punto de llevarse entre el 60% y el 100% del salario en uno de cada cuatro hogares inquilinos.<\/p>\n<p>Pluriempleo, endeudamiento cr\u00f3nico y recorte de consumos b\u00e1sicos forman hoy parte de la vida cotidiana de m\u00e1s de 10 millones de personas que no cuentan con vivienda propia. Los contratos m\u00e1s cortos, los aumentos trimestrales y la ausencia de pol\u00edticas p\u00fablicas profundizaron la incertidumbre y empujaron a miles de familias al borde del desalojo econ\u00f3mico.<\/p>\n<h3><span style=\"color: #ff0000\">Pluriempleo y salarios que no alcanzan<\/span><\/h3>\n<p>Seg\u00fan los \u00faltimos relevamientos nacionales, casi el 50% de las personas que alquilan tuvo que sumar m\u00e1s de un trabajo para intentar cubrir el costo mensual del alquiler. La situaci\u00f3n se agrava por la din\u00e1mica del mercado laboral: el 70% de los trabajadores percibe ingresos inferiores a $1.000.000 mensuales, cuando se necesitan al menos cuatro salarios m\u00ednimos \u2014unos $1.300.000\u2014 para no caer en la pobreza.<\/p>\n<div id=\"publi-144\" class=\"publi publi-html C5\" data-nombre=\"html-6\">\n<p>En este contexto, siete de cada diez inquilinos calificaron la situaci\u00f3n econ\u00f3mica de su hogar en 2025 como \u201cmala o muy mala\u201d. La \u00fanica categor\u00eda laboral que muestra crecimiento es el cuentapropismo informal, el segmento con los ingresos m\u00e1s bajos del sistema.<\/p>\n<h3><span style=\"color: #ff0000\">Ajuste en alimentos, salud y vida cotidiana<\/span><\/h3>\n<p>La presi\u00f3n del alquiler impacta de lleno en el consumo diario. De acuerdo con la Encuesta Nacional Inquilina, el 91,7% de los hogares recort\u00f3 salidas y actividades recreativas, el 86,3% ajust\u00f3 gastos en vestimenta y el 60,3% dej\u00f3 de comprar algunos alimentos. Adem\u00e1s, m\u00e1s de la mitad redujo gastos en salud.<\/p>\n<p>La situaci\u00f3n es cr\u00edtica: solo el 38,5% de las familias inquilinas logr\u00f3 garantizar las cuatro comidas diarias, mientras que un 23% apenas cubri\u00f3 dos y un 4,5% lleg\u00f3 a una sola comida por d\u00eda.<\/p>\n<h3><span style=\"color: #ff0000\">Endeudarse para no quedarse en la calle<\/span><\/h3>\n<p>El endeudamiento se volvi\u00f3 la regla. Ocho de cada diez inquilinos est\u00e1n endeudados y, en la gran mayor\u00eda de los casos, lo hicieron para pagar el alquiler. En el AMBA, el 77% de los hogares que recurrieron a pr\u00e9stamos us\u00f3 ese dinero, total o parcialmente, para cumplir con el pago mensual y evitar quedar en la calle.<\/p>\n<p>La Encuesta Inquilina 2025, realizada por ACIJ, CELS e IDAES-UNSAM, revel\u00f3 adem\u00e1s que solo el 14% de los hogares logr\u00f3 ahorrar algo el mes previo al relevamiento. \u201cAntes que dejar de pagar el alquiler, los hogares se endeudan, trabajan m\u00e1s horas o resignan cualquier margen de ahorro\u201d, se\u00f1alaron los especialistas.<\/p>\n<h3><span style=\"color: #ff0000\">Contratos cortos y aumentos cada tres meses<\/span><\/h3>\n<p>La inestabilidad contractual es otro factor clave. El 64% de los contratos tiene una duraci\u00f3n m\u00e1xima de dos a\u00f1os y siete de cada diez incluyen actualizaciones trimestrales, mayormente atadas a la inflaci\u00f3n. A esto se suma una pr\u00e1ctica extendida: el cobro de comisiones inmobiliarias al inquilino, incluso en jurisdicciones donde est\u00e1 prohibido.<\/p>\n<p>Esta combinaci\u00f3n dispara los costos indirectos de mudanzas frecuentes y renegociaciones constantes, profundizando la fragilidad de las econom\u00edas dom\u00e9sticas.<\/p>\n<h3><span style=\"color: #ff0000\">Alquileres muy por encima de la inflaci\u00f3n<\/span><\/h3>\n<p>Tras la derogaci\u00f3n de la Ley de Alquileres mediante el DNU 70\/2023, los precios de la vivienda crecieron muy por encima del IPC. Entre noviembre de 2024 y noviembre de 2025, los alquileres aumentaron 77,7% interanual, m\u00e1s del doble que la inflaci\u00f3n general (31,4%).<\/p>\n<p>La disparidad se repite en todas las regiones: en el Gran Buenos Aires el alza fue del 66,8%, en el Noreste del 93,7%, en el Noroeste del 103,5% y en la Patagonia lleg\u00f3 al 113,8%, siempre muy por encima del \u00edndice general de precios.<\/p>\n<h3><span style=\"color: #ff0000\">Jubilados e inquilinos, los m\u00e1s golpeados<\/span><\/h3>\n<p>Los adultos mayores figuran entre los m\u00e1s afectados. Casi tres de cada cuatro jubilados que alquilan destinan m\u00e1s de la mitad de sus ingresos a la vivienda. Con un haber m\u00ednimo de $410.880, alquilar un monoambiente implica gastar cerca del 80% del ingreso, sin contar expensas ni servicios.<\/p>\n<p>El fen\u00f3meno empuja a miles de personas mayores a seguir trabajando para complementar ingresos, incluso despu\u00e9s de la edad jubilatoria.<\/p>\n<h3><span style=\"color: #ff0000\">Un problema estructural sin salida a la vista<\/span><\/h3>\n<p>De cara a los pr\u00f3ximos cinco a\u00f1os, el 56% de las familias inquilinas cree que seguir\u00e1 alquilando, un 28% no sabe si tendr\u00e1 un lugar donde vivir y solo un 14% espera acceder a una vivienda propia. Los datos reflejan un cambio profundo: el alquiler dej\u00f3 de ser una transici\u00f3n y pas\u00f3 a percibirse como una condici\u00f3n permanente.<\/p>\n<\/div>\n","protected":false},"excerpt":{"rendered":"<div class=\"mh-excerpt\"><p>El alquiler golpea cada vez m\u00e1s fuerte: un informe revela endeudamiento r\u00e9cord, m\u00e1s trabajos y menos comida en los hogares argentinos que alquilan. 14 de enero de 2026 Alquilar en la Argentina dej\u00f3 de ser <a class=\"mh-excerpt-more\" href=\"https:\/\/larevistadigital.com.ar\/blog\/un-informe-alerta-por-el-impacto-del-alquiler-en-los-hogares\/\" title=\"Un informe alerta por el impacto del alquiler en los hogares\">[Leer M\u00e1s]<\/a><\/p>\n<\/div>","protected":false},"author":3,"featured_media":43368,"comment_status":"open","ping_status":"open","sticky":false,"template":"","format":"standard","meta":{"_jetpack_memberships_contains_paid_content":false,"footnotes":"","jetpack_publicize_message":"","jetpack_publicize_feature_enabled":true,"jetpack_social_post_already_shared":true,"jetpack_social_options":{"image_generator_settings":{"template":"highway","default_image_id":0,"font":"","enabled":false},"version":2}},"categories":[41],"tags":[],"class_list":{"0":"post-43367","1":"post","2":"type-post","3":"status-publish","4":"format-standard","5":"has-post-thumbnail","7":"category-destacadas"},"jetpack_publicize_connections":[],"jetpack_featured_media_url":"https:\/\/i0.wp.com\/larevistadigital.com.ar\/blog\/wp-content\/uploads\/Captura-de-pantalla-2026-01-14-195836.jpg?fit=793%2C431&ssl=1","jetpack_sharing_enabled":true,"jetpack_shortlink":"https:\/\/wp.me\/p8qtrQ-bht","jetpack-related-posts":[{"id":44673,"url":"https:\/\/larevistadigital.com.ar\/blog\/alarma-mas-de-la-mitad-de-los-hogares-se-endeuda-para-vivir\/","url_meta":{"origin":43367,"position":0},"title":"Alarma: M\u00e1s de la mitad de los hogares se endeuda para vivir","author":"Alejandro Sosa Ruda","date":"24 marzo, 2026","format":false,"excerpt":"El 56% de los hogares se endeuda para comer y pagar servicios. No llegan a fin de mes y la crisis aprieta cada vez m\u00e1s. Enterate qu\u00e9 est\u00e1 pasando. 24 de marzo de 2026 El deterioro del poder adquisitivo ya no es una percepci\u00f3n aislada: se convirti\u00f3 en una realidad\u2026","rel":"","context":"En \u00abINTERES GENERAL\u00bb","block_context":{"text":"INTERES GENERAL","link":"https:\/\/larevistadigital.com.ar\/blog\/category\/interes-general\/"},"img":{"alt_text":"","src":"https:\/\/i0.wp.com\/larevistadigital.com.ar\/blog\/wp-content\/uploads\/Captura-de-pantalla-2026-03-24-131645.jpg?fit=856%2C468&ssl=1&resize=350%2C200","width":350,"height":200,"srcset":"https:\/\/i0.wp.com\/larevistadigital.com.ar\/blog\/wp-content\/uploads\/Captura-de-pantalla-2026-03-24-131645.jpg?fit=856%2C468&ssl=1&resize=350%2C200 1x, https:\/\/i0.wp.com\/larevistadigital.com.ar\/blog\/wp-content\/uploads\/Captura-de-pantalla-2026-03-24-131645.jpg?fit=856%2C468&ssl=1&resize=525%2C300 1.5x, https:\/\/i0.wp.com\/larevistadigital.com.ar\/blog\/wp-content\/uploads\/Captura-de-pantalla-2026-03-24-131645.jpg?fit=856%2C468&ssl=1&resize=700%2C400 2x"},"classes":[]},{"id":43041,"url":"https:\/\/larevistadigital.com.ar\/blog\/consumo-en-rojo-siete-de-cada-diez-hogares-ajustaron-gastos\/","url_meta":{"origin":43367,"position":1},"title":"Consumo en rojo: siete de cada diez hogares ajustaron gastos","author":"Alejandro Sosa Ruda","date":"27 diciembre, 2025","format":false,"excerpt":"Un informe de la UBA revel\u00f3 que el 72% de los hogares redujo sus gastos en los \u00faltimos meses por la p\u00e9rdida de poder adquisitivo, con mayor impacto en mujeres y sectores de menores ingresos. Seg\u00fan un informe elaborado por el Centro Nacional de Responsabilidad Social Empresarial y Capital Social\u2026","rel":"","context":"En \u00abINTERES GENERAL\u00bb","block_context":{"text":"INTERES GENERAL","link":"https:\/\/larevistadigital.com.ar\/blog\/category\/interes-general\/"},"img":{"alt_text":"","src":"https:\/\/i0.wp.com\/larevistadigital.com.ar\/blog\/wp-content\/uploads\/Captura-de-pantalla-2025-12-27-135945.jpg?fit=792%2C421&ssl=1&resize=350%2C200","width":350,"height":200,"srcset":"https:\/\/i0.wp.com\/larevistadigital.com.ar\/blog\/wp-content\/uploads\/Captura-de-pantalla-2025-12-27-135945.jpg?fit=792%2C421&ssl=1&resize=350%2C200 1x, https:\/\/i0.wp.com\/larevistadigital.com.ar\/blog\/wp-content\/uploads\/Captura-de-pantalla-2025-12-27-135945.jpg?fit=792%2C421&ssl=1&resize=525%2C300 1.5x, https:\/\/i0.wp.com\/larevistadigital.com.ar\/blog\/wp-content\/uploads\/Captura-de-pantalla-2025-12-27-135945.jpg?fit=792%2C421&ssl=1&resize=700%2C400 2x"},"classes":[]},{"id":42694,"url":"https:\/\/larevistadigital.com.ar\/blog\/los-nuevos-aumentos-de-diciembre-y-el-golpe-al-bolsillo\/","url_meta":{"origin":43367,"position":2},"title":"Los nuevos aumentos de diciembre y el golpe al bolsillo","author":"Alejandro Sosa Ruda","date":"1 diciembre, 2025","format":false,"excerpt":"Diciembre arranca picante: suben prepagas, transporte, tarifas y alquileres. Enterate cu\u00e1nto vas a pagar y c\u00f3mo pega en el bolsillo argentino. Diciembre suele ser un mes de mayor gasto por las fiestas y el cierre del a\u00f1o, pero esta vez viene cargado adem\u00e1s con una nueva tanda de aumentos en\u2026","rel":"","context":"En \u00abINTERES GENERAL\u00bb","block_context":{"text":"INTERES GENERAL","link":"https:\/\/larevistadigital.com.ar\/blog\/category\/interes-general\/"},"img":{"alt_text":"","src":"https:\/\/i0.wp.com\/larevistadigital.com.ar\/blog\/wp-content\/uploads\/Captura-de-pantalla-2025-12-01-233737.jpg?fit=804%2C451&ssl=1&resize=350%2C200","width":350,"height":200,"srcset":"https:\/\/i0.wp.com\/larevistadigital.com.ar\/blog\/wp-content\/uploads\/Captura-de-pantalla-2025-12-01-233737.jpg?fit=804%2C451&ssl=1&resize=350%2C200 1x, https:\/\/i0.wp.com\/larevistadigital.com.ar\/blog\/wp-content\/uploads\/Captura-de-pantalla-2025-12-01-233737.jpg?fit=804%2C451&ssl=1&resize=525%2C300 1.5x, https:\/\/i0.wp.com\/larevistadigital.com.ar\/blog\/wp-content\/uploads\/Captura-de-pantalla-2025-12-01-233737.jpg?fit=804%2C451&ssl=1&resize=700%2C400 2x"},"classes":[]},{"id":28257,"url":"https:\/\/larevistadigital.com.ar\/blog\/28257-2\/","url_meta":{"origin":43367,"position":3},"title":"BAH\u00cdA BLANCA: UNA NOTA QUE DESNUDA LO QUE A VECES SE QUIERE ESCONDER","author":"Alejandro Sosa Ruda","date":"4 octubre, 2022","format":false,"excerpt":"Una interesante y valiente investigaci\u00f3n en la que trabajaron en el informe las doctoras en Econom\u00eda Mar\u00eda Emma Santos y Mar\u00eda Marta Formichella. Walter Gullaci del medio \"La Nueva\" decidi\u00f3 publicarla donde se muestran conclusiones que muchas veces se esconden bajo la alfombra. 03 de Octubre de 2022 BAH\u00cdA BLANCA\u2026","rel":"","context":"En \u00abREGIONALES\u00bb","block_context":{"text":"REGIONALES","link":"https:\/\/larevistadigital.com.ar\/blog\/category\/regionales\/"},"img":{"alt_text":"","src":"https:\/\/i0.wp.com\/larevistadigital.com.ar\/blog\/wp-content\/uploads\/nota-la-nueva.jpg?fit=800%2C392&ssl=1&resize=350%2C200","width":350,"height":200,"srcset":"https:\/\/i0.wp.com\/larevistadigital.com.ar\/blog\/wp-content\/uploads\/nota-la-nueva.jpg?fit=800%2C392&ssl=1&resize=350%2C200 1x, https:\/\/i0.wp.com\/larevistadigital.com.ar\/blog\/wp-content\/uploads\/nota-la-nueva.jpg?fit=800%2C392&ssl=1&resize=525%2C300 1.5x, https:\/\/i0.wp.com\/larevistadigital.com.ar\/blog\/wp-content\/uploads\/nota-la-nueva.jpg?fit=800%2C392&ssl=1&resize=700%2C400 2x"},"classes":[]},{"id":36244,"url":"https:\/\/larevistadigital.com.ar\/blog\/de-terror-con-la-quita-de-los-subsidios-la-luz-y-el-gas-aumentarian-mas-de-un-150\/","url_meta":{"origin":43367,"position":4},"title":"DE TERROR: CON LA QUITA DE LOS SUBSIDIOS LA LUZ Y EL GAS AUMENTAR\u00cdAN M\u00c1S DE UN 150%","author":"Alejandro Sosa Ruda","date":"5 junio, 2024","format":false,"excerpt":"El Gobierno de Javier Milei oficializ\u00f3 este mi\u00e9rcoles los detalles de la quita de subsidios a las tarifas de energ\u00eda que comenzar\u00e1 a regir en junio como parte de la transici\u00f3n hacia un nuevo esquema de asistencia. Todos los usuarios, pero sobre todo los residenciales de ingresos medios y bajos,\u2026","rel":"","context":"En \u00abINTERES GENERAL\u00bb","block_context":{"text":"INTERES GENERAL","link":"https:\/\/larevistadigital.com.ar\/blog\/category\/interes-general\/"},"img":{"alt_text":"","src":"https:\/\/i0.wp.com\/larevistadigital.com.ar\/blog\/wp-content\/uploads\/20240605175338_subsidios-tarifas-gas-luz.jpg?fit=880%2C512&ssl=1&resize=350%2C200","width":350,"height":200,"srcset":"https:\/\/i0.wp.com\/larevistadigital.com.ar\/blog\/wp-content\/uploads\/20240605175338_subsidios-tarifas-gas-luz.jpg?fit=880%2C512&ssl=1&resize=350%2C200 1x, https:\/\/i0.wp.com\/larevistadigital.com.ar\/blog\/wp-content\/uploads\/20240605175338_subsidios-tarifas-gas-luz.jpg?fit=880%2C512&ssl=1&resize=525%2C300 1.5x, https:\/\/i0.wp.com\/larevistadigital.com.ar\/blog\/wp-content\/uploads\/20240605175338_subsidios-tarifas-gas-luz.jpg?fit=880%2C512&ssl=1&resize=700%2C400 2x"},"classes":[]},{"id":42345,"url":"https:\/\/larevistadigital.com.ar\/blog\/aumentan-los-alquileres-que-contratos-suben-y-cuanto-deberan-pagar-los-inquilinos\/","url_meta":{"origin":43367,"position":5},"title":"Aumentan los alquileres: qu\u00e9 contratos suben y cu\u00e1nto deber\u00e1n pagar los inquilinos","author":"Alejandro Sosa Ruda","date":"1 noviembre, 2025","format":false,"excerpt":"En noviembre vuelven a actualizarse los valores de los alquileres en todo el pa\u00eds. Las subas depender\u00e1n del tipo de contrato y del \u00edndice aplicado en cada caso. En noviembre, miles de contratos de alquiler en Argentina volver\u00e1n a actualizar sus valores mensuales. Pero el impacto del incremento depender\u00e1 de\u2026","rel":"","context":"En \u00abINTERES GENERAL\u00bb","block_context":{"text":"INTERES GENERAL","link":"https:\/\/larevistadigital.com.ar\/blog\/category\/interes-general\/"},"img":{"alt_text":"","src":"https:\/\/i0.wp.com\/larevistadigital.com.ar\/blog\/wp-content\/uploads\/Captura-de-pantalla-2025-11-01-222559.jpg?fit=786%2C407&ssl=1&resize=350%2C200","width":350,"height":200,"srcset":"https:\/\/i0.wp.com\/larevistadigital.com.ar\/blog\/wp-content\/uploads\/Captura-de-pantalla-2025-11-01-222559.jpg?fit=786%2C407&ssl=1&resize=350%2C200 1x, https:\/\/i0.wp.com\/larevistadigital.com.ar\/blog\/wp-content\/uploads\/Captura-de-pantalla-2025-11-01-222559.jpg?fit=786%2C407&ssl=1&resize=525%2C300 1.5x, https:\/\/i0.wp.com\/larevistadigital.com.ar\/blog\/wp-content\/uploads\/Captura-de-pantalla-2025-11-01-222559.jpg?fit=786%2C407&ssl=1&resize=700%2C400 2x"},"classes":[]}],"_links":{"self":[{"href":"https:\/\/larevistadigital.com.ar\/blog\/wp-json\/wp\/v2\/posts\/43367","targetHints":{"allow":["GET"]}}],"collection":[{"href":"https:\/\/larevistadigital.com.ar\/blog\/wp-json\/wp\/v2\/posts"}],"about":[{"href":"https:\/\/larevistadigital.com.ar\/blog\/wp-json\/wp\/v2\/types\/post"}],"author":[{"embeddable":true,"href":"https:\/\/larevistadigital.com.ar\/blog\/wp-json\/wp\/v2\/users\/3"}],"replies":[{"embeddable":true,"href":"https:\/\/larevistadigital.com.ar\/blog\/wp-json\/wp\/v2\/comments?post=43367"}],"version-history":[{"count":1,"href":"https:\/\/larevistadigital.com.ar\/blog\/wp-json\/wp\/v2\/posts\/43367\/revisions"}],"predecessor-version":[{"id":43369,"href":"https:\/\/larevistadigital.com.ar\/blog\/wp-json\/wp\/v2\/posts\/43367\/revisions\/43369"}],"wp:featuredmedia":[{"embeddable":true,"href":"https:\/\/larevistadigital.com.ar\/blog\/wp-json\/wp\/v2\/media\/43368"}],"wp:attachment":[{"href":"https:\/\/larevistadigital.com.ar\/blog\/wp-json\/wp\/v2\/media?parent=43367"}],"wp:term":[{"taxonomy":"category","embeddable":true,"href":"https:\/\/larevistadigital.com.ar\/blog\/wp-json\/wp\/v2\/categories?post=43367"},{"taxonomy":"post_tag","embeddable":true,"href":"https:\/\/larevistadigital.com.ar\/blog\/wp-json\/wp\/v2\/tags?post=43367"}],"curies":[{"name":"wp","href":"https:\/\/api.w.org\/{rel}","templated":true}]}}