{"id":43375,"date":"2026-01-16T00:08:03","date_gmt":"2026-01-16T03:08:03","guid":{"rendered":"https:\/\/larevistadigital.com.ar\/blog\/?p=43375"},"modified":"2026-01-16T00:08:03","modified_gmt":"2026-01-16T03:08:03","slug":"chascomus-el-paseo-de-las-libelulas-sigue-creciendo-en-el-parque-v-centenario","status":"publish","type":"post","link":"https:\/\/larevistadigital.com.ar\/blog\/chascomus-el-paseo-de-las-libelulas-sigue-creciendo-en-el-parque-v-centenario\/","title":{"rendered":"Chascom\u00fas: El paseo de \u201cLas Lib\u00e9lulas\u201d sigue creciendo en el parque V Centenario"},"content":{"rendered":"<h3 class=\"excerpt\">Un balance muy positivo que refleja el crecimiento sostenido de la feria, la participaci\u00f3n activa de m\u00e1s de 20 emprendedoras locales y la consolidaci\u00f3n de un espacio que potencia el trabajo, la autonom\u00eda econ\u00f3mica y el Compre Local.<\/h3>\n<p>16 de enero de 2026<\/p>\n<div id=\"miDiv1\" class=\"text\">\n<p><strong>CHASCOM\u00daS &#8211;\u00a0<\/strong> \u00a0Con una propuesta que ya se convirti\u00f3 en un espacio esperado por la comunidad y visitantes, la feria denominada Paseo de \u201cLas Lib\u00e9lulas\u201d, en el marco del programa Producir Igualdad, contin\u00faa desarroll\u00e1ndose con gran \u00e9xito, acompa\u00f1ando y visibilizando el trabajo de m\u00e1s de 20 emprendedoras locales, que fecha a fecha van rotando para mostrar todo su potencial en el parque del V Centenario.<\/p>\n<p>La feria es mucho m\u00e1s que un espacio de venta: es un punto de encuentro, de intercambio y de impulso a la autonom\u00eda econ\u00f3mica de mujeres y diversidades, donde se pueden encontrar productos \u00fanicos y hechos con dedicaci\u00f3n. Conservas, panificados, velas artesanales, regaler\u00eda, indumentaria, accesorios, almohadones y muchas propuestas m\u00e1s forman parte de una oferta variada, creativa y de calidad.<\/p>\n<p>Producir Igualdad es un programa impulsado por la Municipalidad de manera articulada por las \u00e1reas de G\u00e9nero y Desarrollo Productivo, que brinda orientaci\u00f3n, asesoramiento y acompa\u00f1amiento a proyectos productivos de peque\u00f1a escala. A trav\u00e9s de tutor\u00edas, capacitaciones y espacios de comercializaci\u00f3n como esta feria, se fortalece el crecimiento de iniciativas autogestivas locales.<\/p>\n<p>Los interesados est\u00e1n invitados a acercarse al espacio verde ubicado en calle Lastra entre Costanera y Ju\u00e1rez, el s\u00e1bado 17 en el horario de 11 a 21 horas, mientras que el domingo 18 se ofrecer\u00e1 de 11 a 19 horas.<\/p>\n<p>Cada edici\u00f3n de la feria refleja el compromiso, el esfuerzo y la creatividad de quienes participan, y tambi\u00e9n el acompa\u00f1amiento de la Municipalidad para generar oportunidades reales de desarrollo. Una experiencia que invita a recorrer, conocer, elegir productos locales y apoyar el trabajo de emprendedoras que siguen apostando a crecer.<\/p>\n<p>Producir Igualdad no es solo una feria: es trabajo, comunidad y futuro que se construye entre todos.<\/p>\n<\/div>\n","protected":false},"excerpt":{"rendered":"<div class=\"mh-excerpt\"><p>Un balance muy positivo que refleja el crecimiento sostenido de la feria, la participaci\u00f3n activa de m\u00e1s de 20 emprendedoras locales y la consolidaci\u00f3n de un espacio que potencia el trabajo, la autonom\u00eda econ\u00f3mica y <a class=\"mh-excerpt-more\" href=\"https:\/\/larevistadigital.com.ar\/blog\/chascomus-el-paseo-de-las-libelulas-sigue-creciendo-en-el-parque-v-centenario\/\" title=\"Chascom\u00fas: El paseo de \u201cLas Lib\u00e9lulas\u201d sigue creciendo en el parque V Centenario\">[Leer M\u00e1s]<\/a><\/p>\n<\/div>","protected":false},"author":3,"featured_media":43376,"comment_status":"open","ping_status":"open","sticky":false,"template":"","format":"standard","meta":{"_jetpack_memberships_contains_paid_content":false,"footnotes":"","jetpack_publicize_message":"","jetpack_publicize_feature_enabled":true,"jetpack_social_post_already_shared":true,"jetpack_social_options":{"image_generator_settings":{"template":"highway","default_image_id":0,"font":"","enabled":false},"version":2}},"categories":[6,23],"tags":[],"class_list":{"0":"post-43375","1":"post","2":"type-post","3":"status-publish","4":"format-standard","5":"has-post-thumbnail","7":"category-chascomus","8":"category-politica-local"},"jetpack_publicize_connections":[],"jetpack_featured_media_url":"https:\/\/i0.wp.com\/larevistadigital.com.ar\/blog\/wp-content\/uploads\/6969274b1e5b3.png?fit=668%2C445&ssl=1","jetpack_sharing_enabled":true,"jetpack_shortlink":"https:\/\/wp.me\/p8qtrQ-bhB","jetpack-related-posts":[{"id":42758,"url":"https:\/\/larevistadigital.com.ar\/blog\/chascomus-producir-igualdad-nueva-feria-de-emprendedoras-locales\/","url_meta":{"origin":43375,"position":0},"title":"Chascom\u00fas: Producir Igualdad. Nueva feria de emprendedoras locales","author":"Alejandro Sosa Ruda","date":"4 diciembre, 2025","format":false,"excerpt":"Este fin de semana largo funcionar\u00e1 la Feria enmarcada en el Programa Municipal \u201cProducir Igualdad\u00bb los d\u00edas s\u00e1bado, domingo y lunes, de 10 a 20 hs., en Lastra y avenida costanera Leandro N. Alem, ofreciendo una variedad de productos locales. 04 de Diciembre de 2025 CHASCOM\u00daS-\u00a0 \u00a0Este fin de semana\u2026","rel":"","context":"En \u00abCHASCOM\u00daS\u00bb","block_context":{"text":"CHASCOM\u00daS","link":"https:\/\/larevistadigital.com.ar\/blog\/category\/chascomus\/"},"img":{"alt_text":"","src":"https:\/\/i0.wp.com\/larevistadigital.com.ar\/blog\/wp-content\/uploads\/6931c74820eaf.png?fit=668%2C445&ssl=1&resize=350%2C200","width":350,"height":200,"srcset":"https:\/\/i0.wp.com\/larevistadigital.com.ar\/blog\/wp-content\/uploads\/6931c74820eaf.png?fit=668%2C445&ssl=1&resize=350%2C200 1x, https:\/\/i0.wp.com\/larevistadigital.com.ar\/blog\/wp-content\/uploads\/6931c74820eaf.png?fit=668%2C445&ssl=1&resize=525%2C300 1.5x"},"classes":[]},{"id":43889,"url":"https:\/\/larevistadigital.com.ar\/blog\/programa-producir-igualdad-se-trabaja-en-pos-del-crecimiento-de-la-feria-emprendedoras\/","url_meta":{"origin":43375,"position":1},"title":"Programa \u201cProducir Igualdad\u201d: Se trabaja en pos del crecimiento de la feria emprendedoras","author":"Alejandro Sosa Ruda","date":"9 febrero, 2026","format":false,"excerpt":"\u00a0de Se busca que cada emprendedora encuentre las herramientas necesarias para crecer con independencia y confianza en su propio proyecto. 09 de febrero de 2026 CHASCOM\u00daS\u00a0 -\u00a0 \u00a0 El \u00faltimo viernes, se desarroll\u00f3 una reuni\u00f3n de autoridades municipales con el prop\u00f3sito de evaluar el primer mes de desarrollo de la\u2026","rel":"","context":"En \u00abCHASCOM\u00daS\u00bb","block_context":{"text":"CHASCOM\u00daS","link":"https:\/\/larevistadigital.com.ar\/blog\/category\/chascomus\/"},"img":{"alt_text":"","src":"https:\/\/i0.wp.com\/larevistadigital.com.ar\/blog\/wp-content\/uploads\/698a1dc9530f5.png?fit=668%2C445&ssl=1&resize=350%2C200","width":350,"height":200,"srcset":"https:\/\/i0.wp.com\/larevistadigital.com.ar\/blog\/wp-content\/uploads\/698a1dc9530f5.png?fit=668%2C445&ssl=1&resize=350%2C200 1x, https:\/\/i0.wp.com\/larevistadigital.com.ar\/blog\/wp-content\/uploads\/698a1dc9530f5.png?fit=668%2C445&ssl=1&resize=525%2C300 1.5x"},"classes":[]},{"id":45273,"url":"https:\/\/larevistadigital.com.ar\/blog\/chascomus-nutrida-agenda-recreativa-para-disfrutar-el-fin-de-semana\/","url_meta":{"origin":43375,"position":2},"title":"Chascom\u00fas: Nutrida agenda recreativa para disfrutar el fin de semana","author":"Alejandro Sosa Ruda","date":"23 abril, 2026","format":false,"excerpt":"Con actividades pensadas para todas las edades, Chascom\u00fas se prepara para vivir un nuevo finde donde la cultura, el deporte y el turismo se combinan con el atractivo inigualable de sus paisajes Nuestra ciudad, valorada por la belleza de la laguna y sus espacios verdes, ofrece el escenario ideal para\u2026","rel":"","context":"En \u00abCHASCOM\u00daS\u00bb","block_context":{"text":"CHASCOM\u00daS","link":"https:\/\/larevistadigital.com.ar\/blog\/category\/chascomus\/"},"img":{"alt_text":"","src":"https:\/\/i0.wp.com\/larevistadigital.com.ar\/blog\/wp-content\/uploads\/69ea4f947e6fe.png?fit=668%2C445&ssl=1&resize=350%2C200","width":350,"height":200,"srcset":"https:\/\/i0.wp.com\/larevistadigital.com.ar\/blog\/wp-content\/uploads\/69ea4f947e6fe.png?fit=668%2C445&ssl=1&resize=350%2C200 1x, https:\/\/i0.wp.com\/larevistadigital.com.ar\/blog\/wp-content\/uploads\/69ea4f947e6fe.png?fit=668%2C445&ssl=1&resize=525%2C300 1.5x"},"classes":[]},{"id":43062,"url":"https:\/\/larevistadigital.com.ar\/blog\/cierre-anual-del-programa-chascomus-emprende-reunio-a-40-emprendedores-locales-en-el-museo-pampeano\/","url_meta":{"origin":43375,"position":3},"title":"Cierre anual del programa \u201cChascom\u00fas Emprende\u201d reuni\u00f3 a 40 emprendedores locales en el Museo Pampeano","author":"Alejandro Sosa Ruda","date":"30 diciembre, 2025","format":false,"excerpt":"Durante el encuentro se repasaron logros del a\u00f1o, se presentaron informes de gesti\u00f3n y se acordaron lineamientos para fortalecer el trabajo conjunto en 2026. CHASCOM\u00daS -\u00a0 \u00a0El intendente Javier Gast\u00f3n particip\u00f3 del encuentro de cierre de a\u00f1o y brindis con emprendedores que integran el programa municipal \u201cChascom\u00fas Emprende\u201d y que\u2026","rel":"","context":"En \u00abCHASCOM\u00daS\u00bb","block_context":{"text":"CHASCOM\u00daS","link":"https:\/\/larevistadigital.com.ar\/blog\/category\/chascomus\/"},"img":{"alt_text":"","src":"https:\/\/i0.wp.com\/larevistadigital.com.ar\/blog\/wp-content\/uploads\/69541d533f16f.png?fit=668%2C445&ssl=1&resize=350%2C200","width":350,"height":200,"srcset":"https:\/\/i0.wp.com\/larevistadigital.com.ar\/blog\/wp-content\/uploads\/69541d533f16f.png?fit=668%2C445&ssl=1&resize=350%2C200 1x, https:\/\/i0.wp.com\/larevistadigital.com.ar\/blog\/wp-content\/uploads\/69541d533f16f.png?fit=668%2C445&ssl=1&resize=525%2C300 1.5x"},"classes":[]},{"id":38575,"url":"https:\/\/larevistadigital.com.ar\/blog\/la-feria-de-emprendedores-y-artesanos-amplia-su-horario-en-verano\/","url_meta":{"origin":43375,"position":4},"title":"La Feria de Emprendedores y Artesanos ampl\u00eda su horario en verano","author":"Alejandro Sosa Ruda","date":"29 enero, 2025","format":false,"excerpt":"Los visitantes tambi\u00e9n podr\u00e1n recorrer los viernes el tradicional paseo de la costanera. 29 de enero de\u00a0 2025 CHASCOM\u00daS -\u00a0 La Feria de Emprendedores y Artesanos de Chascom\u00fas, ubicada en Avenida Costanera Espa\u00f1a y Presidente Per\u00f3n, ampl\u00eda su horario de atenci\u00f3n durante la temporada de verano.\u00a0 Adem\u00e1s de los d\u00edas\u2026","rel":"","context":"En \u00abCHASCOM\u00daS\u00bb","block_context":{"text":"CHASCOM\u00daS","link":"https:\/\/larevistadigital.com.ar\/blog\/category\/chascomus\/"},"img":{"alt_text":"","src":"https:\/\/i0.wp.com\/larevistadigital.com.ar\/blog\/wp-content\/uploads\/67991270a6307.png?fit=668%2C445&ssl=1&resize=350%2C200","width":350,"height":200,"srcset":"https:\/\/i0.wp.com\/larevistadigital.com.ar\/blog\/wp-content\/uploads\/67991270a6307.png?fit=668%2C445&ssl=1&resize=350%2C200 1x, https:\/\/i0.wp.com\/larevistadigital.com.ar\/blog\/wp-content\/uploads\/67991270a6307.png?fit=668%2C445&ssl=1&resize=525%2C300 1.5x"},"classes":[]},{"id":44452,"url":"https:\/\/larevistadigital.com.ar\/blog\/el-radicalismo-local-rendira-homenaje-a-raul-alfonin-en-el-inicio-del-centenario-de-su-nacimiento\/","url_meta":{"origin":43375,"position":5},"title":"El radicalismo local rendir\u00e1 homenaje a Ra\u00fal Alfon\u00edn en el inicio del centenario de su nacimiento","author":"Alejandro Sosa Ruda","date":"10 marzo, 2026","format":false,"excerpt":"Se trata de una conmemoraci\u00f3n por cumplirse 99 a\u00f1os del natalicio del \"Padre de la Democracia\". 10 de marzo de 2026 CHASCOM\u00daS -\u00a0 \u00a0 Este jueves a las 10,30 horas, el Comit\u00e9 de la Uni\u00f3n C\u00edvica Radical recordar\u00e1 la figura de Ra\u00fal Alfons\u00edn, al cumplirse 99 a\u00f1os de su nacimiento.\u2026","rel":"","context":"En \u00abINTERES GENERAL\u00bb","block_context":{"text":"INTERES GENERAL","link":"https:\/\/larevistadigital.com.ar\/blog\/category\/interes-general\/"},"img":{"alt_text":"","src":"https:\/\/i0.wp.com\/larevistadigital.com.ar\/blog\/wp-content\/uploads\/Captura-de-pantalla-2026-03-10-230305.jpg?fit=650%2C498&ssl=1&resize=350%2C200","width":350,"height":200,"srcset":"https:\/\/i0.wp.com\/larevistadigital.com.ar\/blog\/wp-content\/uploads\/Captura-de-pantalla-2026-03-10-230305.jpg?fit=650%2C498&ssl=1&resize=350%2C200 1x, https:\/\/i0.wp.com\/larevistadigital.com.ar\/blog\/wp-content\/uploads\/Captura-de-pantalla-2026-03-10-230305.jpg?fit=650%2C498&ssl=1&resize=525%2C300 1.5x"},"classes":[]}],"_links":{"self":[{"href":"https:\/\/larevistadigital.com.ar\/blog\/wp-json\/wp\/v2\/posts\/43375","targetHints":{"allow":["GET"]}}],"collection":[{"href":"https:\/\/larevistadigital.com.ar\/blog\/wp-json\/wp\/v2\/posts"}],"about":[{"href":"https:\/\/larevistadigital.com.ar\/blog\/wp-json\/wp\/v2\/types\/post"}],"author":[{"embeddable":true,"href":"https:\/\/larevistadigital.com.ar\/blog\/wp-json\/wp\/v2\/users\/3"}],"replies":[{"embeddable":true,"href":"https:\/\/larevistadigital.com.ar\/blog\/wp-json\/wp\/v2\/comments?post=43375"}],"version-history":[{"count":1,"href":"https:\/\/larevistadigital.com.ar\/blog\/wp-json\/wp\/v2\/posts\/43375\/revisions"}],"predecessor-version":[{"id":43377,"href":"https:\/\/larevistadigital.com.ar\/blog\/wp-json\/wp\/v2\/posts\/43375\/revisions\/43377"}],"wp:featuredmedia":[{"embeddable":true,"href":"https:\/\/larevistadigital.com.ar\/blog\/wp-json\/wp\/v2\/media\/43376"}],"wp:attachment":[{"href":"https:\/\/larevistadigital.com.ar\/blog\/wp-json\/wp\/v2\/media?parent=43375"}],"wp:term":[{"taxonomy":"category","embeddable":true,"href":"https:\/\/larevistadigital.com.ar\/blog\/wp-json\/wp\/v2\/categories?post=43375"},{"taxonomy":"post_tag","embeddable":true,"href":"https:\/\/larevistadigital.com.ar\/blog\/wp-json\/wp\/v2\/tags?post=43375"}],"curies":[{"name":"wp","href":"https:\/\/api.w.org\/{rel}","templated":true}]}}