{"id":43381,"date":"2026-01-16T00:15:32","date_gmt":"2026-01-16T03:15:32","guid":{"rendered":"https:\/\/larevistadigital.com.ar\/blog\/?p=43381"},"modified":"2026-01-16T00:15:32","modified_gmt":"2026-01-16T03:15:32","slug":"aguas-abiertas-una-politica-publica-deportiva-que-ya-convoco-a-mas-de-1-000-competidores-y-se-prepara-para-un-gran-cierre","status":"publish","type":"post","link":"https:\/\/larevistadigital.com.ar\/blog\/aguas-abiertas-una-politica-publica-deportiva-que-ya-convoco-a-mas-de-1-000-competidores-y-se-prepara-para-un-gran-cierre\/","title":{"rendered":"Aguas Abiertas: una pol\u00edtica p\u00fablica deportiva que ya convoc\u00f3 a m\u00e1s de 1.000 competidores y se prepara para un gran cierre"},"content":{"rendered":"<h3 class=\"excerpt\">Tras dos fechas con gran convocatoria, el circuito organizado por la Municipalidad de Chascom\u00fas, encara su cierre con una propuesta que integra el deporte en un marco natural pensado para toda la familia.<\/h3>\n<p>16 de enero de 2026<\/p>\n<div id=\"miDiv1\" class=\"text\">\n<p><span dir=\"auto\"><strong>CHASCOM\u00daS &#8211;\u00a0<\/strong> \u00a0El circuito de Aguas Abiertas llevado adelante por el \u00c1rea de Deportes de la Municipalidad sigue consolid\u00e1ndose como uno de los grandes eventos deportivos del verano en Chascom\u00fas. Con m\u00e1s de mil competidores y competidoras que ya dijeron presentes en las dos primeras fechas, la propuesta volvi\u00f3 a demostrar el enorme inter\u00e9s que genera el deporte al aire libre y el v\u00ednculo con la laguna.<\/span><\/p>\n<p><span dir=\"auto\">Luego del \u00e9xito de las jornadas anteriores, el calendario se encamina hacia la tercera y \u00faltima fecha, que se disputar\u00e1 el pr\u00f3ximo 14 de febrero, con epicentro en la zona de escalinatas (Lastra y Costanera). La jornada contar\u00e1 con una carrera promocional de 750 metros y la carrera principal de 2500 metros, convocando a nadadores locales y de distintos puntos de la regi\u00f3n.<\/span><\/p>\n<blockquote><p><span dir=\"auto\">La inscripci\u00f3n ya se encuentra abierta y los interesados \u200b\u200bpodr\u00e1n completar el tr\u00e1mite de inscripci\u00f3n en l\u00ednea, ingresando a la p\u00e1gina correspondiente a trav\u00e9s del enlace\u00a0<a href=\"https:\/\/apps.chascomus.gob.ar\/deportes\/aguasabiertas\/\" target=\"_self\">https:\/\/apps.chascomus.gob.ar\/deportes\/aguasabiertas\/<\/a>, donde adem\u00e1s encontrar\u00e1n el reglamento de la competencia.<\/span><\/p><\/blockquote>\n<p><span dir=\"auto\">Las \u201cAguas abiertas\u201d son una disciplina de nataci\u00f3n que se desarrolla en nuestra laguna y que pone a prueba no solo la resistencia f\u00edsica, sino tambi\u00e9n la adaptaci\u00f3n al medio, la estrategia y el v\u00ednculo directo con la naturaleza. En Chascom\u00fas, la laguna se convierte en un escenario privilegiado que potencia este tipo de competencias y fortalece la identidad deportiva de la ciudad.<\/span><\/p>\n<p><span dir=\"auto\">Sostener y acompa\u00f1ar estas pol\u00edticas p\u00fablicas deportivas es fundamental para promover h\u00e1bitos saludables, fomentar la participaci\u00f3n, generar turismo deportivo y posicionar nuestra ciudad como una referencia regional en eventos al aire libre. El circuito de Aguas Abiertas es una muestra clara de c\u00f3mo el deporte y la naturaleza se integran en una propuesta que sigue creciendo en nuestra comunidad.<\/span><\/p>\n<p><span dir=\"auto\">La Municipalidad de Chascom\u00fas, a trav\u00e9s del \u00e1rea de Deportes invitan a toda la comunidad a sumarse a esta nueva fecha, ya sea como competidores o como p\u00fablico, para disfrutar de una propuesta que combina deporte, verano y el entorno natural de nuestra ic\u00f3nica laguna.<\/span><\/p>\n<\/div>\n","protected":false},"excerpt":{"rendered":"<div class=\"mh-excerpt\"><p>Tras dos fechas con gran convocatoria, el circuito organizado por la Municipalidad de Chascom\u00fas, encara su cierre con una propuesta que integra el deporte en un marco natural pensado para toda la familia. 16 de <a class=\"mh-excerpt-more\" href=\"https:\/\/larevistadigital.com.ar\/blog\/aguas-abiertas-una-politica-publica-deportiva-que-ya-convoco-a-mas-de-1-000-competidores-y-se-prepara-para-un-gran-cierre\/\" title=\"Aguas Abiertas: una pol\u00edtica p\u00fablica deportiva que ya convoc\u00f3 a m\u00e1s de 1.000 competidores y se prepara para un gran cierre\">[Leer M\u00e1s]<\/a><\/p>\n<\/div>","protected":false},"author":3,"featured_media":43382,"comment_status":"open","ping_status":"open","sticky":false,"template":"","format":"standard","meta":{"_jetpack_memberships_contains_paid_content":false,"footnotes":"","jetpack_publicize_message":"","jetpack_publicize_feature_enabled":true,"jetpack_social_post_already_shared":true,"jetpack_social_options":{"image_generator_settings":{"template":"highway","default_image_id":0,"font":"","enabled":false},"version":2}},"categories":[6],"tags":[],"class_list":{"0":"post-43381","1":"post","2":"type-post","3":"status-publish","4":"format-standard","5":"has-post-thumbnail","7":"category-chascomus"},"jetpack_publicize_connections":[],"jetpack_featured_media_url":"https:\/\/i0.wp.com\/larevistadigital.com.ar\/blog\/wp-content\/uploads\/69692282a697e.png?fit=668%2C445&ssl=1","jetpack_sharing_enabled":true,"jetpack_shortlink":"https:\/\/wp.me\/p8qtrQ-bhH","jetpack-related-posts":[{"id":44039,"url":"https:\/\/larevistadigital.com.ar\/blog\/chascomus-gran-convocatoria-en-el-cierre-de-aguas-abiertas-2026\/","url_meta":{"origin":43381,"position":0},"title":"Chascom\u00fas: Gran convocatoria en el cierre de Aguas Abiertas 2026","author":"Alejandro Sosa Ruda","date":"18 febrero, 2026","format":false,"excerpt":"M\u00e1s de 450 competidores participaron en la edici\u00f3n de la competencia de nataci\u00f3n que se disputa en las aguas de la laguna de Chascom\u00fas. 18 de febrero de 2026 CHASCOM\u00daS -\u00a0 \u00a0El s\u00e1bado se llev\u00f3 a cabo la \u00faltima de las tres fechas del Circuito de Aguas Abiertas en nuestra\u2026","rel":"","context":"En \u00abCHASCOM\u00daS\u00bb","block_context":{"text":"CHASCOM\u00daS","link":"https:\/\/larevistadigital.com.ar\/blog\/category\/chascomus\/"},"img":{"alt_text":"","src":"https:\/\/i0.wp.com\/larevistadigital.com.ar\/blog\/wp-content\/uploads\/6995f9c25374d.png?fit=668%2C445&ssl=1&resize=350%2C200","width":350,"height":200,"srcset":"https:\/\/i0.wp.com\/larevistadigital.com.ar\/blog\/wp-content\/uploads\/6995f9c25374d.png?fit=668%2C445&ssl=1&resize=350%2C200 1x, https:\/\/i0.wp.com\/larevistadigital.com.ar\/blog\/wp-content\/uploads\/6995f9c25374d.png?fit=668%2C445&ssl=1&resize=525%2C300 1.5x"},"classes":[]},{"id":42175,"url":"https:\/\/larevistadigital.com.ar\/blog\/chascomus-vuelve-el-circuito-de-aguas-abiertas\/","url_meta":{"origin":43381,"position":1},"title":"Chascom\u00fas: Vuelve el circuito de \u00abAguas Abiertas\u00bb","author":"Alejandro Sosa Ruda","date":"23 octubre, 2025","format":false,"excerpt":"Tras dos a\u00f1os de espera vuelve uno de los grandes eventos deportivos de la ciudad. 23 de Octubre de 2025 CHASCOM\u00daS -\u00a0 \u00a0Ya tiene fecha la edici\u00f3n 2025\/2026 del circuito de Aguas Abiertas que organiza la Municipalidad de Chascom\u00fas, a trav\u00e9s del \u00e1rea de Deportes. Las fechas previstas son el\u2026","rel":"","context":"En \u00abCHASCOM\u00daS\u00bb","block_context":{"text":"CHASCOM\u00daS","link":"https:\/\/larevistadigital.com.ar\/blog\/category\/chascomus\/"},"img":{"alt_text":"","src":"https:\/\/i0.wp.com\/larevistadigital.com.ar\/blog\/wp-content\/uploads\/68fa84cf34910.png?fit=668%2C445&ssl=1&resize=350%2C200","width":350,"height":200,"srcset":"https:\/\/i0.wp.com\/larevistadigital.com.ar\/blog\/wp-content\/uploads\/68fa84cf34910.png?fit=668%2C445&ssl=1&resize=350%2C200 1x, https:\/\/i0.wp.com\/larevistadigital.com.ar\/blog\/wp-content\/uploads\/68fa84cf34910.png?fit=668%2C445&ssl=1&resize=525%2C300 1.5x"},"classes":[]},{"id":43142,"url":"https:\/\/larevistadigital.com.ar\/blog\/chascomus-nueva-fecha-del-circuito-de-aguas-abiertas\/","url_meta":{"origin":43381,"position":2},"title":"Chascom\u00fas: Nueva fecha del Circuito de Aguas Abiertas","author":"Alejandro Sosa Ruda","date":"5 enero, 2026","format":false,"excerpt":"Este martes 6 de enero cierra la inscripci\u00f3n para la segunda fecha de este evento deportivo tan valorado y que ya es un cl\u00e1sico de nuestra ciudad, que tiene a nuestra laguna como escenario. 05 de Enero de 2026 CHASCOM\u00daS -\u00a0 \u00a0Hasta ma\u00f1ana a las 13 horas, los interesados en\u2026","rel":"","context":"En \u00abCHASCOM\u00daS\u00bb","block_context":{"text":"CHASCOM\u00daS","link":"https:\/\/larevistadigital.com.ar\/blog\/category\/chascomus\/"},"img":{"alt_text":"","src":"https:\/\/i0.wp.com\/larevistadigital.com.ar\/blog\/wp-content\/uploads\/695bf0fee76fa.png?fit=668%2C445&ssl=1&resize=350%2C200","width":350,"height":200,"srcset":"https:\/\/i0.wp.com\/larevistadigital.com.ar\/blog\/wp-content\/uploads\/695bf0fee76fa.png?fit=668%2C445&ssl=1&resize=350%2C200 1x, https:\/\/i0.wp.com\/larevistadigital.com.ar\/blog\/wp-content\/uploads\/695bf0fee76fa.png?fit=668%2C445&ssl=1&resize=525%2C300 1.5x"},"classes":[]},{"id":42845,"url":"https:\/\/larevistadigital.com.ar\/blog\/chascomus-vuelve-aguas-abiertas\/","url_meta":{"origin":43381,"position":3},"title":"Chascom\u00fas: Vuelve Aguas Abiertas","author":"Alejandro Sosa Ruda","date":"11 diciembre, 2025","format":false,"excerpt":"Abre la inscripci\u00f3n al evento deportivo m\u00e1s esperado Ya se encuentra habilitado el\u00a0link de inscripci\u00f3n\u00a0a la primera fecha del circuito de Aguas Abiertas, que tendr\u00e1 lugar el pr\u00f3ximo 20 de diciembre. En esta oportunidad se desarrollar\u00e1 en dos modalidades, la principal con un recorrido de 1500 metros y la promocional\u2026","rel":"","context":"En \u00abREGIONALES\u00bb","block_context":{"text":"REGIONALES","link":"https:\/\/larevistadigital.com.ar\/blog\/category\/regionales\/"},"img":{"alt_text":"","src":"https:\/\/i0.wp.com\/larevistadigital.com.ar\/blog\/wp-content\/uploads\/693af3f0eef86.png?fit=668%2C445&ssl=1&resize=350%2C200","width":350,"height":200,"srcset":"https:\/\/i0.wp.com\/larevistadigital.com.ar\/blog\/wp-content\/uploads\/693af3f0eef86.png?fit=668%2C445&ssl=1&resize=350%2C200 1x, https:\/\/i0.wp.com\/larevistadigital.com.ar\/blog\/wp-content\/uploads\/693af3f0eef86.png?fit=668%2C445&ssl=1&resize=525%2C300 1.5x"},"classes":[]},{"id":43931,"url":"https:\/\/larevistadigital.com.ar\/blog\/chascomus-con-450-inscriptos-se-disputara-la-ultima-fecha-de-la-competencia-de-aguas-abiertas\/","url_meta":{"origin":43381,"position":4},"title":"Chascom\u00fas: Con 450 inscriptos se disputar\u00e1 la \u00faltima fecha de la competencia de Aguas Abiertas","author":"Alejandro Sosa Ruda","date":"11 febrero, 2026","format":false,"excerpt":"La laguna \u201cChascom\u00fas\u201d oficiar\u00e1 de escenario de esta ic\u00f3nica competencia que combina el deporte, el verano, la naturaleza y la vida saludable, adem\u00e1s de potenciar el turismo Organizada por la Municipalidad de Chascom\u00fas, a trav\u00e9s del \u00e1rea de Deportes, este s\u00e1bado llega a su fin la tradicional competencia de Aguas\u2026","rel":"","context":"En \u00abCHASCOM\u00daS\u00bb","block_context":{"text":"CHASCOM\u00daS","link":"https:\/\/larevistadigital.com.ar\/blog\/category\/chascomus\/"},"img":{"alt_text":"","src":"https:\/\/i0.wp.com\/larevistadigital.com.ar\/blog\/wp-content\/uploads\/698cbc739b767.png?fit=668%2C445&ssl=1&resize=350%2C200","width":350,"height":200,"srcset":"https:\/\/i0.wp.com\/larevistadigital.com.ar\/blog\/wp-content\/uploads\/698cbc739b767.png?fit=668%2C445&ssl=1&resize=350%2C200 1x, https:\/\/i0.wp.com\/larevistadigital.com.ar\/blog\/wp-content\/uploads\/698cbc739b767.png?fit=668%2C445&ssl=1&resize=525%2C300 1.5x"},"classes":[]},{"id":43287,"url":"https:\/\/larevistadigital.com.ar\/blog\/chascomus-se-disputo-el-sabado-la-segunda-fecha-del-circuito-de-aguas-abiertas\/","url_meta":{"origin":43381,"position":5},"title":"Chascom\u00fas: Se disput\u00f3 el s\u00e1bado la segunda fecha del Circuito de Aguas Abiertas","author":"Alejandro Sosa Ruda","date":"12 enero, 2026","format":false,"excerpt":"Con gran emoci\u00f3n y el aliento del p\u00fablico, se desarroll\u00f3 la propuesta deportiva m\u00e1s convocantes de la temporada estival. 12 de enero de 2026 La prueba se disput\u00f3 el pasado 10 de enero en la Laguna de Chascom\u00fas con 320 participantes de todas las categor\u00edas, entre los que se encontraban\u2026","rel":"","context":"En \u00abCHASCOM\u00daS\u00bb","block_context":{"text":"CHASCOM\u00daS","link":"https:\/\/larevistadigital.com.ar\/blog\/category\/chascomus\/"},"img":{"alt_text":"","src":"https:\/\/i0.wp.com\/larevistadigital.com.ar\/blog\/wp-content\/uploads\/696532af52618.png?fit=668%2C445&ssl=1&resize=350%2C200","width":350,"height":200,"srcset":"https:\/\/i0.wp.com\/larevistadigital.com.ar\/blog\/wp-content\/uploads\/696532af52618.png?fit=668%2C445&ssl=1&resize=350%2C200 1x, https:\/\/i0.wp.com\/larevistadigital.com.ar\/blog\/wp-content\/uploads\/696532af52618.png?fit=668%2C445&ssl=1&resize=525%2C300 1.5x"},"classes":[]}],"_links":{"self":[{"href":"https:\/\/larevistadigital.com.ar\/blog\/wp-json\/wp\/v2\/posts\/43381","targetHints":{"allow":["GET"]}}],"collection":[{"href":"https:\/\/larevistadigital.com.ar\/blog\/wp-json\/wp\/v2\/posts"}],"about":[{"href":"https:\/\/larevistadigital.com.ar\/blog\/wp-json\/wp\/v2\/types\/post"}],"author":[{"embeddable":true,"href":"https:\/\/larevistadigital.com.ar\/blog\/wp-json\/wp\/v2\/users\/3"}],"replies":[{"embeddable":true,"href":"https:\/\/larevistadigital.com.ar\/blog\/wp-json\/wp\/v2\/comments?post=43381"}],"version-history":[{"count":1,"href":"https:\/\/larevistadigital.com.ar\/blog\/wp-json\/wp\/v2\/posts\/43381\/revisions"}],"predecessor-version":[{"id":43383,"href":"https:\/\/larevistadigital.com.ar\/blog\/wp-json\/wp\/v2\/posts\/43381\/revisions\/43383"}],"wp:featuredmedia":[{"embeddable":true,"href":"https:\/\/larevistadigital.com.ar\/blog\/wp-json\/wp\/v2\/media\/43382"}],"wp:attachment":[{"href":"https:\/\/larevistadigital.com.ar\/blog\/wp-json\/wp\/v2\/media?parent=43381"}],"wp:term":[{"taxonomy":"category","embeddable":true,"href":"https:\/\/larevistadigital.com.ar\/blog\/wp-json\/wp\/v2\/categories?post=43381"},{"taxonomy":"post_tag","embeddable":true,"href":"https:\/\/larevistadigital.com.ar\/blog\/wp-json\/wp\/v2\/tags?post=43381"}],"curies":[{"name":"wp","href":"https:\/\/api.w.org\/{rel}","templated":true}]}}