{"id":43387,"date":"2026-01-16T00:20:31","date_gmt":"2026-01-16T03:20:31","guid":{"rendered":"https:\/\/larevistadigital.com.ar\/blog\/?p=43387"},"modified":"2026-01-16T00:20:31","modified_gmt":"2026-01-16T03:20:31","slug":"chascomus-capital-nacional-de-las-orquestas-infantiles-y-juveniles-vive-una-nueva-edicion-de-el-festival-soijar","status":"publish","type":"post","link":"https:\/\/larevistadigital.com.ar\/blog\/chascomus-capital-nacional-de-las-orquestas-infantiles-y-juveniles-vive-una-nueva-edicion-de-el-festival-soijar\/","title":{"rendered":"Chascom\u00fas, Capital Nacional de las Orquestas Infantiles y Juveniles, vive una nueva edici\u00f3n de \u201cEl Festival\u201d SOIJAr"},"content":{"rendered":"<h3 class=\"excerpt\">Durante tres d\u00edas, la m\u00fasica ser\u00e1 el lenguaje com\u00fan que unir\u00e1 a chicos y chicas de todo el pa\u00eds en una experiencia \u00fanica que celebra el talento, el esfuerzo y el trabajo de los principales protagonistas.<\/h3>\n<p>16 de enero de 2026<\/p>\n<div id=\"miDiv1\" class=\"text\">\n<p><span dir=\"auto\"><strong>CHASCOM\u00daS &#8211;\u00a0<\/strong> \u00a0 Del 29 al 31 de enero, Chascom\u00fas volver\u00e1 a convertirse en el coraz\u00f3n de la m\u00fasica orquestal del pa\u00eds con una nueva edici\u00f3n de \u201cEl Festival\u201d de la Fundaci\u00f3n SOIJAr, la Fiesta Federal de las Orquestas Infantiles y Juveniles. Con acceso libre y gratuito, el encuentro reunir\u00e1 a m\u00e1s de 450 ni\u00f1as, ni\u00f1os y j\u00f3venes m\u00fasicos de todo el pa\u00eds, reafirmando el rol de la ciudad como Capital Nacional de las Orquestas Infantiles y Juveniles.<\/span><\/p>\n<p><span dir=\"auto\">El festival organizado por la Fundaci\u00f3n SOIJAr (Sistema de Orquestas infantiles y Juveniles de Argentina), con el apoyo del Consejo Federal de Inversiones (CFI), el Instituto Cultural de la Provincia de Buenos Aires y la Municipalidad de Chascom\u00fas, tendr\u00e1 como grandes protagonistas a los chicos y chicas que integran las orquestas, quienes durante una semana llenar\u00e1n la ciudad de m\u00fasica, ensayos, encuentros y experiencias compartidas. En un escenario \u00fanico, con el atardecer de la laguna como marco natural, se vivir\u00e1n tres noches de conciertos que combinan formaci\u00f3n, arte y emoci\u00f3n.<\/span><\/p>\n<p><span dir=\"auto\">SOIJAr, el Sistema de Orquestas y Coros Infantiles y Juveniles de Argentina, es una organizaci\u00f3n de referencia a nivel nacional e internacional que utiliza la m\u00fasica como herramienta de inclusi\u00f3n, educaci\u00f3n y transformaci\u00f3n social. Nacido en Chascom\u00fas a partir de la experiencia de la Orquesta-Escuela, SOIJAr impulsa una red federal que hoy alcanza a cientos de programas en todo el pa\u00eds, fortaleciendo trayectorias educativas y culturales desde la infancia y la juventud.<\/span><\/p>\n<h3><span dir=\"auto\"><strong>Conoc\u00e9 todo el cronograma de conciertos<\/strong><\/span><\/h3>\n<p><span dir=\"auto\" style=\"color: #ff0000\"><em><strong>El jueves 29 de enero llega el Concierto Apertura \u201cSemillas de nuestra tierra\u201d:<\/strong><\/em><\/span><\/p>\n<p><span dir=\"auto\">Orquesta Infantil Argentina<\/span><\/p>\n<p><span dir=\"auto\">Direcci\u00f3n: Valeria Atela<\/span><\/p>\n<p><span dir=\"auto\">Invitados especiales: Nahuel Pennisi, Florencia Otero y Vox Popurri<\/span><\/p>\n<p><span dir=\"auto\">El concierto propone un recorrido por cl\u00e1sicos del folklore argentino y un homenaje a Mar\u00eda Elena Walsh, protagonizado por ni\u00f1as y ni\u00f1os de entre 9 y 15 a\u00f1os de todo el pa\u00eds.<\/span><\/p>\n<p><span dir=\"auto\" style=\"color: #ff0000\"><em><strong>El Viernes 30 de enero llega Ritmos de Latinoam\u00e9rica \u201cFiesta al atardecer\u201d:<\/strong><\/em><\/span><\/p>\n<p><span dir=\"auto\">Orquesta Filarm\u00f3nica SOIJAr<\/span><\/p>\n<p><span dir=\"auto\">Director invitado: Guillermo Scarabino<\/span><\/p>\n<p><span dir=\"auto\">Invitados: integrantes de La Bomba de Tiempo<\/span><\/p>\n<p><span dir=\"auto\">Y la participaci\u00f3n especial: Nelson Castro<\/span><\/p>\n<p><span dir=\"auto\">Propone un viaje musical por Am\u00e9rica Latina, con una propuesta sinf\u00f3nica vibrante que combina tradici\u00f3n, ritmo y diversidad cultural.<\/span><\/p>\n<p><span dir=\"auto\">Y por \u00faltimo,\u00a0<span style=\"color: #ff0000\"><strong><em>el viernes 31 de enero llega la Sinfon\u00eda Folcl\u00f3rica \u201cChascom\u00fas celebra a Mercedes Sosa\u201d:<\/em><\/strong><\/span><\/span><\/p>\n<p><span dir=\"auto\">Orquesta Juvenil Argentina<\/span><\/p>\n<p><span dir=\"auto\">Director invitado: Popi Spatocco<\/span><\/p>\n<p><span dir=\"auto\">Invitadas especiales: Sandra Mihanovich, Marcela Morelo y Patricia Sosa<\/span><\/p>\n<p><span dir=\"auto\">Una noche cargada de emoci\u00f3n para homenajear a Mercedes Sosa, con j\u00f3venes m\u00fasicos de entre 15 y 21 a\u00f1os y grandes voces de la m\u00fasica popular argentina.<\/span><\/p>\n<p><span dir=\"auto\">Pero \u201cEl Festival\u201d SOIJAr es mucho m\u00e1s que lo que sucede sobre el escenario. Si bien los chicos y chicas son los verdaderos protagonistas, durante los tres d\u00edas, el predio contar\u00e1 con feria de artesanos y emprendedores, food trucks, sector de juegos, espacios de relax y descanso, y la tradicional Pe\u00f1a del Festival, que funcionar\u00e1 las tres jornadas como un lugar de encuentro, m\u00fasica y celebraci\u00f3n, desde las 17 hs.<\/span><\/p>\n<p><span dir=\"auto\">Este festival no s\u00f3lo celebra nuestra identidad cultural y convoca a miles de vecinos y visitantes, sino que tambi\u00e9n se ha consolidado como un motor clave para dinamizar el turismo local. Cada edici\u00f3n impulsa la actividad de los distintos circuitos tur\u00edsticos y productivos de la ciudad, desde los prestadores de servicios, la gastronom\u00eda y el comercio, hasta los emprendedores y artesanos, generando movimiento econ\u00f3mico, fortaleciendo el trabajo local y ampliando las oportunidades para quienes forman parte del entramado tur\u00edstico de nuestra comunidad.<\/span><\/p>\n<p><span dir=\"auto\">Porque \u201cEl Festival\u201d SOIJAr es mucho m\u00e1s que un festival, es una experiencia para compartir, donde la m\u00fasica, el paisaje y el trabajo de todos, vuelven a demostrar por qu\u00e9 Chascom\u00fas es cuna y referencia del movimiento de orquestas infantiles y juveniles en la Argentina.<\/span><\/p>\n<\/div>\n","protected":false},"excerpt":{"rendered":"<div class=\"mh-excerpt\"><p>Durante tres d\u00edas, la m\u00fasica ser\u00e1 el lenguaje com\u00fan que unir\u00e1 a chicos y chicas de todo el pa\u00eds en una experiencia \u00fanica que celebra el talento, el esfuerzo y el trabajo de los principales <a class=\"mh-excerpt-more\" href=\"https:\/\/larevistadigital.com.ar\/blog\/chascomus-capital-nacional-de-las-orquestas-infantiles-y-juveniles-vive-una-nueva-edicion-de-el-festival-soijar\/\" title=\"Chascom\u00fas, Capital Nacional de las Orquestas Infantiles y Juveniles, vive una nueva edici\u00f3n de \u201cEl Festival\u201d SOIJAr\">[Leer M\u00e1s]<\/a><\/p>\n<\/div>","protected":false},"author":3,"featured_media":43388,"comment_status":"open","ping_status":"open","sticky":false,"template":"","format":"standard","meta":{"_jetpack_memberships_contains_paid_content":false,"footnotes":"","jetpack_publicize_message":"","jetpack_publicize_feature_enabled":true,"jetpack_social_post_already_shared":true,"jetpack_social_options":{"image_generator_settings":{"template":"highway","default_image_id":0,"font":"","enabled":false},"version":2}},"categories":[15,41],"tags":[],"class_list":{"0":"post-43387","1":"post","2":"type-post","3":"status-publish","4":"format-standard","5":"has-post-thumbnail","7":"category-cultura","8":"category-destacadas"},"jetpack_publicize_connections":[],"jetpack_featured_media_url":"https:\/\/i0.wp.com\/larevistadigital.com.ar\/blog\/wp-content\/uploads\/69694149c80fb.png?fit=668%2C445&ssl=1","jetpack_sharing_enabled":true,"jetpack_shortlink":"https:\/\/wp.me\/p8qtrQ-bhN","jetpack-related-posts":[{"id":33727,"url":"https:\/\/larevistadigital.com.ar\/blog\/se-estrena-un-documental-sobre-el-festival-de-orquestas-que-se-realizo-en-chascomus\/","url_meta":{"origin":43387,"position":0},"title":"SE ESTRENA UN DOCUMENTAL SOBRE EL FESTIVAL DE ORQUESTAS QUE SE REALIZ\u00d3 EN CHASCOM\u00daS","author":"Alejandro Sosa Ruda","date":"3 octubre, 2023","format":false,"excerpt":"Por Sergio \"Tony\" Peralta Este jueves 5 en la Casa de la Provincia en CABA se podr\u00e1 ver \"La m\u00fasica es un tesoro\" con registros de \"El Festival\" SOIJAr 2023, Fiesta Federal de las Orquestas Infantiles y Juveniles, que tuviera como Sede a nuestra ciudad. 3 de Octubre de 2023\u2026","rel":"","context":"En \u00abCULTURA\u00bb","block_context":{"text":"CULTURA","link":"https:\/\/larevistadigital.com.ar\/blog\/category\/cultura\/"},"img":{"alt_text":"","src":"https:\/\/i0.wp.com\/larevistadigital.com.ar\/blog\/wp-content\/uploads\/WhatsApp-Image-2023-10-03-at-16.03.56.jpeg?fit=720%2C691&ssl=1&resize=350%2C200","width":350,"height":200,"srcset":"https:\/\/i0.wp.com\/larevistadigital.com.ar\/blog\/wp-content\/uploads\/WhatsApp-Image-2023-10-03-at-16.03.56.jpeg?fit=720%2C691&ssl=1&resize=350%2C200 1x, https:\/\/i0.wp.com\/larevistadigital.com.ar\/blog\/wp-content\/uploads\/WhatsApp-Image-2023-10-03-at-16.03.56.jpeg?fit=720%2C691&ssl=1&resize=525%2C300 1.5x, https:\/\/i0.wp.com\/larevistadigital.com.ar\/blog\/wp-content\/uploads\/WhatsApp-Image-2023-10-03-at-16.03.56.jpeg?fit=720%2C691&ssl=1&resize=700%2C400 2x"},"classes":[]},{"id":38735,"url":"https:\/\/larevistadigital.com.ar\/blog\/concierto-de-hilda-lizarazu-y-la-filarmonica-federal-este-miercoles-en-el-festival-de-orquestas-infantiles-y-juveniles\/","url_meta":{"origin":43387,"position":1},"title":"Concierto de Hilda Lizarazu y la Filarm\u00f3nica Federal este mi\u00e9rcoles en el Festival de Orquestas Infantiles y Juveniles","author":"Alejandro Sosa Ruda","date":"19 febrero, 2025","format":false,"excerpt":"Durante toda la semana, contin\u00faan los talleres y conciertos al aire libre. 19 de Febrero de 2024 CHASCOM\u00daS -\u00a0 La semana del 20\u00ba Festival de Orquestas Infantiles y Juveniles contin\u00faa llenando de m\u00fasica la ciudad con talleres, clases magistrales y ensayos que tienen como protagonistas a m\u00e1s de 200 ni\u00f1os,\u2026","rel":"","context":"En \u00abINTERES GENERAL\u00bb","block_context":{"text":"INTERES GENERAL","link":"https:\/\/larevistadigital.com.ar\/blog\/category\/interes-general\/"},"img":{"alt_text":"","src":"https:\/\/i0.wp.com\/larevistadigital.com.ar\/blog\/wp-content\/uploads\/67b4bc13f1e44.png?fit=668%2C445&ssl=1&resize=350%2C200","width":350,"height":200,"srcset":"https:\/\/i0.wp.com\/larevistadigital.com.ar\/blog\/wp-content\/uploads\/67b4bc13f1e44.png?fit=668%2C445&ssl=1&resize=350%2C200 1x, https:\/\/i0.wp.com\/larevistadigital.com.ar\/blog\/wp-content\/uploads\/67b4bc13f1e44.png?fit=668%2C445&ssl=1&resize=525%2C300 1.5x"},"classes":[]},{"id":43252,"url":"https:\/\/larevistadigital.com.ar\/blog\/nahuel-pennisi-patricia-sosa-sandra-mihanovich-marcela-morelo-popi-spatocco-y-florencia-otero-en-chascomus\/","url_meta":{"origin":43387,"position":2},"title":"Nahuel Pennisi, Patricia Sosa, Sandra Mihanovich, Marcela Morelo, Popi Spatocco y Florencia Otero en Chascom\u00fas","author":"Alejandro Sosa Ruda","date":"10 enero, 2026","format":false,"excerpt":"En el marco del Festival Soijar que re\u00fane a 450 j\u00f3venes m\u00fasicos de todo el pa\u00eds y grandes artistas invitados, del 29 al 31 de enero, en el Parque Libres del Sur, con acceso libre y gratuito. 10 de enero de 2026 CHASCOM\u00daS -\u00a0 \u00a0La Municipalidad de Chascom\u00fas informa que\u2026","rel":"","context":"En \u00abCHASCOM\u00daS\u00bb","block_context":{"text":"CHASCOM\u00daS","link":"https:\/\/larevistadigital.com.ar\/blog\/category\/chascomus\/"},"img":{"alt_text":"","src":"https:\/\/i0.wp.com\/larevistadigital.com.ar\/blog\/wp-content\/uploads\/69615b9e29a9d.png?fit=668%2C445&ssl=1&resize=350%2C200","width":350,"height":200,"srcset":"https:\/\/i0.wp.com\/larevistadigital.com.ar\/blog\/wp-content\/uploads\/69615b9e29a9d.png?fit=668%2C445&ssl=1&resize=350%2C200 1x, https:\/\/i0.wp.com\/larevistadigital.com.ar\/blog\/wp-content\/uploads\/69615b9e29a9d.png?fit=668%2C445&ssl=1&resize=525%2C300 1.5x"},"classes":[]},{"id":43696,"url":"https:\/\/larevistadigital.com.ar\/blog\/municipalidad-provincia-y-soijar-firmaron-un-convenio-para-consolidar-politicas-culturales-en-chascomus\/","url_meta":{"origin":43387,"position":3},"title":"Municipalidad, Provincia y SOIJAr firmaron un convenio para consolidar pol\u00edticas culturales en Chascom\u00fas","author":"Alejandro Sosa Ruda","date":"31 enero, 2026","format":false,"excerpt":"El acuerdo establece bases de cooperaci\u00f3n y apunta a fortalecer proyectos culturales y educativos en el distrito. En el marco del Festival Nacional de Orquestas Infantiles y Juveniles que se desarrolla esta semana en Chascom\u00fas, el intendente Javier Gast\u00f3n y la presidenta del Instituto Cultural de la provincia de Buenos\u2026","rel":"","context":"En \u00abCHASCOM\u00daS\u00bb","block_context":{"text":"CHASCOM\u00daS","link":"https:\/\/larevistadigital.com.ar\/blog\/category\/chascomus\/"},"img":{"alt_text":"","src":"https:\/\/i0.wp.com\/larevistadigital.com.ar\/blog\/wp-content\/uploads\/697ce95b22541.png?fit=668%2C445&ssl=1&resize=350%2C200","width":350,"height":200,"srcset":"https:\/\/i0.wp.com\/larevistadigital.com.ar\/blog\/wp-content\/uploads\/697ce95b22541.png?fit=668%2C445&ssl=1&resize=350%2C200 1x, https:\/\/i0.wp.com\/larevistadigital.com.ar\/blog\/wp-content\/uploads\/697ce95b22541.png?fit=668%2C445&ssl=1&resize=525%2C300 1.5x"},"classes":[]},{"id":32261,"url":"https:\/\/larevistadigital.com.ar\/blog\/se-entregaran-diplomas-de-la-diplomatura-en-metodologia-orquesta-escuela\/","url_meta":{"origin":43387,"position":4},"title":"SE ENTREGAR\u00c1N DIPLOMAS DE LA DIPLOMATURA EN METODOLOG\u00cdA ORQUESTA-ESCUELA","author":"Alejandro Sosa Ruda","date":"4 julio, 2023","format":false,"excerpt":"La Fundaci\u00f3n SOIJAr y la UNSAM realizar\u00e1n en la Sede de la Orquesta-Escuela de Chascom\u00fas el Segundo Acto de Entrega de Diplomas para Egresados de todo el pa\u00eds de las Cohortes 2017 a 2022 4 de julio de 2023 La Fundaci\u00f3n SOIJAr (Sistema de Orquestas Infantiles y Juveniles de Argentina)\u2026","rel":"","context":"En \u00abCULTURA\u00bb","block_context":{"text":"CULTURA","link":"https:\/\/larevistadigital.com.ar\/blog\/category\/cultura\/"},"img":{"alt_text":"","src":"https:\/\/i0.wp.com\/larevistadigital.com.ar\/blog\/wp-content\/uploads\/WhatsApp-Image-2023-07-04-at-19.10.46-e1688509075467.jpeg?fit=673%2C736&ssl=1&resize=350%2C200","width":350,"height":200,"srcset":"https:\/\/i0.wp.com\/larevistadigital.com.ar\/blog\/wp-content\/uploads\/WhatsApp-Image-2023-07-04-at-19.10.46-e1688509075467.jpeg?fit=673%2C736&ssl=1&resize=350%2C200 1x, https:\/\/i0.wp.com\/larevistadigital.com.ar\/blog\/wp-content\/uploads\/WhatsApp-Image-2023-07-04-at-19.10.46-e1688509075467.jpeg?fit=673%2C736&ssl=1&resize=525%2C300 1.5x"},"classes":[]},{"id":43687,"url":"https:\/\/larevistadigital.com.ar\/blog\/chascomus-mas-de-10-mil-personas-disfrutaron-el-festival-en-la-capital-nacional-de-las-orquestas-infantiles-y-juveniles\/","url_meta":{"origin":43387,"position":5},"title":"Chascom\u00fas: M\u00e1s de 10 mil personas disfrutaron \u201cEl Festival\u201d en la Capital Nacional de las Orquestas Infantiles y Juveniles","author":"Alejandro Sosa Ruda","date":"31 enero, 2026","format":false,"excerpt":"Alrededor de 10 mil personas vivieron el inicio de \u201cEl Festival\u201d en Chascom\u00fas, donde los 450 chicos y j\u00f3venes fueron los verdaderos protagonistas y un predio colmado de propuestas para toda la familia. 31 de enero de 2026 Chascom\u00fas vivi\u00f3 una noche hist\u00f3rica en el primer d\u00eda de \u201cEl Festival\u201d,\u2026","rel":"","context":"En \u00abCHASCOM\u00daS\u00bb","block_context":{"text":"CHASCOM\u00daS","link":"https:\/\/larevistadigital.com.ar\/blog\/category\/chascomus\/"},"img":{"alt_text":"","src":"https:\/\/i0.wp.com\/larevistadigital.com.ar\/blog\/wp-content\/uploads\/697cf46fb3c71.png?fit=668%2C445&ssl=1&resize=350%2C200","width":350,"height":200,"srcset":"https:\/\/i0.wp.com\/larevistadigital.com.ar\/blog\/wp-content\/uploads\/697cf46fb3c71.png?fit=668%2C445&ssl=1&resize=350%2C200 1x, https:\/\/i0.wp.com\/larevistadigital.com.ar\/blog\/wp-content\/uploads\/697cf46fb3c71.png?fit=668%2C445&ssl=1&resize=525%2C300 1.5x"},"classes":[]}],"_links":{"self":[{"href":"https:\/\/larevistadigital.com.ar\/blog\/wp-json\/wp\/v2\/posts\/43387","targetHints":{"allow":["GET"]}}],"collection":[{"href":"https:\/\/larevistadigital.com.ar\/blog\/wp-json\/wp\/v2\/posts"}],"about":[{"href":"https:\/\/larevistadigital.com.ar\/blog\/wp-json\/wp\/v2\/types\/post"}],"author":[{"embeddable":true,"href":"https:\/\/larevistadigital.com.ar\/blog\/wp-json\/wp\/v2\/users\/3"}],"replies":[{"embeddable":true,"href":"https:\/\/larevistadigital.com.ar\/blog\/wp-json\/wp\/v2\/comments?post=43387"}],"version-history":[{"count":1,"href":"https:\/\/larevistadigital.com.ar\/blog\/wp-json\/wp\/v2\/posts\/43387\/revisions"}],"predecessor-version":[{"id":43389,"href":"https:\/\/larevistadigital.com.ar\/blog\/wp-json\/wp\/v2\/posts\/43387\/revisions\/43389"}],"wp:featuredmedia":[{"embeddable":true,"href":"https:\/\/larevistadigital.com.ar\/blog\/wp-json\/wp\/v2\/media\/43388"}],"wp:attachment":[{"href":"https:\/\/larevistadigital.com.ar\/blog\/wp-json\/wp\/v2\/media?parent=43387"}],"wp:term":[{"taxonomy":"category","embeddable":true,"href":"https:\/\/larevistadigital.com.ar\/blog\/wp-json\/wp\/v2\/categories?post=43387"},{"taxonomy":"post_tag","embeddable":true,"href":"https:\/\/larevistadigital.com.ar\/blog\/wp-json\/wp\/v2\/tags?post=43387"}],"curies":[{"name":"wp","href":"https:\/\/api.w.org\/{rel}","templated":true}]}}