{"id":43390,"date":"2026-01-16T00:31:00","date_gmt":"2026-01-16T03:31:00","guid":{"rendered":"https:\/\/larevistadigital.com.ar\/blog\/?p=43390"},"modified":"2026-01-16T00:31:00","modified_gmt":"2026-01-16T03:31:00","slug":"mas-de-100-despidos-acampe-y-conflicto-abierto-el-caso-caromar-y-la-reforma-laboral-de-milei","status":"publish","type":"post","link":"https:\/\/larevistadigital.com.ar\/blog\/mas-de-100-despidos-acampe-y-conflicto-abierto-el-caso-caromar-y-la-reforma-laboral-de-milei\/","title":{"rendered":"M\u00e1s de 100 despidos, acampe y conflicto abierto: el caso Caromar y la reforma laboral de Milei"},"content":{"rendered":"<h3 class=\"fullpost__copete\">Con m\u00e1s de 40 d\u00edas de protesta, ex empleados denuncian sueldos e indemnizaciones impagas y advierten que el conflicto expone el impacto del proyecto laboral oficial.<\/h3>\n<p>El\u00a0<a href=\"https:\/\/grupolaprovincia.com\/contenido\/593591\/despidos-y-cierres-la-crisis-laboral-se-profundiza-en-territorio-bonaerense\" target=\"_blank\" rel=\"noopener\">cierre de cuatro sucursales del mayorista Caromar<\/a>\u00a0a fines de noviembre abri\u00f3 un conflicto laboral que ya lleva m\u00e1s de 40 d\u00edas y dej\u00f3 a m\u00e1s de 100 trabajadores sin empleo en la provincia de Buenos Aires. En Mar del Plata, la situaci\u00f3n deriv\u00f3 en un acampe permanente sobre la Ruta 88, donde 15 familias reclaman el pago de salarios adeudados y de las indemnizaciones correspondientes, que la empresa a\u00fan no abon\u00f3.<\/p>\n<p>Desde el Sindicato de Empleados de Comercio de Mar del Plata y Zona Atl\u00e1ntica (SECZA) aseguran que el caso no es aislado y lo vinculan de manera directa con la reforma laboral que impulsa el gobierno de\u00a0<strong>Javier Milei<\/strong>. Seg\u00fan plantean, la estrategia empresarial apunta a llevar la negociaci\u00f3n al l\u00edmite para evitar el pago de indemnizaciones y sentar un precedente en l\u00ednea con el proyecto que se debate en el Senado.<\/p>\n<h2>Un conflicto que no encuentra salida<\/h2>\n<p>Los trabajadores despedidos sostienen un acampe desde hace m\u00e1s de un mes frente a la sucursal cerrada de Caromar en Mar del Plata. El reclamo comenz\u00f3 por el pago de salarios atrasados y deriv\u00f3 r\u00e1pidamente en una exigencia m\u00e1s amplia: el cumplimiento \u00edntegro de las indemnizaciones tras el cierre definitivo del local.<\/p>\n<p>\u201cDesde el primer momento la oferta fue cero. No quer\u00edan pagar nada de indemnizaci\u00f3n\u201d, afirm\u00f3\u00a0<strong>Esteban Fraysse<\/strong>, secretario gremial del SECZA. Seg\u00fan explic\u00f3, la medida de fuerza fue determinante para forzar a la empresa a sentarse a negociar: \u201cSi algo se logr\u00f3 con los 40 d\u00edas de acampe es que se hayan sentado en una mesa en la que no quer\u00edan estar\u201d.<\/p>\n<p>El conflicto no se limita a Mar del Plata.\u00a0<strong>El cierre de las cuatro sucursales dej\u00f3 a m\u00e1s de un centenar de empleados en la calle y abri\u00f3 negociaciones paralelas en otras localidades<\/strong>, todas atravesadas por la misma falta de propuestas concretas por parte de la patronal.<\/p>\n<p>&nbsp;<\/p>\n<h2>Audiencias, acuerdos parciales y tensi\u00f3n<\/h2>\n<p>En las \u00faltimas semanas se realizaron distintas audiencias en el Ministerio de Trabajo de la provincia de Buenos Aires. La m\u00e1s reciente, llevada a cabo la semana pasada en La Plata, deriv\u00f3 en un acuerdo parcial con una de las plantas m\u00e1s grandes de la firma, que contempla\u00a0<strong>el pago del 50% de las indemnizaciones en tres cuotas<\/strong>.<\/p>\n<p>Desde el sindicato calificaron la propuesta como \u201cinaceptable\u201d y denunciaron que la empresa intent\u00f3 utilizar ese acuerdo para dar por ca\u00edda la negociaci\u00f3n con el resto de los trabajadores y avanzar en la judicializaci\u00f3n del conflicto. La intervenci\u00f3n del Ministerio permiti\u00f3 establecer un cuarto intermedio y mantener abierta la mesa de di\u00e1logo.<\/p>\n<p>Mientras tanto, en Mar del Plata el acampe contin\u00faa. \u201cHace 40 d\u00edas que estamos ah\u00ed. Estuvimos el cuerpo de delegados, la comisi\u00f3n directiva del sindicato y los trabajadores de Caromar. La empresa tiene mercader\u00eda en el lugar y esa es parte de la presi\u00f3n que ejercemos, aunque el propio candado lo puso la empresa\u201d, sostuvo Fraysse.<\/p>\n","protected":false},"excerpt":{"rendered":"<div class=\"mh-excerpt\"><p>Con m\u00e1s de 40 d\u00edas de protesta, ex empleados denuncian sueldos e indemnizaciones impagas y advierten que el conflicto expone el impacto del proyecto laboral oficial. El\u00a0cierre de cuatro sucursales del mayorista Caromar\u00a0a fines de <a class=\"mh-excerpt-more\" href=\"https:\/\/larevistadigital.com.ar\/blog\/mas-de-100-despidos-acampe-y-conflicto-abierto-el-caso-caromar-y-la-reforma-laboral-de-milei\/\" title=\"M\u00e1s de 100 despidos, acampe y conflicto abierto: el caso Caromar y la reforma laboral de Milei\">[Leer M\u00e1s]<\/a><\/p>\n<\/div>","protected":false},"author":3,"featured_media":43391,"comment_status":"open","ping_status":"open","sticky":false,"template":"","format":"standard","meta":{"_jetpack_memberships_contains_paid_content":false,"footnotes":"","jetpack_publicize_message":"","jetpack_publicize_feature_enabled":true,"jetpack_social_post_already_shared":true,"jetpack_social_options":{"image_generator_settings":{"template":"highway","default_image_id":0,"font":"","enabled":false},"version":2}},"categories":[50,12],"tags":[],"class_list":{"0":"post-43390","1":"post","2":"type-post","3":"status-publish","4":"format-standard","5":"has-post-thumbnail","7":"category-interes-general","8":"category-politica"},"jetpack_publicize_connections":[],"jetpack_featured_media_url":"https:\/\/i0.wp.com\/larevistadigital.com.ar\/blog\/wp-content\/uploads\/Captura-de-pantalla-2026-01-16-002849.jpg?fit=793%2C443&ssl=1","jetpack_sharing_enabled":true,"jetpack_shortlink":"https:\/\/wp.me\/p8qtrQ-bhQ","jetpack-related-posts":[{"id":44376,"url":"https:\/\/larevistadigital.com.ar\/blog\/ya-rige-la-reforma-laboral-claves-y-cambios-para-trabajadores\/","url_meta":{"origin":43390,"position":0},"title":"Ya rige la reforma laboral: claves y cambios para trabajadores","author":"Alejandro Sosa Ruda","date":"6 marzo, 2026","format":false,"excerpt":"La reforma laboral ya es ley y cambia reglas clave: indemnizaciones, vacaciones, banco de horas y despidos. Enterate qu\u00e9 cambia para trabajadores. 06 de marzo de 2026 El Gobierno nacional promulg\u00f3 este viernes la\u00a0Ley de Modernizaci\u00f3n Laboral, una de las reformas estructurales impulsadas por la administraci\u00f3n de\u00a0Javier Milei. La norma,\u2026","rel":"","context":"En \u00abINTERES GENERAL\u00bb","block_context":{"text":"INTERES GENERAL","link":"https:\/\/larevistadigital.com.ar\/blog\/category\/interes-general\/"},"img":{"alt_text":"","src":"https:\/\/i0.wp.com\/larevistadigital.com.ar\/blog\/wp-content\/uploads\/Captura-de-pantalla-2026-03-06-214533.jpg?fit=841%2C489&ssl=1&resize=350%2C200","width":350,"height":200,"srcset":"https:\/\/i0.wp.com\/larevistadigital.com.ar\/blog\/wp-content\/uploads\/Captura-de-pantalla-2026-03-06-214533.jpg?fit=841%2C489&ssl=1&resize=350%2C200 1x, https:\/\/i0.wp.com\/larevistadigital.com.ar\/blog\/wp-content\/uploads\/Captura-de-pantalla-2026-03-06-214533.jpg?fit=841%2C489&ssl=1&resize=525%2C300 1.5x, https:\/\/i0.wp.com\/larevistadigital.com.ar\/blog\/wp-content\/uploads\/Captura-de-pantalla-2026-03-06-214533.jpg?fit=841%2C489&ssl=1&resize=700%2C400 2x"},"classes":[]},{"id":44360,"url":"https:\/\/larevistadigital.com.ar\/blog\/preocupacion-en-mar-del-plata-por-despidos-en-el-shopping-los-gallegos\/","url_meta":{"origin":43390,"position":1},"title":"Preocupaci\u00f3n en Mar del Plata por despidos en el Shopping Los Gallegos","author":"Alejandro Sosa Ruda","date":"6 marzo, 2026","format":false,"excerpt":"El sindicato mercantil denunci\u00f3 que ya hubo cesant\u00edas pese al compromiso de la empresa de no despedir trabajadores durante la transici\u00f3n por la supuesta venta del complejo. 06 de marzo de 2026 MAR DEL PLATA -\u00a0 \u00a0El Sindicato de Empleados de Comercio de Mar del Plata y Zona Atl\u00e1ntica manifest\u00f3\u2026","rel":"","context":"En \u00abREGIONALES\u00bb","block_context":{"text":"REGIONALES","link":"https:\/\/larevistadigital.com.ar\/blog\/category\/regionales\/"},"img":{"alt_text":"","src":"https:\/\/i0.wp.com\/larevistadigital.com.ar\/blog\/wp-content\/uploads\/Captura-de-pantalla-2026-03-06-202756.jpg?fit=802%2C343&ssl=1&resize=350%2C200","width":350,"height":200,"srcset":"https:\/\/i0.wp.com\/larevistadigital.com.ar\/blog\/wp-content\/uploads\/Captura-de-pantalla-2026-03-06-202756.jpg?fit=802%2C343&ssl=1&resize=350%2C200 1x, https:\/\/i0.wp.com\/larevistadigital.com.ar\/blog\/wp-content\/uploads\/Captura-de-pantalla-2026-03-06-202756.jpg?fit=802%2C343&ssl=1&resize=525%2C300 1.5x, https:\/\/i0.wp.com\/larevistadigital.com.ar\/blog\/wp-content\/uploads\/Captura-de-pantalla-2026-03-06-202756.jpg?fit=802%2C343&ssl=1&resize=700%2C400 2x"},"classes":[]},{"id":43507,"url":"https:\/\/larevistadigital.com.ar\/blog\/alerta-pyme-la-came-teme-mas-conflicto-con-la-reforma-laboral\/","url_meta":{"origin":43390,"position":2},"title":"Alerta pyme: la CAME teme m\u00e1s conflicto con la reforma laboral","author":"Alejandro Sosa Ruda","date":"20 enero, 2026","format":false,"excerpt":"La CAME respald\u00f3 la reforma laboral, pero pidi\u00f3 eliminar art\u00edculos que pueden disparar conflictos y afectar la seguridad jur\u00eddica de las pymes. 20 de enero de 2026 La Confederaci\u00f3n Argentina de la Mediana Empresa (CAME) fij\u00f3 posici\u00f3n frente a la reforma laboral impulsada por el Gobierno y reclam\u00f3 cambios sustanciales\u2026","rel":"","context":"En \u00abINTERES GENERAL\u00bb","block_context":{"text":"INTERES GENERAL","link":"https:\/\/larevistadigital.com.ar\/blog\/category\/interes-general\/"},"img":{"alt_text":"","src":"https:\/\/i0.wp.com\/larevistadigital.com.ar\/blog\/wp-content\/uploads\/Captura-de-pantalla-2026-01-19-111147-1.jpg?fit=766%2C479&ssl=1&resize=350%2C200","width":350,"height":200,"srcset":"https:\/\/i0.wp.com\/larevistadigital.com.ar\/blog\/wp-content\/uploads\/Captura-de-pantalla-2026-01-19-111147-1.jpg?fit=766%2C479&ssl=1&resize=350%2C200 1x, https:\/\/i0.wp.com\/larevistadigital.com.ar\/blog\/wp-content\/uploads\/Captura-de-pantalla-2026-01-19-111147-1.jpg?fit=766%2C479&ssl=1&resize=525%2C300 1.5x, https:\/\/i0.wp.com\/larevistadigital.com.ar\/blog\/wp-content\/uploads\/Captura-de-pantalla-2026-01-19-111147-1.jpg?fit=766%2C479&ssl=1&resize=700%2C400 2x"},"classes":[]},{"id":29937,"url":"https:\/\/larevistadigital.com.ar\/blog\/oportunidad-laboral-en-la-plata-reconocida-casa-de-comidas-mexicanas-busca-empleados\/","url_meta":{"origin":43390,"position":3},"title":"OPORTUNIDAD LABORAL EN LA PLATA: RECONOCIDA CASA DE COMIDAS MEXICANAS BUSCA EMPLEADOS","author":"Alejandro Sosa Ruda","date":"2 febrero, 2023","format":false,"excerpt":"El local abri\u00f3 una b\u00fasqueda para poder renovar el plantel de mozos con el que cuenta en uno de sus locales en pleno centro platense. 02 de febrero de 2023 Una oportunidad para los platenses que se encuentran en plena\u00a0b\u00fasqueda laboral\u00a0surgi\u00f3 en pleno centro de\u00a0La Plata, despu\u00e9s de que una\u2026","rel":"","context":"En \u00abREGIONALES\u00bb","block_context":{"text":"REGIONALES","link":"https:\/\/larevistadigital.com.ar\/blog\/category\/regionales\/"},"img":{"alt_text":"","src":"https:\/\/i0.wp.com\/larevistadigital.com.ar\/blog\/wp-content\/uploads\/1675361971917.jpg?fit=1200%2C594&ssl=1&resize=350%2C200","width":350,"height":200,"srcset":"https:\/\/i0.wp.com\/larevistadigital.com.ar\/blog\/wp-content\/uploads\/1675361971917.jpg?fit=1200%2C594&ssl=1&resize=350%2C200 1x, https:\/\/i0.wp.com\/larevistadigital.com.ar\/blog\/wp-content\/uploads\/1675361971917.jpg?fit=1200%2C594&ssl=1&resize=525%2C300 1.5x, https:\/\/i0.wp.com\/larevistadigital.com.ar\/blog\/wp-content\/uploads\/1675361971917.jpg?fit=1200%2C594&ssl=1&resize=700%2C400 2x, https:\/\/i0.wp.com\/larevistadigital.com.ar\/blog\/wp-content\/uploads\/1675361971917.jpg?fit=1200%2C594&ssl=1&resize=1050%2C600 3x"},"classes":[]},{"id":28133,"url":"https:\/\/larevistadigital.com.ar\/blog\/mar-del-plata-el-municipio-denuncio-a-las-organizaciones-sociales-por-el-acampe\/","url_meta":{"origin":43390,"position":4},"title":"MAR DEL PLATA: EL MUNICIPIO DENUNCI\u00d3 A LAS ORGANIZACIONES SOCIALES POR EL ACAMPE","author":"Alejandro Sosa Ruda","date":"28 septiembre, 2022","format":false,"excerpt":"Se\u00f1al\u00f3 que la interrupci\u00f3n total del tr\u00e1nsito en las inmediaciones del municipio \"es un delito que pone en peligro el orden social\". 28 de septiembre de 2022 MAR DEL PLATA -\u00a0 El gobierno municipal denunci\u00f3 este mi\u00e9rcoles ante la Justicia el corte de tr\u00e1nsito y acampe que llevan adelante organizaciones\u2026","rel":"","context":"En \u00abPOLITICA\u00bb","block_context":{"text":"POLITICA","link":"https:\/\/larevistadigital.com.ar\/blog\/category\/politica\/"},"img":{"alt_text":"","src":"https:\/\/i0.wp.com\/larevistadigital.com.ar\/blog\/wp-content\/uploads\/orgas-mardel.jpg?fit=809%2C515&ssl=1&resize=350%2C200","width":350,"height":200,"srcset":"https:\/\/i0.wp.com\/larevistadigital.com.ar\/blog\/wp-content\/uploads\/orgas-mardel.jpg?fit=809%2C515&ssl=1&resize=350%2C200 1x, https:\/\/i0.wp.com\/larevistadigital.com.ar\/blog\/wp-content\/uploads\/orgas-mardel.jpg?fit=809%2C515&ssl=1&resize=525%2C300 1.5x, https:\/\/i0.wp.com\/larevistadigital.com.ar\/blog\/wp-content\/uploads\/orgas-mardel.jpg?fit=809%2C515&ssl=1&resize=700%2C400 2x"},"classes":[]},{"id":42287,"url":"https:\/\/larevistadigital.com.ar\/blog\/carlos-tomada-no-hay-que-sacar-derechos-sino-en-dar-derechos-a-los-nuevos-trabajadores\/","url_meta":{"origin":43390,"position":5},"title":"Carlos Tomada: \u201cno hay que sacar derechos, sino en dar derechos a los nuevos trabajadores\u201d","author":"Alejandro Sosa Ruda","date":"30 octubre, 2025","format":false,"excerpt":"Carlos Tomada*, exministro de la Naci\u00f3n, analiz\u00f3 las principales caracter\u00edsticas del proyecto de reforma laboral anunciado por el Gobierno. \"Milei pretende una pol\u00edtica de extracci\u00f3n pura, sin que exista el trabajo\", rechaz\u00f3. 30 de Octubre de 2025 Una reforma laboral de las caracter\u00edsticas que el Gobierno nacional est\u00e1 pensando no\u2026","rel":"","context":"En \u00abINTERES GENERAL\u00bb","block_context":{"text":"INTERES GENERAL","link":"https:\/\/larevistadigital.com.ar\/blog\/category\/interes-general\/"},"img":{"alt_text":"","src":"https:\/\/i0.wp.com\/larevistadigital.com.ar\/blog\/wp-content\/uploads\/20251030162933_carlos-tomada-reforma-laboral.jpg?fit=880%2C512&ssl=1&resize=350%2C200","width":350,"height":200,"srcset":"https:\/\/i0.wp.com\/larevistadigital.com.ar\/blog\/wp-content\/uploads\/20251030162933_carlos-tomada-reforma-laboral.jpg?fit=880%2C512&ssl=1&resize=350%2C200 1x, https:\/\/i0.wp.com\/larevistadigital.com.ar\/blog\/wp-content\/uploads\/20251030162933_carlos-tomada-reforma-laboral.jpg?fit=880%2C512&ssl=1&resize=525%2C300 1.5x, https:\/\/i0.wp.com\/larevistadigital.com.ar\/blog\/wp-content\/uploads\/20251030162933_carlos-tomada-reforma-laboral.jpg?fit=880%2C512&ssl=1&resize=700%2C400 2x"},"classes":[]}],"_links":{"self":[{"href":"https:\/\/larevistadigital.com.ar\/blog\/wp-json\/wp\/v2\/posts\/43390","targetHints":{"allow":["GET"]}}],"collection":[{"href":"https:\/\/larevistadigital.com.ar\/blog\/wp-json\/wp\/v2\/posts"}],"about":[{"href":"https:\/\/larevistadigital.com.ar\/blog\/wp-json\/wp\/v2\/types\/post"}],"author":[{"embeddable":true,"href":"https:\/\/larevistadigital.com.ar\/blog\/wp-json\/wp\/v2\/users\/3"}],"replies":[{"embeddable":true,"href":"https:\/\/larevistadigital.com.ar\/blog\/wp-json\/wp\/v2\/comments?post=43390"}],"version-history":[{"count":1,"href":"https:\/\/larevistadigital.com.ar\/blog\/wp-json\/wp\/v2\/posts\/43390\/revisions"}],"predecessor-version":[{"id":43392,"href":"https:\/\/larevistadigital.com.ar\/blog\/wp-json\/wp\/v2\/posts\/43390\/revisions\/43392"}],"wp:featuredmedia":[{"embeddable":true,"href":"https:\/\/larevistadigital.com.ar\/blog\/wp-json\/wp\/v2\/media\/43391"}],"wp:attachment":[{"href":"https:\/\/larevistadigital.com.ar\/blog\/wp-json\/wp\/v2\/media?parent=43390"}],"wp:term":[{"taxonomy":"category","embeddable":true,"href":"https:\/\/larevistadigital.com.ar\/blog\/wp-json\/wp\/v2\/categories?post=43390"},{"taxonomy":"post_tag","embeddable":true,"href":"https:\/\/larevistadigital.com.ar\/blog\/wp-json\/wp\/v2\/tags?post=43390"}],"curies":[{"name":"wp","href":"https:\/\/api.w.org\/{rel}","templated":true}]}}