{"id":43393,"date":"2026-01-16T00:35:24","date_gmt":"2026-01-16T03:35:24","guid":{"rendered":"https:\/\/larevistadigital.com.ar\/blog\/?p=43393"},"modified":"2026-01-16T00:35:24","modified_gmt":"2026-01-16T03:35:24","slug":"la-provincia-inaugura-la-muestra-vidas-submarinas-ciencia-arte-y-soberania-en-el-museo-mar-de-la-ciudad-de-mar-del-plata","status":"publish","type":"post","link":"https:\/\/larevistadigital.com.ar\/blog\/la-provincia-inaugura-la-muestra-vidas-submarinas-ciencia-arte-y-soberania-en-el-museo-mar-de-la-ciudad-de-mar-del-plata\/","title":{"rendered":"La Provincia inaugura la muestra \u201cVidas submarinas &#8211; Ciencia, arte y soberan\u00eda\u201d en el Museo MAR de la ciudad de Mar del Plata"},"content":{"rendered":"<h3><em>Se podr\u00e1 visitar a partir del viernes 16 de enero. Una propuesta pensada para poner en valor el trabajo de nuestros investigadores e investigadoras, acerc\u00e1ndolo a la comunidad y fomentando vocaciones cient\u00edficas.<\/em><\/h3>\n<p>16 de enero de 2026<\/p>\n<p>El Gobierno de la Provincia de Buenos Aires, en un trabajo articulado entre el Ministerio de Comunicaci\u00f3n P\u00fablica, el Ministerio de Producci\u00f3n, Ciencia e Innovaci\u00f3n Tecnol\u00f3gica, AUBASA, la Subsecretar\u00eda de Pol\u00edticas Culturales, dependiente del Instituto Cultural de la Provincia, y el CONICET Mar del Plata, invitan a la muestra \u201cVidas Submarinas, ciencia, arte y soberan\u00eda\u201d.<\/p>\n<p>A partir de un cruce entre ciencia, arte y divulgaci\u00f3n, Vidas Submarinas propone un recorrido que permite conocer, de manera accesible y l\u00fadica, el contexto, las caracter\u00edsticas y los logros de la hist\u00f3rica campa\u00f1a submarina realizada por especialistas del CONICET, en el marco de la expedici\u00f3n Oasis Submarinos del Ca\u00f1\u00f3n Mar del Plata: Talud Continental IV, que tuvo lugar durante julio y agosto de 2025.<\/p>\n<p>La muestra se organiza en torno a tres ejes principales: conocimiento cient\u00edfico, experiencia sensorial, talleres y juegos. Se invita al p\u00fablico familiar que visita Mar del Plata durante el verano a conocer m\u00e1s sobre la expedici\u00f3n a bordo del buque Falkor (too), sobre los descubrimientos obtenidos y sobre el trabajo de las y los cient\u00edficos argentinos, que alcanz\u00f3 difusi\u00f3n masiva gracias a la transmisi\u00f3n en vivo por streaming.<\/p>\n<p>Vidas Submarinas propone un recorrido por distintos espacios: un sector de infograf\u00eda gr\u00e1fica y audiovisual, una fotogaler\u00eda, una cabina inmersiva y una instalaci\u00f3n escenogr\u00e1fica. Adem\u00e1s, cada d\u00eda se ofrecer\u00e1n tres talleres: a las 17 hs, un taller de arena kin\u00e9tica pensado para chicos y chicas de 2 a 7 a\u00f1os. A las 18 hs, un taller de arte y tecnolog\u00eda y a las 19 hs un taller de rob\u00f3tica, ambos a cargo del equipo de Androbots (rob\u00f3tica educativa) y destinados a \u00a0chicos y chicas de entre 7 y 12 \u00a0a\u00f1os.<\/p>\n<p>Tambi\u00e9n habr\u00e1 dos actividades especiales para conocer sobre soberan\u00eda y explorar vocaciones cient\u00edficas, los martes 27 de enero y 10 de febrero. Estas se llevar\u00e1n a cabo con las cient\u00edficas: Carolina Germinario, Lic. y Profesora en Historia, Mg. en Historia de Am\u00e9rica y Diplomada en Estudios de Malvinas y Atl\u00e1ntico Sur, Eleonora Ver\u00f3n, Lic. y Profesora en Geograf\u00eda y Dra. en Geograf\u00eda y Dra. en Ciencias, y los cuatro especialistas marplatenses que estuvieron en la expedici\u00f3n submarina: Nahuel Far\u00edas, Lic. y Dr. en Biolog\u00eda, Emiliano Ocampo, Lic. en Gen\u00e9tica y Doctor en Biolog\u00eda, Florencia Matusevich, \u00a0Lic. en Ciencias Biol\u00f3gicas y Ezequiel Mabraga\u00f1a, Doctor en Ciencias Biol\u00f3gicas, Especialista en Pesquer\u00edas Marinas, Licenciado en Ciencias Biol\u00f3gicas.<\/p>\n<p>La muestra abre sus puertas, con entrada libre y gratuita, el viernes 16 de enero a las 15 hs. Luego, podr\u00e1 visitarse de martes a domingos de 15 a 21 hs, hasta el 15 de febrero, en el Museo de Arte Contempor\u00e1neo de Buenos Aires (MAR), ubicado en Av. F\u00e9lix U. Camet y L\u00f3pez de Gomara, Mar del Plata.<\/p>\n<p>Vidas Submarinas es un puente entre la ciencia y la comunidad, que pone en valor el trabajo de nuestras instituciones cient\u00edficas y sus profesionales de diferentes ramas, a la vez que incorpora elementos sensoriales, l\u00fadicos y emotivos que acompa\u00f1an el recorrido con ojos de asombro y pasi\u00f3n por la naturaleza. La iniciativa se consolida como una pol\u00edtica p\u00fablica que busca acercar experiencias gratuitas, inclusivas y accesibles a bonaerenses y turistas, poniendo especial \u00e9nfasis en incentivar las vocaciones cient\u00edficas.<\/p>\n","protected":false},"excerpt":{"rendered":"<div class=\"mh-excerpt\"><p>Se podr\u00e1 visitar a partir del viernes 16 de enero. Una propuesta pensada para poner en valor el trabajo de nuestros investigadores e investigadoras, acerc\u00e1ndolo a la comunidad y fomentando vocaciones cient\u00edficas. 16 de enero <a class=\"mh-excerpt-more\" href=\"https:\/\/larevistadigital.com.ar\/blog\/la-provincia-inaugura-la-muestra-vidas-submarinas-ciencia-arte-y-soberania-en-el-museo-mar-de-la-ciudad-de-mar-del-plata\/\" title=\"La Provincia inaugura la muestra \u201cVidas submarinas &#8211; Ciencia, arte y soberan\u00eda\u201d en el Museo MAR de la ciudad de Mar del Plata\">[Leer M\u00e1s]<\/a><\/p>\n<\/div>","protected":false},"author":3,"featured_media":43394,"comment_status":"open","ping_status":"open","sticky":false,"template":"","format":"standard","meta":{"_jetpack_memberships_contains_paid_content":false,"footnotes":"","jetpack_publicize_message":"","jetpack_publicize_feature_enabled":true,"jetpack_social_post_already_shared":true,"jetpack_social_options":{"image_generator_settings":{"template":"highway","default_image_id":0,"font":"","enabled":false},"version":2}},"categories":[50],"tags":[],"class_list":{"0":"post-43393","1":"post","2":"type-post","3":"status-publish","4":"format-standard","5":"has-post-thumbnail","7":"category-interes-general"},"jetpack_publicize_connections":[],"jetpack_featured_media_url":"https:\/\/i0.wp.com\/larevistadigital.com.ar\/blog\/wp-content\/uploads\/El-buque-de-investigacion-R_V-Falkor-too-que-alojo-a-los-cientificos-y-cientificas-durante-la-expedicion-argentina-en-el-Canon-Mar-del-Plata-scaled.jpg?fit=2560%2C1916&ssl=1","jetpack_sharing_enabled":true,"jetpack_shortlink":"https:\/\/wp.me\/p8qtrQ-bhT","jetpack-related-posts":[{"id":34219,"url":"https:\/\/larevistadigital.com.ar\/blog\/unos-300-mil-estudiantes-bonaerenses-realizaron-el-viaje-de-fin-de-curso-generado-por-la-provincia\/","url_meta":{"origin":43393,"position":0},"title":"UNOS 300 MIL ESTUDIANTES BONAERENSES REALIZARON EL VIAJE DE FIN DE CURSO GENERADO POR LA PROVINCIA","author":"Alejandro Sosa Ruda","date":"26 octubre, 2023","format":false,"excerpt":"El programa de la cartera del Ministerio de Producci\u00f3n, Ciencia e Innovaci\u00f3n Tecnol\u00f3gica bonaerense permite a los estudiantes viajar durante 4 d\u00edas en temporada baja a destinos de la provincia, a playas, sierras y m\u00e1s. 25 de octubre de 2023 BUENOS AIRES -\u00a0 Unos 300 mil estudiantes secundarios que asisten\u2026","rel":"","context":"En \u00abINTERES GENERAL\u00bb","block_context":{"text":"INTERES GENERAL","link":"https:\/\/larevistadigital.com.ar\/blog\/category\/interes-general\/"},"img":{"alt_text":"","src":"https:\/\/i0.wp.com\/larevistadigital.com.ar\/blog\/wp-content\/uploads\/20231025152736_viaj.jpg?fit=880%2C512&ssl=1&resize=350%2C200","width":350,"height":200,"srcset":"https:\/\/i0.wp.com\/larevistadigital.com.ar\/blog\/wp-content\/uploads\/20231025152736_viaj.jpg?fit=880%2C512&ssl=1&resize=350%2C200 1x, https:\/\/i0.wp.com\/larevistadigital.com.ar\/blog\/wp-content\/uploads\/20231025152736_viaj.jpg?fit=880%2C512&ssl=1&resize=525%2C300 1.5x, https:\/\/i0.wp.com\/larevistadigital.com.ar\/blog\/wp-content\/uploads\/20231025152736_viaj.jpg?fit=880%2C512&ssl=1&resize=700%2C400 2x"},"classes":[]},{"id":23161,"url":"https:\/\/larevistadigital.com.ar\/blog\/ano-nuevo-ocupacion-plena-en-la-provincia-de-buenos-aires\/","url_meta":{"origin":43393,"position":1},"title":"A\u00d1O NUEVO: OCUPACI\u00d3N PLENA EN LA PROVINCIA DE BUENOS AIRES","author":"Alejandro Sosa Ruda","date":"2 enero, 2022","format":false,"excerpt":"Las Gaviotas, Mar de las Pampas y Costa del Este, con el 100% de reservas, son algunos de los destinos m\u00e1s elegidos. Seg\u00fan datos oficiales del Ministerio de Producci\u00f3n, Ciencia e Innovaci\u00f3n Tecnol\u00f3gica bonaerense las reservas de ocupaci\u00f3n para la semana del 27 de diciembre al 2 de enero en\u2026","rel":"","context":"En \u00abREGIONALES\u00bb","block_context":{"text":"REGIONALES","link":"https:\/\/larevistadigital.com.ar\/blog\/category\/regionales\/"},"img":{"alt_text":"","src":"https:\/\/i0.wp.com\/larevistadigital.com.ar\/blog\/wp-content\/uploads\/0c0c3064d8be33366b183192be11da77b8cb8087.jpg?fit=1140%2C759&ssl=1&resize=350%2C200","width":350,"height":200,"srcset":"https:\/\/i0.wp.com\/larevistadigital.com.ar\/blog\/wp-content\/uploads\/0c0c3064d8be33366b183192be11da77b8cb8087.jpg?fit=1140%2C759&ssl=1&resize=350%2C200 1x, https:\/\/i0.wp.com\/larevistadigital.com.ar\/blog\/wp-content\/uploads\/0c0c3064d8be33366b183192be11da77b8cb8087.jpg?fit=1140%2C759&ssl=1&resize=525%2C300 1.5x, https:\/\/i0.wp.com\/larevistadigital.com.ar\/blog\/wp-content\/uploads\/0c0c3064d8be33366b183192be11da77b8cb8087.jpg?fit=1140%2C759&ssl=1&resize=700%2C400 2x, https:\/\/i0.wp.com\/larevistadigital.com.ar\/blog\/wp-content\/uploads\/0c0c3064d8be33366b183192be11da77b8cb8087.jpg?fit=1140%2C759&ssl=1&resize=1050%2C600 3x"},"classes":[]},{"id":32561,"url":"https:\/\/larevistadigital.com.ar\/blog\/kicillof-y-filmus-encabezaron-una-reunion-de-trabajo-con-autoridades-de-instituciones-cientificas-y-universidades\/","url_meta":{"origin":43393,"position":2},"title":"KICILLOF Y FILMUS ENCABEZARON UNA REUNI\u00d3N DE TRABAJO CON AUTORIDADES DE INSTITUCIONES CIENT\u00cdFICAS Y UNIVERSIDADES","author":"Alejandro Sosa Ruda","date":"24 julio, 2023","format":false,"excerpt":"El encuentro se llev\u00f3 a cabo en la sede del LEMIT para evaluar los resultados de la inversi\u00f3n realizada para potenciar el sistema cient\u00edfico y tecnol\u00f3gico de la provincia de Buenos Aires. 24 de julio de 2023 BUENOS AIRES -\u00a0 En el marco del programa federal Equipar Ciencia, el gobernador\u2026","rel":"","context":"En \u00abINTERES GENERAL\u00bb","block_context":{"text":"INTERES GENERAL","link":"https:\/\/larevistadigital.com.ar\/blog\/category\/interes-general\/"},"img":{"alt_text":"","src":"https:\/\/i0.wp.com\/larevistadigital.com.ar\/blog\/wp-content\/uploads\/WhatsApp-Image-2023-07-21-at-14.43.42.jpeg?fit=743%2C530&ssl=1&resize=350%2C200","width":350,"height":200,"srcset":"https:\/\/i0.wp.com\/larevistadigital.com.ar\/blog\/wp-content\/uploads\/WhatsApp-Image-2023-07-21-at-14.43.42.jpeg?fit=743%2C530&ssl=1&resize=350%2C200 1x, https:\/\/i0.wp.com\/larevistadigital.com.ar\/blog\/wp-content\/uploads\/WhatsApp-Image-2023-07-21-at-14.43.42.jpeg?fit=743%2C530&ssl=1&resize=525%2C300 1.5x, https:\/\/i0.wp.com\/larevistadigital.com.ar\/blog\/wp-content\/uploads\/WhatsApp-Image-2023-07-21-at-14.43.42.jpeg?fit=743%2C530&ssl=1&resize=700%2C400 2x"},"classes":[]},{"id":14709,"url":"https:\/\/larevistadigital.com.ar\/blog\/castelli-presente-en-el-encuentro-de-produccion-ciencia-e-innovacion-tecnologica\/","url_meta":{"origin":43393,"position":3},"title":"CASTELLI: PRESENTE EN EL ENCUENTRO DE PRODUCCI\u00d3N CIENCIA E INNOVACI\u00d3N TECNOL\u00d3GICA","author":"Alejandro Sosa Ruda","date":"11 febrero, 2020","format":false,"excerpt":"El Director de Producci\u00f3n y Medio Ambiente, Luis Brunno, se hizo presente en la Universidad Nacional de San Mart\u00edn en el Primer Encuentro de Producci\u00f3n, Ciencia\u00a0e Innovaci\u00f3n Tecnol\u00f3gica de la Provincia de Buenos Aires. El encuentro fue encabezado por el ministro de Producci\u00f3n, Ciencia y Tecnolog\u00eda bonaerense, Augusto Costa, y\u2026","rel":"","context":"En \u00abCASTELLI\u00bb","block_context":{"text":"CASTELLI","link":"https:\/\/larevistadigital.com.ar\/blog\/category\/castelli\/"},"img":{"alt_text":"","src":"https:\/\/i0.wp.com\/larevistadigital.com.ar\/blog\/wp-content\/uploads\/84760144_1914594208684615_1393917870546616320_o.jpg?fit=1040%2C584&ssl=1&resize=350%2C200","width":350,"height":200,"srcset":"https:\/\/i0.wp.com\/larevistadigital.com.ar\/blog\/wp-content\/uploads\/84760144_1914594208684615_1393917870546616320_o.jpg?fit=1040%2C584&ssl=1&resize=350%2C200 1x, https:\/\/i0.wp.com\/larevistadigital.com.ar\/blog\/wp-content\/uploads\/84760144_1914594208684615_1393917870546616320_o.jpg?fit=1040%2C584&ssl=1&resize=525%2C300 1.5x, https:\/\/i0.wp.com\/larevistadigital.com.ar\/blog\/wp-content\/uploads\/84760144_1914594208684615_1393917870546616320_o.jpg?fit=1040%2C584&ssl=1&resize=700%2C400 2x"},"classes":[]},{"id":41947,"url":"https:\/\/larevistadigital.com.ar\/blog\/mar-del-plata-recibe-la-final-de-los-juegos-bonaerenses-2025\/","url_meta":{"origin":43393,"position":4},"title":"Mar del Plata recibe la Final de los Juegos Bonaerenses 2025","author":"Alejandro Sosa Ruda","date":"13 octubre, 2025","format":false,"excerpt":"Con la participaci\u00f3n de m\u00e1s de 30 mil finalistas, la provincia de Buenos Aires celebra una nueva edici\u00f3n de los Juegos Bonaerenses, el evento deportivo y cultural m\u00e1s importante del pa\u00eds. La gran final se desarrollar\u00e1 del 13 al 18 de octubre en la ciudad de Mar del Plata. 13\u2026","rel":"","context":"En \u00abREGIONALES\u00bb","block_context":{"text":"REGIONALES","link":"https:\/\/larevistadigital.com.ar\/blog\/category\/regionales\/"},"img":{"alt_text":"","src":"https:\/\/i0.wp.com\/larevistadigital.com.ar\/blog\/wp-content\/uploads\/20251010162604_final-juegos-bonaerenses-2025-mar-del-plata.jpg?fit=880%2C512&ssl=1&resize=350%2C200","width":350,"height":200,"srcset":"https:\/\/i0.wp.com\/larevistadigital.com.ar\/blog\/wp-content\/uploads\/20251010162604_final-juegos-bonaerenses-2025-mar-del-plata.jpg?fit=880%2C512&ssl=1&resize=350%2C200 1x, https:\/\/i0.wp.com\/larevistadigital.com.ar\/blog\/wp-content\/uploads\/20251010162604_final-juegos-bonaerenses-2025-mar-del-plata.jpg?fit=880%2C512&ssl=1&resize=525%2C300 1.5x, https:\/\/i0.wp.com\/larevistadigital.com.ar\/blog\/wp-content\/uploads\/20251010162604_final-juegos-bonaerenses-2025-mar-del-plata.jpg?fit=880%2C512&ssl=1&resize=700%2C400 2x"},"classes":[]},{"id":30571,"url":"https:\/\/larevistadigital.com.ar\/blog\/mar-del-plata-aparecio-en-la-playa-un-pez-de-aguas-tropicales\/","url_meta":{"origin":43393,"position":5},"title":"MAR DEL PLATA: APARECI\u00d3 EN LA PLAYA UN PEZ DE AGUAS TROPICALES","author":"Alejandro Sosa Ruda","date":"13 marzo, 2023","format":false,"excerpt":"Pescadores deportivos capturaron un ejemplar de morena reticulada MAR DEL PLATA -\u00a0 Este fin de semana,\u00a0pescadores deportivos de Mar del Plata capturaron un ejemplar de una morena de la familia Muraenidae,\u00a0en la zona norte de la ciudad. A fin de identificar a qu\u00e9 especie correspond\u00eda el ejemplar, los pescadores se\u2026","rel":"","context":"En \u00abCURIOSAS\u00bb","block_context":{"text":"CURIOSAS","link":"https:\/\/larevistadigital.com.ar\/blog\/category\/curiosas\/"},"img":{"alt_text":"","src":"https:\/\/i0.wp.com\/larevistadigital.com.ar\/blog\/wp-content\/uploads\/MORENA-RETICULADA.png?fit=801%2C508&ssl=1&resize=350%2C200","width":350,"height":200,"srcset":"https:\/\/i0.wp.com\/larevistadigital.com.ar\/blog\/wp-content\/uploads\/MORENA-RETICULADA.png?fit=801%2C508&ssl=1&resize=350%2C200 1x, https:\/\/i0.wp.com\/larevistadigital.com.ar\/blog\/wp-content\/uploads\/MORENA-RETICULADA.png?fit=801%2C508&ssl=1&resize=525%2C300 1.5x, https:\/\/i0.wp.com\/larevistadigital.com.ar\/blog\/wp-content\/uploads\/MORENA-RETICULADA.png?fit=801%2C508&ssl=1&resize=700%2C400 2x"},"classes":[]}],"_links":{"self":[{"href":"https:\/\/larevistadigital.com.ar\/blog\/wp-json\/wp\/v2\/posts\/43393","targetHints":{"allow":["GET"]}}],"collection":[{"href":"https:\/\/larevistadigital.com.ar\/blog\/wp-json\/wp\/v2\/posts"}],"about":[{"href":"https:\/\/larevistadigital.com.ar\/blog\/wp-json\/wp\/v2\/types\/post"}],"author":[{"embeddable":true,"href":"https:\/\/larevistadigital.com.ar\/blog\/wp-json\/wp\/v2\/users\/3"}],"replies":[{"embeddable":true,"href":"https:\/\/larevistadigital.com.ar\/blog\/wp-json\/wp\/v2\/comments?post=43393"}],"version-history":[{"count":1,"href":"https:\/\/larevistadigital.com.ar\/blog\/wp-json\/wp\/v2\/posts\/43393\/revisions"}],"predecessor-version":[{"id":43395,"href":"https:\/\/larevistadigital.com.ar\/blog\/wp-json\/wp\/v2\/posts\/43393\/revisions\/43395"}],"wp:featuredmedia":[{"embeddable":true,"href":"https:\/\/larevistadigital.com.ar\/blog\/wp-json\/wp\/v2\/media\/43394"}],"wp:attachment":[{"href":"https:\/\/larevistadigital.com.ar\/blog\/wp-json\/wp\/v2\/media?parent=43393"}],"wp:term":[{"taxonomy":"category","embeddable":true,"href":"https:\/\/larevistadigital.com.ar\/blog\/wp-json\/wp\/v2\/categories?post=43393"},{"taxonomy":"post_tag","embeddable":true,"href":"https:\/\/larevistadigital.com.ar\/blog\/wp-json\/wp\/v2\/tags?post=43393"}],"curies":[{"name":"wp","href":"https:\/\/api.w.org\/{rel}","templated":true}]}}