{"id":43396,"date":"2026-01-16T00:50:12","date_gmt":"2026-01-16T03:50:12","guid":{"rendered":"https:\/\/larevistadigital.com.ar\/blog\/?p=43396"},"modified":"2026-01-16T00:50:12","modified_gmt":"2026-01-16T03:50:12","slug":"choque-entre-un-auto-y-una-moto-en-la-ruta-2-dos-personas-hospitalizadas","status":"publish","type":"post","link":"https:\/\/larevistadigital.com.ar\/blog\/choque-entre-un-auto-y-una-moto-en-la-ruta-2-dos-personas-hospitalizadas\/","title":{"rendered":"Choque entre un auto y una moto en la Ruta 2: dos personas hospitalizadas"},"content":{"rendered":"<p data-start=\"154\" data-end=\"309\"><strong data-start=\"154\" data-end=\"309\">El siniestro ocurri\u00f3 a la altura del kil\u00f3metro 203, en el carril ascendente. Los ocupantes de la motocicleta fueron trasladados al Hospital de Dolores.<\/strong><\/p>\n<p data-start=\"154\" data-end=\"309\">16 de enero de 2026<\/p>\n<p data-start=\"311\" data-end=\"517\"><strong>DOLORES &#8211;\u00a0<\/strong> \u00a0Un accidente de tr\u00e1nsito se registr\u00f3 este jueves en la <strong data-start=\"366\" data-end=\"376\">Ruta 2<\/strong>, a la altura del <strong data-start=\"394\" data-end=\"411\">kil\u00f3metro 203<\/strong>, en sentido ascendente, donde se produjo un <strong data-start=\"456\" data-end=\"516\">impacto por alcance entre un autom\u00f3vil y una motocicleta<\/strong>.<\/p>\n<p data-start=\"519\" data-end=\"820\">Seg\u00fan la informaci\u00f3n recabada, el choque involucr\u00f3 a un <strong data-start=\"575\" data-end=\"597\">Fiat Cronos blanco<\/strong>, conducido por un hombre de <strong data-start=\"626\" data-end=\"678\">40 a\u00f1os domiciliado en la Ciudad de Buenos Aires<\/strong>, y una <strong data-start=\"686\" data-end=\"720\">motocicleta Bajaj Rouser negra<\/strong>, en la que circulaban <strong data-start=\"743\" data-end=\"779\">un hombre y una mujer de 44 a\u00f1os<\/strong>, ambos con domicilio en <strong data-start=\"804\" data-end=\"819\">Berazategui<\/strong>.<\/p>\n<blockquote>\n<h3 data-start=\"822\" data-end=\"1061\">Como consecuencia del impacto, los ocupantes de la moto resultaron con lesiones y debieron ser <strong data-start=\"917\" data-end=\"955\">trasladados al Hospital de Dolores<\/strong> para su evaluaci\u00f3n m\u00e9dica, aunque hasta el momento no se inform\u00f3 oficialmente la gravedad de las heridas.<\/h3>\n<\/blockquote>\n<p data-start=\"1063\" data-end=\"1304\">En el lugar trabajaron <strong data-start=\"1086\" data-end=\"1121\">personal de Emergencias M\u00e9dicas<\/strong> y <strong data-start=\"1124\" data-end=\"1140\">Vial Dolores<\/strong>, quienes asistieron a los involucrados y ordenaron la circulaci\u00f3n mientras se realizaban las actuaciones correspondientes para determinar las causas del siniestro.<\/p>\n<p data-start=\"1306\" data-end=\"1442\" data-is-last-node=\"\" data-is-only-node=\"\">Una vez m\u00e1s, la Ruta 2 vuelve a ser escenario de un accidente vial, en un tramo donde los choques por alcance se repiten con frecuencia.<\/p>\n<p data-start=\"1306\" data-end=\"1442\" data-is-last-node=\"\" data-is-only-node=\"\">FUENTE E IMAGEN: DIARIOCOL (criterioonline.com)<\/p>\n","protected":false},"excerpt":{"rendered":"<div class=\"mh-excerpt\"><p>El siniestro ocurri\u00f3 a la altura del kil\u00f3metro 203, en el carril ascendente. Los ocupantes de la motocicleta fueron trasladados al Hospital de Dolores. 16 de enero de 2026 DOLORES &#8211;\u00a0 \u00a0Un accidente de tr\u00e1nsito <a class=\"mh-excerpt-more\" href=\"https:\/\/larevistadigital.com.ar\/blog\/choque-entre-un-auto-y-una-moto-en-la-ruta-2-dos-personas-hospitalizadas\/\" title=\"Choque entre un auto y una moto en la Ruta 2: dos personas hospitalizadas\">[Leer M\u00e1s]<\/a><\/p>\n<\/div>","protected":false},"author":3,"featured_media":43397,"comment_status":"open","ping_status":"open","sticky":false,"template":"","format":"standard","meta":{"_jetpack_memberships_contains_paid_content":false,"footnotes":"","jetpack_publicize_message":"","jetpack_publicize_feature_enabled":true,"jetpack_social_post_already_shared":true,"jetpack_social_options":{"image_generator_settings":{"template":"highway","default_image_id":0,"font":"","enabled":false},"version":2}},"categories":[43,51],"tags":[],"class_list":{"0":"post-43396","1":"post","2":"type-post","3":"status-publish","4":"format-standard","5":"has-post-thumbnail","7":"category-dolores","8":"category-regionales"},"jetpack_publicize_connections":[],"jetpack_featured_media_url":"https:\/\/i0.wp.com\/larevistadigital.com.ar\/blog\/wp-content\/uploads\/choque-r2-15-1-26.jpeg?fit=800%2C360&ssl=1","jetpack_sharing_enabled":true,"jetpack_shortlink":"https:\/\/wp.me\/p8qtrQ-bhW","jetpack-related-posts":[{"id":42548,"url":"https:\/\/larevistadigital.com.ar\/blog\/un-motociclista-de-30-anos-murio-tras-un-choque-en-la-ruta-2-a-la-altura-de-sevigne\/","url_meta":{"origin":43396,"position":0},"title":"Un motociclista de 30 a\u00f1os muri\u00f3 tras un choque en la Ruta 2, a la altura de Sevign\u00e9","author":"Alejandro Sosa Ruda","date":"20 noviembre, 2025","format":false,"excerpt":"Un joven de 30 a\u00f1os, vecino de Pila, falleci\u00f3 anoche tras un violento choque ocurrido en el kil\u00f3metro 195 de la Ruta Provincial N\u00ba 2, en el paraje Sevign\u00e9, partido de Dolores. 20 de Noviembre de 2025 DOLORES -\u00a0 \u00a0El accidente involucr\u00f3 a un Peugeot 408 y una motocicleta Gilera\u2026","rel":"","context":"En \u00abDOLORES\u00bb","block_context":{"text":"DOLORES","link":"https:\/\/larevistadigital.com.ar\/blog\/category\/dolores\/"},"img":{"alt_text":"","src":"https:\/\/i0.wp.com\/larevistadigital.com.ar\/blog\/wp-content\/uploads\/031754340eec706fd6cfa157f884c5626edb260a.jpg?fit=1140%2C716&ssl=1&resize=350%2C200","width":350,"height":200,"srcset":"https:\/\/i0.wp.com\/larevistadigital.com.ar\/blog\/wp-content\/uploads\/031754340eec706fd6cfa157f884c5626edb260a.jpg?fit=1140%2C716&ssl=1&resize=350%2C200 1x, https:\/\/i0.wp.com\/larevistadigital.com.ar\/blog\/wp-content\/uploads\/031754340eec706fd6cfa157f884c5626edb260a.jpg?fit=1140%2C716&ssl=1&resize=525%2C300 1.5x, https:\/\/i0.wp.com\/larevistadigital.com.ar\/blog\/wp-content\/uploads\/031754340eec706fd6cfa157f884c5626edb260a.jpg?fit=1140%2C716&ssl=1&resize=700%2C400 2x, https:\/\/i0.wp.com\/larevistadigital.com.ar\/blog\/wp-content\/uploads\/031754340eec706fd6cfa157f884c5626edb260a.jpg?fit=1140%2C716&ssl=1&resize=1050%2C600 3x"},"classes":[]},{"id":8989,"url":"https:\/\/larevistadigital.com.ar\/blog\/violento-choque-en-la-ruta-2\/","url_meta":{"origin":43396,"position":1},"title":"VIOLENTO CHOQUE EN LA RUTA 2","author":"Alejandro Sosa Ruda","date":"10 marzo, 2019","format":false,"excerpt":"Esta tarde se produjo un fuerte accidente entre dos veh\u00ecculos que circulaban\u00a0por\u00a0la Ruta 2 a la altura del kil\u00f3metro 204. El siniestro fue protagonizado por un\u00a0Fiat Qubo y una Jeep Sport que, por cuestiones que se tratan de establecer chocaron a la altura del Paraje Los Sauquitos, Partido de Dolores.\u2026","rel":"","context":"En \u00abPOLICIALES\u00bb","block_context":{"text":"POLICIALES","link":"https:\/\/larevistadigital.com.ar\/blog\/category\/policiales\/"},"img":{"alt_text":"","src":"https:\/\/i0.wp.com\/larevistadigital.com.ar\/blog\/wp-content\/uploads\/2019\/03\/bf8576c643f72019acbaa44577dc6e217ca0213a.jpg?fit=1140%2C748&ssl=1&resize=350%2C200","width":350,"height":200,"srcset":"https:\/\/i0.wp.com\/larevistadigital.com.ar\/blog\/wp-content\/uploads\/2019\/03\/bf8576c643f72019acbaa44577dc6e217ca0213a.jpg?fit=1140%2C748&ssl=1&resize=350%2C200 1x, https:\/\/i0.wp.com\/larevistadigital.com.ar\/blog\/wp-content\/uploads\/2019\/03\/bf8576c643f72019acbaa44577dc6e217ca0213a.jpg?fit=1140%2C748&ssl=1&resize=525%2C300 1.5x, https:\/\/i0.wp.com\/larevistadigital.com.ar\/blog\/wp-content\/uploads\/2019\/03\/bf8576c643f72019acbaa44577dc6e217ca0213a.jpg?fit=1140%2C748&ssl=1&resize=700%2C400 2x, https:\/\/i0.wp.com\/larevistadigital.com.ar\/blog\/wp-content\/uploads\/2019\/03\/bf8576c643f72019acbaa44577dc6e217ca0213a.jpg?fit=1140%2C748&ssl=1&resize=1050%2C600 3x"},"classes":[]},{"id":43018,"url":"https:\/\/larevistadigital.com.ar\/blog\/tragedia-en-la-ruta-2-murieron-un-padre-y-su-hija-tras-un-violento-choque\/","url_meta":{"origin":43396,"position":2},"title":"Tragedia en la Ruta 2: murieron un padre y su hija tras un violento choque","author":"Alejandro Sosa Ruda","date":"23 diciembre, 2025","format":false,"excerpt":"El fatal accidente ocurri\u00f3 a la altura del kil\u00f3metro 81, en cercan\u00edas de \u00c1ngel Etcheverry. Las v\u00edctimas viajaban en una motocicleta que impact\u00f3 contra un autom\u00f3vil. La joven falleci\u00f3 horas despu\u00e9s en el hospital. 23 de diciembre de 2025 Un grav\u00edsimo accidente de tr\u00e1nsito ocurrido en la Ruta 2 dej\u00f3\u2026","rel":"","context":"En \u00abPOLICIALES\u00bb","block_context":{"text":"POLICIALES","link":"https:\/\/larevistadigital.com.ar\/blog\/category\/policiales\/"},"img":{"alt_text":"","src":"https:\/\/i0.wp.com\/larevistadigital.com.ar\/blog\/wp-content\/uploads\/0a1c26fb061f8f26243f92ff3157dd2d1ed08961.png?fit=1140%2C664&ssl=1&resize=350%2C200","width":350,"height":200,"srcset":"https:\/\/i0.wp.com\/larevistadigital.com.ar\/blog\/wp-content\/uploads\/0a1c26fb061f8f26243f92ff3157dd2d1ed08961.png?fit=1140%2C664&ssl=1&resize=350%2C200 1x, https:\/\/i0.wp.com\/larevistadigital.com.ar\/blog\/wp-content\/uploads\/0a1c26fb061f8f26243f92ff3157dd2d1ed08961.png?fit=1140%2C664&ssl=1&resize=525%2C300 1.5x, https:\/\/i0.wp.com\/larevistadigital.com.ar\/blog\/wp-content\/uploads\/0a1c26fb061f8f26243f92ff3157dd2d1ed08961.png?fit=1140%2C664&ssl=1&resize=700%2C400 2x, https:\/\/i0.wp.com\/larevistadigital.com.ar\/blog\/wp-content\/uploads\/0a1c26fb061f8f26243f92ff3157dd2d1ed08961.png?fit=1140%2C664&ssl=1&resize=1050%2C600 3x"},"classes":[]},{"id":43594,"url":"https:\/\/larevistadigital.com.ar\/blog\/ruta2-vuelco-con-tres-personas-heridas\/","url_meta":{"origin":43396,"position":3},"title":"Ruta2: Vuelco con tres personas heridas","author":"Alejandro Sosa Ruda","date":"26 enero, 2026","format":false,"excerpt":"El accidente ocurri\u00f3 a la altura del kil\u00f3metro 236, en el carril ascendente. Los ocupantes llevaban cintur\u00f3n y no sufrieron lesiones de gravedad. 26 de enero de 2026 Tres personas oriundas de la ciudad de Dolores resultaron heridas este mi\u00e9rcoles por la ma\u00f1ana luego de protagonizar un accidente de tr\u00e1nsito\u2026","rel":"","context":"En \u00abPOLICIALES\u00bb","block_context":{"text":"POLICIALES","link":"https:\/\/larevistadigital.com.ar\/blog\/category\/policiales\/"},"img":{"alt_text":"","src":"https:\/\/i0.wp.com\/larevistadigital.com.ar\/blog\/wp-content\/uploads\/b2264f9ee8f2b866d8e436cffafeda0e6604f625.jpg?fit=1140%2C641&ssl=1&resize=350%2C200","width":350,"height":200,"srcset":"https:\/\/i0.wp.com\/larevistadigital.com.ar\/blog\/wp-content\/uploads\/b2264f9ee8f2b866d8e436cffafeda0e6604f625.jpg?fit=1140%2C641&ssl=1&resize=350%2C200 1x, https:\/\/i0.wp.com\/larevistadigital.com.ar\/blog\/wp-content\/uploads\/b2264f9ee8f2b866d8e436cffafeda0e6604f625.jpg?fit=1140%2C641&ssl=1&resize=525%2C300 1.5x, https:\/\/i0.wp.com\/larevistadigital.com.ar\/blog\/wp-content\/uploads\/b2264f9ee8f2b866d8e436cffafeda0e6604f625.jpg?fit=1140%2C641&ssl=1&resize=700%2C400 2x, https:\/\/i0.wp.com\/larevistadigital.com.ar\/blog\/wp-content\/uploads\/b2264f9ee8f2b866d8e436cffafeda0e6604f625.jpg?fit=1140%2C641&ssl=1&resize=1050%2C600 3x"},"classes":[]},{"id":31076,"url":"https:\/\/larevistadigital.com.ar\/blog\/ruta-2-vuelco-en-el-kilometro-195\/","url_meta":{"origin":43396,"position":4},"title":"RUTA 2: VUELCO EN EL KIL\u00d3METRO 195","author":"Alejandro Sosa Ruda","date":"15 abril, 2023","format":false,"excerpt":"Sucedi\u00f3 ayer, donde una camioneta perdi\u00f3 el control y volc\u00f3. 15 de abril de 2023 DOLORES -\u00a0 Una camioneta perdi\u00f3 el control y volc\u00f3 durante el d\u00eda de ayer, en la ruta 2 a la altura de la localidad de Dolores. A\u00fan no se conocen las razones del siniestro, del\u2026","rel":"","context":"En \u00abDOLORES\u00bb","block_context":{"text":"DOLORES","link":"https:\/\/larevistadigital.com.ar\/blog\/category\/dolores\/"},"img":{"alt_text":"","src":"https:\/\/i0.wp.com\/larevistadigital.com.ar\/blog\/wp-content\/uploads\/ccc.jpg?fit=780%2C840&ssl=1&resize=350%2C200","width":350,"height":200,"srcset":"https:\/\/i0.wp.com\/larevistadigital.com.ar\/blog\/wp-content\/uploads\/ccc.jpg?fit=780%2C840&ssl=1&resize=350%2C200 1x, https:\/\/i0.wp.com\/larevistadigital.com.ar\/blog\/wp-content\/uploads\/ccc.jpg?fit=780%2C840&ssl=1&resize=525%2C300 1.5x, https:\/\/i0.wp.com\/larevistadigital.com.ar\/blog\/wp-content\/uploads\/ccc.jpg?fit=780%2C840&ssl=1&resize=700%2C400 2x"},"classes":[]},{"id":44537,"url":"https:\/\/larevistadigital.com.ar\/blog\/choque-contra-una-vaca-en-la-ruta-2-ocho-personas-involucradas-y-una-nina-hospitalizada\/","url_meta":{"origin":43396,"position":5},"title":"Choque contra una vaca en la Ruta 2: ocho personas involucradas y una ni\u00f1a hospitalizada","author":"Alejandro Sosa Ruda","date":"16 marzo, 2026","format":false,"excerpt":"El siniestro ocurri\u00f3 en el kil\u00f3metro 231, en jurisdicci\u00f3n de Dolores. Dos veh\u00edculos impactaron contra un animal que se encontraba sobre la calzada. 16 de Marzo de 2026 DOLORES -\u00a0 \u00a0Un siniestro vial se registr\u00f3 durante la madrugada en la Ruta Provincial 2, a la altura del kil\u00f3metro 231, dentro\u2026","rel":"","context":"En \u00abDOLORES\u00bb","block_context":{"text":"DOLORES","link":"https:\/\/larevistadigital.com.ar\/blog\/category\/dolores\/"},"img":{"alt_text":"","src":"https:\/\/i0.wp.com\/larevistadigital.com.ar\/blog\/wp-content\/uploads\/8f7ef8ee2bf9e3f20fdedec1779697add096fd42.jpeg?fit=1140%2C714&ssl=1&resize=350%2C200","width":350,"height":200,"srcset":"https:\/\/i0.wp.com\/larevistadigital.com.ar\/blog\/wp-content\/uploads\/8f7ef8ee2bf9e3f20fdedec1779697add096fd42.jpeg?fit=1140%2C714&ssl=1&resize=350%2C200 1x, https:\/\/i0.wp.com\/larevistadigital.com.ar\/blog\/wp-content\/uploads\/8f7ef8ee2bf9e3f20fdedec1779697add096fd42.jpeg?fit=1140%2C714&ssl=1&resize=525%2C300 1.5x, https:\/\/i0.wp.com\/larevistadigital.com.ar\/blog\/wp-content\/uploads\/8f7ef8ee2bf9e3f20fdedec1779697add096fd42.jpeg?fit=1140%2C714&ssl=1&resize=700%2C400 2x, https:\/\/i0.wp.com\/larevistadigital.com.ar\/blog\/wp-content\/uploads\/8f7ef8ee2bf9e3f20fdedec1779697add096fd42.jpeg?fit=1140%2C714&ssl=1&resize=1050%2C600 3x"},"classes":[]}],"_links":{"self":[{"href":"https:\/\/larevistadigital.com.ar\/blog\/wp-json\/wp\/v2\/posts\/43396","targetHints":{"allow":["GET"]}}],"collection":[{"href":"https:\/\/larevistadigital.com.ar\/blog\/wp-json\/wp\/v2\/posts"}],"about":[{"href":"https:\/\/larevistadigital.com.ar\/blog\/wp-json\/wp\/v2\/types\/post"}],"author":[{"embeddable":true,"href":"https:\/\/larevistadigital.com.ar\/blog\/wp-json\/wp\/v2\/users\/3"}],"replies":[{"embeddable":true,"href":"https:\/\/larevistadigital.com.ar\/blog\/wp-json\/wp\/v2\/comments?post=43396"}],"version-history":[{"count":1,"href":"https:\/\/larevistadigital.com.ar\/blog\/wp-json\/wp\/v2\/posts\/43396\/revisions"}],"predecessor-version":[{"id":43398,"href":"https:\/\/larevistadigital.com.ar\/blog\/wp-json\/wp\/v2\/posts\/43396\/revisions\/43398"}],"wp:featuredmedia":[{"embeddable":true,"href":"https:\/\/larevistadigital.com.ar\/blog\/wp-json\/wp\/v2\/media\/43397"}],"wp:attachment":[{"href":"https:\/\/larevistadigital.com.ar\/blog\/wp-json\/wp\/v2\/media?parent=43396"}],"wp:term":[{"taxonomy":"category","embeddable":true,"href":"https:\/\/larevistadigital.com.ar\/blog\/wp-json\/wp\/v2\/categories?post=43396"},{"taxonomy":"post_tag","embeddable":true,"href":"https:\/\/larevistadigital.com.ar\/blog\/wp-json\/wp\/v2\/tags?post=43396"}],"curies":[{"name":"wp","href":"https:\/\/api.w.org\/{rel}","templated":true}]}}