{"id":43399,"date":"2026-01-16T00:55:06","date_gmt":"2026-01-16T03:55:06","guid":{"rendered":"https:\/\/larevistadigital.com.ar\/blog\/?p=43399"},"modified":"2026-01-16T00:55:06","modified_gmt":"2026-01-16T03:55:06","slug":"kicillof-consolido-su-proyecto-politico-con-una-cumbre-clave-en-gesell","status":"publish","type":"post","link":"https:\/\/larevistadigital.com.ar\/blog\/kicillof-consolido-su-proyecto-politico-con-una-cumbre-clave-en-gesell\/","title":{"rendered":"Kicillof consolid\u00f3 su proyecto pol\u00edtico con una cumbre clave en Gesell"},"content":{"rendered":"<h3>A un a\u00f1o de la creaci\u00f3n de Derecho al Futuro.<\/h3>\n<p>16 de enero de 2026<\/p>\n<p>A casi un a\u00f1o del emplazamiento de la piedra angular del Movimiento Derecho al Futuro (MDF), el gobernador bonaerense, Axel Kicillof, volvi\u00f3 a reunir a su n\u00facleo duro en la ciudad costera. Durante el encuentro, que se realiz\u00f3 ayer a las 17 horas, el mandatario hizo un balance de los logros obtenidos durante 2025 y marc\u00f3 las directrices para la expansi\u00f3n nacional de su proyecto pol\u00edtico.<\/p>\n<p>En plena temporada veraniega, el gobernador congreg\u00f3 en el Golf Club de Villa Gesell al grupo de intendentes que lo apoyaba, a funcionarios de su gabinete y a dirigentes de su espacio en el distrito conducido por Gustavo Barrera. Adem\u00e1s del anfitri\u00f3n, la convocatoria reuni\u00f3 a los jefes comunales Julio Alak (La Plata), Jorge Ferraresi (Avellaneda), Mario Secco (Ensenada) y Fabi\u00e1n Cagliardi (Berisso), entre otros referentes que se reagruparon en el MDF.<\/p>\n<p>Antes de recalar en Gesell, Kicillof encabez\u00f3 una reuni\u00f3n con sectores productivos en Mar de Aj\u00f3. Luego, ya en la ciudad balnearia, brind\u00f3 su tradicional conferencia de verano antes de encerrarse a solas con su tropa pol\u00edtica.<\/p>\n<p>En el recuento de los logros del espacio, el kicillofismo destac\u00f3 el desdoblamiento electoral, una estrategia que el gobernador defendi\u00f3 a pesar de las cr\u00edticas del kirchnerismo duro. Tambi\u00e9n se record\u00f3 la victoria electoral de septiembre, cuando el sector logr\u00f3 imponerse para encabezar las listas de las populosas primera y tercera secciones electorales.<\/p>\n<p>En aquel momento, el enfrentamiento con La C\u00e1mpora se encontraba en una fase de tregua, aunque la tensi\u00f3n se manten\u00eda vigente. El frente de batalla interna se centr\u00f3 entonces en la conducci\u00f3n del PJ bonaerense, presidido en ese entonces por M\u00e1ximo Kirchner, de cara a la renovaci\u00f3n de autoridades prevista para marzo. A pedido del MDF, la Junta Electoral ampli\u00f3 su composici\u00f3n a 13 consejeros: ocho respond\u00edan al kirchnerismo y cinco al gobernador.<\/p>\n<p>Publicado en diarion\u00facleo<\/p>\n","protected":false},"excerpt":{"rendered":"<div class=\"mh-excerpt\"><p>A un a\u00f1o de la creaci\u00f3n de Derecho al Futuro. 16 de enero de 2026 A casi un a\u00f1o del emplazamiento de la piedra angular del Movimiento Derecho al Futuro (MDF), el gobernador bonaerense, Axel <a class=\"mh-excerpt-more\" href=\"https:\/\/larevistadigital.com.ar\/blog\/kicillof-consolido-su-proyecto-politico-con-una-cumbre-clave-en-gesell\/\" title=\"Kicillof consolid\u00f3 su proyecto pol\u00edtico con una cumbre clave en Gesell\">[Leer M\u00e1s]<\/a><\/p>\n<\/div>","protected":false},"author":3,"featured_media":43400,"comment_status":"open","ping_status":"open","sticky":false,"template":"","format":"standard","meta":{"_jetpack_memberships_contains_paid_content":false,"footnotes":"","jetpack_publicize_message":"","jetpack_publicize_feature_enabled":true,"jetpack_social_post_already_shared":true,"jetpack_social_options":{"image_generator_settings":{"template":"highway","default_image_id":0,"font":"","enabled":false},"version":2}},"categories":[51],"tags":[],"class_list":{"0":"post-43399","1":"post","2":"type-post","3":"status-publish","4":"format-standard","5":"has-post-thumbnail","7":"category-regionales"},"jetpack_publicize_connections":[],"jetpack_featured_media_url":"https:\/\/i0.wp.com\/larevistadigital.com.ar\/blog\/wp-content\/uploads\/9-prov-nota-2-4f62ac-c8c221.jpg?fit=640%2C415&ssl=1","jetpack_sharing_enabled":true,"jetpack_shortlink":"https:\/\/wp.me\/p8qtrQ-bhZ","jetpack-related-posts":[{"id":33553,"url":"https:\/\/larevistadigital.com.ar\/blog\/el-gobernador-axel-kicillof-dio-luz-verde-para-el-comienzo-de-las-obras-de-la-doble-via-entre-villa-gesell-y-mar-chiquita\/","url_meta":{"origin":43399,"position":0},"title":"EL GOBERNADOR AXEL KICILLOF DI\u00d3 LUZ VERDE PARA EL COMIENZO DE LAS OBRAS  DE LA DOBLE V\u00cdA ENTRE VILLA GESELL Y MAR CHIQUITA","author":"Alejandro Sosa Ruda","date":"23 septiembre, 2023","format":false,"excerpt":"La inversi\u00f3n ser\u00e1 de U$S 130 millones. Esto implica un gran beneficio para la Costa Atl\u00e1ntica. 23 de Septiembre de 2023 El Gobernador de la Provincia de Buenos Aires, Axel Kicillof, firm\u00f3 la adjudicaci\u00f3n de la obra de pavimentaci\u00f3n de calzada que permitir\u00e1\u00a0transformar en autov\u00eda la ruta provincial N\u00b0 11,\u2026","rel":"","context":"En \u00abPOLITICA PROVINCIAL\u00bb","block_context":{"text":"POLITICA PROVINCIAL","link":"https:\/\/larevistadigital.com.ar\/blog\/category\/politica\/politica-provincial\/"},"img":{"alt_text":"","src":"https:\/\/i0.wp.com\/larevistadigital.com.ar\/blog\/wp-content\/uploads\/a50c58ea3c3609e49da0d7f34202dde81b39039f.jpg?fit=1140%2C760&ssl=1&resize=350%2C200","width":350,"height":200,"srcset":"https:\/\/i0.wp.com\/larevistadigital.com.ar\/blog\/wp-content\/uploads\/a50c58ea3c3609e49da0d7f34202dde81b39039f.jpg?fit=1140%2C760&ssl=1&resize=350%2C200 1x, https:\/\/i0.wp.com\/larevistadigital.com.ar\/blog\/wp-content\/uploads\/a50c58ea3c3609e49da0d7f34202dde81b39039f.jpg?fit=1140%2C760&ssl=1&resize=525%2C300 1.5x, https:\/\/i0.wp.com\/larevistadigital.com.ar\/blog\/wp-content\/uploads\/a50c58ea3c3609e49da0d7f34202dde81b39039f.jpg?fit=1140%2C760&ssl=1&resize=700%2C400 2x, https:\/\/i0.wp.com\/larevistadigital.com.ar\/blog\/wp-content\/uploads\/a50c58ea3c3609e49da0d7f34202dde81b39039f.jpg?fit=1140%2C760&ssl=1&resize=1050%2C600 3x"},"classes":[]},{"id":43013,"url":"https:\/\/larevistadigital.com.ar\/blog\/comunicado-del-frente-grande-respaldando-al-gobernador-axelkicillof\/","url_meta":{"origin":43399,"position":1},"title":"Comunicado del Frente Grande respaldando al gobernador AxelKicillof","author":"Alejandro Sosa Ruda","date":"23 diciembre, 2025","format":false,"excerpt":"En un plenario marcado por el clima militante y el debate estrat\u00e9gico del peronismo, el gobernador bonaerense llam\u00f3 a construir una alternativa nacional. El Frente Grande expres\u00f3 su apoyo mediante un comunicado y particip\u00f3 del encuentro Juan Pablo \u201cPoli\u201d Odera, armador de ese espacio en la Quinta Secci\u00f3n Electoral. 23\u2026","rel":"","context":"En \u00abPOLITICA PROVINCIAL\u00bb","block_context":{"text":"POLITICA PROVINCIAL","link":"https:\/\/larevistadigital.com.ar\/blog\/category\/politica\/politica-provincial\/"},"img":{"alt_text":"","src":"https:\/\/i0.wp.com\/larevistadigital.com.ar\/blog\/wp-content\/uploads\/Captura-de-pantalla-2025-12-23-163021.jpg?fit=643%2C366&ssl=1&resize=350%2C200","width":350,"height":200,"srcset":"https:\/\/i0.wp.com\/larevistadigital.com.ar\/blog\/wp-content\/uploads\/Captura-de-pantalla-2025-12-23-163021.jpg?fit=643%2C366&ssl=1&resize=350%2C200 1x, https:\/\/i0.wp.com\/larevistadigital.com.ar\/blog\/wp-content\/uploads\/Captura-de-pantalla-2025-12-23-163021.jpg?fit=643%2C366&ssl=1&resize=525%2C300 1.5x"},"classes":[]},{"id":44594,"url":"https:\/\/larevistadigital.com.ar\/blog\/kicillof-lanzo-su-usina-de-ideas-y-puso-otra-piedra-a-su-proyecto-presidencial\/","url_meta":{"origin":43399,"position":2},"title":"Kicillof lanz\u00f3 su usina de ideas y puso otra piedra a su proyecto presidencial","author":"Alejandro Sosa Ruda","date":"17 marzo, 2026","format":false,"excerpt":"El gobernador apunt\u00f3 contra el presidente por las nuevas pruebas incriminatorias del caso Libra y dijo que la \u201cpersecuci\u00f3n\u201d judicial a Cristina Kirchner \u201ces un show para distraer\u201d. 17 de marzo de 2026 Con filosas cr\u00edticas al presidente\u00a0Javier Milei\u00a0y un gesto de solidaridad hacia\u00a0Cristina Kirchner, el gobernador bonaerense,\u00a0Axel Kicillof, lanz\u00f3\u2026","rel":"","context":"En \u00abINTERES GENERAL\u00bb","block_context":{"text":"INTERES GENERAL","link":"https:\/\/larevistadigital.com.ar\/blog\/category\/interes-general\/"},"img":{"alt_text":"","src":"https:\/\/i0.wp.com\/larevistadigital.com.ar\/blog\/wp-content\/uploads\/Captura-de-pantalla-2026-03-17-233938.jpg?fit=650%2C495&ssl=1&resize=350%2C200","width":350,"height":200,"srcset":"https:\/\/i0.wp.com\/larevistadigital.com.ar\/blog\/wp-content\/uploads\/Captura-de-pantalla-2026-03-17-233938.jpg?fit=650%2C495&ssl=1&resize=350%2C200 1x, https:\/\/i0.wp.com\/larevistadigital.com.ar\/blog\/wp-content\/uploads\/Captura-de-pantalla-2026-03-17-233938.jpg?fit=650%2C495&ssl=1&resize=525%2C300 1.5x"},"classes":[]},{"id":34283,"url":"https:\/\/larevistadigital.com.ar\/blog\/destacan-el-notable-acompanamiento-migrante-al-gobernador-kicillof-en-la-pcia-de-bs-as\/","url_meta":{"origin":43399,"position":3},"title":"DESTACAN EL \u00abNOTABLE ACOMPA\u00d1AMIENTO MIGRANTE\u00bb AL GOBERNADOR KICILLOF EN LA PCIA. DE BS.AS.","author":"Alejandro Sosa Ruda","date":"31 octubre, 2023","format":false,"excerpt":"As\u00ed lo expres\u00f3 la directora de Migraciones Internacionales bonaerense, Manuela Hoya. Record\u00f3 que en territorio provincial, \"hay un mill\u00f3n de electores\" extranjeros \"tienen derecho a votar a todos los cuerpos provinciales\". 31 de Octubre de 2023 BUENOS AIRES -\u00a0 Manuela Hoya, la directora de Migraciones Internacionales de la provincia de\u2026","rel":"","context":"En \u00abDESTACADAS\u00bb","block_context":{"text":"DESTACADAS","link":"https:\/\/larevistadigital.com.ar\/blog\/category\/destacadas\/"},"img":{"alt_text":"","src":"https:\/\/i0.wp.com\/larevistadigital.com.ar\/blog\/wp-content\/uploads\/Captura-de-pantalla-2023-10-31-143707.png?fit=1060%2C529&ssl=1&resize=350%2C200","width":350,"height":200,"srcset":"https:\/\/i0.wp.com\/larevistadigital.com.ar\/blog\/wp-content\/uploads\/Captura-de-pantalla-2023-10-31-143707.png?fit=1060%2C529&ssl=1&resize=350%2C200 1x, https:\/\/i0.wp.com\/larevistadigital.com.ar\/blog\/wp-content\/uploads\/Captura-de-pantalla-2023-10-31-143707.png?fit=1060%2C529&ssl=1&resize=525%2C300 1.5x, https:\/\/i0.wp.com\/larevistadigital.com.ar\/blog\/wp-content\/uploads\/Captura-de-pantalla-2023-10-31-143707.png?fit=1060%2C529&ssl=1&resize=700%2C400 2x, https:\/\/i0.wp.com\/larevistadigital.com.ar\/blog\/wp-content\/uploads\/Captura-de-pantalla-2023-10-31-143707.png?fit=1060%2C529&ssl=1&resize=1050%2C600 3x"},"classes":[]},{"id":41029,"url":"https:\/\/larevistadigital.com.ar\/blog\/kicillof-inauguro-un-nuevo-tramo-de-las-obras-sobre-la-ruta-provincial-n11\/","url_meta":{"origin":43399,"position":4},"title":"Kicillof inaugur\u00f3 un nuevo tramo de las obras sobre la Ruta Provincial N\u00b011","author":"Alejandro Sosa Ruda","date":"22 agosto, 2025","format":false,"excerpt":"Fue junto al intendente local, Gustavo Barrera, con quien adem\u00e1s puso en funcionamiento el nuevo edificio de la cancha de hockey municipal. 22 De Agosto de 2025 VILLA GESELL\u00a0 -\u00a0 \u00a0El gobernador de la provincia de Buenos Aires, Axel Kicillof, encabez\u00f3 este mi\u00e9rcoles junto al intendente de Villa Gesell, Gustavo\u2026","rel":"","context":"En \u00abPOLITICA PROVINCIAL\u00bb","block_context":{"text":"POLITICA PROVINCIAL","link":"https:\/\/larevistadigital.com.ar\/blog\/category\/politica\/politica-provincial\/"},"img":{"alt_text":"","src":"https:\/\/i0.wp.com\/larevistadigital.com.ar\/blog\/wp-content\/uploads\/Axel-Kicillof_131.jpg?fit=743%2C530&ssl=1&resize=350%2C200","width":350,"height":200,"srcset":"https:\/\/i0.wp.com\/larevistadigital.com.ar\/blog\/wp-content\/uploads\/Axel-Kicillof_131.jpg?fit=743%2C530&ssl=1&resize=350%2C200 1x, https:\/\/i0.wp.com\/larevistadigital.com.ar\/blog\/wp-content\/uploads\/Axel-Kicillof_131.jpg?fit=743%2C530&ssl=1&resize=525%2C300 1.5x, https:\/\/i0.wp.com\/larevistadigital.com.ar\/blog\/wp-content\/uploads\/Axel-Kicillof_131.jpg?fit=743%2C530&ssl=1&resize=700%2C400 2x"},"classes":[]},{"id":42329,"url":"https:\/\/larevistadigital.com.ar\/blog\/kicillof-reunio-a-40-intendentes-y-pidio-construir-una-alternativa-politica-mas-amplia-hacia-2027\/","url_meta":{"origin":43399,"position":5},"title":"Kicillof reuni\u00f3 a 40 intendentes y pidi\u00f3 construir una alternativa pol\u00edtica m\u00e1s amplia hacia 2027","author":"Alejandro Sosa Ruda","date":"1 noviembre, 2025","format":false,"excerpt":"El gobernador bonaerense Axel Kicillof encabez\u00f3 una reuni\u00f3n con 40 intendentes aliados para analizar el escenario pol\u00edtico tras las elecciones del 26 de octubre y responder, sin mencionarla directamente, a la carta de Cristina Fern\u00e1ndez de Kirchner, en la que la exvicepresidenta lo responsabiliz\u00f3 por la estrategia electoral. El encuentro\u2026","rel":"","context":"En \u00abINTERES GENERAL\u00bb","block_context":{"text":"INTERES GENERAL","link":"https:\/\/larevistadigital.com.ar\/blog\/category\/interes-general\/"},"img":{"alt_text":"","src":"https:\/\/i0.wp.com\/larevistadigital.com.ar\/blog\/wp-content\/uploads\/20251031221423_intendentes-mdf-kicillof-berazategui.jpg?fit=880%2C512&ssl=1&resize=350%2C200","width":350,"height":200,"srcset":"https:\/\/i0.wp.com\/larevistadigital.com.ar\/blog\/wp-content\/uploads\/20251031221423_intendentes-mdf-kicillof-berazategui.jpg?fit=880%2C512&ssl=1&resize=350%2C200 1x, https:\/\/i0.wp.com\/larevistadigital.com.ar\/blog\/wp-content\/uploads\/20251031221423_intendentes-mdf-kicillof-berazategui.jpg?fit=880%2C512&ssl=1&resize=525%2C300 1.5x, https:\/\/i0.wp.com\/larevistadigital.com.ar\/blog\/wp-content\/uploads\/20251031221423_intendentes-mdf-kicillof-berazategui.jpg?fit=880%2C512&ssl=1&resize=700%2C400 2x"},"classes":[]}],"_links":{"self":[{"href":"https:\/\/larevistadigital.com.ar\/blog\/wp-json\/wp\/v2\/posts\/43399","targetHints":{"allow":["GET"]}}],"collection":[{"href":"https:\/\/larevistadigital.com.ar\/blog\/wp-json\/wp\/v2\/posts"}],"about":[{"href":"https:\/\/larevistadigital.com.ar\/blog\/wp-json\/wp\/v2\/types\/post"}],"author":[{"embeddable":true,"href":"https:\/\/larevistadigital.com.ar\/blog\/wp-json\/wp\/v2\/users\/3"}],"replies":[{"embeddable":true,"href":"https:\/\/larevistadigital.com.ar\/blog\/wp-json\/wp\/v2\/comments?post=43399"}],"version-history":[{"count":1,"href":"https:\/\/larevistadigital.com.ar\/blog\/wp-json\/wp\/v2\/posts\/43399\/revisions"}],"predecessor-version":[{"id":43401,"href":"https:\/\/larevistadigital.com.ar\/blog\/wp-json\/wp\/v2\/posts\/43399\/revisions\/43401"}],"wp:featuredmedia":[{"embeddable":true,"href":"https:\/\/larevistadigital.com.ar\/blog\/wp-json\/wp\/v2\/media\/43400"}],"wp:attachment":[{"href":"https:\/\/larevistadigital.com.ar\/blog\/wp-json\/wp\/v2\/media?parent=43399"}],"wp:term":[{"taxonomy":"category","embeddable":true,"href":"https:\/\/larevistadigital.com.ar\/blog\/wp-json\/wp\/v2\/categories?post=43399"},{"taxonomy":"post_tag","embeddable":true,"href":"https:\/\/larevistadigital.com.ar\/blog\/wp-json\/wp\/v2\/tags?post=43399"}],"curies":[{"name":"wp","href":"https:\/\/api.w.org\/{rel}","templated":true}]}}