{"id":43402,"date":"2026-01-16T01:05:31","date_gmt":"2026-01-16T04:05:31","guid":{"rendered":"https:\/\/larevistadigital.com.ar\/blog\/?p=43402"},"modified":"2026-01-16T01:05:31","modified_gmt":"2026-01-16T04:05:31","slug":"restringen-el-transito-de-camiones-por-cambio-de-quincena-en-la-provincia-de-buenos-aires","status":"publish","type":"post","link":"https:\/\/larevistadigital.com.ar\/blog\/restringen-el-transito-de-camiones-por-cambio-de-quincena-en-la-provincia-de-buenos-aires\/","title":{"rendered":"Restringen el tr\u00e1nsito de camiones por cambio de quincena en la provincia de Buenos Aires"},"content":{"rendered":"<h3>La medida vuelve a entrar en vigencia con el objetivo de prevenir siniestros en caminos tur\u00edsticos de la provincia.<\/h3>\n<p>Son millones los argentinos que est\u00e1n vacacionando en la Costa Atl\u00e1ntica bonaerense y otros tantos los que se preparan para comenzar sus vacaciones. En este contexto, el ministerio de Infraestructura y Servicios P\u00fablicos de la provincia de Buenos Aires dispuso una medida preventiva \u201ccon el objetivo de facilitar el desplazamiento vehicular y prevenir siniestros de tr\u00e1nsito en rutas tur\u00edsticas\u201d.<\/p>\n<p>Por eso,\u00a0la Direcci\u00f3n de Vialidad provincial decidi\u00f3 limitar el tr\u00e1nsito de camiones de m\u00e1s de 7 toneladas de porte bruto durante los pr\u00f3ximos d\u00edas en rutas estrat\u00e9gicas para el recambio tur\u00edstico.<\/p>\n<p>En este marco, las restricciones ser\u00e1n en la\u00a0Autov\u00eda 2; las rutas provinciales\u00a011,\u00a036, 56,\u00a063 y 74, adem\u00e1s de la\u00a0Autopista Buenos Aires\u2013La Plata.<\/p>\n<p>Estas limitaciones se cumplir\u00e1n este jueves 15, de 14 a 23.59 y el viernes 16, de 6 a 14, en sentido a la Costa Atl\u00e1ntica; mientras que hacia CABA, ser\u00e1 el jueves, tambi\u00e9n de 14 a 23.59.<\/p>\n<p><strong>Rutas y tramos alcanzados por la medida de restricci\u00f3n a la circulaci\u00f3n de camiones<\/strong><\/p>\n<ul>\n<li>Autopista Buenos Aires &#8211; La Plata: desde Ciudad Aut\u00f3noma de Buenos Aires hasta la ciudad de La Plata.<\/li>\n<li>Ruta provincial 2 (Autov\u00eda\u00a02): desde el kil\u00f3metro\u00a040,5 del Ramal Buenos Aires \u2013 Mar del Plata de la Autopista Buenos Aires \u2013 La Plata, hasta el km. 400 (Camet).<\/li>\n<li>Ruta provincial 11: desde intersecci\u00f3n con RP 36 (Pipinas) hasta el km\u00a0537 (Chapadmalal).<\/li>\n<li>Ruta provincial 36: desde Rotonda RP 10 (Prolongaci\u00f3n Avenida\u00a066 &#8211; La Plata) hasta la intersecci\u00f3n con RP 11 (Pipinas).<\/li>\n<li>Ruta provincial 56: desde su intersecci\u00f3n con la RP 11 (General\u00a0Conesa) hasta su intersecci\u00f3n con la RP 74 (General\u00a0Madariaga).<\/li>\n<li>Ruta provincial 63: desde distribuidor de tr\u00e1nsito con RP 2 (Dolores) hasta intersecci\u00f3n con RP 11 (Esquina de Crotto).<\/li>\n<li>Ruta provincial 74: desde su intersecci\u00f3n con la RP 56 (Maip\u00fa) hasta su intersecci\u00f3n con la RP 11 (Pinamar).<\/li>\n<\/ul>\n<p><strong>\u00bfCu\u00e1les son los veh\u00edculos exentos de la restricci\u00f3n?<\/strong><\/p>\n<ul>\n<li>Los veh\u00edculos del autotransporte de cargas menores a SIETE (7) toneladas de porte bruto.<\/li>\n<li>Transporte de leche cruda, sus productos derivados y envases asociados.<\/li>\n<li>Transporte de animales vivos.<\/li>\n<li>Transporte de pescado y mariscos congelados.<\/li>\n<li>Transporte de productos frutihort\u00edcolas en tr\u00e1nsito.<\/li>\n<li>Transporte exclusivo de prensa y de unidades m\u00f3viles de medios de comunicaci\u00f3n audiovisual.<\/li>\n<li>De atenci\u00f3n de emergencias.<\/li>\n<li>De gr\u00faas\/asistencia a veh\u00edculos averiados o accidentados, en el lugar del suceso o para su traslado al punto m\u00e1s pr\u00f3ximo a aquel donde pueda quedar depositado, y en regreso en vac\u00edo.<\/li>\n<li>Transporte de combustible, de gas natural comprimido y gas licuado de petr\u00f3leo.<\/li>\n<li>Transporte de gases necesarios para el funcionamiento de centros sanitarios, as\u00ed como de gases transportados a particulares para asistencias sanitarias domiciliarias, en ambos casos, cuando se acredite que se transportan a dichos destinos.<\/li>\n<li>Transporte de medicinas.<\/li>\n<li>Transporte a dep\u00f3sitos finales de residuos s\u00f3lidos, urbanos y\/o patog\u00e9nicos.<\/li>\n<li>Transporte que deba circular en cumplimiento directo e inmediato de una orden judicial.<\/li>\n<li>Transporte de sebo, hueso y cueros. (<em>con informaci\u00f3n de NA<\/em>)<\/li>\n<\/ul>\n<p><strong>nota publicada en Lanueva.com<\/strong><\/p>\n<p><strong>imagen: Lanueva.com<\/strong><\/p>\n","protected":false},"excerpt":{"rendered":"<div class=\"mh-excerpt\"><p>La medida vuelve a entrar en vigencia con el objetivo de prevenir siniestros en caminos tur\u00edsticos de la provincia. Son millones los argentinos que est\u00e1n vacacionando en la Costa Atl\u00e1ntica bonaerense y otros tantos los <a class=\"mh-excerpt-more\" href=\"https:\/\/larevistadigital.com.ar\/blog\/restringen-el-transito-de-camiones-por-cambio-de-quincena-en-la-provincia-de-buenos-aires\/\" title=\"Restringen el tr\u00e1nsito de camiones por cambio de quincena en la provincia de Buenos Aires\">[Leer M\u00e1s]<\/a><\/p>\n<\/div>","protected":false},"author":3,"featured_media":43403,"comment_status":"open","ping_status":"open","sticky":false,"template":"","format":"standard","meta":{"_jetpack_memberships_contains_paid_content":false,"footnotes":"","jetpack_publicize_message":"","jetpack_publicize_feature_enabled":true,"jetpack_social_post_already_shared":true,"jetpack_social_options":{"image_generator_settings":{"template":"highway","default_image_id":0,"font":"","enabled":false},"version":2}},"categories":[50],"tags":[],"class_list":{"0":"post-43402","1":"post","2":"type-post","3":"status-publish","4":"format-standard","5":"has-post-thumbnail","7":"category-interes-general"},"jetpack_publicize_connections":[],"jetpack_featured_media_url":"https:\/\/i0.wp.com\/larevistadigital.com.ar\/blog\/wp-content\/uploads\/Captura-de-pantalla-2026-01-16-010138.jpg?fit=621%2C373&ssl=1","jetpack_sharing_enabled":true,"jetpack_shortlink":"https:\/\/wp.me\/p8qtrQ-bi2","jetpack-related-posts":[{"id":43176,"url":"https:\/\/larevistadigital.com.ar\/blog\/multas-de-transito-en-la-provincia-de-buenos-aires-cuales-son-las-infracciones-que-rozan-los-2-millones\/","url_meta":{"origin":43402,"position":0},"title":"Multas de tr\u00e1nsito en la Provincia de Buenos Aires: cu\u00e1les son las infracciones que rozan los $2 millones","author":"Alejandro Sosa Ruda","date":"6 enero, 2026","format":false,"excerpt":"La Provincia actualiz\u00f3 la Unidad Fija y desde enero las infracciones m\u00e1s graves ya superan $1,8 millones, justo en plena temporada de verano y con controles reforzados en rutas. 06 de enero de 2026 La\u00a0Provincia de Buenos Aires\u00a0oficializ\u00f3 un\u00a0nuevo aumento\u00a0en el\u00a0valor de las multas de tr\u00e1nsito\u00a0tras actualizar la\u00a0Unidad Fija\u00a0(UF), el\u00a0par\u00e1metro\u00a0que\u2026","rel":"","context":"En \u00abPOLITICA PROVINCIAL\u00bb","block_context":{"text":"POLITICA PROVINCIAL","link":"https:\/\/larevistadigital.com.ar\/blog\/category\/politica\/politica-provincial\/"},"img":{"alt_text":"","src":"https:\/\/i0.wp.com\/larevistadigital.com.ar\/blog\/wp-content\/uploads\/Captura-de-pantalla-2026-01-06-135705.jpg?fit=798%2C457&ssl=1&resize=350%2C200","width":350,"height":200,"srcset":"https:\/\/i0.wp.com\/larevistadigital.com.ar\/blog\/wp-content\/uploads\/Captura-de-pantalla-2026-01-06-135705.jpg?fit=798%2C457&ssl=1&resize=350%2C200 1x, https:\/\/i0.wp.com\/larevistadigital.com.ar\/blog\/wp-content\/uploads\/Captura-de-pantalla-2026-01-06-135705.jpg?fit=798%2C457&ssl=1&resize=525%2C300 1.5x, https:\/\/i0.wp.com\/larevistadigital.com.ar\/blog\/wp-content\/uploads\/Captura-de-pantalla-2026-01-06-135705.jpg?fit=798%2C457&ssl=1&resize=700%2C400 2x"},"classes":[]},{"id":5366,"url":"https:\/\/larevistadigital.com.ar\/blog\/semana-santa-operativo-de-seguridad-y-asistencia-vial-en-todas-las-rutas-a-la-costa-atlantica\/","url_meta":{"origin":43402,"position":1},"title":"SEMANA SANTA: Operativo de seguridad y asistencia vial en todas las rutas a la Costa Atl\u00e1ntica","author":"admin","date":"29 marzo, 2018","format":false,"excerpt":"Este fin de semana largo de Pascuas,\u00a0AUBASA\u00a0informa que desplegar\u00e1 un operativo de seguridad y asistencia vial en todas las rutas que van a a la Costa. Asi es que la empresa concesionaria de la autopista Buenos Aires La Plata, la Autov\u00eda2\u00a0 y las rutas 11, 63, 56 y 74 desplegar\u00e1\u2026","rel":"","context":"En \u00abCHASCOM\u00daS\u00bb","block_context":{"text":"CHASCOM\u00daS","link":"https:\/\/larevistadigital.com.ar\/blog\/category\/chascomus\/"},"img":{"alt_text":"","src":"https:\/\/i0.wp.com\/larevistadigital.com.ar\/blog\/wp-content\/uploads\/2018\/03\/DSC_0293a-1.jpg?fit=1200%2C634&ssl=1&resize=350%2C200","width":350,"height":200,"srcset":"https:\/\/i0.wp.com\/larevistadigital.com.ar\/blog\/wp-content\/uploads\/2018\/03\/DSC_0293a-1.jpg?fit=1200%2C634&ssl=1&resize=350%2C200 1x, https:\/\/i0.wp.com\/larevistadigital.com.ar\/blog\/wp-content\/uploads\/2018\/03\/DSC_0293a-1.jpg?fit=1200%2C634&ssl=1&resize=525%2C300 1.5x, https:\/\/i0.wp.com\/larevistadigital.com.ar\/blog\/wp-content\/uploads\/2018\/03\/DSC_0293a-1.jpg?fit=1200%2C634&ssl=1&resize=700%2C400 2x, https:\/\/i0.wp.com\/larevistadigital.com.ar\/blog\/wp-content\/uploads\/2018\/03\/DSC_0293a-1.jpg?fit=1200%2C634&ssl=1&resize=1050%2C600 3x"},"classes":[]},{"id":40330,"url":"https:\/\/larevistadigital.com.ar\/blog\/radares-en-rutas-bonaerenses-la-justicia-ratifico-las-fotomultas-y-seguiran-activas\/","url_meta":{"origin":43402,"position":2},"title":"Radares en rutas bonaerenses: la Justicia ratific\u00f3 las fotomultas y seguir\u00e1n activas","author":"Alejandro Sosa Ruda","date":"5 julio, 2025","format":false,"excerpt":"Una resoluci\u00f3n judicial aval\u00f3 el uso de cinem\u00f3metros en rutas y ciudades de la provincia. Las multas siguen vigentes y deber\u00e1n ser abonadas. 05 de Julio de 2025 BUENOS AIRES -\u00a0 \u00a0Los radares de velocidad seguir\u00e1n funcionando con normalidad en rutas y municipios bonaerenses. As\u00ed lo resolvi\u00f3 la Justicia de\u2026","rel":"","context":"En \u00abINTERES GENERAL\u00bb","block_context":{"text":"INTERES GENERAL","link":"https:\/\/larevistadigital.com.ar\/blog\/category\/interes-general\/"},"img":{"alt_text":"","src":"https:\/\/i0.wp.com\/larevistadigital.com.ar\/blog\/wp-content\/uploads\/fOTOMULTAS.jpg?fit=1140%2C641&ssl=1&resize=350%2C200","width":350,"height":200,"srcset":"https:\/\/i0.wp.com\/larevistadigital.com.ar\/blog\/wp-content\/uploads\/fOTOMULTAS.jpg?fit=1140%2C641&ssl=1&resize=350%2C200 1x, https:\/\/i0.wp.com\/larevistadigital.com.ar\/blog\/wp-content\/uploads\/fOTOMULTAS.jpg?fit=1140%2C641&ssl=1&resize=525%2C300 1.5x, https:\/\/i0.wp.com\/larevistadigital.com.ar\/blog\/wp-content\/uploads\/fOTOMULTAS.jpg?fit=1140%2C641&ssl=1&resize=700%2C400 2x, https:\/\/i0.wp.com\/larevistadigital.com.ar\/blog\/wp-content\/uploads\/fOTOMULTAS.jpg?fit=1140%2C641&ssl=1&resize=1050%2C600 3x"},"classes":[]},{"id":45322,"url":"https:\/\/larevistadigital.com.ar\/blog\/detienen-una-camioneta-realizando-maniobras-de-riesgo-en-la-ruta-sin-vtv-y-sin-seguro\/","url_meta":{"origin":43402,"position":3},"title":"Detienen una camioneta realizando maniobras de riesgo en la ruta, sin VTV y sin seguro","author":"Alejandro Sosa Ruda","date":"24 abril, 2026","format":false,"excerpt":"El Ministerio de Transporte bonaerense sac\u00f3 de circulaci\u00f3n un veh\u00edculo que presentaba m\u00faltiples irregularidades y pon\u00eda en peligro la seguridad vial. 24 de abrio de 2026 Agentes de Seguridad Vial del Ministerio de Transporte de la Provincia de Buenos Aires, a cargo de Mart\u00edn Marinucci, interceptaron a un conductor en\u2026","rel":"","context":"En \u00abINTERES GENERAL\u00bb","block_context":{"text":"INTERES GENERAL","link":"https:\/\/larevistadigital.com.ar\/blog\/category\/interes-general\/"},"img":{"alt_text":"","src":"https:\/\/i0.wp.com\/larevistadigital.com.ar\/blog\/wp-content\/uploads\/Imprudencia-total-en-Ruta-11-detienen-una-camioneta-realizando-maniobras-de-riesgo-sin-VTV-y-sin-seguro1.png?fit=650%2C735&ssl=1&resize=350%2C200","width":350,"height":200,"srcset":"https:\/\/i0.wp.com\/larevistadigital.com.ar\/blog\/wp-content\/uploads\/Imprudencia-total-en-Ruta-11-detienen-una-camioneta-realizando-maniobras-de-riesgo-sin-VTV-y-sin-seguro1.png?fit=650%2C735&ssl=1&resize=350%2C200 1x, https:\/\/i0.wp.com\/larevistadigital.com.ar\/blog\/wp-content\/uploads\/Imprudencia-total-en-Ruta-11-detienen-una-camioneta-realizando-maniobras-de-riesgo-sin-VTV-y-sin-seguro1.png?fit=650%2C735&ssl=1&resize=525%2C300 1.5x"},"classes":[]},{"id":29518,"url":"https:\/\/larevistadigital.com.ar\/blog\/alcohol-cero-es-ley-en-todo-el-territorio-bonaerense\/","url_meta":{"origin":43402,"position":4},"title":"ALCOHOL CERO ES LEY EN TODO EL TERRITORIO BONAERENSE","author":"Alejandro Sosa Ruda","date":"17 diciembre, 2022","format":false,"excerpt":"El alcohol est\u00e1 presente en uno de cada cuatro siniestros viales y es la primera causa de muerte de menores de 35 a\u00f1os. Adem\u00e1s, durante 2022 hubo 6162 infracciones por alcohol al volante en rutas, calles y caminos de la provincia de Buenos Aires, seg\u00fan se desprende del informe anual\u2026","rel":"","context":"En \u00abPOLITICA PROVINCIAL\u00bb","block_context":{"text":"POLITICA PROVINCIAL","link":"https:\/\/larevistadigital.com.ar\/blog\/category\/politica\/politica-provincial\/"},"img":{"alt_text":"","src":"https:\/\/i0.wp.com\/larevistadigital.com.ar\/blog\/wp-content\/uploads\/20221216131303_donofrio-b.jpg?fit=880%2C512&ssl=1&resize=350%2C200","width":350,"height":200,"srcset":"https:\/\/i0.wp.com\/larevistadigital.com.ar\/blog\/wp-content\/uploads\/20221216131303_donofrio-b.jpg?fit=880%2C512&ssl=1&resize=350%2C200 1x, https:\/\/i0.wp.com\/larevistadigital.com.ar\/blog\/wp-content\/uploads\/20221216131303_donofrio-b.jpg?fit=880%2C512&ssl=1&resize=525%2C300 1.5x, https:\/\/i0.wp.com\/larevistadigital.com.ar\/blog\/wp-content\/uploads\/20221216131303_donofrio-b.jpg?fit=880%2C512&ssl=1&resize=700%2C400 2x"},"classes":[]},{"id":29671,"url":"https:\/\/larevistadigital.com.ar\/blog\/para-el-2023-renuevan-la-restriccion-de-circulacion-de-camiones-en-vacaciones\/","url_meta":{"origin":43402,"position":5},"title":"PARA EL 2023 RENUEVAN LA RESTRICCI\u00d3N DE CIRCULACI\u00d3N DE CAMIONES EN VACACIONES.","author":"Alejandro Sosa Ruda","date":"28 diciembre, 2022","format":false,"excerpt":"El Gobierno renov\u00f3 para el pr\u00f3ximo a\u00f1o la vigencia de la norma que proh\u00edbe la circulaci\u00f3n de camiones en las rutas nacionales durante los fines de semana largos, recambios tur\u00edsticos o fechas determinadas en las que se movilicen una gran cantidad de veh\u00edculos particulares. 28 de diciembre de 2022 La\u2026","rel":"","context":"En \u00abPOLITICA PROVINCIAL\u00bb","block_context":{"text":"POLITICA PROVINCIAL","link":"https:\/\/larevistadigital.com.ar\/blog\/category\/politica\/politica-provincial\/"},"img":{"alt_text":"","src":"https:\/\/i0.wp.com\/larevistadigital.com.ar\/blog\/wp-content\/uploads\/20221228194417_renuevan-norma-que-restringe-la-circulacion-de-camiones-en-fines-de-semana-largos-y-vacaciones.jpg?fit=880%2C512&ssl=1&resize=350%2C200","width":350,"height":200,"srcset":"https:\/\/i0.wp.com\/larevistadigital.com.ar\/blog\/wp-content\/uploads\/20221228194417_renuevan-norma-que-restringe-la-circulacion-de-camiones-en-fines-de-semana-largos-y-vacaciones.jpg?fit=880%2C512&ssl=1&resize=350%2C200 1x, https:\/\/i0.wp.com\/larevistadigital.com.ar\/blog\/wp-content\/uploads\/20221228194417_renuevan-norma-que-restringe-la-circulacion-de-camiones-en-fines-de-semana-largos-y-vacaciones.jpg?fit=880%2C512&ssl=1&resize=525%2C300 1.5x, https:\/\/i0.wp.com\/larevistadigital.com.ar\/blog\/wp-content\/uploads\/20221228194417_renuevan-norma-que-restringe-la-circulacion-de-camiones-en-fines-de-semana-largos-y-vacaciones.jpg?fit=880%2C512&ssl=1&resize=700%2C400 2x"},"classes":[]}],"_links":{"self":[{"href":"https:\/\/larevistadigital.com.ar\/blog\/wp-json\/wp\/v2\/posts\/43402","targetHints":{"allow":["GET"]}}],"collection":[{"href":"https:\/\/larevistadigital.com.ar\/blog\/wp-json\/wp\/v2\/posts"}],"about":[{"href":"https:\/\/larevistadigital.com.ar\/blog\/wp-json\/wp\/v2\/types\/post"}],"author":[{"embeddable":true,"href":"https:\/\/larevistadigital.com.ar\/blog\/wp-json\/wp\/v2\/users\/3"}],"replies":[{"embeddable":true,"href":"https:\/\/larevistadigital.com.ar\/blog\/wp-json\/wp\/v2\/comments?post=43402"}],"version-history":[{"count":1,"href":"https:\/\/larevistadigital.com.ar\/blog\/wp-json\/wp\/v2\/posts\/43402\/revisions"}],"predecessor-version":[{"id":43404,"href":"https:\/\/larevistadigital.com.ar\/blog\/wp-json\/wp\/v2\/posts\/43402\/revisions\/43404"}],"wp:featuredmedia":[{"embeddable":true,"href":"https:\/\/larevistadigital.com.ar\/blog\/wp-json\/wp\/v2\/media\/43403"}],"wp:attachment":[{"href":"https:\/\/larevistadigital.com.ar\/blog\/wp-json\/wp\/v2\/media?parent=43402"}],"wp:term":[{"taxonomy":"category","embeddable":true,"href":"https:\/\/larevistadigital.com.ar\/blog\/wp-json\/wp\/v2\/categories?post=43402"},{"taxonomy":"post_tag","embeddable":true,"href":"https:\/\/larevistadigital.com.ar\/blog\/wp-json\/wp\/v2\/tags?post=43402"}],"curies":[{"name":"wp","href":"https:\/\/api.w.org\/{rel}","templated":true}]}}