{"id":43405,"date":"2026-01-16T01:14:21","date_gmt":"2026-01-16T04:14:21","guid":{"rendered":"https:\/\/larevistadigital.com.ar\/blog\/?p=43405"},"modified":"2026-01-16T01:14:21","modified_gmt":"2026-01-16T04:14:21","slug":"otro-socavon-en-pinamar-una-falla-estructural-que-expuso-desidia-en-plena-temporada","status":"publish","type":"post","link":"https:\/\/larevistadigital.com.ar\/blog\/otro-socavon-en-pinamar-una-falla-estructural-que-expuso-desidia-en-plena-temporada\/","title":{"rendered":"Otro socav\u00f3n en Pinamar: una falla estructural que expuso desidia en plena temporada"},"content":{"rendered":"<p data-start=\"189\" data-end=\"431\"><strong data-start=\"189\" data-end=\"431\">El colapso de una laguna de infiltraci\u00f3n provoc\u00f3 un socav\u00f3n bajo la Ruta 11 y oblig\u00f3 a cortar uno de los accesos principales a la ciudad. El episodio volvi\u00f3 a poner en evidencia la fragilidad de la infraestructura y la falta de controles.<\/strong><\/p>\n<p data-start=\"189\" data-end=\"431\">16 de enero de 2026<\/p>\n<p data-start=\"433\" data-end=\"800\"><strong>PINAMAR &#8211;\u00a0<\/strong> \u00a0La aparici\u00f3n de un <strong data-start=\"452\" data-end=\"503\">socav\u00f3n de gran magnitud en el acceso a Pinamar<\/strong>, entre la ciudad y Ostende, encendi\u00f3 nuevamente las alarmas en plena temporada de verano y dej\u00f3 al descubierto <strong data-start=\"615\" data-end=\"657\">fallas estructurales que no son nuevas<\/strong>. El episodio se origin\u00f3 tras el <strong data-start=\"690\" data-end=\"759\">colapso del terrapl\u00e9n de contenci\u00f3n de una laguna de infiltraci\u00f3n<\/strong>, una obra clave para el drenaje pluvial.<\/p>\n<blockquote>\n<h3 data-start=\"802\" data-end=\"1040\"><strong>Aunque se trataba de agua tratada, la presi\u00f3n liberada tras la ruptura arrastr\u00f3 barro, arena, ramas y sedimentos, socavando el terreno bajo la Ruta 11 y forzando el corte total del tr\u00e1nsito en un punto estrat\u00e9gico del partido.<\/strong><\/h3>\n<\/blockquote>\n<p data-start=\"1042\" data-end=\"1449\">El impacto fue inmediato y evitable. Durante horas, el ingreso a Pinamar qued\u00f3 seriamente comprometido y la circulaci\u00f3n debi\u00f3 desviarse por la <strong data-start=\"1185\" data-end=\"1231\">vieja Interbalnearia desde Valeria del Mar<\/strong>, una situaci\u00f3n que se extendi\u00f3 incluso al d\u00eda siguiente. Todo esto ocurri\u00f3 en <strong data-start=\"1310\" data-end=\"1370\">uno de los momentos de mayor afluencia tur\u00edstica del a\u00f1o<\/strong>, con demoras, caos vial y malestar generalizado entre residentes y visitantes.<\/p>\n<p data-start=\"1451\" data-end=\"1874\">La falla tambi\u00e9n tuvo consecuencias econ\u00f3micas. Un <strong data-start=\"1502\" data-end=\"1547\">supermercado ubicado en las inmediaciones<\/strong> debi\u00f3 cerrar durante toda una jornada luego de que el agua y el barro ingresaran al play\u00f3n y al interior del local. Empleados realizaron tareas de limpieza contrarreloj mientras se evaluaban da\u00f1os y posibles p\u00e9rdidas de mercader\u00eda. Otro costo m\u00e1s de una obra que claramente <strong data-start=\"1822\" data-end=\"1873\">no resisti\u00f3 la presi\u00f3n para la que fue dise\u00f1ada<\/strong>.<\/p>\n<p data-start=\"1876\" data-end=\"2244\">El caso fue analizado en el marco de la acci\u00f3n de verano de <strong data-start=\"1936\" data-end=\"1957\">Tiempo de Seguros<\/strong>. <strong>Fernando G. Tornatouno<\/strong>, especialista en seguros, se\u00f1al\u00f3 que el socav\u00f3n <strong><em>\u201cexpone con claridad c\u00f3mo una falla en una obra de contenci\u00f3n puede derivar en un siniestro de m\u00faltiples efectos\u201d<\/em><\/strong>, afectando no solo la infraestructura vial, sino tambi\u00e9n la actividad comercial y la vida cotidiana.<\/p>\n<p data-start=\"2246\" data-end=\"2629\">Desde una mirada t\u00e9cnica, <strong>Marcelo Deve<\/strong> remarc\u00f3 que este tipo de episodios abre <strong data-start=\"2325\" data-end=\"2377\">interrogantes complejos en materia de coberturas<\/strong>: interrupci\u00f3n de accesos, da\u00f1os por arrastre de sedimentos y p\u00e9rdidas comerciales sin da\u00f1o estructural directo. <em><strong>\u201cNo todas las p\u00f3lizas contemplan estos supuestos y muchas coberturas operan como adicionales. El an\u00e1lisis debe ser caso por caso\u201d,<\/strong><\/em> explic\u00f3.<\/p>\n<p data-start=\"2631\" data-end=\"3080\">Pero m\u00e1s all\u00e1 del debate asegurador, el episodio vuelve a instalar una pregunta inc\u00f3moda y recurrente en Pinamar: <strong data-start=\"2745\" data-end=\"2811\">\u00bfqui\u00e9n controla el estado de estas obras y con qu\u00e9 frecuencia?<\/strong> La posibilidad de responsabilidades del Estado local por falta de mantenimiento y supervisi\u00f3n ya forma parte del an\u00e1lisis, en un distrito donde <strong data-start=\"2956\" data-end=\"3038\">los accidentes y colapsos vinculados a infraestructura se repiten a\u00f1o tras a\u00f1o<\/strong> sin que se adviertan soluciones de fondo.<\/p>\n<p data-start=\"3082\" data-end=\"3365\" data-is-last-node=\"\" data-is-only-node=\"\">El socav\u00f3n qued\u00f3 como un <strong data-start=\"3107\" data-end=\"3123\">caso testigo<\/strong> de c\u00f3mo una falla anunciada puede transformarse, en cuesti\u00f3n de horas, en un problema vial, comercial y social de gran escala. Y tambi\u00e9n como un recordatorio de que, en Pinamar, <strong data-start=\"3302\" data-end=\"3364\">la temporada pasa, pero los problemas estructurales quedan<\/strong>.<\/p>\n","protected":false},"excerpt":{"rendered":"<div class=\"mh-excerpt\"><p>El colapso de una laguna de infiltraci\u00f3n provoc\u00f3 un socav\u00f3n bajo la Ruta 11 y oblig\u00f3 a cortar uno de los accesos principales a la ciudad. El episodio volvi\u00f3 a poner en evidencia la fragilidad <a class=\"mh-excerpt-more\" href=\"https:\/\/larevistadigital.com.ar\/blog\/otro-socavon-en-pinamar-una-falla-estructural-que-expuso-desidia-en-plena-temporada\/\" title=\"Otro socav\u00f3n en Pinamar: una falla estructural que expuso desidia en plena temporada\">[Leer M\u00e1s]<\/a><\/p>\n<\/div>","protected":false},"author":3,"featured_media":43406,"comment_status":"open","ping_status":"open","sticky":false,"template":"","format":"standard","meta":{"_jetpack_memberships_contains_paid_content":false,"footnotes":"","jetpack_publicize_message":"","jetpack_publicize_feature_enabled":true,"jetpack_social_post_already_shared":true,"jetpack_social_options":{"image_generator_settings":{"template":"highway","default_image_id":0,"font":"","enabled":false},"version":2}},"categories":[12,51],"tags":[],"class_list":{"0":"post-43405","1":"post","2":"type-post","3":"status-publish","4":"format-standard","5":"has-post-thumbnail","7":"category-politica","8":"category-regionales"},"jetpack_publicize_connections":[],"jetpack_featured_media_url":"https:\/\/i0.wp.com\/larevistadigital.com.ar\/blog\/wp-content\/uploads\/Captura-de-pantalla-2026-01-16-010811.jpg?fit=1295%2C564&ssl=1","jetpack_sharing_enabled":true,"jetpack_shortlink":"https:\/\/wp.me\/p8qtrQ-bi5","jetpack-related-posts":[{"id":38079,"url":"https:\/\/larevistadigital.com.ar\/blog\/puebla-a-tres-anos-de-la-formacion-de-un-socavon-este-sigue-creciendo\/","url_meta":{"origin":43405,"position":0},"title":"Puebla: a tres a\u00f1os de la formaci\u00f3n de un socav\u00f3n, este sigue creciendo (Incluye video del momento en que se desprende)","author":"Alejandro Sosa Ruda","date":"1 diciembre, 2024","format":false,"excerpt":"En qu\u00e9 qued\u00f3 la repentina formaci\u00f3n de un inmenso socav\u00f3n en la ciudad Mexicana. Ac\u00e1 algunas respuestas. 01 de diciembre de 2024 Puebla. MEXICO -\u00a0 En la actualidad, el socav\u00f3n de Puebla, tiene un di\u00e1metro de 132 metros y una profundidad de aproximadamente 50 metros, lo que equivale a dos\u2026","rel":"","context":"En \u00abINTERES GENERAL\u00bb","block_context":{"text":"INTERES GENERAL","link":"https:\/\/larevistadigital.com.ar\/blog\/category\/interes-general\/"},"img":{"alt_text":"","src":"https:\/\/i0.wp.com\/larevistadigital.com.ar\/blog\/wp-content\/uploads\/Socavon-de-Puebla-aparecio-un-29-de-mayo-de-2021.jpg?fit=960%2C599&ssl=1&resize=350%2C200","width":350,"height":200,"srcset":"https:\/\/i0.wp.com\/larevistadigital.com.ar\/blog\/wp-content\/uploads\/Socavon-de-Puebla-aparecio-un-29-de-mayo-de-2021.jpg?fit=960%2C599&ssl=1&resize=350%2C200 1x, https:\/\/i0.wp.com\/larevistadigital.com.ar\/blog\/wp-content\/uploads\/Socavon-de-Puebla-aparecio-un-29-de-mayo-de-2021.jpg?fit=960%2C599&ssl=1&resize=525%2C300 1.5x, https:\/\/i0.wp.com\/larevistadigital.com.ar\/blog\/wp-content\/uploads\/Socavon-de-Puebla-aparecio-un-29-de-mayo-de-2021.jpg?fit=960%2C599&ssl=1&resize=700%2C400 2x"},"classes":[]},{"id":23653,"url":"https:\/\/larevistadigital.com.ar\/blog\/video-impresionante-el-momento-exacto-que-se-abre-un-socavon-de-60-metros-de-diametro\/","url_meta":{"origin":43405,"position":1},"title":"[VIDEO] \u00a1IMPRESIONANTE!: EL MOMENTO EXACTO QUE SE ABRE UN SOCAV\u00d3N DE 60 METROS DE DI\u00c1METRO","author":"Alejandro Sosa Ruda","date":"29 enero, 2022","format":false,"excerpt":"Las autoridades mexicanas creen que el hundimiento se debe a una falla geol\u00f3gica. Pobladores y activistas dicen que la causa es la sobreexplotaci\u00f3n de acu\u00edferos MEXICO -\u00a0 Un enorme socav\u00f3n de 60 metros de di\u00e1metro y 20 metros de profundidad se abri\u00f3 en el estado de Puebla, en M\u00e9xico.\u00a0La enorme\u2026","rel":"","context":"En \u00abDESTACADAS\u00bb","block_context":{"text":"DESTACADAS","link":"https:\/\/larevistadigital.com.ar\/blog\/category\/destacadas\/"},"img":{"alt_text":"","src":"https:\/\/i0.wp.com\/larevistadigital.com.ar\/blog\/wp-content\/uploads\/video-socavon-mexicojpg.jpg?fit=1200%2C675&ssl=1&resize=350%2C200","width":350,"height":200,"srcset":"https:\/\/i0.wp.com\/larevistadigital.com.ar\/blog\/wp-content\/uploads\/video-socavon-mexicojpg.jpg?fit=1200%2C675&ssl=1&resize=350%2C200 1x, https:\/\/i0.wp.com\/larevistadigital.com.ar\/blog\/wp-content\/uploads\/video-socavon-mexicojpg.jpg?fit=1200%2C675&ssl=1&resize=525%2C300 1.5x, https:\/\/i0.wp.com\/larevistadigital.com.ar\/blog\/wp-content\/uploads\/video-socavon-mexicojpg.jpg?fit=1200%2C675&ssl=1&resize=700%2C400 2x, https:\/\/i0.wp.com\/larevistadigital.com.ar\/blog\/wp-content\/uploads\/video-socavon-mexicojpg.jpg?fit=1200%2C675&ssl=1&resize=1050%2C600 3x"},"classes":[]},{"id":39760,"url":"https:\/\/larevistadigital.com.ar\/blog\/cierran-el-tren-a-pinamar-y-trasladan-a-los-trabajadores-sin-viaticos-ni-respuestas\/","url_meta":{"origin":43405,"position":2},"title":"Cierran el tren a Pinamar y trasladan a los trabajadores sin vi\u00e1ticos ni respuestas","author":"Alejandro Sosa Ruda","date":"15 mayo, 2025","format":false,"excerpt":"Ferrocarriles Argentinos anunci\u00f3 el cierre del ramal Constituci\u00f3n\u2013Divisadero de Pinamar a partir del 1 de junio. El personal ser\u00e1 reubicado sobre la Ruta 2, pero sin ayuda econ\u00f3mica para afrontar el traslado. Crece la incertidumbre. 15 de Mayo de 2025 BUENOS AIRES -\u00a0 El ramal ferroviario que une la Ciudad\u2026","rel":"","context":"En \u00abREGIONALES\u00bb","block_context":{"text":"REGIONALES","link":"https:\/\/larevistadigital.com.ar\/blog\/category\/regionales\/"},"img":{"alt_text":"","src":"https:\/\/i0.wp.com\/larevistadigital.com.ar\/blog\/wp-content\/uploads\/e7a5fce9be404ebd96899cec1884fcd4e182000e.jpg?fit=1140%2C593&ssl=1&resize=350%2C200","width":350,"height":200,"srcset":"https:\/\/i0.wp.com\/larevistadigital.com.ar\/blog\/wp-content\/uploads\/e7a5fce9be404ebd96899cec1884fcd4e182000e.jpg?fit=1140%2C593&ssl=1&resize=350%2C200 1x, https:\/\/i0.wp.com\/larevistadigital.com.ar\/blog\/wp-content\/uploads\/e7a5fce9be404ebd96899cec1884fcd4e182000e.jpg?fit=1140%2C593&ssl=1&resize=525%2C300 1.5x, https:\/\/i0.wp.com\/larevistadigital.com.ar\/blog\/wp-content\/uploads\/e7a5fce9be404ebd96899cec1884fcd4e182000e.jpg?fit=1140%2C593&ssl=1&resize=700%2C400 2x, https:\/\/i0.wp.com\/larevistadigital.com.ar\/blog\/wp-content\/uploads\/e7a5fce9be404ebd96899cec1884fcd4e182000e.jpg?fit=1140%2C593&ssl=1&resize=1050%2C600 3x"},"classes":[]},{"id":16807,"url":"https:\/\/larevistadigital.com.ar\/blog\/pinamar-nacion-dijo-no-a-realizar-una-prueba-piloto-antes-de-la-temporada\/","url_meta":{"origin":43405,"position":3},"title":"PINAMAR: NACI\u00d3N DIJO NO, A REALIZAR UNA \u00abPRUEBA PILOTO\u00bb ANTES DE LA TEMPORADA","author":"Alejandro Sosa Ruda","date":"7 octubre, 2020","format":false,"excerpt":"El Municipio pretend\u00eda abrir el distrito para permitir el ingreso del turismo el pr\u00f3ximo fin de semana largo. La gran cantidad de casos positivos que reporta el Municipio hicieron que se le negara el pedido. Finalmente, el gobierno Nacional desestim\u00f3 el pedido del Municipio de Pinamar de abrir el distrito\u2026","rel":"","context":"En \u00abREGIONALES\u00bb","block_context":{"text":"REGIONALES","link":"https:\/\/larevistadigital.com.ar\/blog\/category\/regionales\/"},"img":{"alt_text":"","src":"https:\/\/i0.wp.com\/larevistadigital.com.ar\/blog\/wp-content\/uploads\/04d176848e2c13f00adfebb553358b5dbbf557d8.jpg?fit=1140%2C738&ssl=1&resize=350%2C200","width":350,"height":200,"srcset":"https:\/\/i0.wp.com\/larevistadigital.com.ar\/blog\/wp-content\/uploads\/04d176848e2c13f00adfebb553358b5dbbf557d8.jpg?fit=1140%2C738&ssl=1&resize=350%2C200 1x, https:\/\/i0.wp.com\/larevistadigital.com.ar\/blog\/wp-content\/uploads\/04d176848e2c13f00adfebb553358b5dbbf557d8.jpg?fit=1140%2C738&ssl=1&resize=525%2C300 1.5x, https:\/\/i0.wp.com\/larevistadigital.com.ar\/blog\/wp-content\/uploads\/04d176848e2c13f00adfebb553358b5dbbf557d8.jpg?fit=1140%2C738&ssl=1&resize=700%2C400 2x, https:\/\/i0.wp.com\/larevistadigital.com.ar\/blog\/wp-content\/uploads\/04d176848e2c13f00adfebb553358b5dbbf557d8.jpg?fit=1140%2C738&ssl=1&resize=1050%2C600 3x"},"classes":[]},{"id":43576,"url":"https:\/\/larevistadigital.com.ar\/blog\/murio-un-obrero-tras-caer-desde-altura-en-una-obra-en-construccion-en-pinamar\/","url_meta":{"origin":43405,"position":4},"title":"Muri\u00f3 un obrero tras caer desde altura en una obra en construcci\u00f3n en Pinamar","author":"Alejandro Sosa Ruda","date":"23 enero, 2026","format":false,"excerpt":"El trabajador ten\u00eda 46 a\u00f1os y realizaba tareas en un edificio donde se levanta una sucursal de un supermercado. La Justicia investiga si se cumplieron las medidas de seguridad. 23 de enero de 2026 PINAMAR -\u00a0 \u00a0Un trabajador de la construcci\u00f3n falleci\u00f3 este jueves por la tarde luego de caer\u2026","rel":"","context":"En \u00abPOLICIALES\u00bb","block_context":{"text":"POLICIALES","link":"https:\/\/larevistadigital.com.ar\/blog\/category\/policiales\/"},"img":{"alt_text":"","src":"https:\/\/i0.wp.com\/larevistadigital.com.ar\/blog\/wp-content\/uploads\/36b8bb29004304510bf848b857d954bd21cea8c1.jpg?fit=1140%2C717&ssl=1&resize=350%2C200","width":350,"height":200,"srcset":"https:\/\/i0.wp.com\/larevistadigital.com.ar\/blog\/wp-content\/uploads\/36b8bb29004304510bf848b857d954bd21cea8c1.jpg?fit=1140%2C717&ssl=1&resize=350%2C200 1x, https:\/\/i0.wp.com\/larevistadigital.com.ar\/blog\/wp-content\/uploads\/36b8bb29004304510bf848b857d954bd21cea8c1.jpg?fit=1140%2C717&ssl=1&resize=525%2C300 1.5x, https:\/\/i0.wp.com\/larevistadigital.com.ar\/blog\/wp-content\/uploads\/36b8bb29004304510bf848b857d954bd21cea8c1.jpg?fit=1140%2C717&ssl=1&resize=700%2C400 2x, https:\/\/i0.wp.com\/larevistadigital.com.ar\/blog\/wp-content\/uploads\/36b8bb29004304510bf848b857d954bd21cea8c1.jpg?fit=1140%2C717&ssl=1&resize=1050%2C600 3x"},"classes":[]},{"id":29014,"url":"https:\/\/larevistadigital.com.ar\/blog\/temporada-de-verano-buscan-contratar-mas-de-500-repartidores-en-mar-del-plata-necochea-y-pinamar\/","url_meta":{"origin":43405,"position":5},"title":"TEMPORADA DE VERANO: BUSCAN CONTRATAR M\u00c1S DE 500 REPARTIDORES EN MAR DEL PLATA, NECOCHEA Y PINAMAR.","author":"Alejandro Sosa Ruda","date":"23 noviembre, 2022","format":false,"excerpt":"Una reconocida app lanz\u00f3 la convocatoria esta semana para ampliar en un 50% el n\u00famero de trabajadores de cara a la temporada. Aseguran que un repartidor puede llegar a ganar, en promedio, 60 mil pesos por semana. 23 de noviembre de 2022 Una reconocida app de delivery lanz\u00f3 esta semana\u2026","rel":"","context":"En \u00abREGIONALES\u00bb","block_context":{"text":"REGIONALES","link":"https:\/\/larevistadigital.com.ar\/blog\/category\/regionales\/"},"img":{"alt_text":"","src":"https:\/\/i0.wp.com\/larevistadigital.com.ar\/blog\/wp-content\/uploads\/pedidos-ya.jpg?fit=790%2C452&ssl=1&resize=350%2C200","width":350,"height":200,"srcset":"https:\/\/i0.wp.com\/larevistadigital.com.ar\/blog\/wp-content\/uploads\/pedidos-ya.jpg?fit=790%2C452&ssl=1&resize=350%2C200 1x, https:\/\/i0.wp.com\/larevistadigital.com.ar\/blog\/wp-content\/uploads\/pedidos-ya.jpg?fit=790%2C452&ssl=1&resize=525%2C300 1.5x, https:\/\/i0.wp.com\/larevistadigital.com.ar\/blog\/wp-content\/uploads\/pedidos-ya.jpg?fit=790%2C452&ssl=1&resize=700%2C400 2x"},"classes":[]}],"_links":{"self":[{"href":"https:\/\/larevistadigital.com.ar\/blog\/wp-json\/wp\/v2\/posts\/43405","targetHints":{"allow":["GET"]}}],"collection":[{"href":"https:\/\/larevistadigital.com.ar\/blog\/wp-json\/wp\/v2\/posts"}],"about":[{"href":"https:\/\/larevistadigital.com.ar\/blog\/wp-json\/wp\/v2\/types\/post"}],"author":[{"embeddable":true,"href":"https:\/\/larevistadigital.com.ar\/blog\/wp-json\/wp\/v2\/users\/3"}],"replies":[{"embeddable":true,"href":"https:\/\/larevistadigital.com.ar\/blog\/wp-json\/wp\/v2\/comments?post=43405"}],"version-history":[{"count":1,"href":"https:\/\/larevistadigital.com.ar\/blog\/wp-json\/wp\/v2\/posts\/43405\/revisions"}],"predecessor-version":[{"id":43407,"href":"https:\/\/larevistadigital.com.ar\/blog\/wp-json\/wp\/v2\/posts\/43405\/revisions\/43407"}],"wp:featuredmedia":[{"embeddable":true,"href":"https:\/\/larevistadigital.com.ar\/blog\/wp-json\/wp\/v2\/media\/43406"}],"wp:attachment":[{"href":"https:\/\/larevistadigital.com.ar\/blog\/wp-json\/wp\/v2\/media?parent=43405"}],"wp:term":[{"taxonomy":"category","embeddable":true,"href":"https:\/\/larevistadigital.com.ar\/blog\/wp-json\/wp\/v2\/categories?post=43405"},{"taxonomy":"post_tag","embeddable":true,"href":"https:\/\/larevistadigital.com.ar\/blog\/wp-json\/wp\/v2\/tags?post=43405"}],"curies":[{"name":"wp","href":"https:\/\/api.w.org\/{rel}","templated":true}]}}