{"id":43408,"date":"2026-01-16T01:36:54","date_gmt":"2026-01-16T04:36:54","guid":{"rendered":"https:\/\/larevistadigital.com.ar\/blog\/?p=43408"},"modified":"2026-01-16T01:36:54","modified_gmt":"2026-01-16T04:36:54","slug":"berazategui-un-hombre-fue-apunalado-en-la-clavicula-tras-una-pelea-y-permanece-internado","status":"publish","type":"post","link":"https:\/\/larevistadigital.com.ar\/blog\/berazategui-un-hombre-fue-apunalado-en-la-clavicula-tras-una-pelea-y-permanece-internado\/","title":{"rendered":"Berazategui: Un hombre fue apu\u00f1alado en la clav\u00edcula tras una pelea y permanece internado"},"content":{"rendered":"<p data-start=\"166\" data-end=\"410\">Un hombre de <strong data-start=\"179\" data-end=\"190\">33 a\u00f1os<\/strong> fue internado durante la madrugada de este <strong data-start=\"234\" data-end=\"259\">mi\u00e9rcoles 14 de enero<\/strong> en el <strong data-start=\"266\" data-end=\"291\">Hospital Evita Pueblo<\/strong> luego de resultar <strong data-start=\"310\" data-end=\"366\">herido con un arma blanca en la zona de la clav\u00edcula<\/strong>, tras una pelea ocurrida en la v\u00eda p\u00fablica.<\/p>\n<blockquote>\n<p data-start=\"412\" data-end=\"668\">Seg\u00fan la informaci\u00f3n recabada, el hecho se produjo luego de una discusi\u00f3n con otra persona, que termin\u00f3 de manera violenta. Por motivos que a\u00fan se intentan establecer, la v\u00edctima recibi\u00f3 una <strong data-start=\"603\" data-end=\"648\">pu\u00f1alada que oblig\u00f3 a su traslado urgente<\/strong> al centro de salud.<\/p>\n<p data-start=\"670\" data-end=\"958\">El hombre ingres\u00f3 al hospital consciente y fue asistido por el personal m\u00e9dico, que dispuso su internaci\u00f3n para una mejor evaluaci\u00f3n y control de la lesi\u00f3n. Hasta el momento <strong data-start=\"844\" data-end=\"908\">no trascendieron detalles oficiales sobre su estado de salud<\/strong>, aunque se indic\u00f3 que permanece fuera de peligro.<\/p>\n<\/blockquote>\n<p data-start=\"960\" data-end=\"1214\" data-is-last-node=\"\" data-is-only-node=\"\">Intervino personal policial, que inici\u00f3 las actuaciones correspondientes para esclarecer lo ocurrido e identificar al agresor. La causa qued\u00f3 en manos de la Justicia, que investiga las circunstancias del episodio y la posible responsabilidad de terceros.<\/p>\n","protected":false},"excerpt":{"rendered":"<div class=\"mh-excerpt\"><p>Un hombre de 33 a\u00f1os fue internado durante la madrugada de este mi\u00e9rcoles 14 de enero en el Hospital Evita Pueblo luego de resultar herido con un arma blanca en la zona de la clav\u00edcula, <a class=\"mh-excerpt-more\" href=\"https:\/\/larevistadigital.com.ar\/blog\/berazategui-un-hombre-fue-apunalado-en-la-clavicula-tras-una-pelea-y-permanece-internado\/\" title=\"Berazategui: Un hombre fue apu\u00f1alado en la clav\u00edcula tras una pelea y permanece internado\">[Leer M\u00e1s]<\/a><\/p>\n<\/div>","protected":false},"author":3,"featured_media":43409,"comment_status":"open","ping_status":"open","sticky":false,"template":"","format":"standard","meta":{"_jetpack_memberships_contains_paid_content":false,"footnotes":"","jetpack_publicize_message":"","jetpack_publicize_feature_enabled":true,"jetpack_social_post_already_shared":true,"jetpack_social_options":{"image_generator_settings":{"template":"highway","default_image_id":0,"font":"","enabled":false},"version":2}},"categories":[44,51],"tags":[],"class_list":{"0":"post-43408","1":"post","2":"type-post","3":"status-publish","4":"format-standard","5":"has-post-thumbnail","7":"category-policiales","8":"category-regionales"},"jetpack_publicize_connections":[],"jetpack_featured_media_url":"https:\/\/i0.wp.com\/larevistadigital.com.ar\/blog\/wp-content\/uploads\/multimedia.normal.85e2aeb64984f54a.5061726f2d656e2d656c2d45766974612d507565626c6f2d64652d5f6e6f726d616c2e6a7067.jpg?fit=648%2C358&ssl=1","jetpack_sharing_enabled":true,"jetpack_shortlink":"https:\/\/wp.me\/p8qtrQ-bi8","jetpack-related-posts":[{"id":18161,"url":"https:\/\/larevistadigital.com.ar\/blog\/mar-del-plata-muere-hombre-de-87-anos-tras-caer-del-tercer-piso-del-hospital-interzonal-de-agudos\/","url_meta":{"origin":43408,"position":0},"title":"MAR DEL PLATA: MUERE HOMBRE DE 87 A\u00d1OS TRAS CAER DEL TERCER PISO DEL HOSPITAL INTERZONAL DE AGUDOS","author":"Alejandro Sosa Ruda","date":"16 diciembre, 2020","format":false,"excerpt":"Ocurri\u00f3 este mi\u00e9rcoles por la ma\u00f1ana. Los investigadores buscan determinar las circunstancias en las que cay\u00f3 desde la ventana del hospital. Un\u00a0hombre de 87 a\u00f1os muri\u00f3 este mi\u00e9rcoles\u00a0por la ma\u00f1ana luego de\u00a0caer desde una ventana del tercer piso del Hospital Interzonal General de Agudos (Higa),\u00a0seg\u00fan confirmaron fuentes del lugar a\u00a00223.\u2026","rel":"","context":"En \u00abPOLITICA\u00bb","block_context":{"text":"POLITICA","link":"https:\/\/larevistadigital.com.ar\/blog\/category\/politica\/"},"img":{"alt_text":"","src":"https:\/\/i0.wp.com\/larevistadigital.com.ar\/blog\/wp-content\/uploads\/Screenshot_1-179.jpg?fit=1011%2C672&ssl=1&resize=350%2C200","width":350,"height":200,"srcset":"https:\/\/i0.wp.com\/larevistadigital.com.ar\/blog\/wp-content\/uploads\/Screenshot_1-179.jpg?fit=1011%2C672&ssl=1&resize=350%2C200 1x, https:\/\/i0.wp.com\/larevistadigital.com.ar\/blog\/wp-content\/uploads\/Screenshot_1-179.jpg?fit=1011%2C672&ssl=1&resize=525%2C300 1.5x, https:\/\/i0.wp.com\/larevistadigital.com.ar\/blog\/wp-content\/uploads\/Screenshot_1-179.jpg?fit=1011%2C672&ssl=1&resize=700%2C400 2x"},"classes":[]},{"id":11735,"url":"https:\/\/larevistadigital.com.ar\/blog\/tragica-pelea-familiar-muere-un-hombre-apunalado-por-su-sobrino\/","url_meta":{"origin":43408,"position":1},"title":"TR\u00c1GICA PELEA FAMILIAR: MUERE UN HOMBRE APU\u00d1ALADO POR SU SOBRINO","author":"Alejandro Sosa Ruda","date":"6 agosto, 2019","format":false,"excerpt":"Sucedi\u00f3 antes de las 03:00 am en calle Larralde, casi Esteban Fascio. Dolores- Un hombre muri\u00f3 apu\u00f1alado esta madrugada en el marco de una pelea en la que estar\u00edan involucrados familiares. Ingres\u00f3 sin vida al Hospital San Roque. La v\u00edctima de apellido Cascallares de 50 a\u00f1os de edad, termin\u00f3 apu\u00f1alado\u2026","rel":"","context":"En \u00abDOLORES\u00bb","block_context":{"text":"DOLORES","link":"https:\/\/larevistadigital.com.ar\/blog\/category\/dolores\/"},"img":{"alt_text":"","src":"https:\/\/i0.wp.com\/larevistadigital.com.ar\/blog\/wp-content\/uploads\/Screenshot_4-8.jpg?fit=862%2C487&ssl=1&resize=350%2C200","width":350,"height":200,"srcset":"https:\/\/i0.wp.com\/larevistadigital.com.ar\/blog\/wp-content\/uploads\/Screenshot_4-8.jpg?fit=862%2C487&ssl=1&resize=350%2C200 1x, https:\/\/i0.wp.com\/larevistadigital.com.ar\/blog\/wp-content\/uploads\/Screenshot_4-8.jpg?fit=862%2C487&ssl=1&resize=525%2C300 1.5x, https:\/\/i0.wp.com\/larevistadigital.com.ar\/blog\/wp-content\/uploads\/Screenshot_4-8.jpg?fit=862%2C487&ssl=1&resize=700%2C400 2x"},"classes":[]},{"id":35341,"url":"https:\/\/larevistadigital.com.ar\/blog\/horror-en-berisso-un-hombre-mato-a-punaladas-a-su-mujer-delante-de-su-propia-hija\/","url_meta":{"origin":43408,"position":2},"title":"HORROR EN BERISSO: UN HOMBRE MAT\u00d3 A PU\u00d1ALADAS A SU MUJER DELANTE DE SU PROPIA HIJA","author":"Alejandro Sosa Ruda","date":"28 febrero, 2024","format":false,"excerpt":"La joven le cont\u00f3 a la Polic\u00eda todo lo sucedido. El agresor apu\u00f1al\u00f3 a la mujer y luego se lesion\u00f3 a s\u00ed mismo, pero sobrevivi\u00f3 y fue internado de urgencia. 28 de febrero de 2024 BERISSO -\u00a0 Otro brutal femicidio\u00a0sacude a la ciudad de Berisso,\u00a0en particular, y la regi\u00f3n, en\u2026","rel":"","context":"En \u00abPOLICIALES\u00bb","block_context":{"text":"POLICIALES","link":"https:\/\/larevistadigital.com.ar\/blog\/category\/policiales\/"},"img":{"alt_text":"","src":"https:\/\/i0.wp.com\/larevistadigital.com.ar\/blog\/wp-content\/uploads\/Captura-de-pantalla-2024-02-28-120436.png?fit=905%2C454&ssl=1&resize=350%2C200","width":350,"height":200,"srcset":"https:\/\/i0.wp.com\/larevistadigital.com.ar\/blog\/wp-content\/uploads\/Captura-de-pantalla-2024-02-28-120436.png?fit=905%2C454&ssl=1&resize=350%2C200 1x, https:\/\/i0.wp.com\/larevistadigital.com.ar\/blog\/wp-content\/uploads\/Captura-de-pantalla-2024-02-28-120436.png?fit=905%2C454&ssl=1&resize=525%2C300 1.5x, https:\/\/i0.wp.com\/larevistadigital.com.ar\/blog\/wp-content\/uploads\/Captura-de-pantalla-2024-02-28-120436.png?fit=905%2C454&ssl=1&resize=700%2C400 2x"},"classes":[]},{"id":28349,"url":"https:\/\/larevistadigital.com.ar\/blog\/tandil-apunalan-a-un-hombre-y-esta-grave\/","url_meta":{"origin":43408,"position":3},"title":"TANDIL: APU\u00d1ALAN A UN HOMBRE Y EST\u00c1 GRAVE","author":"Alejandro Sosa Ruda","date":"10 octubre, 2022","format":false,"excerpt":"El hecho tuvo lugar este domingo por la noche en Godoy Cruz al 100, donde por circunstancias que a\u00fan son materia de investigaci\u00f3n, un hombre de 42 a\u00f1os result\u00f3 gravemente herido, tras recibir una pu\u00f1alada en el abdomen, y otra en la zona de los gl\u00fateos, por lo que se\u2026","rel":"","context":"En \u00abPOLICIALES\u00bb","block_context":{"text":"POLICIALES","link":"https:\/\/larevistadigital.com.ar\/blog\/category\/policiales\/"},"img":{"alt_text":"","src":"https:\/\/i0.wp.com\/larevistadigital.com.ar\/blog\/wp-content\/uploads\/2-hospital-ramon-santamarina.jpg?fit=1200%2C783&ssl=1&resize=350%2C200","width":350,"height":200,"srcset":"https:\/\/i0.wp.com\/larevistadigital.com.ar\/blog\/wp-content\/uploads\/2-hospital-ramon-santamarina.jpg?fit=1200%2C783&ssl=1&resize=350%2C200 1x, https:\/\/i0.wp.com\/larevistadigital.com.ar\/blog\/wp-content\/uploads\/2-hospital-ramon-santamarina.jpg?fit=1200%2C783&ssl=1&resize=525%2C300 1.5x, https:\/\/i0.wp.com\/larevistadigital.com.ar\/blog\/wp-content\/uploads\/2-hospital-ramon-santamarina.jpg?fit=1200%2C783&ssl=1&resize=700%2C400 2x, https:\/\/i0.wp.com\/larevistadigital.com.ar\/blog\/wp-content\/uploads\/2-hospital-ramon-santamarina.jpg?fit=1200%2C783&ssl=1&resize=1050%2C600 3x"},"classes":[]},{"id":29838,"url":"https:\/\/larevistadigital.com.ar\/blog\/la-plata-apunalan-a-un-hombre-con-un-destornillador-y-le-perforan-un-pulmon\/","url_meta":{"origin":43408,"position":4},"title":"LA PLATA: APU\u00d1ALAN A UN HOMBRE CON UN DESTORNILLADOR Y LE PERFORAN UN PULM\u00d3N.","author":"Alejandro Sosa Ruda","date":"19 enero, 2023","format":false,"excerpt":"Todo ocurri\u00f3 en medio de una tremenda pelea que se desat\u00f3 a metros del Hospital Rossi, en 37 entre 116 y 117. Por el hecho hay dos detenidos. 19 de enero de 2023 Durante una tremenda pelea callejera en barrio Hip\u00f3dromo\u00a0apu\u00f1alaron a un hombre con un destornillador, fue internado y\u2026","rel":"","context":"En \u00abPOLICIALES\u00bb","block_context":{"text":"POLICIALES","link":"https:\/\/larevistadigital.com.ar\/blog\/category\/policiales\/"},"img":{"alt_text":"","src":"https:\/\/i0.wp.com\/larevistadigital.com.ar\/blog\/wp-content\/uploads\/1537797217891.jpeg?fit=1200%2C594&ssl=1&resize=350%2C200","width":350,"height":200,"srcset":"https:\/\/i0.wp.com\/larevistadigital.com.ar\/blog\/wp-content\/uploads\/1537797217891.jpeg?fit=1200%2C594&ssl=1&resize=350%2C200 1x, https:\/\/i0.wp.com\/larevistadigital.com.ar\/blog\/wp-content\/uploads\/1537797217891.jpeg?fit=1200%2C594&ssl=1&resize=525%2C300 1.5x, https:\/\/i0.wp.com\/larevistadigital.com.ar\/blog\/wp-content\/uploads\/1537797217891.jpeg?fit=1200%2C594&ssl=1&resize=700%2C400 2x, https:\/\/i0.wp.com\/larevistadigital.com.ar\/blog\/wp-content\/uploads\/1537797217891.jpeg?fit=1200%2C594&ssl=1&resize=1050%2C600 3x"},"classes":[]},{"id":30817,"url":"https:\/\/larevistadigital.com.ar\/blog\/trenque-lauquen-estaba-internado-se-robo-una-ambulancia-y-fue-atrapado-en-gral-villegas\/","url_meta":{"origin":43408,"position":5},"title":"TRENQUE LAUQUEN: ESTABA INTERNADO, SE ROB\u00d3 UNA AMBULANCIA Y FUE ATRAPADO EN GRAL. VILLEGAS","author":"Alejandro Sosa Ruda","date":"31 marzo, 2023","format":false,"excerpt":"El hombre habr\u00eda estado hospitalizado en el nosocomio, y fue en ese momento cuando tom\u00f3 la ambulancia y huy\u00f3 a bordo del veh\u00edculo. El sujeto fue identificado como Mario Fortunoff de 44 a\u00f1os, quien se encontraba internado por indicaciones psiqui\u00e1tricas, sin custodia y decidi\u00f3 externarse por su cuenta. 31 de\u2026","rel":"","context":"En \u00abPOLICIALES\u00bb","block_context":{"text":"POLICIALES","link":"https:\/\/larevistadigital.com.ar\/blog\/category\/policiales\/"},"img":{"alt_text":"","src":"https:\/\/i0.wp.com\/larevistadigital.com.ar\/blog\/wp-content\/uploads\/20230330131508_ambulan.jpg?fit=880%2C512&ssl=1&resize=350%2C200","width":350,"height":200,"srcset":"https:\/\/i0.wp.com\/larevistadigital.com.ar\/blog\/wp-content\/uploads\/20230330131508_ambulan.jpg?fit=880%2C512&ssl=1&resize=350%2C200 1x, https:\/\/i0.wp.com\/larevistadigital.com.ar\/blog\/wp-content\/uploads\/20230330131508_ambulan.jpg?fit=880%2C512&ssl=1&resize=525%2C300 1.5x, https:\/\/i0.wp.com\/larevistadigital.com.ar\/blog\/wp-content\/uploads\/20230330131508_ambulan.jpg?fit=880%2C512&ssl=1&resize=700%2C400 2x"},"classes":[]}],"_links":{"self":[{"href":"https:\/\/larevistadigital.com.ar\/blog\/wp-json\/wp\/v2\/posts\/43408","targetHints":{"allow":["GET"]}}],"collection":[{"href":"https:\/\/larevistadigital.com.ar\/blog\/wp-json\/wp\/v2\/posts"}],"about":[{"href":"https:\/\/larevistadigital.com.ar\/blog\/wp-json\/wp\/v2\/types\/post"}],"author":[{"embeddable":true,"href":"https:\/\/larevistadigital.com.ar\/blog\/wp-json\/wp\/v2\/users\/3"}],"replies":[{"embeddable":true,"href":"https:\/\/larevistadigital.com.ar\/blog\/wp-json\/wp\/v2\/comments?post=43408"}],"version-history":[{"count":1,"href":"https:\/\/larevistadigital.com.ar\/blog\/wp-json\/wp\/v2\/posts\/43408\/revisions"}],"predecessor-version":[{"id":43410,"href":"https:\/\/larevistadigital.com.ar\/blog\/wp-json\/wp\/v2\/posts\/43408\/revisions\/43410"}],"wp:featuredmedia":[{"embeddable":true,"href":"https:\/\/larevistadigital.com.ar\/blog\/wp-json\/wp\/v2\/media\/43409"}],"wp:attachment":[{"href":"https:\/\/larevistadigital.com.ar\/blog\/wp-json\/wp\/v2\/media?parent=43408"}],"wp:term":[{"taxonomy":"category","embeddable":true,"href":"https:\/\/larevistadigital.com.ar\/blog\/wp-json\/wp\/v2\/categories?post=43408"},{"taxonomy":"post_tag","embeddable":true,"href":"https:\/\/larevistadigital.com.ar\/blog\/wp-json\/wp\/v2\/tags?post=43408"}],"curies":[{"name":"wp","href":"https:\/\/api.w.org\/{rel}","templated":true}]}}