{"id":43411,"date":"2026-01-16T01:54:14","date_gmt":"2026-01-16T04:54:14","guid":{"rendered":"https:\/\/larevistadigital.com.ar\/blog\/?p=43411"},"modified":"2026-01-16T01:54:14","modified_gmt":"2026-01-16T04:54:14","slug":"que-paso-apagon-masivo-afecto-a-mas-de-800-mil-usuarios-en-el-amba-en-plena-ola-de-calor","status":"publish","type":"post","link":"https:\/\/larevistadigital.com.ar\/blog\/que-paso-apagon-masivo-afecto-a-mas-de-800-mil-usuarios-en-el-amba-en-plena-ola-de-calor\/","title":{"rendered":"Qu\u00e9 pas\u00f3? Apag\u00f3n masivo afect\u00f3 a m\u00e1s de 800 mil usuarios en el AMBA en plena ola de calor"},"content":{"rendered":"<h3>Una falla en l\u00edneas de alta tensi\u00f3n de Edenor provoc\u00f3 un corte de luz que impact\u00f3 en barrios de la Ciudad de Buenos Aires y el norte y oeste del conurbano bonaerense. El servicio qued\u00f3 totalmente restablecido hacia la tarde.<\/h3>\n<p>16 de enero de 2026<\/p>\n<p data-start=\"437\" data-end=\"781\">Un corte de energ\u00eda el\u00e9ctrica de gran magnitud se registr\u00f3 este jueves por la tarde en el \u00c1rea Metropolitana de Buenos Aires, en medio de una jornada de temperaturas extremas. El apag\u00f3n afect\u00f3 principalmente a usuarios de Edenor, aunque tambi\u00e9n se vieron perjudicados algunos clientes de Edesur, debido a la interconexi\u00f3n del sistema el\u00e9ctrico.<\/p>\n<blockquote>\n<p data-start=\"783\" data-end=\"1052\">Seg\u00fan informaron fuentes oficiales, a las 14:45 salieron de servicio cuatro l\u00edneas de alta tensi\u00f3n de 220 kV vinculadas a la subestaci\u00f3n Mor\u00f3n, lo que provoc\u00f3 la p\u00e9rdida repentina de unos 3.000 megavatios de potencia. El impacto inicial alcanz\u00f3 a unos 800.000 usuarios.<\/p>\n<\/blockquote>\n<p data-start=\"1054\" data-end=\"1336\">Desde el Gobierno se\u00f1alaron que se trat\u00f3 de \u201cun problema de la distribuidora Edenor\u201d y aseguraron que los protocolos de reposici\u00f3n se activaron de inmediato. Media hora despu\u00e9s del inicio del incidente, ya se hab\u00eda restablecido el suministro a m\u00e1s del 50% de los usuarios afectados.<\/p>\n<p data-start=\"1338\" data-end=\"1559\">Hacia las 16:35, permanec\u00edan sin luz unos 175.000 usuarios de Edenor y 35.000 de Edesur, pero cerca de las 17:30 la Secretar\u00eda de Energ\u00eda confirm\u00f3 que el servicio se encontraba completamente normalizado en ambas empresas.<\/p>\n<h3 data-start=\"1561\" data-end=\"1580\"><span style=\"color: #ff0000\">Zonas afectadas<\/span><\/h3>\n<p data-start=\"1581\" data-end=\"1785\">En el conurbano bonaerense, el corte impact\u00f3 en localidades como Vicente L\u00f3pez, Florida, Munro, Mart\u00ednez, San Mart\u00edn, Tigre, Boulogne, Haedo, Ciudadela, Caseros, Ramos Mej\u00eda y Santos Lugares, entre otras.<\/p>\n<p data-start=\"1787\" data-end=\"2104\">En la Ciudad de Buenos Aires, se registraron interrupciones en Palermo, N\u00fa\u00f1ez, Belgrano, Recoleta, Colegiales, Caballito, Villa Urquiza, Chacarita, Villa Devoto, Saavedra, Agronom\u00eda y Villa Ort\u00fazar. Vecinos reportaron sem\u00e1foros fuera de funcionamiento y complicaciones en el tr\u00e1nsito, especialmente en avenidas clave.<\/p>\n<p data-start=\"2106\" data-end=\"2506\">El apag\u00f3n tambi\u00e9n afect\u00f3 al transporte p\u00fablico. La l\u00ednea D de subte estuvo interrumpida y la l\u00ednea H funcion\u00f3 con demoras, aunque ambas normalizaron su servicio con el correr de los minutos. En el sistema ferroviario, los ramales Mitre y Su\u00e1rez no funcionaron durante el corte, el Tren de la Costa estuvo interrumpido y el tren San Mart\u00edn circul\u00f3 con demoras. El ramal Sarmiento oper\u00f3 con normalidad.<\/p>\n<blockquote>\n<h3 data-start=\"2508\" data-end=\"2686\">En Aeroparque se reportaron cortes parciales de energ\u00eda en algunos sectores de la terminal, aunque los vuelos y el movimiento de pasajeros continuaron sin mayores inconvenientes.<\/h3>\n<\/blockquote>\n<p data-start=\"2688\" data-end=\"2891\">El incidente ocurri\u00f3 mientras la sensaci\u00f3n t\u00e9rmica superaba los 35 grados en la Ciudad de Buenos Aires, en una jornada marcada por la alta demanda energ\u00e9tica y la expectativa de tormentas hacia la tarde.<\/p>\n<h3 data-start=\"2893\" data-end=\"2934\"><span style=\"color: #ff0000\">C\u00f3mo reclamar por falta de suministro<\/span><\/h3>\n<p data-start=\"2935\" data-end=\"3209\">Ante un corte de luz, los usuarios deben verificar primero si se trata de una interrupci\u00f3n programada, ya que las distribuidoras est\u00e1n obligadas a informarlas con al menos 48 horas de anticipaci\u00f3n. De no ser as\u00ed, el reclamo debe realizarse inicialmente ante Edenor o Edesur.<\/p>\n<p data-start=\"3211\" data-end=\"3625\">Los reclamos pueden realizarse para solicitar la reposici\u00f3n del servicio o una bonificaci\u00f3n, en casos de cortes prolongados (m\u00e1s de 15 horas consecutivas) o interrupciones reiteradas (cuatro o m\u00e1s en un mismo mes). Para avanzar luego ante el ENRE, es necesario contar con el n\u00famero de cliente o cuenta, el n\u00famero de reclamo realizado ante la empresa, fechas y horarios del corte y los datos del domicilio afectado.<\/p>\n<p data-start=\"3627\" data-end=\"3836\">El Ente Nacional Regulador de la Electricidad recibe reclamos a trav\u00e9s de su sitio web, por tel\u00e9fono al 0800-333-3000 o 0800-345-6000, y de manera presencial en su sede de Suipacha 615, CABA, con turno previo.<\/p>\n","protected":false},"excerpt":{"rendered":"<div class=\"mh-excerpt\"><p>Una falla en l\u00edneas de alta tensi\u00f3n de Edenor provoc\u00f3 un corte de luz que impact\u00f3 en barrios de la Ciudad de Buenos Aires y el norte y oeste del conurbano bonaerense. El servicio qued\u00f3 <a class=\"mh-excerpt-more\" href=\"https:\/\/larevistadigital.com.ar\/blog\/que-paso-apagon-masivo-afecto-a-mas-de-800-mil-usuarios-en-el-amba-en-plena-ola-de-calor\/\" title=\"Qu\u00e9 pas\u00f3? Apag\u00f3n masivo afect\u00f3 a m\u00e1s de 800 mil usuarios en el AMBA en plena ola de calor\">[Leer M\u00e1s]<\/a><\/p>\n<\/div>","protected":false},"author":3,"featured_media":43412,"comment_status":"open","ping_status":"open","sticky":false,"template":"","format":"standard","meta":{"_jetpack_memberships_contains_paid_content":false,"footnotes":"","jetpack_publicize_message":"","jetpack_publicize_feature_enabled":true,"jetpack_social_post_already_shared":true,"jetpack_social_options":{"image_generator_settings":{"template":"highway","default_image_id":0,"font":"","enabled":false},"version":2}},"categories":[50],"tags":[],"class_list":{"0":"post-43411","1":"post","2":"type-post","3":"status-publish","4":"format-standard","5":"has-post-thumbnail","7":"category-interes-general"},"jetpack_publicize_connections":[],"jetpack_featured_media_url":"https:\/\/i0.wp.com\/larevistadigital.com.ar\/blog\/wp-content\/uploads\/Captura-de-pantalla-2026-01-16-015139.jpg?fit=912%2C498&ssl=1","jetpack_sharing_enabled":true,"jetpack_shortlink":"https:\/\/wp.me\/p8qtrQ-bib","jetpack-related-posts":[{"id":38931,"url":"https:\/\/larevistadigital.com.ar\/blog\/nuevo-apagon-en-el-amba-mas-de-620-000-usuarios-afectados\/","url_meta":{"origin":43411,"position":0},"title":"Nuevo apag\u00f3n en el AMBA: m\u00e1s de 620.000 usuarios afectados","author":"Alejandro Sosa Ruda","date":"5 marzo, 2025","format":false,"excerpt":"Un segundo corte de luz en el d\u00eda genera caos en Buenos Aires 05 de Marzo de 2025 BUENOS AIRES -\u00a0 El \u00c1rea Metropolitana de Buenos Aires (AMBA) sufri\u00f3 un segundo apag\u00f3n este mi\u00e9rcoles, dejando sin suministro el\u00e9ctrico a m\u00e1s de 620.000 usuarios. La falla ocurri\u00f3 alrededor de las 12:40\u2026","rel":"","context":"En \u00abINTERES GENERAL\u00bb","block_context":{"text":"INTERES GENERAL","link":"https:\/\/larevistadigital.com.ar\/blog\/category\/interes-general\/"},"img":{"alt_text":"","src":"https:\/\/i0.wp.com\/larevistadigital.com.ar\/blog\/wp-content\/uploads\/2019\/03\/810410405c904feca65209eb66a49a3f.jpg?fit=1058%2C791&ssl=1&resize=350%2C200","width":350,"height":200,"srcset":"https:\/\/i0.wp.com\/larevistadigital.com.ar\/blog\/wp-content\/uploads\/2019\/03\/810410405c904feca65209eb66a49a3f.jpg?fit=1058%2C791&ssl=1&resize=350%2C200 1x, https:\/\/i0.wp.com\/larevistadigital.com.ar\/blog\/wp-content\/uploads\/2019\/03\/810410405c904feca65209eb66a49a3f.jpg?fit=1058%2C791&ssl=1&resize=525%2C300 1.5x, https:\/\/i0.wp.com\/larevistadigital.com.ar\/blog\/wp-content\/uploads\/2019\/03\/810410405c904feca65209eb66a49a3f.jpg?fit=1058%2C791&ssl=1&resize=700%2C400 2x, https:\/\/i0.wp.com\/larevistadigital.com.ar\/blog\/wp-content\/uploads\/2019\/03\/810410405c904feca65209eb66a49a3f.jpg?fit=1058%2C791&ssl=1&resize=1050%2C600 3x"},"classes":[]},{"id":41175,"url":"https:\/\/larevistadigital.com.ar\/blog\/apagon-masivo-afecto-a-dolores-y-distintos-lugares-de-la-region-durante-mas-de-seis-horas\/","url_meta":{"origin":43411,"position":1},"title":"Apag\u00f3n masivo afect\u00f3 a Dolores y distintos lugares de la regi\u00f3n durante m\u00e1s de seis horas","author":"Alejandro Sosa Ruda","date":"30 agosto, 2025","format":false,"excerpt":"Un corte el\u00e9ctrico dej\u00f3 sin suministro a Dolores y localidades vecinas como Tordillo entre las 18 y la medianoche. A la falta de energ\u00eda se sum\u00f3 la interrupci\u00f3n del servicio de agua. 30 de agosto de 2025 DOLORES\u00a0 -\u00a0\u00a0 La ciudad de Dolores y parte de la regi\u00f3n atravesaron este\u2026","rel":"","context":"En \u00abREGIONALES\u00bb","block_context":{"text":"REGIONALES","link":"https:\/\/larevistadigital.com.ar\/blog\/category\/regionales\/"},"img":{"alt_text":"","src":"https:\/\/i0.wp.com\/larevistadigital.com.ar\/blog\/wp-content\/uploads\/2019\/03\/810410405c904feca65209eb66a49a3f.jpg?fit=1058%2C791&ssl=1&resize=350%2C200","width":350,"height":200,"srcset":"https:\/\/i0.wp.com\/larevistadigital.com.ar\/blog\/wp-content\/uploads\/2019\/03\/810410405c904feca65209eb66a49a3f.jpg?fit=1058%2C791&ssl=1&resize=350%2C200 1x, https:\/\/i0.wp.com\/larevistadigital.com.ar\/blog\/wp-content\/uploads\/2019\/03\/810410405c904feca65209eb66a49a3f.jpg?fit=1058%2C791&ssl=1&resize=525%2C300 1.5x, https:\/\/i0.wp.com\/larevistadigital.com.ar\/blog\/wp-content\/uploads\/2019\/03\/810410405c904feca65209eb66a49a3f.jpg?fit=1058%2C791&ssl=1&resize=700%2C400 2x, https:\/\/i0.wp.com\/larevistadigital.com.ar\/blog\/wp-content\/uploads\/2019\/03\/810410405c904feca65209eb66a49a3f.jpg?fit=1058%2C791&ssl=1&resize=1050%2C600 3x"},"classes":[]},{"id":11682,"url":"https:\/\/larevistadigital.com.ar\/blog\/la-plata-la-justicia-ratifico-que-edelap-debe-bonificar-las-facturas-de-julio-a-los-afectados-por-el-apagon\/","url_meta":{"origin":43411,"position":2},"title":"LA PLATA: LA JUSTICIA RATIFIC\u00d3 QUE EDELAP DEBE BONIFICAR LAS FACTURAS DE JULIO A LOS AFECTADOS POR EL APAG\u00d3N","author":"Alejandro Sosa Ruda","date":"2 agosto, 2019","format":false,"excerpt":"La justicia en lo Contencioso Administrativo de La Plata ratifico\u0301 que la empresa Edelap debera\u0301 bonificar la factura de julio de los usuarios que fueron afectados por un apago\u0301n ocurrido en junio en la zona norte de la capital provincial por la falla de un cable de alta tensio\u0301n. La\u2026","rel":"","context":"En \u00abREGIONALES\u00bb","block_context":{"text":"REGIONALES","link":"https:\/\/larevistadigital.com.ar\/blog\/category\/regionales\/"},"img":{"alt_text":"","src":"https:\/\/i0.wp.com\/larevistadigital.com.ar\/blog\/wp-content\/uploads\/1564697619244.jpg?fit=1200%2C679&ssl=1&resize=350%2C200","width":350,"height":200,"srcset":"https:\/\/i0.wp.com\/larevistadigital.com.ar\/blog\/wp-content\/uploads\/1564697619244.jpg?fit=1200%2C679&ssl=1&resize=350%2C200 1x, https:\/\/i0.wp.com\/larevistadigital.com.ar\/blog\/wp-content\/uploads\/1564697619244.jpg?fit=1200%2C679&ssl=1&resize=525%2C300 1.5x, https:\/\/i0.wp.com\/larevistadigital.com.ar\/blog\/wp-content\/uploads\/1564697619244.jpg?fit=1200%2C679&ssl=1&resize=700%2C400 2x, https:\/\/i0.wp.com\/larevistadigital.com.ar\/blog\/wp-content\/uploads\/1564697619244.jpg?fit=1200%2C679&ssl=1&resize=1050%2C600 3x"},"classes":[]},{"id":35935,"url":"https:\/\/larevistadigital.com.ar\/blog\/un-municipio-bonaerense-presentara-un-amparo-por-los-aumentos-de-la-luz\/","url_meta":{"origin":43411,"position":3},"title":"UN MUNICIPIO BONAERENSE PRESENTAR\u00c1 UN AMPARO POR LOS AUMENTOS DE LA LUZ","author":"Alejandro Sosa Ruda","date":"27 abril, 2024","format":false,"excerpt":"El Municipio de Ituzaing\u00f3 presentar\u00e1 un amparo judicial para anular el aumento de la energ\u00eda el\u00e9ctrica. \"Nos cobran como si fu\u00e9ramos usuarios residenciales y somos usuarios mayoristas\u201d, expres\u00f3 el intendente local, Pablo Descalzo. 27 de abril de 2024 BUENOS AIRES -\u00a0 As\u00ed lo inform\u00f3 el intendente, Pablo Descalzo. \u201cNos cobran\u2026","rel":"","context":"En \u00abPOLITICA PROVINCIAL\u00bb","block_context":{"text":"POLITICA PROVINCIAL","link":"https:\/\/larevistadigital.com.ar\/blog\/category\/politica\/politica-provincial\/"},"img":{"alt_text":"","src":"https:\/\/i0.wp.com\/larevistadigital.com.ar\/blog\/wp-content\/uploads\/20240426165915_pablo-descalzo-ituzaingo-amparo-energia.jpg?fit=880%2C512&ssl=1&resize=350%2C200","width":350,"height":200,"srcset":"https:\/\/i0.wp.com\/larevistadigital.com.ar\/blog\/wp-content\/uploads\/20240426165915_pablo-descalzo-ituzaingo-amparo-energia.jpg?fit=880%2C512&ssl=1&resize=350%2C200 1x, https:\/\/i0.wp.com\/larevistadigital.com.ar\/blog\/wp-content\/uploads\/20240426165915_pablo-descalzo-ituzaingo-amparo-energia.jpg?fit=880%2C512&ssl=1&resize=525%2C300 1.5x, https:\/\/i0.wp.com\/larevistadigital.com.ar\/blog\/wp-content\/uploads\/20240426165915_pablo-descalzo-ituzaingo-amparo-energia.jpg?fit=880%2C512&ssl=1&resize=700%2C400 2x"},"classes":[]},{"id":14640,"url":"https:\/\/larevistadigital.com.ar\/blog\/alerta-del-servicio-meteorologico-para-la-provincia-de-buenos-aires\/","url_meta":{"origin":43411,"position":4},"title":"ALERTA DEL SERVICIO METEOROL\u00d3GICO PARA LA PROVINCIA DE BUENOS AIRES","author":"Alejandro Sosa Ruda","date":"5 febrero, 2020","format":false,"excerpt":"El SMN (Servicio Meteorol\u00f3gico Nacional) emiti\u00f3 alertas acerca del clima que nos espera para la tarde, en la Provincia de Buenos Aires, principalmente en el sudeste y la zona de la costa atl\u00e1ntica, que podr\u00eda desviarse hacia el centro y norte de la provincia. SE RECOMIENDA TOMAR LAS PRECAUCIONES DEL\u2026","rel":"","context":"En \u00abINTERES GENERAL\u00bb","block_context":{"text":"INTERES GENERAL","link":"https:\/\/larevistadigital.com.ar\/blog\/category\/interes-general\/"},"img":{"alt_text":"","src":"https:\/\/i0.wp.com\/larevistadigital.com.ar\/blog\/wp-content\/uploads\/descarga-5.jpg?fit=600%2C305&ssl=1&resize=350%2C200","width":350,"height":200,"srcset":"https:\/\/i0.wp.com\/larevistadigital.com.ar\/blog\/wp-content\/uploads\/descarga-5.jpg?fit=600%2C305&ssl=1&resize=350%2C200 1x, https:\/\/i0.wp.com\/larevistadigital.com.ar\/blog\/wp-content\/uploads\/descarga-5.jpg?fit=600%2C305&ssl=1&resize=525%2C300 1.5x"},"classes":[]},{"id":23874,"url":"https:\/\/larevistadigital.com.ar\/blog\/se-descartaron-en-olavarria-1119-vacunas-del-calendario-anual-por-un-corte-de-luz\/","url_meta":{"origin":43411,"position":5},"title":"SE DESCARTARON EN OLAVARR\u00cdA 1119 VACUNAS DEL CALENDARIO ANUAL POR UN CORTE DE LUZ","author":"Alejandro Sosa Ruda","date":"7 febrero, 2022","format":false,"excerpt":"El Ministerio de Salud de la provincia de Buenos Aires recomend\u00f3 el descarte de 1119 vacunas del total 5558 que se encontraban en cuarentena por desv\u00edo en la cadena de fr\u00edo. Dentro de las dosis descartadas se encuentran doble adultos, rotavirus, neumococo 23 valencias, triple y doble viral, fiebre amarilla,\u2026","rel":"","context":"En \u00abDESTACADAS\u00bb","block_context":{"text":"DESTACADAS","link":"https:\/\/larevistadigital.com.ar\/blog\/category\/destacadas\/"},"img":{"alt_text":"","src":"https:\/\/i0.wp.com\/larevistadigital.com.ar\/blog\/wp-content\/uploads\/20220205130508_vacccc.jpg?fit=880%2C512&ssl=1&resize=350%2C200","width":350,"height":200,"srcset":"https:\/\/i0.wp.com\/larevistadigital.com.ar\/blog\/wp-content\/uploads\/20220205130508_vacccc.jpg?fit=880%2C512&ssl=1&resize=350%2C200 1x, https:\/\/i0.wp.com\/larevistadigital.com.ar\/blog\/wp-content\/uploads\/20220205130508_vacccc.jpg?fit=880%2C512&ssl=1&resize=525%2C300 1.5x, https:\/\/i0.wp.com\/larevistadigital.com.ar\/blog\/wp-content\/uploads\/20220205130508_vacccc.jpg?fit=880%2C512&ssl=1&resize=700%2C400 2x"},"classes":[]}],"_links":{"self":[{"href":"https:\/\/larevistadigital.com.ar\/blog\/wp-json\/wp\/v2\/posts\/43411","targetHints":{"allow":["GET"]}}],"collection":[{"href":"https:\/\/larevistadigital.com.ar\/blog\/wp-json\/wp\/v2\/posts"}],"about":[{"href":"https:\/\/larevistadigital.com.ar\/blog\/wp-json\/wp\/v2\/types\/post"}],"author":[{"embeddable":true,"href":"https:\/\/larevistadigital.com.ar\/blog\/wp-json\/wp\/v2\/users\/3"}],"replies":[{"embeddable":true,"href":"https:\/\/larevistadigital.com.ar\/blog\/wp-json\/wp\/v2\/comments?post=43411"}],"version-history":[{"count":1,"href":"https:\/\/larevistadigital.com.ar\/blog\/wp-json\/wp\/v2\/posts\/43411\/revisions"}],"predecessor-version":[{"id":43413,"href":"https:\/\/larevistadigital.com.ar\/blog\/wp-json\/wp\/v2\/posts\/43411\/revisions\/43413"}],"wp:featuredmedia":[{"embeddable":true,"href":"https:\/\/larevistadigital.com.ar\/blog\/wp-json\/wp\/v2\/media\/43412"}],"wp:attachment":[{"href":"https:\/\/larevistadigital.com.ar\/blog\/wp-json\/wp\/v2\/media?parent=43411"}],"wp:term":[{"taxonomy":"category","embeddable":true,"href":"https:\/\/larevistadigital.com.ar\/blog\/wp-json\/wp\/v2\/categories?post=43411"},{"taxonomy":"post_tag","embeddable":true,"href":"https:\/\/larevistadigital.com.ar\/blog\/wp-json\/wp\/v2\/tags?post=43411"}],"curies":[{"name":"wp","href":"https:\/\/api.w.org\/{rel}","templated":true}]}}