{"id":43422,"date":"2026-01-17T20:10:51","date_gmt":"2026-01-17T23:10:51","guid":{"rendered":"https:\/\/larevistadigital.com.ar\/blog\/?p=43422"},"modified":"2026-01-17T20:10:51","modified_gmt":"2026-01-17T23:10:51","slug":"otra-vez-los-accidentes-con-utv-en-la-frontera-y-gesell-una-mujer-permanece-internada-con-lesiones-graves","status":"publish","type":"post","link":"https:\/\/larevistadigital.com.ar\/blog\/otra-vez-los-accidentes-con-utv-en-la-frontera-y-gesell-una-mujer-permanece-internada-con-lesiones-graves\/","title":{"rendered":"Otra vez los accidentes con UTV en la \u00abfrontera\u00bb y Gesell una mujer permanece internada con lesiones graves"},"content":{"rendered":"<p data-start=\"276\" data-end=\"498\"><strong data-start=\"276\" data-end=\"498\">Los hechos ocurrieron este viernes en Pinamar y Villa Gesell. Dos personas resultaron heridas y una mujer de 31 a\u00f1os fue derivada a un hospital de alta complejidad tras presentar p\u00e9rdida de sensibilidad en las piernas.<\/strong><\/p>\n<p data-start=\"276\" data-end=\"498\">17 de enero de 2026<\/p>\n<p data-start=\"500\" data-end=\"801\"><strong>BUENOS AIRES &#8211;\u00a0<\/strong> \u00a0Este viernes se registraron <strong data-start=\"528\" data-end=\"573\">tres accidentes con veh\u00edculos recreativos<\/strong> en distintos puntos de la Costa Atl\u00e1ntica bonaerense. Dos de los episodios ocurrieron en la zona conocida como <strong data-start=\"685\" data-end=\"712\">La Frontera, en Pinamar<\/strong>, mientras que el tercero se produjo en <strong data-start=\"752\" data-end=\"768\">Villa Gesell<\/strong>, a la altura del camping Cupar\u00e1.<\/p>\n<blockquote>\n<h3 data-start=\"803\" data-end=\"980\">El primer siniestro tuvo lugar en Pinamar, cuando un <strong data-start=\"856\" data-end=\"881\">UTV volc\u00f3 en la arena<\/strong>. A pesar del impacto, no se reportaron personas heridas y no fue necesaria la intervenci\u00f3n m\u00e9dica.<\/h3>\n<\/blockquote>\n<p data-start=\"982\" data-end=\"1525\">Minutos despu\u00e9s, en el mismo sector, se produjo un <strong data-start=\"1033\" data-end=\"1061\">segundo vuelco de un UTV<\/strong>, en el que viajaban dos j\u00f3venes. Ambos ocupantes resultaron heridos y debieron ser asistidos en el lugar por personal de seguridad de playa y profesionales del <strong data-start=\"1222\" data-end=\"1276\">Sistema Integrado de Emergencias Sanitarias (SIES)<\/strong> de la provincia de Buenos Aires. Una ambulancia 4&#215;4 acudi\u00f3 para brindar atenci\u00f3n inicial. Seg\u00fan se inform\u00f3, el veh\u00edculo era prestado, el hecho ocurri\u00f3 sin intervenci\u00f3n de terceros y el propietario del UTV se present\u00f3 luego para retirarlo del lugar.<\/p>\n<blockquote>\n<p data-start=\"1527\" data-end=\"1856\">El tercer accidente se registr\u00f3 en <strong data-start=\"1562\" data-end=\"1578\">Villa Gesell<\/strong>, donde <strong data-start=\"1586\" data-end=\"1634\">un cuatriciclo volc\u00f3 con dos mujeres a bordo<\/strong>, de 27 y 31 a\u00f1os. Como consecuencia del hecho, la mujer mayor sufri\u00f3 <strong data-start=\"1704\" data-end=\"1782\">traumatismo de cr\u00e1neo con p\u00e9rdida de conocimiento y traumatismo de columna<\/strong>, mientras que la acompa\u00f1ante present\u00f3 politraumatismos de menor gravedad.<\/p>\n<\/blockquote>\n<p data-start=\"1858\" data-end=\"2293\">Ambas fueron trasladadas inicialmente al hospital de Mar de Aj\u00f3, aunque la v\u00edctima con lesiones m\u00e1s severas debi\u00f3 ser derivada posteriormente a un <strong data-start=\"2005\" data-end=\"2053\">hospital de alta complejidad en Villa Gesell<\/strong>. De acuerdo a informaci\u00f3n m\u00e9dica, la mujer de 31 a\u00f1os presentaba compromiso en la zona lumbar y <strong data-start=\"2150\" data-end=\"2233\">no ten\u00eda sensibilidad en las extremidades inferiores al momento de ser evaluada<\/strong>, lo que gener\u00f3 especial preocupaci\u00f3n en el equipo de salud.<\/p>\n<p data-start=\"2295\" data-end=\"2537\">En las \u00faltimas horas, se despleg\u00f3 un <strong data-start=\"2332\" data-end=\"2383\">operativo policial en los accesos a La Frontera<\/strong>, donde se procedi\u00f3 al secuestro de varios veh\u00edculos recreativos con el objetivo de avanzar en la investigaci\u00f3n de los accidentes ocurridos en ese sector.<\/p>\n<p data-start=\"2539\" data-end=\"2552\"><strong><em data-start=\"2539\" data-end=\"2552\">Fuente: TN.<\/em><\/strong><\/p>\n","protected":false},"excerpt":{"rendered":"<div class=\"mh-excerpt\"><p>Los hechos ocurrieron este viernes en Pinamar y Villa Gesell. Dos personas resultaron heridas y una mujer de 31 a\u00f1os fue derivada a un hospital de alta complejidad tras presentar p\u00e9rdida de sensibilidad en las <a class=\"mh-excerpt-more\" href=\"https:\/\/larevistadigital.com.ar\/blog\/otra-vez-los-accidentes-con-utv-en-la-frontera-y-gesell-una-mujer-permanece-internada-con-lesiones-graves\/\" title=\"Otra vez los accidentes con UTV en la \u00abfrontera\u00bb y Gesell una mujer permanece internada con lesiones graves\">[Leer M\u00e1s]<\/a><\/p>\n<\/div>","protected":false},"author":3,"featured_media":43423,"comment_status":"open","ping_status":"open","sticky":false,"template":"","format":"standard","meta":{"_jetpack_memberships_contains_paid_content":false,"footnotes":"","jetpack_publicize_message":"","jetpack_publicize_feature_enabled":true,"jetpack_social_post_already_shared":true,"jetpack_social_options":{"image_generator_settings":{"template":"highway","default_image_id":0,"font":"","enabled":false},"version":2}},"categories":[51],"tags":[],"class_list":{"0":"post-43422","1":"post","2":"type-post","3":"status-publish","4":"format-standard","5":"has-post-thumbnail","7":"category-regionales"},"jetpack_publicize_connections":[],"jetpack_featured_media_url":"https:\/\/i0.wp.com\/larevistadigital.com.ar\/blog\/wp-content\/uploads\/Captura-de-pantalla-2026-01-17-200533.jpg?fit=862%2C443&ssl=1","jetpack_sharing_enabled":true,"jetpack_shortlink":"https:\/\/wp.me\/p8qtrQ-bim","jetpack-related-posts":[{"id":43814,"url":"https:\/\/larevistadigital.com.ar\/blog\/villa-gesell-endurece-multas-de-transito-para-reforzar-la-seguridad-vial-y-marca-distancia-con-la-postura-de-pinamar\/","url_meta":{"origin":43422,"position":0},"title":"Villa Gesell endurece multas de tr\u00e1nsito para reforzar la seguridad vial y marca distancia con la postura de Pinamar","author":"Alejandro Sosa Ruda","date":"5 febrero, 2026","format":false,"excerpt":"El Concejo Deliberante aprob\u00f3 sanciones m\u00e1s severas para desalentar maniobras temerarias, especialmente en playas y zonas residenciales. 05 de febrero de 2026 VILLA GESELL -\u00a0 \u00a0El Honorable Concejo Deliberante de Villa Gesell aprob\u00f3 en sesi\u00f3n extraordinaria una serie de modificaciones al r\u00e9gimen de multas por infracciones de tr\u00e1nsito, con el\u2026","rel":"","context":"En \u00abPOLITICA PROVINCIAL\u00bb","block_context":{"text":"POLITICA PROVINCIAL","link":"https:\/\/larevistadigital.com.ar\/blog\/category\/politica\/politica-provincial\/"},"img":{"alt_text":"","src":"https:\/\/i0.wp.com\/larevistadigital.com.ar\/blog\/wp-content\/uploads\/Captura-de-pantalla-2026-02-05-175331.jpg?fit=700%2C399&ssl=1&resize=350%2C200","width":350,"height":200,"srcset":"https:\/\/i0.wp.com\/larevistadigital.com.ar\/blog\/wp-content\/uploads\/Captura-de-pantalla-2026-02-05-175331.jpg?fit=700%2C399&ssl=1&resize=350%2C200 1x, https:\/\/i0.wp.com\/larevistadigital.com.ar\/blog\/wp-content\/uploads\/Captura-de-pantalla-2026-02-05-175331.jpg?fit=700%2C399&ssl=1&resize=525%2C300 1.5x, https:\/\/i0.wp.com\/larevistadigital.com.ar\/blog\/wp-content\/uploads\/Captura-de-pantalla-2026-02-05-175331.jpg?fit=700%2C399&ssl=1&resize=700%2C400 2x"},"classes":[]},{"id":33758,"url":"https:\/\/larevistadigital.com.ar\/blog\/villa-gesell-accidente-entre-un-utv-y-una-moto-en-los-medanos-hay-un-herido\/","url_meta":{"origin":43422,"position":1},"title":"VILLA GESELL: ACCIDENTE ENTRE UN UTV Y UNA MOTO EN LOS M\u00c9DANOS. HAY UN HERIDO.","author":"Alejandro Sosa Ruda","date":"4 octubre, 2023","format":false,"excerpt":"Durante la tarde de este martes, se registr\u00f3 un incidente en la zona de m\u00e9danos de Villa Gesell, resultando en un herido con politraumatismos. 04 de Octubre de 2023 VILLA GESELL\u00a0 -\u00a0 \u00a0El choque tuvo lugar aproximadamente a las 15:30 en la zona de m\u00e9danos al norte del distrito, cerca\u2026","rel":"","context":"En \u00abREGIONALES\u00bb","block_context":{"text":"REGIONALES","link":"https:\/\/larevistadigital.com.ar\/blog\/category\/regionales\/"},"img":{"alt_text":"","src":"https:\/\/i0.wp.com\/larevistadigital.com.ar\/blog\/wp-content\/uploads\/b68db4d42b004cefbbf8b0741c034fd688aea86c.png?fit=1140%2C671&ssl=1&resize=350%2C200","width":350,"height":200,"srcset":"https:\/\/i0.wp.com\/larevistadigital.com.ar\/blog\/wp-content\/uploads\/b68db4d42b004cefbbf8b0741c034fd688aea86c.png?fit=1140%2C671&ssl=1&resize=350%2C200 1x, https:\/\/i0.wp.com\/larevistadigital.com.ar\/blog\/wp-content\/uploads\/b68db4d42b004cefbbf8b0741c034fd688aea86c.png?fit=1140%2C671&ssl=1&resize=525%2C300 1.5x, https:\/\/i0.wp.com\/larevistadigital.com.ar\/blog\/wp-content\/uploads\/b68db4d42b004cefbbf8b0741c034fd688aea86c.png?fit=1140%2C671&ssl=1&resize=700%2C400 2x, https:\/\/i0.wp.com\/larevistadigital.com.ar\/blog\/wp-content\/uploads\/b68db4d42b004cefbbf8b0741c034fd688aea86c.png?fit=1140%2C671&ssl=1&resize=1050%2C600 3x"},"classes":[]},{"id":24984,"url":"https:\/\/larevistadigital.com.ar\/blog\/desbaratan-en-gesell-una-banda-que-cometio-un-violento-robo-en-pinamar\/","url_meta":{"origin":43422,"position":2},"title":"DESBARATAN EN GESELL UNA BANDA QUE COMETI\u00d3 UN VIOLENTO ROBO EN PINAMAR","author":"Alejandro Sosa Ruda","date":"6 abril, 2022","format":false,"excerpt":"Personal policial logr\u00f3 identificar el veh\u00edculo en el que se movilizaban tras el il\u00edcito. Se realizaron varios allanamientos, hay dos aprehendidos y un pr\u00f3fugo. VILLA GESELL -\u00a0 En un operativo conjunto entre\u00a0personal policial de Pinamar y Villa Gesell\u00a0se logr\u00f3 desbaratar una banda de delincuentes que en los \u00faltimos d\u00edas habr\u00edan\u2026","rel":"","context":"En \u00abPOLICIALES\u00bb","block_context":{"text":"POLICIALES","link":"https:\/\/larevistadigital.com.ar\/blog\/category\/policiales\/"},"img":{"alt_text":"","src":"https:\/\/i0.wp.com\/larevistadigital.com.ar\/blog\/wp-content\/uploads\/policia.jpg?fit=800%2C450&ssl=1&resize=350%2C200","width":350,"height":200,"srcset":"https:\/\/i0.wp.com\/larevistadigital.com.ar\/blog\/wp-content\/uploads\/policia.jpg?fit=800%2C450&ssl=1&resize=350%2C200 1x, https:\/\/i0.wp.com\/larevistadigital.com.ar\/blog\/wp-content\/uploads\/policia.jpg?fit=800%2C450&ssl=1&resize=525%2C300 1.5x, https:\/\/i0.wp.com\/larevistadigital.com.ar\/blog\/wp-content\/uploads\/policia.jpg?fit=800%2C450&ssl=1&resize=700%2C400 2x"},"classes":[]},{"id":21911,"url":"https:\/\/larevistadigital.com.ar\/blog\/alerta-del-servicio-meteorologico-por-fuertes-vientos-y-sudestada-en-el-partido-de-la-costa-villa-gesell-y-pinamar\/","url_meta":{"origin":43422,"position":3},"title":"ALERTA DEL SERVICIO METEOROL\u00d3GICO POR FUERTES VIENTOS Y SUDESTADA EN EL PARTIDO DE LA COSTA, VILLA GESELL Y PINAMAR","author":"Alejandro Sosa Ruda","date":"8 septiembre, 2021","format":false,"excerpt":"Desde el Servicio Meteorol\u00f3gico Nacional se emiti\u00f3 un alerta AMARILLO, para este mi\u00e9rcoles por fuertes tormentas y r\u00e1fagas de viento para la costa atl\u00e1ntica con precipitaciones que superar\u00edan los 60 mil\u00edmetros. Tambi\u00e9n se emiti\u00f3 otra alerta para la zona del Partido de la Costa, Pinamar y Villa Gesell por vientos\u2026","rel":"","context":"En \u00abREGIONALES\u00bb","block_context":{"text":"REGIONALES","link":"https:\/\/larevistadigital.com.ar\/blog\/category\/regionales\/"},"img":{"alt_text":"","src":"https:\/\/i0.wp.com\/larevistadigital.com.ar\/blog\/wp-content\/uploads\/1604499542695.jpg?fit=1200%2C675&ssl=1&resize=350%2C200","width":350,"height":200,"srcset":"https:\/\/i0.wp.com\/larevistadigital.com.ar\/blog\/wp-content\/uploads\/1604499542695.jpg?fit=1200%2C675&ssl=1&resize=350%2C200 1x, https:\/\/i0.wp.com\/larevistadigital.com.ar\/blog\/wp-content\/uploads\/1604499542695.jpg?fit=1200%2C675&ssl=1&resize=525%2C300 1.5x, https:\/\/i0.wp.com\/larevistadigital.com.ar\/blog\/wp-content\/uploads\/1604499542695.jpg?fit=1200%2C675&ssl=1&resize=700%2C400 2x, https:\/\/i0.wp.com\/larevistadigital.com.ar\/blog\/wp-content\/uploads\/1604499542695.jpg?fit=1200%2C675&ssl=1&resize=1050%2C600 3x"},"classes":[]},{"id":26906,"url":"https:\/\/larevistadigital.com.ar\/blog\/murio-un-motociclista-en-un-accidente-entre-gesell-y-pinamar\/","url_meta":{"origin":43422,"position":4},"title":"MURI\u00d3 UN MOTOCICLISTA EN UN ACCIDENTE ENTRE GESELL Y PINAMAR","author":"Alejandro Sosa Ruda","date":"1 agosto, 2022","format":false,"excerpt":"El joven ten\u00eda 22 a\u00f1os y su acompa\u00f1ante se encuentra internado. El s\u00e1bado por la tarde se registr\u00f3 otro fatal accidente de motos en los\u00a0m\u00e9danos,\u00a0en esta oportunidad en el l\u00edmite entre Villa Gesell y Pinamar. Seg\u00fan inform\u00f3 Central Madariaga, dos motociclistas, oriundos de Berazategui, sufrieron un siniestro en la zona\u2026","rel":"","context":"En \u00abPOLICIALES\u00bb","block_context":{"text":"POLICIALES","link":"https:\/\/larevistadigital.com.ar\/blog\/category\/policiales\/"},"img":{"alt_text":"","src":"https:\/\/i0.wp.com\/larevistadigital.com.ar\/blog\/wp-content\/uploads\/bbcc6bd4e80a8605307f907bfc40a035b95f528a.jpg?fit=1140%2C615&ssl=1&resize=350%2C200","width":350,"height":200,"srcset":"https:\/\/i0.wp.com\/larevistadigital.com.ar\/blog\/wp-content\/uploads\/bbcc6bd4e80a8605307f907bfc40a035b95f528a.jpg?fit=1140%2C615&ssl=1&resize=350%2C200 1x, https:\/\/i0.wp.com\/larevistadigital.com.ar\/blog\/wp-content\/uploads\/bbcc6bd4e80a8605307f907bfc40a035b95f528a.jpg?fit=1140%2C615&ssl=1&resize=525%2C300 1.5x, https:\/\/i0.wp.com\/larevistadigital.com.ar\/blog\/wp-content\/uploads\/bbcc6bd4e80a8605307f907bfc40a035b95f528a.jpg?fit=1140%2C615&ssl=1&resize=700%2C400 2x, https:\/\/i0.wp.com\/larevistadigital.com.ar\/blog\/wp-content\/uploads\/bbcc6bd4e80a8605307f907bfc40a035b95f528a.jpg?fit=1140%2C615&ssl=1&resize=1050%2C600 3x"},"classes":[]},{"id":44042,"url":"https:\/\/larevistadigital.com.ar\/blog\/grave-accidente-en-los-medanos-de-villa-gesell-volco-un-utv-y-una-mujer-esta-en-terapia-intensiva\/","url_meta":{"origin":43422,"position":5},"title":"Grave accidente en los m\u00e9danos de Villa Gesell: volc\u00f3 un UTV y una mujer est\u00e1 en terapia intensiva","author":"Alejandro Sosa Ruda","date":"18 febrero, 2026","format":false,"excerpt":"El hecho ocurri\u00f3 en la zona conocida como \u201cLa Olla\u201d. La v\u00edctima, de 33 a\u00f1os, fue derivada a Mar del Plata con pron\u00f3stico reservado. El veh\u00edculo habr\u00eda circulado a alta velocidad y no hubo otros rodados involucrados. 18 de febrero de 2026 VILLA GESELL -\u00a0 \u00a0 Un nuevo siniestro con\u2026","rel":"","context":"En \u00abDESTACADAS\u00bb","block_context":{"text":"DESTACADAS","link":"https:\/\/larevistadigital.com.ar\/blog\/category\/destacadas\/"},"img":{"alt_text":"","src":"https:\/\/i0.wp.com\/larevistadigital.com.ar\/blog\/wp-content\/uploads\/4bc76fe6773a45f18cb02e7a89582b1676911f15.png?fit=1140%2C666&ssl=1&resize=350%2C200","width":350,"height":200,"srcset":"https:\/\/i0.wp.com\/larevistadigital.com.ar\/blog\/wp-content\/uploads\/4bc76fe6773a45f18cb02e7a89582b1676911f15.png?fit=1140%2C666&ssl=1&resize=350%2C200 1x, https:\/\/i0.wp.com\/larevistadigital.com.ar\/blog\/wp-content\/uploads\/4bc76fe6773a45f18cb02e7a89582b1676911f15.png?fit=1140%2C666&ssl=1&resize=525%2C300 1.5x, https:\/\/i0.wp.com\/larevistadigital.com.ar\/blog\/wp-content\/uploads\/4bc76fe6773a45f18cb02e7a89582b1676911f15.png?fit=1140%2C666&ssl=1&resize=700%2C400 2x, https:\/\/i0.wp.com\/larevistadigital.com.ar\/blog\/wp-content\/uploads\/4bc76fe6773a45f18cb02e7a89582b1676911f15.png?fit=1140%2C666&ssl=1&resize=1050%2C600 3x"},"classes":[]}],"_links":{"self":[{"href":"https:\/\/larevistadigital.com.ar\/blog\/wp-json\/wp\/v2\/posts\/43422","targetHints":{"allow":["GET"]}}],"collection":[{"href":"https:\/\/larevistadigital.com.ar\/blog\/wp-json\/wp\/v2\/posts"}],"about":[{"href":"https:\/\/larevistadigital.com.ar\/blog\/wp-json\/wp\/v2\/types\/post"}],"author":[{"embeddable":true,"href":"https:\/\/larevistadigital.com.ar\/blog\/wp-json\/wp\/v2\/users\/3"}],"replies":[{"embeddable":true,"href":"https:\/\/larevistadigital.com.ar\/blog\/wp-json\/wp\/v2\/comments?post=43422"}],"version-history":[{"count":1,"href":"https:\/\/larevistadigital.com.ar\/blog\/wp-json\/wp\/v2\/posts\/43422\/revisions"}],"predecessor-version":[{"id":43424,"href":"https:\/\/larevistadigital.com.ar\/blog\/wp-json\/wp\/v2\/posts\/43422\/revisions\/43424"}],"wp:featuredmedia":[{"embeddable":true,"href":"https:\/\/larevistadigital.com.ar\/blog\/wp-json\/wp\/v2\/media\/43423"}],"wp:attachment":[{"href":"https:\/\/larevistadigital.com.ar\/blog\/wp-json\/wp\/v2\/media?parent=43422"}],"wp:term":[{"taxonomy":"category","embeddable":true,"href":"https:\/\/larevistadigital.com.ar\/blog\/wp-json\/wp\/v2\/categories?post=43422"},{"taxonomy":"post_tag","embeddable":true,"href":"https:\/\/larevistadigital.com.ar\/blog\/wp-json\/wp\/v2\/tags?post=43422"}],"curies":[{"name":"wp","href":"https:\/\/api.w.org\/{rel}","templated":true}]}}