{"id":43425,"date":"2026-01-17T20:35:09","date_gmt":"2026-01-17T23:35:09","guid":{"rendered":"https:\/\/larevistadigital.com.ar\/blog\/?p=43425"},"modified":"2026-01-17T20:35:09","modified_gmt":"2026-01-17T23:35:09","slug":"marta-fort-atropello-a-una-mujer-que-habia-cruzado-mal-la-calle","status":"publish","type":"post","link":"https:\/\/larevistadigital.com.ar\/blog\/marta-fort-atropello-a-una-mujer-que-habia-cruzado-mal-la-calle\/","title":{"rendered":"Marta Fort atropell\u00f3 a una mujer que hab\u00eda cruzado mal la calle"},"content":{"rendered":"<h3 class=\"description separatorlines\">La modelo, hija de Ricardo Fort, ven\u00eda circulando por el barrio de Belgrano cuando no tuvo tiempo a corregir la maniobra.<\/h3>\n<p>17 de enero de 2026<\/p>\n<p data-start=\"420\" data-end=\"738\">Marta Fort protagoniz\u00f3 este viernes un <strong data-start=\"459\" data-end=\"517\">accidente de tr\u00e1nsito en el barrio porte\u00f1o de Belgrano<\/strong>, luego de atropellar a una mujer que cruzaba la calle. El episodio ocurri\u00f3 al mediod\u00eda en la esquina de <strong data-start=\"622\" data-end=\"646\">Migueletes y Olleros<\/strong> y fue registrado por testigos, cuyas im\u00e1genes se viralizaron r\u00e1pidamente en redes sociales.<\/p>\n<blockquote>\n<h3 data-start=\"740\" data-end=\"1006\">Seg\u00fan explic\u00f3 <strong data-start=\"754\" data-end=\"771\">C\u00e9sar Carroza<\/strong>, abogado de la modelo, ambas personas se encuentran en buen estado de salud y la situaci\u00f3n no revisti\u00f3 gravedad. En declaraciones a TN, el letrado se\u00f1al\u00f3 que se trat\u00f3 de un accidente y que la peatona habr\u00eda cruzado de manera indebida.<\/h3>\n<\/blockquote>\n<p data-start=\"1008\" data-end=\"1294\"><strong><em>\u201cFue un accidente de tr\u00e1nsito ocurrido hace un par de horas. Lamentablemente la se\u00f1ora cruz\u00f3 mal y Marta ven\u00eda circulando. La mujer no est\u00e1 mal, pero por una cuesti\u00f3n de precauci\u00f3n actu\u00f3 el SAME y fue trasladada para una revisi\u00f3n, que es lo habitual en estos casos\u201d<\/em><\/strong>, detall\u00f3 el abogado.<\/p>\n<blockquote>\n<p data-start=\"1296\" data-end=\"1658\">Carroza tambi\u00e9n indic\u00f3 que <strong data-start=\"1323\" data-end=\"1366\">Marta Fort se encuentra en su domicilio<\/strong>, sin lesiones, y que se seguir\u00e1n los pasos administrativos correspondientes. <strong><em>\u201cSe va a labrar un sumario, pero es muy prematuro. Esto debe llegar a la comisar\u00eda y realizarse el tr\u00e1mite correspondiente. Yo me compromet\u00ed a pasar a buscar el sumario para hacer la denuncia de siniestro\u201d<\/em><\/strong>, agreg\u00f3.<\/p>\n<\/blockquote>\n<p data-start=\"1660\" data-end=\"1801\">El hecho no gener\u00f3 interrupciones prolongadas en el tr\u00e1nsito y qued\u00f3 en manos de las autoridades determinar las circunstancias del accidente.<\/p>\n<p data-start=\"1803\" data-end=\"1816\"><strong><em data-start=\"1803\" data-end=\"1816\">Fuente: TN.<\/em><\/strong><\/p>\n","protected":false},"excerpt":{"rendered":"<div class=\"mh-excerpt\"><p>La modelo, hija de Ricardo Fort, ven\u00eda circulando por el barrio de Belgrano cuando no tuvo tiempo a corregir la maniobra. 17 de enero de 2026 Marta Fort protagoniz\u00f3 este viernes un accidente de tr\u00e1nsito <a class=\"mh-excerpt-more\" href=\"https:\/\/larevistadigital.com.ar\/blog\/marta-fort-atropello-a-una-mujer-que-habia-cruzado-mal-la-calle\/\" title=\"Marta Fort atropell\u00f3 a una mujer que hab\u00eda cruzado mal la calle\">[Leer M\u00e1s]<\/a><\/p>\n<\/div>","protected":false},"author":3,"featured_media":43426,"comment_status":"open","ping_status":"open","sticky":false,"template":"","format":"standard","meta":{"_jetpack_memberships_contains_paid_content":false,"footnotes":"","jetpack_publicize_message":"","jetpack_publicize_feature_enabled":true,"jetpack_social_post_already_shared":true,"jetpack_social_options":{"image_generator_settings":{"template":"highway","default_image_id":0,"font":"","enabled":false},"version":2}},"categories":[50],"tags":[],"class_list":{"0":"post-43425","1":"post","2":"type-post","3":"status-publish","4":"format-standard","5":"has-post-thumbnail","7":"category-interes-general"},"jetpack_publicize_connections":[],"jetpack_featured_media_url":"https:\/\/i0.wp.com\/larevistadigital.com.ar\/blog\/wp-content\/uploads\/Captura-de-pantalla-2026-01-17-202514.jpg?fit=692%2C388&ssl=1","jetpack_sharing_enabled":true,"jetpack_shortlink":"https:\/\/wp.me\/p8qtrQ-bip","jetpack-related-posts":[{"id":32083,"url":"https:\/\/larevistadigital.com.ar\/blog\/fuerte-accidente-en-belgrano-entre-franklin-y-bolivar\/","url_meta":{"origin":43425,"position":0},"title":"FUERTE ACCIDENTE EN BELGRANO ENTRE FRANKLIN Y BOLIVAR","author":"Alejandro Sosa Ruda","date":"19 junio, 2023","format":false,"excerpt":"Un error provoc\u00f3 el siniestro que destruy\u00f3 el frente del veh\u00edculo. 19 de junio de 2023 CHASCOM\u00daS\u00a0 -\u00a0\u00a0 El hecho, ocurri\u00f3 en horas del mediod\u00eda, aproximadamente a las 12:20 hs. cuando un Chevrolet Cruze dominio AF450RL choc\u00f3 contra un poste en calle Belgrano entre Bolivar y Franklin. En el veh\u00edculo\u2026","rel":"","context":"En \u00abINTERES GENERAL\u00bb","block_context":{"text":"INTERES GENERAL","link":"https:\/\/larevistadigital.com.ar\/blog\/category\/interes-general\/"},"img":{"alt_text":"","src":"https:\/\/i0.wp.com\/larevistadigital.com.ar\/blog\/wp-content\/uploads\/CHOQUE-BELGRANO-Y-FRANKLIN-2.jpg?fit=1200%2C746&ssl=1&resize=350%2C200","width":350,"height":200,"srcset":"https:\/\/i0.wp.com\/larevistadigital.com.ar\/blog\/wp-content\/uploads\/CHOQUE-BELGRANO-Y-FRANKLIN-2.jpg?fit=1200%2C746&ssl=1&resize=350%2C200 1x, https:\/\/i0.wp.com\/larevistadigital.com.ar\/blog\/wp-content\/uploads\/CHOQUE-BELGRANO-Y-FRANKLIN-2.jpg?fit=1200%2C746&ssl=1&resize=525%2C300 1.5x, https:\/\/i0.wp.com\/larevistadigital.com.ar\/blog\/wp-content\/uploads\/CHOQUE-BELGRANO-Y-FRANKLIN-2.jpg?fit=1200%2C746&ssl=1&resize=700%2C400 2x, https:\/\/i0.wp.com\/larevistadigital.com.ar\/blog\/wp-content\/uploads\/CHOQUE-BELGRANO-Y-FRANKLIN-2.jpg?fit=1200%2C746&ssl=1&resize=1050%2C600 3x"},"classes":[]},{"id":28668,"url":"https:\/\/larevistadigital.com.ar\/blog\/galeria-de-fotos-hace-un-rato-accidente-entre-un-automovil-y-una-moto-en-lastra-y-marquez\/","url_meta":{"origin":43425,"position":1},"title":"[GALER\u00cdA DE FOTOS] HACE UN RATO ACCIDENTE ENTRE UN AUTOM\u00d3VIL Y UNA MOTO EN LASTRA Y MARQUEZ","author":"Alejandro Sosa Ruda","date":"29 octubre, 2022","format":false,"excerpt":"El hombre se gui\u00f3 por el GPS que le indic\u00f3 doblar en esa esquina, pero hay un cartel que lo proh\u00edbe, que aparentemente no habr\u00eda advertido. La moto era guiada por una mujer. 29 de octubre de 2022 CHASCOM\u00daS -\u00a0\u00a0El siniestro ocurri\u00f3 aproximadamente a las 14 horas de este s\u00e1bado,\u2026","rel":"","context":"En \u00abDESTACADAS\u00bb","block_context":{"text":"DESTACADAS","link":"https:\/\/larevistadigital.com.ar\/blog\/category\/destacadas\/"},"img":{"alt_text":"","src":"https:\/\/i0.wp.com\/larevistadigital.com.ar\/blog\/wp-content\/uploads\/6-3.jpg?fit=1152%2C681&ssl=1&resize=350%2C200","width":350,"height":200,"srcset":"https:\/\/i0.wp.com\/larevistadigital.com.ar\/blog\/wp-content\/uploads\/6-3.jpg?fit=1152%2C681&ssl=1&resize=350%2C200 1x, https:\/\/i0.wp.com\/larevistadigital.com.ar\/blog\/wp-content\/uploads\/6-3.jpg?fit=1152%2C681&ssl=1&resize=525%2C300 1.5x, https:\/\/i0.wp.com\/larevistadigital.com.ar\/blog\/wp-content\/uploads\/6-3.jpg?fit=1152%2C681&ssl=1&resize=700%2C400 2x, https:\/\/i0.wp.com\/larevistadigital.com.ar\/blog\/wp-content\/uploads\/6-3.jpg?fit=1152%2C681&ssl=1&resize=1050%2C600 3x"},"classes":[]},{"id":3124,"url":"https:\/\/larevistadigital.com.ar\/blog\/gral-belgrano-detuvieron-a-un-vecino-por-el-abuso-de-una-menor\/","url_meta":{"origin":43425,"position":2},"title":"GRAL.BELGRANO: DETUVIERON A UN VECINO POR EL ABUSO DE UNA MENOR","author":"Alejandro Sosa Ruda","date":"15 agosto, 2017","format":false,"excerpt":"Anoche, aproximadamente a las 22 hs., una menor de 15 a\u00f1os de edad fue enviada por sus padres en busca de su hermano, a la casa de un amigo de este \u00faltimo, en donde se encontraban estudiando. Luego de un rato, regresa el chico, y al preguntarle por su hermana,\u2026","rel":"","context":"En \u00abDESTACADAS\u00bb","block_context":{"text":"DESTACADAS","link":"https:\/\/larevistadigital.com.ar\/blog\/category\/destacadas\/"},"img":{"alt_text":"","src":"https:\/\/i0.wp.com\/larevistadigital.com.ar\/blog\/wp-content\/uploads\/2017\/08\/12.jpg?fit=1200%2C678&ssl=1&resize=350%2C200","width":350,"height":200,"srcset":"https:\/\/i0.wp.com\/larevistadigital.com.ar\/blog\/wp-content\/uploads\/2017\/08\/12.jpg?fit=1200%2C678&ssl=1&resize=350%2C200 1x, https:\/\/i0.wp.com\/larevistadigital.com.ar\/blog\/wp-content\/uploads\/2017\/08\/12.jpg?fit=1200%2C678&ssl=1&resize=525%2C300 1.5x, https:\/\/i0.wp.com\/larevistadigital.com.ar\/blog\/wp-content\/uploads\/2017\/08\/12.jpg?fit=1200%2C678&ssl=1&resize=700%2C400 2x, https:\/\/i0.wp.com\/larevistadigital.com.ar\/blog\/wp-content\/uploads\/2017\/08\/12.jpg?fit=1200%2C678&ssl=1&resize=1050%2C600 3x"},"classes":[]},{"id":3980,"url":"https:\/\/larevistadigital.com.ar\/blog\/municipio-continua-asfaltando-calles-distintos-barrios\/","url_meta":{"origin":43425,"position":3},"title":"El Municipio contin\u00faa asfaltando calles de distintos barrios","author":"admin","date":"25 noviembre, 2017","format":false,"excerpt":"Personal de la Municipalidad de General Belgrano, contin\u00faa trabajando en los circuitos integradores, porque la intenci\u00f3n es que el asfalto no solo beneficie al frentista, sino que sean calles que llevan a otros Barrios, Escuelas o Instituciones. De tal modo se contin\u00faa en la Avenida 126, beneficiando a vecinos de\u2026","rel":"","context":"En \u00abGENERAL BELGRANO\u00bb","block_context":{"text":"GENERAL BELGRANO","link":"https:\/\/larevistadigital.com.ar\/blog\/category\/general-belgrano\/"},"img":{"alt_text":"","src":"https:\/\/i0.wp.com\/larevistadigital.com.ar\/blog\/wp-content\/uploads\/2017\/11\/ASFALTO-BELGRANO.jpg?fit=900%2C531&ssl=1&resize=350%2C200","width":350,"height":200,"srcset":"https:\/\/i0.wp.com\/larevistadigital.com.ar\/blog\/wp-content\/uploads\/2017\/11\/ASFALTO-BELGRANO.jpg?fit=900%2C531&ssl=1&resize=350%2C200 1x, https:\/\/i0.wp.com\/larevistadigital.com.ar\/blog\/wp-content\/uploads\/2017\/11\/ASFALTO-BELGRANO.jpg?fit=900%2C531&ssl=1&resize=525%2C300 1.5x, https:\/\/i0.wp.com\/larevistadigital.com.ar\/blog\/wp-content\/uploads\/2017\/11\/ASFALTO-BELGRANO.jpg?fit=900%2C531&ssl=1&resize=700%2C400 2x"},"classes":[]},{"id":5060,"url":"https:\/\/larevistadigital.com.ar\/blog\/accidente-ruta-41-e-calle-55-57-frente-ypf-directo\/","url_meta":{"origin":43425,"position":4},"title":"Accidente en ruta 41 e\/ calle 55 y 57 frente a YPF Directo","author":"admin","date":"1 marzo, 2018","format":false,"excerpt":"Accidente en ruta 41 entre calle 55 y calle 57 entre una moto 110 y un auto el cual se dio a la fuga. En el motovehiculo 110 se trasladaban dos femeninas mayores de edad que fueron trasladadas con golpes al Hospital Municipal en la ambulancia del hospital y la\u2026","rel":"","context":"En \u00abGENERAL BELGRANO\u00bb","block_context":{"text":"GENERAL BELGRANO","link":"https:\/\/larevistadigital.com.ar\/blog\/category\/general-belgrano\/"},"img":{"alt_text":"","src":"https:\/\/i0.wp.com\/larevistadigital.com.ar\/blog\/wp-content\/uploads\/2018\/03\/acc11.jpg?fit=960%2C720&ssl=1&resize=350%2C200","width":350,"height":200,"srcset":"https:\/\/i0.wp.com\/larevistadigital.com.ar\/blog\/wp-content\/uploads\/2018\/03\/acc11.jpg?fit=960%2C720&ssl=1&resize=350%2C200 1x, https:\/\/i0.wp.com\/larevistadigital.com.ar\/blog\/wp-content\/uploads\/2018\/03\/acc11.jpg?fit=960%2C720&ssl=1&resize=525%2C300 1.5x, https:\/\/i0.wp.com\/larevistadigital.com.ar\/blog\/wp-content\/uploads\/2018\/03\/acc11.jpg?fit=960%2C720&ssl=1&resize=700%2C400 2x"},"classes":[]},{"id":39380,"url":"https:\/\/larevistadigital.com.ar\/blog\/choque-entre-una-moto-y-una-bicicleta-en-pleno-centro-de-chascomus\/","url_meta":{"origin":43425,"position":5},"title":"Choque entre una moto y una bicicleta en pleno centro de Chascom\u00fas","author":"Alejandro Sosa Ruda","date":"15 abril, 2025","format":false,"excerpt":"Una mujer result\u00f3 herida tras un accidente en la intersecci\u00f3n de Escribano y Belgrano. Fue trasladada al hospital y se encuentra fuera de peligro. 15 de Abril de 2025 CHASCOM\u00daS\u00a0 \u00a0-\u00a0 Este s\u00e1bado, un accidente de tr\u00e1nsito ocurrido en pleno centro de la ciudad dej\u00f3 como saldo una persona herida.\u2026","rel":"","context":"En \u00abCHASCOM\u00daS\u00bb","block_context":{"text":"CHASCOM\u00daS","link":"https:\/\/larevistadigital.com.ar\/blog\/category\/chascomus\/"},"img":{"alt_text":"","src":"https:\/\/i0.wp.com\/larevistadigital.com.ar\/blog\/wp-content\/uploads\/1620734310362-1.jpg?fit=1200%2C594&ssl=1&resize=350%2C200","width":350,"height":200,"srcset":"https:\/\/i0.wp.com\/larevistadigital.com.ar\/blog\/wp-content\/uploads\/1620734310362-1.jpg?fit=1200%2C594&ssl=1&resize=350%2C200 1x, https:\/\/i0.wp.com\/larevistadigital.com.ar\/blog\/wp-content\/uploads\/1620734310362-1.jpg?fit=1200%2C594&ssl=1&resize=525%2C300 1.5x, https:\/\/i0.wp.com\/larevistadigital.com.ar\/blog\/wp-content\/uploads\/1620734310362-1.jpg?fit=1200%2C594&ssl=1&resize=700%2C400 2x, https:\/\/i0.wp.com\/larevistadigital.com.ar\/blog\/wp-content\/uploads\/1620734310362-1.jpg?fit=1200%2C594&ssl=1&resize=1050%2C600 3x"},"classes":[]}],"_links":{"self":[{"href":"https:\/\/larevistadigital.com.ar\/blog\/wp-json\/wp\/v2\/posts\/43425","targetHints":{"allow":["GET"]}}],"collection":[{"href":"https:\/\/larevistadigital.com.ar\/blog\/wp-json\/wp\/v2\/posts"}],"about":[{"href":"https:\/\/larevistadigital.com.ar\/blog\/wp-json\/wp\/v2\/types\/post"}],"author":[{"embeddable":true,"href":"https:\/\/larevistadigital.com.ar\/blog\/wp-json\/wp\/v2\/users\/3"}],"replies":[{"embeddable":true,"href":"https:\/\/larevistadigital.com.ar\/blog\/wp-json\/wp\/v2\/comments?post=43425"}],"version-history":[{"count":1,"href":"https:\/\/larevistadigital.com.ar\/blog\/wp-json\/wp\/v2\/posts\/43425\/revisions"}],"predecessor-version":[{"id":43427,"href":"https:\/\/larevistadigital.com.ar\/blog\/wp-json\/wp\/v2\/posts\/43425\/revisions\/43427"}],"wp:featuredmedia":[{"embeddable":true,"href":"https:\/\/larevistadigital.com.ar\/blog\/wp-json\/wp\/v2\/media\/43426"}],"wp:attachment":[{"href":"https:\/\/larevistadigital.com.ar\/blog\/wp-json\/wp\/v2\/media?parent=43425"}],"wp:term":[{"taxonomy":"category","embeddable":true,"href":"https:\/\/larevistadigital.com.ar\/blog\/wp-json\/wp\/v2\/categories?post=43425"},{"taxonomy":"post_tag","embeddable":true,"href":"https:\/\/larevistadigital.com.ar\/blog\/wp-json\/wp\/v2\/tags?post=43425"}],"curies":[{"name":"wp","href":"https:\/\/api.w.org\/{rel}","templated":true}]}}