{"id":43429,"date":"2026-01-17T20:55:17","date_gmt":"2026-01-17T23:55:17","guid":{"rendered":"https:\/\/larevistadigital.com.ar\/blog\/?p=43429"},"modified":"2026-01-17T20:55:17","modified_gmt":"2026-01-17T23:55:17","slug":"buscan-a-la-hermana-de-marcos-acuna-desaparecida-desde-el-viernes","status":"publish","type":"post","link":"https:\/\/larevistadigital.com.ar\/blog\/buscan-a-la-hermana-de-marcos-acuna-desaparecida-desde-el-viernes\/","title":{"rendered":"Buscan a la hermana de Marcos Acu\u00f1a, desaparecida desde el viernes"},"content":{"rendered":"<h3 class=\"description separatorlines\">Fue vista por \u00faltima vez vistiendo un rompeviento color verde, jeans y zapatillas rosas.<\/h3>\n<p>17 de enero de 2026<\/p>\n<p data-start=\"341\" data-end=\"684\">En la ciudad de <strong data-start=\"357\" data-end=\"389\">Zapala, provincia de Neuqu\u00e9n<\/strong>, se desarrolla una <strong data-start=\"409\" data-end=\"434\">b\u00fasqueda contrarreloj<\/strong> para dar con el paradero de <strong data-start=\"463\" data-end=\"486\">Fabiana Edith Mu\u00f1oz<\/strong>, de 42 a\u00f1os, hermana por parte de madre del futbolista <strong data-start=\"542\" data-end=\"558\">Marcos Acu\u00f1a<\/strong>. La mujer se encuentra desaparecida desde el viernes y hasta el momento no se registraron datos concretos sobre su ubicaci\u00f3n.<\/p>\n<blockquote>\n<p data-start=\"686\" data-end=\"976\">Seg\u00fan informaron fuentes policiales y judiciales a medios locales, Mu\u00f1oz fue vista por \u00faltima vez alrededor de las <strong data-start=\"801\" data-end=\"828\">17:30 horas del viernes<\/strong>, cuando se encontraba en la <strong data-start=\"857\" data-end=\"901\">Casa N\u00b026 del barrio Ant\u00e1rtida Argentina<\/strong>. Desde ese momento no volvi\u00f3 a tener contacto con familiares ni allegados.<\/p>\n<\/blockquote>\n<p data-start=\"978\" data-end=\"1112\">Al momento de ausentarse vest\u00eda un <strong data-start=\"1013\" data-end=\"1028\">gorro negro<\/strong>, <strong data-start=\"1030\" data-end=\"1070\">campera tipo rompeviento color verde<\/strong>, <strong data-start=\"1072\" data-end=\"1088\">jeans azules<\/strong> y <strong data-start=\"1091\" data-end=\"1111\">zapatillas rosas<\/strong>.<\/p>\n<h3 data-start=\"1114\" data-end=\"1154\">Datos f\u00edsicos para su identificaci\u00f3n<\/h3>\n<ul data-start=\"1155\" data-end=\"1301\">\n<li data-start=\"1155\" data-end=\"1176\">\n<p data-start=\"1157\" data-end=\"1176\"><strong data-start=\"1157\" data-end=\"1166\">Edad:<\/strong> 42 a\u00f1os<\/p>\n<\/li>\n<li data-start=\"1177\" data-end=\"1204\">\n<p data-start=\"1179\" data-end=\"1204\"><strong data-start=\"1179\" data-end=\"1194\">Contextura:<\/strong> Delgada<\/p>\n<\/li>\n<li data-start=\"1205\" data-end=\"1232\">\n<p data-start=\"1207\" data-end=\"1232\"><strong data-start=\"1207\" data-end=\"1218\">Altura:<\/strong> 1,63 metros<\/p>\n<\/li>\n<li data-start=\"1233\" data-end=\"1254\">\n<p data-start=\"1235\" data-end=\"1254\"><strong data-start=\"1235\" data-end=\"1243\">Tez:<\/strong> Trigue\u00f1a<\/p>\n<\/li>\n<li data-start=\"1255\" data-end=\"1279\">\n<p data-start=\"1257\" data-end=\"1279\"><strong data-start=\"1257\" data-end=\"1269\">Cabello:<\/strong> Casta\u00f1o<\/p>\n<\/li>\n<li data-start=\"1280\" data-end=\"1301\">\n<p data-start=\"1282\" data-end=\"1301\"><strong data-start=\"1282\" data-end=\"1291\">Ojos:<\/strong> Oscuros<\/p>\n<\/li>\n<\/ul>\n<p data-start=\"1303\" data-end=\"1523\">Las autoridades solicitaron la <strong data-start=\"1334\" data-end=\"1366\">colaboraci\u00f3n de la comunidad<\/strong> y pidieron que cualquier informaci\u00f3n que pueda resultar \u00fatil sea comunicada de inmediato a la <strong data-start=\"1461\" data-end=\"1484\">polic\u00eda m\u00e1s cercana<\/strong> o a los n\u00fameros de emergencia locales.<\/p>\n<p data-start=\"1525\" data-end=\"1595\">La investigaci\u00f3n contin\u00faa en curso y no se descarta ninguna hip\u00f3tesis.<\/p>\n","protected":false},"excerpt":{"rendered":"<div class=\"mh-excerpt\"><p>Fue vista por \u00faltima vez vistiendo un rompeviento color verde, jeans y zapatillas rosas. 17 de enero de 2026 En la ciudad de Zapala, provincia de Neuqu\u00e9n, se desarrolla una b\u00fasqueda contrarreloj para dar con <a class=\"mh-excerpt-more\" href=\"https:\/\/larevistadigital.com.ar\/blog\/buscan-a-la-hermana-de-marcos-acuna-desaparecida-desde-el-viernes\/\" title=\"Buscan a la hermana de Marcos Acu\u00f1a, desaparecida desde el viernes\">[Leer M\u00e1s]<\/a><\/p>\n<\/div>","protected":false},"author":3,"featured_media":43430,"comment_status":"open","ping_status":"open","sticky":false,"template":"","format":"standard","meta":{"_jetpack_memberships_contains_paid_content":false,"footnotes":"","jetpack_publicize_message":"","jetpack_publicize_feature_enabled":true,"jetpack_social_post_already_shared":true,"jetpack_social_options":{"image_generator_settings":{"template":"highway","default_image_id":0,"font":"","enabled":false},"version":2}},"categories":[44,51],"tags":[],"class_list":{"0":"post-43429","1":"post","2":"type-post","3":"status-publish","4":"format-standard","5":"has-post-thumbnail","7":"category-policiales","8":"category-regionales"},"jetpack_publicize_connections":[],"jetpack_featured_media_url":"https:\/\/i0.wp.com\/larevistadigital.com.ar\/blog\/wp-content\/uploads\/Captura-de-pantalla-2026-01-17-205233.jpg?fit=696%2C387&ssl=1","jetpack_sharing_enabled":true,"jetpack_shortlink":"https:\/\/wp.me\/p8qtrQ-bit","jetpack-related-posts":[{"id":14445,"url":"https:\/\/larevistadigital.com.ar\/blog\/la-plata-se-busca-desesperadamente-a-menor-de-14-anos-que-esta-desaparecida\/","url_meta":{"origin":43429,"position":0},"title":"LA PLATA: SE BUSCA DESESPERADAMENTE A MENOR DE 14 A\u00d1OS QUE EST\u00c1 DESAPARECIDA","author":"Alejandro Sosa Ruda","date":"29 enero, 2020","format":false,"excerpt":"Fernanda Zeltner C\u00e1rdenes fue vista por \u00faltima vez el s\u00e1bado pasado. La ciudad de La Plata se encuentra en alerta por la desaparici\u00f3n de una joven de 14 a\u00f1os. Fue vista por \u00faltima vez el 25 de enero, cuando dej\u00f3 su casa de 152 bis entre 521 y 522 y\u2026","rel":"","context":"En \u00abPOLICIALES\u00bb","block_context":{"text":"POLICIALES","link":"https:\/\/larevistadigital.com.ar\/blog\/category\/policiales\/"},"img":{"alt_text":"","src":"https:\/\/i0.wp.com\/larevistadigital.com.ar\/blog\/wp-content\/uploads\/20200129_233215.jpg?fit=1080%2C525&ssl=1&resize=350%2C200","width":350,"height":200,"srcset":"https:\/\/i0.wp.com\/larevistadigital.com.ar\/blog\/wp-content\/uploads\/20200129_233215.jpg?fit=1080%2C525&ssl=1&resize=350%2C200 1x, https:\/\/i0.wp.com\/larevistadigital.com.ar\/blog\/wp-content\/uploads\/20200129_233215.jpg?fit=1080%2C525&ssl=1&resize=525%2C300 1.5x, https:\/\/i0.wp.com\/larevistadigital.com.ar\/blog\/wp-content\/uploads\/20200129_233215.jpg?fit=1080%2C525&ssl=1&resize=700%2C400 2x, https:\/\/i0.wp.com\/larevistadigital.com.ar\/blog\/wp-content\/uploads\/20200129_233215.jpg?fit=1080%2C525&ssl=1&resize=1050%2C600 3x"},"classes":[]},{"id":19901,"url":"https:\/\/larevistadigital.com.ar\/blog\/buscan-joven-que-se-fue-con-su-novio-hace-4-dias-y-desaparecio\/","url_meta":{"origin":43429,"position":1},"title":"BUSCAN JOVEN QUE SE FUE CON SU NOVIO HACE 4 D\u00cdAS Y DESAPARECI\u00d3","author":"Alejandro Sosa Ruda","date":"28 abril, 2021","format":false,"excerpt":"Jennifer Blanco desapareci\u00f3 de su casa el s\u00e1bado pasado y todav\u00eda no hay detalles de su paradero. Su familia la busca desesperadamente. Horas de gran preocupaci\u00f3n se viven en Melchor Romero por la desaparici\u00f3n de\u00a0Jennifer Blanco, de 17 a\u00f1os, quien se fue de su casa el pasado s\u00e1bado y nada\u2026","rel":"","context":"En \u00abDESTACADAS\u00bb","block_context":{"text":"DESTACADAS","link":"https:\/\/larevistadigital.com.ar\/blog\/category\/destacadas\/"},"img":{"alt_text":"","src":"https:\/\/i0.wp.com\/larevistadigital.com.ar\/blog\/wp-content\/uploads\/CORTA.jpg?fit=900%2C892&ssl=1&resize=350%2C200","width":350,"height":200,"srcset":"https:\/\/i0.wp.com\/larevistadigital.com.ar\/blog\/wp-content\/uploads\/CORTA.jpg?fit=900%2C892&ssl=1&resize=350%2C200 1x, https:\/\/i0.wp.com\/larevistadigital.com.ar\/blog\/wp-content\/uploads\/CORTA.jpg?fit=900%2C892&ssl=1&resize=525%2C300 1.5x, https:\/\/i0.wp.com\/larevistadigital.com.ar\/blog\/wp-content\/uploads\/CORTA.jpg?fit=900%2C892&ssl=1&resize=700%2C400 2x"},"classes":[]},{"id":29058,"url":"https:\/\/larevistadigital.com.ar\/blog\/encontraron-muerta-a-eliana-pacheco-que-estaba-desaparecida-en-la-plata\/","url_meta":{"origin":43429,"position":2},"title":"ENCONTRARON MUERTA A ELIANA PACHECO, QUE ESTABA DESAPARECIDA EN LA PLATA","author":"Alejandro Sosa Ruda","date":"25 noviembre, 2022","format":false,"excerpt":"El cuerpo de Eliana Pacheco fue encontrado en un zanj\u00f3n cerca de donde hallaron su DNI. 25 de noviembre de 2022 LA PLATA -\u00a0 La Polic\u00eda\u00a0encontr\u00f3 este viernes el cuerpo de Eliana Pacheco,\u00a0la joven de 24 a\u00f1os que era intensamente buscada desde el domingo pasado en La Plata. Ese d\u00eda,\u2026","rel":"","context":"En \u00abPOLICIALES\u00bb","block_context":{"text":"POLICIALES","link":"https:\/\/larevistadigital.com.ar\/blog\/category\/policiales\/"},"img":{"alt_text":"","src":"https:\/\/i0.wp.com\/larevistadigital.com.ar\/blog\/wp-content\/uploads\/1669381936577.jpg?fit=1200%2C594&ssl=1&resize=350%2C200","width":350,"height":200,"srcset":"https:\/\/i0.wp.com\/larevistadigital.com.ar\/blog\/wp-content\/uploads\/1669381936577.jpg?fit=1200%2C594&ssl=1&resize=350%2C200 1x, https:\/\/i0.wp.com\/larevistadigital.com.ar\/blog\/wp-content\/uploads\/1669381936577.jpg?fit=1200%2C594&ssl=1&resize=525%2C300 1.5x, https:\/\/i0.wp.com\/larevistadigital.com.ar\/blog\/wp-content\/uploads\/1669381936577.jpg?fit=1200%2C594&ssl=1&resize=700%2C400 2x, https:\/\/i0.wp.com\/larevistadigital.com.ar\/blog\/wp-content\/uploads\/1669381936577.jpg?fit=1200%2C594&ssl=1&resize=1050%2C600 3x"},"classes":[]},{"id":35038,"url":"https:\/\/larevistadigital.com.ar\/blog\/se-busca-con-intensidad-a-una-mujer-que-fue-a-una-cita-con-alguien-que-conocio-en-tik-tok-y-no-regreso-mas\/","url_meta":{"origin":43429,"position":3},"title":"SE BUSCA CON INTENSIDAD A UNA MUJER QUE FUE A UNA CITA CON ALGUIEN QUE CONOCI\u00d3 EN TIK TOK Y NO REGRES\u00d3 M\u00c1S","author":"Alejandro Sosa Ruda","date":"20 enero, 2024","format":false,"excerpt":"Se llama Emilce Gonz\u00e1lez. Es oriunda de la localidad de Presidente Derqui y la \u00faltima vez que se supo de ella fue el viernes pasado. Familiares la buscan desesperadamente. 20 de enero de 2023 PILAR -\u00a0 \u00a0Una mujer de 30 a\u00f1os permanece desaparecida desde el pasado viernes luego de que\u2026","rel":"","context":"En \u00abPOLICIALES\u00bb","block_context":{"text":"POLICIALES","link":"https:\/\/larevistadigital.com.ar\/blog\/category\/policiales\/"},"img":{"alt_text":"","src":"https:\/\/i0.wp.com\/larevistadigital.com.ar\/blog\/wp-content\/uploads\/20240120102449_emilce-gonzalez.jpg?fit=880%2C512&ssl=1&resize=350%2C200","width":350,"height":200,"srcset":"https:\/\/i0.wp.com\/larevistadigital.com.ar\/blog\/wp-content\/uploads\/20240120102449_emilce-gonzalez.jpg?fit=880%2C512&ssl=1&resize=350%2C200 1x, https:\/\/i0.wp.com\/larevistadigital.com.ar\/blog\/wp-content\/uploads\/20240120102449_emilce-gonzalez.jpg?fit=880%2C512&ssl=1&resize=525%2C300 1.5x, https:\/\/i0.wp.com\/larevistadigital.com.ar\/blog\/wp-content\/uploads\/20240120102449_emilce-gonzalez.jpg?fit=880%2C512&ssl=1&resize=700%2C400 2x"},"classes":[]},{"id":30758,"url":"https:\/\/larevistadigital.com.ar\/blog\/se-busca-con-desesperacion-a-una-platense-desaparecida-en-italia\/","url_meta":{"origin":43429,"position":4},"title":"SE BUSCA CON DESESPERACI\u00d3N A UNA PLATENSE DESAPARECIDA EN ITALIA","author":"Alejandro Sosa Ruda","date":"28 marzo, 2023","format":false,"excerpt":"Hace una semana que no la encuentran. La comunidad de argentinos en Roma difunde su desaparici\u00f3n por las redes pero todav\u00eda no hay novedades sobre su paradero. 28 de marzo de 2023 Melisa Dinardo, una joven platense de 29 a\u00f1os,\u00a0est\u00e1 desaparecida desde hace una semana en Italia. Parti\u00f3 desde Citanova\u2026","rel":"","context":"En \u00abINTERES GENERAL\u00bb","block_context":{"text":"INTERES GENERAL","link":"https:\/\/larevistadigital.com.ar\/blog\/category\/interes-general\/"},"img":{"alt_text":"","src":"https:\/\/i0.wp.com\/larevistadigital.com.ar\/blog\/wp-content\/uploads\/1680018502183.jpg?fit=768%2C532&ssl=1&resize=350%2C200","width":350,"height":200,"srcset":"https:\/\/i0.wp.com\/larevistadigital.com.ar\/blog\/wp-content\/uploads\/1680018502183.jpg?fit=768%2C532&ssl=1&resize=350%2C200 1x, https:\/\/i0.wp.com\/larevistadigital.com.ar\/blog\/wp-content\/uploads\/1680018502183.jpg?fit=768%2C532&ssl=1&resize=525%2C300 1.5x, https:\/\/i0.wp.com\/larevistadigital.com.ar\/blog\/wp-content\/uploads\/1680018502183.jpg?fit=768%2C532&ssl=1&resize=700%2C400 2x"},"classes":[]},{"id":21312,"url":"https:\/\/larevistadigital.com.ar\/blog\/villa-gesell-suben-a-1-500-000-la-recompensa-por-informacion-sobre-el-paradero-de-un-anena-desaparecida-hace-11-anos\/","url_meta":{"origin":43429,"position":5},"title":"VILLA GESELL: SUBEN A $1.500.000.- LA RECOMPENSA POR INFORMACI\u00d3N SOBRE EL PARADERO DE UN ANENA DESAPARECIDA HACE 11 A\u00d1OS","author":"Alejandro Sosa Ruda","date":"30 julio, 2021","format":false,"excerpt":"Se trata de Agostina Sorich quien fue vista por \u00faltima vez en octubre de 2010 cuando ten\u00eda 12 a\u00f1os. VILLA GESELL -\u00a0 El ministerio de Seguridad de la provincia de Buenos Aires decidi\u00f3 elevar la recompensa para quienes puedan aportar datos en torno a la investigaci\u00f3n de la desaparici\u00f3n de\u2026","rel":"","context":"En \u00abPOLICIALES\u00bb","block_context":{"text":"POLICIALES","link":"https:\/\/larevistadigital.com.ar\/blog\/category\/policiales\/"},"img":{"alt_text":"","src":"https:\/\/i0.wp.com\/larevistadigital.com.ar\/blog\/wp-content\/uploads\/a23f3cb50c827defdcf731cb50cde3b3f3994fbd.jpg?fit=1140%2C783&ssl=1&resize=350%2C200","width":350,"height":200,"srcset":"https:\/\/i0.wp.com\/larevistadigital.com.ar\/blog\/wp-content\/uploads\/a23f3cb50c827defdcf731cb50cde3b3f3994fbd.jpg?fit=1140%2C783&ssl=1&resize=350%2C200 1x, https:\/\/i0.wp.com\/larevistadigital.com.ar\/blog\/wp-content\/uploads\/a23f3cb50c827defdcf731cb50cde3b3f3994fbd.jpg?fit=1140%2C783&ssl=1&resize=525%2C300 1.5x, https:\/\/i0.wp.com\/larevistadigital.com.ar\/blog\/wp-content\/uploads\/a23f3cb50c827defdcf731cb50cde3b3f3994fbd.jpg?fit=1140%2C783&ssl=1&resize=700%2C400 2x, https:\/\/i0.wp.com\/larevistadigital.com.ar\/blog\/wp-content\/uploads\/a23f3cb50c827defdcf731cb50cde3b3f3994fbd.jpg?fit=1140%2C783&ssl=1&resize=1050%2C600 3x"},"classes":[]}],"_links":{"self":[{"href":"https:\/\/larevistadigital.com.ar\/blog\/wp-json\/wp\/v2\/posts\/43429","targetHints":{"allow":["GET"]}}],"collection":[{"href":"https:\/\/larevistadigital.com.ar\/blog\/wp-json\/wp\/v2\/posts"}],"about":[{"href":"https:\/\/larevistadigital.com.ar\/blog\/wp-json\/wp\/v2\/types\/post"}],"author":[{"embeddable":true,"href":"https:\/\/larevistadigital.com.ar\/blog\/wp-json\/wp\/v2\/users\/3"}],"replies":[{"embeddable":true,"href":"https:\/\/larevistadigital.com.ar\/blog\/wp-json\/wp\/v2\/comments?post=43429"}],"version-history":[{"count":1,"href":"https:\/\/larevistadigital.com.ar\/blog\/wp-json\/wp\/v2\/posts\/43429\/revisions"}],"predecessor-version":[{"id":43431,"href":"https:\/\/larevistadigital.com.ar\/blog\/wp-json\/wp\/v2\/posts\/43429\/revisions\/43431"}],"wp:featuredmedia":[{"embeddable":true,"href":"https:\/\/larevistadigital.com.ar\/blog\/wp-json\/wp\/v2\/media\/43430"}],"wp:attachment":[{"href":"https:\/\/larevistadigital.com.ar\/blog\/wp-json\/wp\/v2\/media?parent=43429"}],"wp:term":[{"taxonomy":"category","embeddable":true,"href":"https:\/\/larevistadigital.com.ar\/blog\/wp-json\/wp\/v2\/categories?post=43429"},{"taxonomy":"post_tag","embeddable":true,"href":"https:\/\/larevistadigital.com.ar\/blog\/wp-json\/wp\/v2\/tags?post=43429"}],"curies":[{"name":"wp","href":"https:\/\/api.w.org\/{rel}","templated":true}]}}