{"id":43436,"date":"2026-01-18T14:03:02","date_gmt":"2026-01-18T17:03:02","guid":{"rendered":"https:\/\/larevistadigital.com.ar\/blog\/?p=43436"},"modified":"2026-01-18T14:03:02","modified_gmt":"2026-01-18T17:03:02","slug":"aprehendieron-a-dos-hombres-tras-el-abuso-de-una-joven-en-pleno-microcentro-de-mar-del-plata","status":"publish","type":"post","link":"https:\/\/larevistadigital.com.ar\/blog\/aprehendieron-a-dos-hombres-tras-el-abuso-de-una-joven-en-pleno-microcentro-de-mar-del-plata\/","title":{"rendered":"Aprehendieron a dos hombres tras el abuso de una joven en pleno microcentro de Mar del Plata"},"content":{"rendered":"<p data-start=\"202\" data-end=\"367\"><strong data-start=\"202\" data-end=\"367\">El hecho ocurri\u00f3 en una zona muy concurrida por turistas. Uno de los acusados qued\u00f3 imputado por abuso sexual simple y fue trasladado a la Unidad Penal de Bat\u00e1n.<\/strong><\/p>\n<p data-start=\"202\" data-end=\"367\">18 de enero de 2026<\/p>\n<p data-start=\"369\" data-end=\"591\"><strong>MAR DEL PLATA &#8211;<\/strong>\u00a0 \u00a0Dos hombres en situaci\u00f3n de calle fueron <strong data-start=\"410\" data-end=\"448\">aprehendidos por personal policial<\/strong> minutos despu\u00e9s de haber abusado de una joven en el <strong data-start=\"501\" data-end=\"533\">microcentro de Mar del Plata<\/strong>, en un sector de alta circulaci\u00f3n de peatones y turistas.<\/p>\n<blockquote>\n<h3 data-start=\"593\" data-end=\"843\">El hecho ocurri\u00f3 este s\u00e1bado, cuando una <strong data-start=\"634\" data-end=\"658\">enfermera de 28 a\u00f1os<\/strong> caminaba por las inmediaciones del cruce de las <strong data-start=\"707\" data-end=\"741\">avenidas Col\u00f3n e Independencia<\/strong>. Seg\u00fan informaron fuentes policiales, la mujer fue abordada por los dos sujetos, de <strong data-start=\"826\" data-end=\"842\">25 y 27 a\u00f1os<\/strong>.<\/h3>\n<\/blockquote>\n<p data-start=\"845\" data-end=\"1042\">De acuerdo a lo informado por el portal 0223, el hombre de mayor edad <strong data-start=\"915\" data-end=\"978\">empuj\u00f3 a la v\u00edctima contra una pared y comenz\u00f3 a manosearla<\/strong>, mientras que el otro individuo <strong data-start=\"1011\" data-end=\"1041\">exhib\u00eda sus partes \u00edntimas<\/strong>.<\/p>\n<blockquote>\n<h3 data-start=\"1044\" data-end=\"1186\">Tras la denuncia realizada por la joven, <strong data-start=\"1085\" data-end=\"1121\">personal de la comisar\u00eda segunda<\/strong> logr\u00f3 aprehender a ambos sospechosos a pocos minutos del ataque.<\/h3>\n<\/blockquote>\n<p data-start=\"1188\" data-end=\"1480\">Intervino en la causa la fiscal <strong data-start=\"1220\" data-end=\"1244\">Mar\u00eda Isabel S\u00e1nchez<\/strong>, titular de la <strong data-start=\"1260\" data-end=\"1281\">UFI de Flagrancia<\/strong>, quien dispuso que el hombre de <strong data-start=\"1314\" data-end=\"1325\">27 a\u00f1os<\/strong> quede <strong data-start=\"1332\" data-end=\"1381\">imputado por el delito de abuso sexual simple<\/strong>, se le realice una <strong data-start=\"1401\" data-end=\"1425\">extracci\u00f3n sangu\u00ednea<\/strong> y sea trasladado a la <strong data-start=\"1448\" data-end=\"1479\">Unidad Penal N\u00b0 44 de Bat\u00e1n<\/strong>.<\/p>\n<p data-start=\"1482\" data-end=\"1666\">En tanto, el segundo implicado, de 25 a\u00f1os, <strong data-start=\"1526\" data-end=\"1550\">recuper\u00f3 la libertad<\/strong>, ya que no habr\u00eda tenido participaci\u00f3n directa en la agresi\u00f3n, seg\u00fan lo determinado en la investigaci\u00f3n preliminar.<\/p>\n<p data-start=\"1668\" data-end=\"1709\">La causa contin\u00faa en etapa investigativa.<\/p>\n<p data-start=\"1668\" data-end=\"1709\">fuente e imagen: 0223.com.ar<\/p>\n","protected":false},"excerpt":{"rendered":"<div class=\"mh-excerpt\"><p>El hecho ocurri\u00f3 en una zona muy concurrida por turistas. Uno de los acusados qued\u00f3 imputado por abuso sexual simple y fue trasladado a la Unidad Penal de Bat\u00e1n. 18 de enero de 2026 MAR <a class=\"mh-excerpt-more\" href=\"https:\/\/larevistadigital.com.ar\/blog\/aprehendieron-a-dos-hombres-tras-el-abuso-de-una-joven-en-pleno-microcentro-de-mar-del-plata\/\" title=\"Aprehendieron a dos hombres tras el abuso de una joven en pleno microcentro de Mar del Plata\">[Leer M\u00e1s]<\/a><\/p>\n<\/div>","protected":false},"author":3,"featured_media":43437,"comment_status":"open","ping_status":"open","sticky":false,"template":"","format":"standard","meta":{"_jetpack_memberships_contains_paid_content":false,"footnotes":"","jetpack_publicize_message":"","jetpack_publicize_feature_enabled":true,"jetpack_social_post_already_shared":true,"jetpack_social_options":{"image_generator_settings":{"template":"highway","default_image_id":0,"font":"","enabled":false},"version":2}},"categories":[44,51],"tags":[],"class_list":{"0":"post-43436","1":"post","2":"type-post","3":"status-publish","4":"format-standard","5":"has-post-thumbnail","7":"category-policiales","8":"category-regionales"},"jetpack_publicize_connections":[],"jetpack_featured_media_url":"https:\/\/i0.wp.com\/larevistadigital.com.ar\/blog\/wp-content\/uploads\/Captura-de-pantalla-2026-01-18-140153.jpg?fit=814%2C419&ssl=1","jetpack_sharing_enabled":true,"jetpack_shortlink":"https:\/\/wp.me\/p8qtrQ-biA","jetpack-related-posts":[{"id":14527,"url":"https:\/\/larevistadigital.com.ar\/blog\/mar-del-plata-apunalan-a-un-cuidacoches-en-la-puerta-del-hospital-materno\/","url_meta":{"origin":43436,"position":0},"title":"MAR DEL PLATA: APU\u00d1ALAN A UN CUIDACOCHES EN LA PUERTA DEL HOSPITAL MATERNO","author":"Alejandro Sosa Ruda","date":"2 febrero, 2020","format":false,"excerpt":"Fue durante una pelea con otros hombres. La v\u00edctima recibi\u00f3 dos puntazos y fue trasladada al Hospital Interzonal General de Agudos: se encuentra en grave estado. Un cuidacoches de 20 a\u00f1os fue apu\u00f1alado este domingo a la tarde en las inmediaciones del Hospital Materno Infantil durante una violenta confrontaci\u00f3n con\u2026","rel":"","context":"En \u00abPOLICIALES\u00bb","block_context":{"text":"POLICIALES","link":"https:\/\/larevistadigital.com.ar\/blog\/category\/policiales\/"},"img":{"alt_text":"","src":"https:\/\/i0.wp.com\/larevistadigital.com.ar\/blog\/wp-content\/uploads\/Screenshot_3-39.jpg?fit=600%2C684&ssl=1&resize=350%2C200","width":350,"height":200,"srcset":"https:\/\/i0.wp.com\/larevistadigital.com.ar\/blog\/wp-content\/uploads\/Screenshot_3-39.jpg?fit=600%2C684&ssl=1&resize=350%2C200 1x, https:\/\/i0.wp.com\/larevistadigital.com.ar\/blog\/wp-content\/uploads\/Screenshot_3-39.jpg?fit=600%2C684&ssl=1&resize=525%2C300 1.5x"},"classes":[]},{"id":23800,"url":"https:\/\/larevistadigital.com.ar\/blog\/mar-del-plata-balean-a-joven-por-resistirse-a-que-le-roben-la-moto\/","url_meta":{"origin":43436,"position":1},"title":"MAR DEL PLATA: BALEAN A JOVEN POR RESISTIRSE A QUE LE ROBEN LA MOTO","author":"Alejandro Sosa Ruda","date":"3 febrero, 2022","format":false,"excerpt":"La v\u00edctima tiene 21 a\u00f1os y fue internada en el Hospital Interzonal General de Agudos tras sufrir una herida de bala en el abdomen. El hecho ocurri\u00f3 en el barrio Florentino Ameghino. MAR DEL PLATA -\u00a0 Un joven de 21 a\u00f1os fue baleado al resistirse al robo de su motocicleta\u2026","rel":"","context":"En \u00abPOLICIALES\u00bb","block_context":{"text":"POLICIALES","link":"https:\/\/larevistadigital.com.ar\/blog\/category\/policiales\/"},"img":{"alt_text":"","src":"https:\/\/i0.wp.com\/larevistadigital.com.ar\/blog\/wp-content\/uploads\/higa.jpg?fit=1140%2C708&ssl=1&resize=350%2C200","width":350,"height":200,"srcset":"https:\/\/i0.wp.com\/larevistadigital.com.ar\/blog\/wp-content\/uploads\/higa.jpg?fit=1140%2C708&ssl=1&resize=350%2C200 1x, https:\/\/i0.wp.com\/larevistadigital.com.ar\/blog\/wp-content\/uploads\/higa.jpg?fit=1140%2C708&ssl=1&resize=525%2C300 1.5x, https:\/\/i0.wp.com\/larevistadigital.com.ar\/blog\/wp-content\/uploads\/higa.jpg?fit=1140%2C708&ssl=1&resize=700%2C400 2x, https:\/\/i0.wp.com\/larevistadigital.com.ar\/blog\/wp-content\/uploads\/higa.jpg?fit=1140%2C708&ssl=1&resize=1050%2C600 3x"},"classes":[]},{"id":27335,"url":"https:\/\/larevistadigital.com.ar\/blog\/mar-del-plata-asesinan-a-remisero-de-un-tiro\/","url_meta":{"origin":43436,"position":2},"title":"MAR DEL PLATA: ASESINAN A REMISERO DE UN TIRO","author":"Alejandro Sosa Ruda","date":"29 agosto, 2022","format":false,"excerpt":"Lo atacaron delincuentes cuando fue a buscar una clienta. Hay un detenido MAR DEL PLATA -\u00a0 Un remisero de 55 a\u00f1os fue asesinado de al menos un disparo en el pecho al ser atacado por dos hombres en la ciudad bonaerense de Mar del Plata. En las \u00faltimas horas, el\u2026","rel":"","context":"En \u00abPOLICIALES\u00bb","block_context":{"text":"POLICIALES","link":"https:\/\/larevistadigital.com.ar\/blog\/category\/policiales\/"},"img":{"alt_text":"","src":"https:\/\/i0.wp.com\/larevistadigital.com.ar\/blog\/wp-content\/uploads\/5ad4b3452db781a05f231cf2a6f339eb0093ff6b.png?fit=1140%2C654&ssl=1&resize=350%2C200","width":350,"height":200,"srcset":"https:\/\/i0.wp.com\/larevistadigital.com.ar\/blog\/wp-content\/uploads\/5ad4b3452db781a05f231cf2a6f339eb0093ff6b.png?fit=1140%2C654&ssl=1&resize=350%2C200 1x, https:\/\/i0.wp.com\/larevistadigital.com.ar\/blog\/wp-content\/uploads\/5ad4b3452db781a05f231cf2a6f339eb0093ff6b.png?fit=1140%2C654&ssl=1&resize=525%2C300 1.5x, https:\/\/i0.wp.com\/larevistadigital.com.ar\/blog\/wp-content\/uploads\/5ad4b3452db781a05f231cf2a6f339eb0093ff6b.png?fit=1140%2C654&ssl=1&resize=700%2C400 2x, https:\/\/i0.wp.com\/larevistadigital.com.ar\/blog\/wp-content\/uploads\/5ad4b3452db781a05f231cf2a6f339eb0093ff6b.png?fit=1140%2C654&ssl=1&resize=1050%2C600 3x"},"classes":[]},{"id":17436,"url":"https:\/\/larevistadigital.com.ar\/blog\/mar-del-plata-matrimonio-y-su-hijo-fueron-apunalados-en-su-casa-por-joven-que-se-habia-quedado-a-dormir\/","url_meta":{"origin":43436,"position":3},"title":"MAR DEL PLATA: MATRIMONIO Y SU HIJO FUERON APU\u00d1ALADOS EN SU CASA POR JOVEN QUE SE HAB\u00cdA QUEDADO A DORMIR","author":"Alejandro Sosa Ruda","date":"4 noviembre, 2020","format":false,"excerpt":"MAR DEL PLATA -\u00a0 Un muchacho de 27 a\u00f1os y sus progenitores fueron apu\u00f1alados en su vivienda del barrio San Mart\u00edn de la ciudad de Mar del Plata, por un amigo del primero que se qued\u00f3 adormir, y que huy\u00f3 tras el ataque. El hecho ocurri\u00f3 cerca de las 4\u2026","rel":"","context":"En \u00abPOLICIALES\u00bb","block_context":{"text":"POLICIALES","link":"https:\/\/larevistadigital.com.ar\/blog\/category\/policiales\/"},"img":{"alt_text":"","src":"https:\/\/i0.wp.com\/larevistadigital.com.ar\/blog\/wp-content\/uploads\/24AIK36MARCIXIDQ62LYD6JQME.jpg?fit=768%2C432&ssl=1&resize=350%2C200","width":350,"height":200,"srcset":"https:\/\/i0.wp.com\/larevistadigital.com.ar\/blog\/wp-content\/uploads\/24AIK36MARCIXIDQ62LYD6JQME.jpg?fit=768%2C432&ssl=1&resize=350%2C200 1x, https:\/\/i0.wp.com\/larevistadigital.com.ar\/blog\/wp-content\/uploads\/24AIK36MARCIXIDQ62LYD6JQME.jpg?fit=768%2C432&ssl=1&resize=525%2C300 1.5x, https:\/\/i0.wp.com\/larevistadigital.com.ar\/blog\/wp-content\/uploads\/24AIK36MARCIXIDQ62LYD6JQME.jpg?fit=768%2C432&ssl=1&resize=700%2C400 2x"},"classes":[]},{"id":23827,"url":"https:\/\/larevistadigital.com.ar\/blog\/chacal-en-mar-del-plata-cumplia-prision-domiciliaria-y-abuso-de-su-bisnieta-de-3-meses\/","url_meta":{"origin":43436,"position":4},"title":"CHACAL EN MAR DEL PLATA: CUMPL\u00cdA PRISI\u00d3N DOMICILIARIA Y ABUS\u00d3 DE SU BISNIETA DE 3 MESES","author":"Alejandro Sosa Ruda","date":"5 febrero, 2022","format":false,"excerpt":"Los m\u00e9dicos que revisaron a la menor confirmaron que presentaba lesiones, por lo que de inmediato dieron intervenci\u00f3n a la Polic\u00eda. Con el informe de los profesionales y los antecedentes penales del hombre, la fiscal de turno Mar\u00eda Florencia Salas pidi\u00f3 la inmediata detenci\u00f3n del hombre. MAR DEL PLATA -\u00a0\u2026","rel":"","context":"En \u00abPOLICIALES\u00bb","block_context":{"text":"POLICIALES","link":"https:\/\/larevistadigital.com.ar\/blog\/category\/policiales\/"},"img":{"alt_text":"","src":"https:\/\/i0.wp.com\/larevistadigital.com.ar\/blog\/wp-content\/uploads\/20220204180112_maternoinfantil-1024x695-810x550-1.jpg?fit=880%2C512&ssl=1&resize=350%2C200","width":350,"height":200,"srcset":"https:\/\/i0.wp.com\/larevistadigital.com.ar\/blog\/wp-content\/uploads\/20220204180112_maternoinfantil-1024x695-810x550-1.jpg?fit=880%2C512&ssl=1&resize=350%2C200 1x, https:\/\/i0.wp.com\/larevistadigital.com.ar\/blog\/wp-content\/uploads\/20220204180112_maternoinfantil-1024x695-810x550-1.jpg?fit=880%2C512&ssl=1&resize=525%2C300 1.5x, https:\/\/i0.wp.com\/larevistadigital.com.ar\/blog\/wp-content\/uploads\/20220204180112_maternoinfantil-1024x695-810x550-1.jpg?fit=880%2C512&ssl=1&resize=700%2C400 2x"},"classes":[]},{"id":42338,"url":"https:\/\/larevistadigital.com.ar\/blog\/mar-del-plata-detuvieron-a-un-feriante-acusado-de-violar-a-una-mujer\/","url_meta":{"origin":43436,"position":5},"title":"Mar del Plata: detuvieron a un feriante acusado de violar a una mujer","author":"Alejandro Sosa Ruda","date":"1 noviembre, 2025","format":false,"excerpt":"La v\u00edctima, de 47 a\u00f1os, denunci\u00f3 que fue abusada en dos oportunidades por un hombre con antecedentes penales por delitos sexuales. El acusado fue arrestado y qued\u00f3 a disposici\u00f3n de la Justicia. 01 de Noviembre de 2025 MAR DEL PLATA -\u00a0 \u00a0Una mujer de 47 a\u00f1os fue v\u00edctima de una\u2026","rel":"","context":"En \u00abPOLICIALES\u00bb","block_context":{"text":"POLICIALES","link":"https:\/\/larevistadigital.com.ar\/blog\/category\/policiales\/"},"img":{"alt_text":"","src":"https:\/\/i0.wp.com\/larevistadigital.com.ar\/blog\/wp-content\/uploads\/una-mujer-fue-rescatada-la-policia-la-plata.jpg?fit=1200%2C675&ssl=1&resize=350%2C200","width":350,"height":200,"srcset":"https:\/\/i0.wp.com\/larevistadigital.com.ar\/blog\/wp-content\/uploads\/una-mujer-fue-rescatada-la-policia-la-plata.jpg?fit=1200%2C675&ssl=1&resize=350%2C200 1x, https:\/\/i0.wp.com\/larevistadigital.com.ar\/blog\/wp-content\/uploads\/una-mujer-fue-rescatada-la-policia-la-plata.jpg?fit=1200%2C675&ssl=1&resize=525%2C300 1.5x, https:\/\/i0.wp.com\/larevistadigital.com.ar\/blog\/wp-content\/uploads\/una-mujer-fue-rescatada-la-policia-la-plata.jpg?fit=1200%2C675&ssl=1&resize=700%2C400 2x, https:\/\/i0.wp.com\/larevistadigital.com.ar\/blog\/wp-content\/uploads\/una-mujer-fue-rescatada-la-policia-la-plata.jpg?fit=1200%2C675&ssl=1&resize=1050%2C600 3x"},"classes":[]}],"_links":{"self":[{"href":"https:\/\/larevistadigital.com.ar\/blog\/wp-json\/wp\/v2\/posts\/43436","targetHints":{"allow":["GET"]}}],"collection":[{"href":"https:\/\/larevistadigital.com.ar\/blog\/wp-json\/wp\/v2\/posts"}],"about":[{"href":"https:\/\/larevistadigital.com.ar\/blog\/wp-json\/wp\/v2\/types\/post"}],"author":[{"embeddable":true,"href":"https:\/\/larevistadigital.com.ar\/blog\/wp-json\/wp\/v2\/users\/3"}],"replies":[{"embeddable":true,"href":"https:\/\/larevistadigital.com.ar\/blog\/wp-json\/wp\/v2\/comments?post=43436"}],"version-history":[{"count":1,"href":"https:\/\/larevistadigital.com.ar\/blog\/wp-json\/wp\/v2\/posts\/43436\/revisions"}],"predecessor-version":[{"id":43438,"href":"https:\/\/larevistadigital.com.ar\/blog\/wp-json\/wp\/v2\/posts\/43436\/revisions\/43438"}],"wp:featuredmedia":[{"embeddable":true,"href":"https:\/\/larevistadigital.com.ar\/blog\/wp-json\/wp\/v2\/media\/43437"}],"wp:attachment":[{"href":"https:\/\/larevistadigital.com.ar\/blog\/wp-json\/wp\/v2\/media?parent=43436"}],"wp:term":[{"taxonomy":"category","embeddable":true,"href":"https:\/\/larevistadigital.com.ar\/blog\/wp-json\/wp\/v2\/categories?post=43436"},{"taxonomy":"post_tag","embeddable":true,"href":"https:\/\/larevistadigital.com.ar\/blog\/wp-json\/wp\/v2\/tags?post=43436"}],"curies":[{"name":"wp","href":"https:\/\/api.w.org\/{rel}","templated":true}]}}