{"id":43444,"date":"2026-01-19T11:07:46","date_gmt":"2026-01-19T14:07:46","guid":{"rendered":"https:\/\/larevistadigital.com.ar\/blog\/?p=43444"},"modified":"2026-01-19T11:07:46","modified_gmt":"2026-01-19T14:07:46","slug":"sancionaron-a-casi-mil-conductores-por-alcoholemia-positiva-en-la-primera-quincena-de-enero","status":"publish","type":"post","link":"https:\/\/larevistadigital.com.ar\/blog\/sancionaron-a-casi-mil-conductores-por-alcoholemia-positiva-en-la-primera-quincena-de-enero\/","title":{"rendered":"Sancionaron a casi mil conductores por alcoholemia positiva en la primera quincena de enero"},"content":{"rendered":"<h3>La Agencia Nacional de Seguridad Vial detect\u00f3 966 casos en operativos desplegados en rutas y accesos tur\u00edsticos de todo el pa\u00eds, tras controlar m\u00e1s de 230 mil veh\u00edculos durante la temporada de verano.<\/h3>\n<p>19 de enero de 2026<\/p>\n<p>Durante la primera quincena de enero, la Agencia Nacional de Seguridad Vial (ANSV) detect\u00f3<strong>\u00a0966 conductores con alcoholemia positiva en rutas de todo el pa\u00eds<\/strong>. El dato surge de los operativos diarios desplegados en el marco de la temporada de verano, con controles en 39 puntos estrat\u00e9gicos de alta circulaci\u00f3n, que incluyeron rutas nacionales, autopistas y accesos a los principales destinos tur\u00edsticos.<\/p>\n<p>Seg\u00fan el reporte oficial, en ese per\u00edodo se controlaron 231.962\u00a0<a class=\"google-anno\" href=\"https:\/\/grupolaprovincia.com\/contenido\/593898\/sancionaron-a-casi-mil-conductores-por-alcoholemia-positiva-en-la-primera-quince?utm_campaign=newsletter-17-01-2026&amp;utm_medium=email&amp;utm_source=newsletter#\" data-google-vignette=\"false\" data-google-interstitial=\"false\">\u00a0<span class=\"google-anno-t\">veh\u00edculos<\/span><\/a>\u00a0a lo largo de 2.913 intervenciones, un despliegue que dej\u00f3 al descubierto una preocupante reiteraci\u00f3n de conductas de riesgo al volante.<\/p>\n<div class=\"medios-widget post\">\n<p>Como resultado de las fiscalizaciones, la ANSV labr\u00f3 5.085 actas de infracci\u00f3n por distintas faltas a la normativa vigente. El consumo de alcohol al conducir encabez\u00f3 el ranking, seguido por irregularidades en la documentaci\u00f3n y el incumplimiento de medidas b\u00e1sicas de seguridad.<\/p>\n<p>Desde el organismo precisaron que los controles se realizaron en coordinaci\u00f3n con provincias y municipios, con presencia sostenida durante toda la temporada estival en corredores clave del pa\u00eds.<\/p>\n<h3>Alcoholemias extremas que encendieron alarmas<\/h3>\n<p>Entre los valores m\u00e1s altos registrados, la agencia inform\u00f3 casos que superaron ampliamente cualquier par\u00e1metro de seguridad vial:<\/p>\n<p>-M\u00e1s de 3 g\/l en General G\u00fcemes, Salta, superando la medici\u00f3n m\u00e1xima de los dispositivos.<\/p>\n<p>-2,84 g\/l en Gualeguaych\u00fa, Entre R\u00edos.<\/p>\n<p>-2,71 g\/l en la Ruta Nacional 12, Misiones.<\/p>\n<p>-2,56 g\/l nuevamente en Gualeguaych\u00fa.<\/p>\n<p>-2,48 g\/l en rutas de Corrientes.<\/p>\n<p>El episodio m\u00e1s grave involucr\u00f3 a un motociclista salte\u00f1o cuyo nivel de alcohol excedi\u00f3 la capacidad de medici\u00f3n de los equipos utilizados por los agentes.<\/p>\n<h3><span style=\"color: #ff0000\">Otras faltas recurrentes detectadas<\/span><\/h3>\n<p>Adem\u00e1s del alcohol al volante, los controles arrojaron un alto n\u00famero de infracciones vinculadas al estado de los veh\u00edculos y al cumplimiento de normas b\u00e1sicas:<\/p>\n<p>-RTO\/VTV: 838 actas por falta de revisi\u00f3n t\u00e9cnica obligatoria.<\/p>\n<p>-Documentaci\u00f3n: 586 infracciones por no portar los papeles exigidos.<\/p>\n<p>-Cintur\u00f3n de seguridad: otras 586 sanciones por no utilizarlo.<\/p>\n<p>-Patentes: 372 casos de chapas ausentes o tapadas de manera intencional.<\/p>\n<p>-Uso de banquina: 30 actas por maniobras consideradas de extremo riesgo.<\/p>\n<p>Desde la ANSV remarcaron que estas conductas tienen un impacto directo en la siniestralidad vial y buscan ser desalentadas con controles sostenidos y sanciones efectivas.<\/p>\n<p>En paralelo, la Comisi\u00f3n Nacional de Regulaci\u00f3n del Transporte (CNRT) llev\u00f3 adelante operativos espec\u00edficos sobre el transporte profesional. En total, se fiscalizaron 46.731 veh\u00edculos, de los cuales 30.460 fueron camiones y 16.271 micros.<\/p>\n<p>El balance indic\u00f3 la labranza de 1.019 actas de infracci\u00f3n \u2014416 a camiones y 603 a micros\u2014 y la retenci\u00f3n de 116 unidades (87 camiones y 29 colectivos) por incumplimientos a la normativa vigente.<\/p>\n<p>Al difundir el informe, la ANSV insisti\u00f3 en la necesidad de respetar las normas de tr\u00e1nsito y circular en condiciones seguras. \u201cManejar implica una responsabilidad individual indelegable: conducir alcoholizado, ignorar el cintur\u00f3n o incumplir la ley no es un error menor\u201d, subray\u00f3 el comunicado oficial.<\/p>\n<p>Las autoridades confirmaron que los controles continuar\u00e1n a lo largo de toda la temporada de verano, con el objetivo de reducir riesgos en las rutas y garantizar la seguridad de todos los usuarios.<\/p>\n<div class=\"medios-widget encuesta\"><\/div>\n<\/div>\n","protected":false},"excerpt":{"rendered":"<div class=\"mh-excerpt\"><p>La Agencia Nacional de Seguridad Vial detect\u00f3 966 casos en operativos desplegados en rutas y accesos tur\u00edsticos de todo el pa\u00eds, tras controlar m\u00e1s de 230 mil veh\u00edculos durante la temporada de verano. 19 de <a class=\"mh-excerpt-more\" href=\"https:\/\/larevistadigital.com.ar\/blog\/sancionaron-a-casi-mil-conductores-por-alcoholemia-positiva-en-la-primera-quincena-de-enero\/\" title=\"Sancionaron a casi mil conductores por alcoholemia positiva en la primera quincena de enero\">[Leer M\u00e1s]<\/a><\/p>\n<\/div>","protected":false},"author":3,"featured_media":43445,"comment_status":"open","ping_status":"open","sticky":false,"template":"","format":"standard","meta":{"_jetpack_memberships_contains_paid_content":false,"footnotes":"","jetpack_publicize_message":"","jetpack_publicize_feature_enabled":true,"jetpack_social_post_already_shared":true,"jetpack_social_options":{"image_generator_settings":{"template":"highway","default_image_id":0,"font":"","enabled":false},"version":2}},"categories":[50],"tags":[],"class_list":{"0":"post-43444","1":"post","2":"type-post","3":"status-publish","4":"format-standard","5":"has-post-thumbnail","7":"category-interes-general"},"jetpack_publicize_connections":[],"jetpack_featured_media_url":"https:\/\/i0.wp.com\/larevistadigital.com.ar\/blog\/wp-content\/uploads\/Captura-de-pantalla-2026-01-19-110432.jpg?fit=803%2C450&ssl=1","jetpack_sharing_enabled":true,"jetpack_shortlink":"https:\/\/wp.me\/p8qtrQ-biI","jetpack-related-posts":[{"id":43549,"url":"https:\/\/larevistadigital.com.ar\/blog\/operativos-en-pinamar-casi-14-mil-vehiculos-controlados-y-200-infractores\/","url_meta":{"origin":43444,"position":0},"title":"Operativos en Pinamar: casi 14 mil veh\u00edculos controlados y 200 infractores","author":"Alejandro Sosa Ruda","date":"22 enero, 2026","format":false,"excerpt":"Buenos Aires, 22 enero (NA)\u00a0-- La Agencia Nacional de Seguridad Vial (ANSV) realiz\u00f3 operativos en\u00a0Pinamar, en la zona de La Frontera y accesos a la ciudad, donde logr\u00f3\u00a0controlar cerca de 14 mil veh\u00edculos y detectar m\u00e1s de 200 conductores irresponsables. A trav\u00e9s de tareas de fiscalizaci\u00f3n, la ANSV detect\u00f3 en\u2026","rel":"","context":"En \u00abPOLICIALES\u00bb","block_context":{"text":"POLICIALES","link":"https:\/\/larevistadigital.com.ar\/blog\/category\/policiales\/"},"img":{"alt_text":"","src":"https:\/\/i0.wp.com\/larevistadigital.com.ar\/blog\/wp-content\/uploads\/Captura-de-pantalla-2026-01-22-152511.jpg?fit=644%2C474&ssl=1&resize=350%2C200","width":350,"height":200,"srcset":"https:\/\/i0.wp.com\/larevistadigital.com.ar\/blog\/wp-content\/uploads\/Captura-de-pantalla-2026-01-22-152511.jpg?fit=644%2C474&ssl=1&resize=350%2C200 1x, https:\/\/i0.wp.com\/larevistadigital.com.ar\/blog\/wp-content\/uploads\/Captura-de-pantalla-2026-01-22-152511.jpg?fit=644%2C474&ssl=1&resize=525%2C300 1.5x"},"classes":[]},{"id":26013,"url":"https:\/\/larevistadigital.com.ar\/blog\/se-infracciono-durante-el-fin-de-semana-largo-a-40-banquineros-con-multas-de-hasta-123-400\/","url_meta":{"origin":43444,"position":1},"title":"SE INFRACCION\u00d3 DURANTE EL FIN DE SEMANA LARGO A 40 BANQUINEROS CON MULTAS DE HASTA $123.400.-","author":"Alejandro Sosa Ruda","date":"21 junio, 2022","format":false,"excerpt":"El operativo vial se realiz\u00f3 en las rutas rumbo a la Costa Atl\u00e1ntica. Destacaron que hubo una importante merma en el n\u00famero de infractores. La\u00a0Agencia Nacional de Seguridad Vial\u00a0(ANSV) mont\u00f3 un importante operativo de control y detect\u00f3 entre el jueves y el lunes\u00a0un total de 40 conductores\u00a0que transitaban por las\u2026","rel":"","context":"En \u00abDESTACADAS\u00bb","block_context":{"text":"DESTACADAS","link":"https:\/\/larevistadigital.com.ar\/blog\/category\/destacadas\/"},"img":{"alt_text":"","src":"https:\/\/i0.wp.com\/larevistadigital.com.ar\/blog\/wp-content\/uploads\/628dfade0934897d2b6c9b3b2591638eb0fbf31f.jpg?fit=1140%2C599&ssl=1&resize=350%2C200","width":350,"height":200,"srcset":"https:\/\/i0.wp.com\/larevistadigital.com.ar\/blog\/wp-content\/uploads\/628dfade0934897d2b6c9b3b2591638eb0fbf31f.jpg?fit=1140%2C599&ssl=1&resize=350%2C200 1x, https:\/\/i0.wp.com\/larevistadigital.com.ar\/blog\/wp-content\/uploads\/628dfade0934897d2b6c9b3b2591638eb0fbf31f.jpg?fit=1140%2C599&ssl=1&resize=525%2C300 1.5x, https:\/\/i0.wp.com\/larevistadigital.com.ar\/blog\/wp-content\/uploads\/628dfade0934897d2b6c9b3b2591638eb0fbf31f.jpg?fit=1140%2C599&ssl=1&resize=700%2C400 2x, https:\/\/i0.wp.com\/larevistadigital.com.ar\/blog\/wp-content\/uploads\/628dfade0934897d2b6c9b3b2591638eb0fbf31f.jpg?fit=1140%2C599&ssl=1&resize=1050%2C600 3x"},"classes":[]},{"id":23859,"url":"https:\/\/larevistadigital.com.ar\/blog\/sancionaran-a-mas-de-100-conductores-que-manejaron-por-las-banquinas-en-las-rutas-bonaerenses\/","url_meta":{"origin":43444,"position":2},"title":"SANCIONAR\u00c1N A M\u00c1S DE 100 CONDUCTORES QUE MANEJARON POR LAS BANQUINAS EN LAS RUTAS BONAERENSES","author":"Alejandro Sosa Ruda","date":"7 febrero, 2022","format":false,"excerpt":"MULTAS DE $11.000.- La Agencia Nacional de Seguridad Vial (ANSV) identific\u00f3 y sancion\u00f3 a m\u00e1s de 100 infractores de tr\u00e1nsito que circularon por la banquina durante el fin de la segunda quincena de enero, seg\u00fan se inform\u00f3 oficialmente. Los hechos fueron captados a trav\u00e9s de los controles realizados con motos,\u2026","rel":"","context":"En \u00abINTERES GENERAL\u00bb","block_context":{"text":"INTERES GENERAL","link":"https:\/\/larevistadigital.com.ar\/blog\/category\/interes-general\/"},"img":{"alt_text":"","src":"https:\/\/i0.wp.com\/larevistadigital.com.ar\/blog\/wp-content\/uploads\/20220206142421_multas-conductores-circulan-banquina.jpg?fit=880%2C512&ssl=1&resize=350%2C200","width":350,"height":200,"srcset":"https:\/\/i0.wp.com\/larevistadigital.com.ar\/blog\/wp-content\/uploads\/20220206142421_multas-conductores-circulan-banquina.jpg?fit=880%2C512&ssl=1&resize=350%2C200 1x, https:\/\/i0.wp.com\/larevistadigital.com.ar\/blog\/wp-content\/uploads\/20220206142421_multas-conductores-circulan-banquina.jpg?fit=880%2C512&ssl=1&resize=525%2C300 1.5x, https:\/\/i0.wp.com\/larevistadigital.com.ar\/blog\/wp-content\/uploads\/20220206142421_multas-conductores-circulan-banquina.jpg?fit=880%2C512&ssl=1&resize=700%2C400 2x"},"classes":[]},{"id":39663,"url":"https:\/\/larevistadigital.com.ar\/blog\/se-saco-de-las-rutas-a-235-conductores-alcoholizados-en-un-mega-operativo\/","url_meta":{"origin":43444,"position":3},"title":"Se sac\u00f3 de las rutas a 235 conductores alcoholizados en un mega operativo","author":"Alejandro Sosa Ruda","date":"5 mayo, 2025","format":false,"excerpt":"El Ministro de Transporte, Mart\u00edn Marinucci, estuvo presente en el trabajo que se realiz\u00f3\u00a0durante la madrugada en los ramales Campana y Pilar de la Panamericana, en el marco de un operativo simult\u00e1neo en toda la provincia. 05 de Mayo de 2025 En la madrugada de este domingo, y hasta las\u2026","rel":"","context":"En \u00abREGIONALES\u00bb","block_context":{"text":"REGIONALES","link":"https:\/\/larevistadigital.com.ar\/blog\/category\/regionales\/"},"img":{"alt_text":"","src":"https:\/\/i0.wp.com\/larevistadigital.com.ar\/blog\/wp-content\/uploads\/Marinucci_encabezo_un_mega_operativo_de_alcoholemia_que_saco_de_las_rutas_a_235_conductores_alcoholizados_1_optimized_300.jpeg?fit=700%2C467&ssl=1&resize=350%2C200","width":350,"height":200,"srcset":"https:\/\/i0.wp.com\/larevistadigital.com.ar\/blog\/wp-content\/uploads\/Marinucci_encabezo_un_mega_operativo_de_alcoholemia_que_saco_de_las_rutas_a_235_conductores_alcoholizados_1_optimized_300.jpeg?fit=700%2C467&ssl=1&resize=350%2C200 1x, https:\/\/i0.wp.com\/larevistadigital.com.ar\/blog\/wp-content\/uploads\/Marinucci_encabezo_un_mega_operativo_de_alcoholemia_que_saco_de_las_rutas_a_235_conductores_alcoholizados_1_optimized_300.jpeg?fit=700%2C467&ssl=1&resize=525%2C300 1.5x, https:\/\/i0.wp.com\/larevistadigital.com.ar\/blog\/wp-content\/uploads\/Marinucci_encabezo_un_mega_operativo_de_alcoholemia_que_saco_de_las_rutas_a_235_conductores_alcoholizados_1_optimized_300.jpeg?fit=700%2C467&ssl=1&resize=700%2C400 2x"},"classes":[]},{"id":26426,"url":"https:\/\/larevistadigital.com.ar\/blog\/bajaron-los-casos-de-alcoholemia-del-8-en-2020-a-un-2-en-la-actualidad\/","url_meta":{"origin":43444,"position":4},"title":"BAJARON LOS CASOS DE ALCOHOLEMIA: DEL 8% EN 2020 A UN 2% EN LA ACTUALIDAD","author":"Alejandro Sosa Ruda","date":"7 julio, 2022","format":false,"excerpt":"Los resultados positivos de alcoholemia bajaron desde el 8% en diciembre de 2020 hasta el 2% en junio de 2022, mientras que el promedio de todos los controles efectuados durante ese per\u00edodo arroj\u00f3 una presencia de alcohol en sangre mayor a lo permitido por ley en el 4% de los\u2026","rel":"","context":"En \u00abINTERES GENERAL\u00bb","block_context":{"text":"INTERES GENERAL","link":"https:\/\/larevistadigital.com.ar\/blog\/category\/interes-general\/"},"img":{"alt_text":"","src":"https:\/\/i0.wp.com\/larevistadigital.com.ar\/blog\/wp-content\/uploads\/20220706162517_bajaron-los-casos-de-alcoholemia-de-8-en-2020-a-2-actualmente.jpg?fit=880%2C512&ssl=1&resize=350%2C200","width":350,"height":200,"srcset":"https:\/\/i0.wp.com\/larevistadigital.com.ar\/blog\/wp-content\/uploads\/20220706162517_bajaron-los-casos-de-alcoholemia-de-8-en-2020-a-2-actualmente.jpg?fit=880%2C512&ssl=1&resize=350%2C200 1x, https:\/\/i0.wp.com\/larevistadigital.com.ar\/blog\/wp-content\/uploads\/20220706162517_bajaron-los-casos-de-alcoholemia-de-8-en-2020-a-2-actualmente.jpg?fit=880%2C512&ssl=1&resize=525%2C300 1.5x, https:\/\/i0.wp.com\/larevistadigital.com.ar\/blog\/wp-content\/uploads\/20220706162517_bajaron-los-casos-de-alcoholemia-de-8-en-2020-a-2-actualmente.jpg?fit=880%2C512&ssl=1&resize=700%2C400 2x"},"classes":[]},{"id":43627,"url":"https:\/\/larevistadigital.com.ar\/blog\/la-municipalidad-incorporo-nuevo-equipamiento-para-controles-de-alcoholemia\/","url_meta":{"origin":43444,"position":5},"title":"La Municipalidad incorpor\u00f3 nuevo equipamiento para controles de alcoholemia","author":"Alejandro Sosa Ruda","date":"27 enero, 2026","format":false,"excerpt":"Los dispositivos fueron entregados en comodato por el Ministerio de Transporte bonaerense y ser\u00e1n utilizados por el \u00e1rea de Seguridad Urbana en operativos nocturnos y en accesos a la ciudad. La Municipalidad de Chascom\u00fas incorpor\u00f3 nuevo equipamiento para fortalecer los controles de alcoholemia que se realizan en la ciudad, en\u2026","rel":"","context":"En \u00abCHASCOM\u00daS\u00bb","block_context":{"text":"CHASCOM\u00daS","link":"https:\/\/larevistadigital.com.ar\/blog\/category\/chascomus\/"},"img":{"alt_text":"","src":"https:\/\/i0.wp.com\/larevistadigital.com.ar\/blog\/wp-content\/uploads\/6978f147d3d0d.png?fit=668%2C445&ssl=1&resize=350%2C200","width":350,"height":200,"srcset":"https:\/\/i0.wp.com\/larevistadigital.com.ar\/blog\/wp-content\/uploads\/6978f147d3d0d.png?fit=668%2C445&ssl=1&resize=350%2C200 1x, https:\/\/i0.wp.com\/larevistadigital.com.ar\/blog\/wp-content\/uploads\/6978f147d3d0d.png?fit=668%2C445&ssl=1&resize=525%2C300 1.5x"},"classes":[]}],"_links":{"self":[{"href":"https:\/\/larevistadigital.com.ar\/blog\/wp-json\/wp\/v2\/posts\/43444","targetHints":{"allow":["GET"]}}],"collection":[{"href":"https:\/\/larevistadigital.com.ar\/blog\/wp-json\/wp\/v2\/posts"}],"about":[{"href":"https:\/\/larevistadigital.com.ar\/blog\/wp-json\/wp\/v2\/types\/post"}],"author":[{"embeddable":true,"href":"https:\/\/larevistadigital.com.ar\/blog\/wp-json\/wp\/v2\/users\/3"}],"replies":[{"embeddable":true,"href":"https:\/\/larevistadigital.com.ar\/blog\/wp-json\/wp\/v2\/comments?post=43444"}],"version-history":[{"count":1,"href":"https:\/\/larevistadigital.com.ar\/blog\/wp-json\/wp\/v2\/posts\/43444\/revisions"}],"predecessor-version":[{"id":43446,"href":"https:\/\/larevistadigital.com.ar\/blog\/wp-json\/wp\/v2\/posts\/43444\/revisions\/43446"}],"wp:featuredmedia":[{"embeddable":true,"href":"https:\/\/larevistadigital.com.ar\/blog\/wp-json\/wp\/v2\/media\/43445"}],"wp:attachment":[{"href":"https:\/\/larevistadigital.com.ar\/blog\/wp-json\/wp\/v2\/media?parent=43444"}],"wp:term":[{"taxonomy":"category","embeddable":true,"href":"https:\/\/larevistadigital.com.ar\/blog\/wp-json\/wp\/v2\/categories?post=43444"},{"taxonomy":"post_tag","embeddable":true,"href":"https:\/\/larevistadigital.com.ar\/blog\/wp-json\/wp\/v2\/tags?post=43444"}],"curies":[{"name":"wp","href":"https:\/\/api.w.org\/{rel}","templated":true}]}}