{"id":43447,"date":"2026-01-19T11:16:12","date_gmt":"2026-01-19T14:16:12","guid":{"rendered":"https:\/\/larevistadigital.com.ar\/blog\/?p=43447"},"modified":"2026-01-19T11:16:12","modified_gmt":"2026-01-19T14:16:12","slug":"trabajadores-del-garrahan-lanzan-una-campana-nacional-contra-sumarios-truchos","status":"publish","type":"post","link":"https:\/\/larevistadigital.com.ar\/blog\/trabajadores-del-garrahan-lanzan-una-campana-nacional-contra-sumarios-truchos\/","title":{"rendered":"Trabajadores del Garrahan lanzan una campa\u00f1a nacional contra \u201csumarios truchos\u201d"},"content":{"rendered":"<h3 class=\"fullpost__copete\">Denuncian que el Gobierno nacional impulsa sanciones irregulares para disciplinar al equipo de salud y avanzar sobre el principal hospital pedi\u00e1trico del pa\u00eds.<\/h3>\n<p>19 de enero de 2026<\/p>\n<p>La Asociaci\u00f3n de Profesionales y T\u00e9cnicos del Hospital Garrahan (APyT) lanz\u00f3 una campa\u00f1a nacional de apoyo al equipo de salud y convoc\u00f3 a trabajadores, familias y a la comunidad en general a\u00a0<a href=\"https:\/\/docs.google.com\/forms\/d\/e\/1FAIpQLSd9eLuwiLLy5Yiu6mT1qejfDT4yDjhnizNNCYg8oEYPHvLQKw\/viewform\" target=\"_blank\" rel=\"noopener\">firmar un petitorio para exigir la nulidad de sumarios disciplinarios<\/a>\u00a0iniciados contra personal del hospital. Seg\u00fan denunciaron, se trata de sanciones contra trabajadores que participaron de las protestas de 2025 cumpliendo la normativa sindical.<br \/>\nDesde el gremio advirtieron que esta avanzada constituye\u00a0<strong>\u201cun nuevo ataque del Gobierno nacional al principal hospital pedi\u00e1trico del pa\u00eds\u201d<\/strong>\u00a0y se da en un contexto de incumplimientos oficiales y tensiones acumuladas.<\/p>\n<p>La secretaria general de la APyT,\u00a0<strong>Norma Lezana<\/strong>, explic\u00f3 a trav\u00e9s de un video difundido en redes sociales que, tras el \u201ctriunfo hist\u00f3rico\u201d alcanzado en 2025 \u2014que incluy\u00f3 un aumento salarial r\u00e9cord y un fuerte respaldo social\u2014, \u201cen 2026 el ataque al Hospital Garrahan contin\u00faa\u201d.<\/p>\n<p>Seg\u00fan detall\u00f3, los sumarios administrativos alcanzan a 44 trabajadores y trabajadoras y buscan disciplinar al equipo de salud que encabez\u00f3 la defensa del hospital durante el a\u00f1o pasado. \u201cEl objetivo es muy claro: achicar y privatizar el Hospital Garrahan\u201d, advirti\u00f3.<\/p>\n<h3><span style=\"color: #ff0000\">Cr\u00edticas al Ministerio de Salud y a la intervenci\u00f3n<\/span><\/h3>\n<p>Desde la APyT apuntaron directamente contra el ministro de Salud de la Naci\u00f3n,\u00a0<strong>Mario Lugones<\/strong>, y el interventor designado por el Gobierno de Javier Milei,\u00a0<strong>Mariano Pirozzo<\/strong>.<\/p>\n<blockquote>\n<h3>El gremio denunci\u00f3 que no se cumple la Ley de Emergencia de Salud Pedi\u00e1trica, que no se convocan concursos para cubrir m\u00e1s de 300 cargos vacantes producto de renuncias en los \u00faltimos dos a\u00f1os y que existe un manejo \u201coscuro\u201d de los recursos del hospital.<\/h3>\n<\/blockquote>\n<p>Tambi\u00e9n<strong>\u00a0remarcaron que Pirozzo fue designado \u201ca dedo\u201d<\/strong>, que no es pediatra, que no cuenta con experiencia en salud p\u00fablica y que es conocido por llevar adelante despidos en otros \u00e1mbitos. A esto sumaron que, en dos a\u00f1os, nunca recibi\u00f3 al personal ni asisti\u00f3 a audiencias formales.<\/p>\n<blockquote>\n<h3>Desde la Asociaci\u00f3n de Profesionales y T\u00e9cnicos vincularon la ofensiva actual con el desenlace del conflicto salarial de 2025. Seg\u00fan se\u00f1alaron, tras un proceso de protestas prolongado y masivo, el Gobierno debi\u00f3 reconocer un aumento del 61 por ciento.<\/h3>\n<\/blockquote>\n<p><strong><em>\u201cDespu\u00e9s de forzar m\u00e1s de 300 renuncias y tener que otorgar ese aumento, ahora buscan revancha\u201d<\/em><\/strong>, sostuvieron desde el gremio, que interpreta los sumarios como una represalia directa.<\/p>\n<h3><span style=\"color: #ff0000\">Petitorio, apoyo social y estado de alerta<\/span><\/h3>\n<p>La campa\u00f1a lanzada por la APyT incluye un formulario de adhesi\u00f3n p\u00fablica en apoyo a los trabajadores y trabajadoras sumariados, adem\u00e1s de un llamado a sostener el estado de alerta y movilizaci\u00f3n.<\/p>\n<blockquote>\n<h3><em>\u201cNecesitamos nuevamente el apoyo de trabajadores, familias y de toda la sociedad. Seas o no del hospital, sumate a la campa\u00f1a contra los sumarios truchos al equipo de salud por luchar\u201d<\/em>, convocaron.<\/h3>\n<\/blockquote>\n<p>En el cierre, desde la APyT dejaron un mensaje pol\u00edtico claro frente a la intervenci\u00f3n y las autoridades nacionales: <strong><em>\u201cLugones y Pirozzo pasan. Los trabajadores y el Hospital Garrahan quedan\u201d<\/em><\/strong>, afirmaron, y llamaron a defender al equipo de salud que sostiene el funcionamiento del hospital pedi\u00e1trico de alta complejidad m\u00e1s importante del pa\u00eds.<\/p>\n<div class=\"medios-widget encuesta\"><\/div>\n","protected":false},"excerpt":{"rendered":"<div class=\"mh-excerpt\"><p>Denuncian que el Gobierno nacional impulsa sanciones irregulares para disciplinar al equipo de salud y avanzar sobre el principal hospital pedi\u00e1trico del pa\u00eds. 19 de enero de 2026 La Asociaci\u00f3n de Profesionales y T\u00e9cnicos del <a class=\"mh-excerpt-more\" href=\"https:\/\/larevistadigital.com.ar\/blog\/trabajadores-del-garrahan-lanzan-una-campana-nacional-contra-sumarios-truchos\/\" title=\"Trabajadores del Garrahan lanzan una campa\u00f1a nacional contra \u201csumarios truchos\u201d\">[Leer M\u00e1s]<\/a><\/p>\n<\/div>","protected":false},"author":3,"featured_media":43448,"comment_status":"open","ping_status":"open","sticky":false,"template":"","format":"standard","meta":{"_jetpack_memberships_contains_paid_content":false,"footnotes":"","jetpack_publicize_message":"","jetpack_publicize_feature_enabled":true,"jetpack_social_post_already_shared":true,"jetpack_social_options":{"image_generator_settings":{"template":"highway","default_image_id":0,"font":"","enabled":false},"version":2}},"categories":[10,50],"tags":[],"class_list":{"0":"post-43447","1":"post","2":"type-post","3":"status-publish","4":"format-standard","5":"has-post-thumbnail","7":"category-gremiales","8":"category-interes-general"},"jetpack_publicize_connections":[],"jetpack_featured_media_url":"https:\/\/i0.wp.com\/larevistadigital.com.ar\/blog\/wp-content\/uploads\/Captura-de-pantalla-2026-01-19-111147.jpg?fit=766%2C479&ssl=1","jetpack_sharing_enabled":true,"jetpack_shortlink":"https:\/\/wp.me\/p8qtrQ-biL","jetpack-related-posts":[{"id":31861,"url":"https:\/\/larevistadigital.com.ar\/blog\/gremios-de-salud-nucleados-en-fesintras-movilizan-al-ministerio-de-salud-el-8-de-junio\/","url_meta":{"origin":43447,"position":0},"title":"GREMIOS DE SALUD NUCLEADOS EN \u00abFESINTRAS\u00bb MOVILIZAN AL MINISTERIO DE SALUD EL 8 DE JUNIO.","author":"Alejandro Sosa Ruda","date":"5 junio, 2023","format":false,"excerpt":"Se concentrar\u00e1n en la sede de la cartera sanitaria a partir de las 11 hs. Exigen una paritaria nacional y mayor presupuesto para la salud p\u00fablica. Adem\u00e1s, reclaman medidas urgentes para resolver la crisis en el Primer Nivel de Atenci\u00f3n, Pediatr\u00eda y Salud Mental, entre otras demandas. 4 de junio\u2026","rel":"","context":"En \u00abGREMIALES\u00bb","block_context":{"text":"GREMIALES","link":"https:\/\/larevistadigital.com.ar\/blog\/category\/gremiales\/"},"img":{"alt_text":"","src":"https:\/\/i0.wp.com\/larevistadigital.com.ar\/blog\/wp-content\/uploads\/mail-5.jpg?fit=1200%2C1200&ssl=1&resize=350%2C200","width":350,"height":200,"srcset":"https:\/\/i0.wp.com\/larevistadigital.com.ar\/blog\/wp-content\/uploads\/mail-5.jpg?fit=1200%2C1200&ssl=1&resize=350%2C200 1x, https:\/\/i0.wp.com\/larevistadigital.com.ar\/blog\/wp-content\/uploads\/mail-5.jpg?fit=1200%2C1200&ssl=1&resize=525%2C300 1.5x, https:\/\/i0.wp.com\/larevistadigital.com.ar\/blog\/wp-content\/uploads\/mail-5.jpg?fit=1200%2C1200&ssl=1&resize=700%2C400 2x, https:\/\/i0.wp.com\/larevistadigital.com.ar\/blog\/wp-content\/uploads\/mail-5.jpg?fit=1200%2C1200&ssl=1&resize=1050%2C600 3x"},"classes":[]},{"id":40962,"url":"https:\/\/larevistadigital.com.ar\/blog\/la-federacion-nacional-fesintras-alerto-que-las-muertes-por-fentanilo-exponen-las-graves-consecuencias-del-desmantelamiento-del-sistema-de-salud\/","url_meta":{"origin":43447,"position":1},"title":"La Federaci\u00f3n Nacional FESINTRAS alert\u00f3 que las muertes por fentanilo \u201cexponen las graves consecuencias del desmantelamiento del sistema de salud\u201d","author":"Alejandro Sosa Ruda","date":"18 agosto, 2025","format":false,"excerpt":"Adem\u00e1s, desde este nuevo nucleamiento sindical, integrado por los gremios CICOP de Buenos Aires, APUAP de Jujuy y APHEC del Hospital Cruce, reclamaron \u201cuna investigaci\u00f3n exhaustiva y la determinaci\u00f3n de responsabilidades pol\u00edticas y penales, incluyendo la del ministro de Salud, Mario Lugones\u201d. 18 de agosto de 2025 Representantes gremiales del\u2026","rel":"","context":"En \u00abINTERES GENERAL\u00bb","block_context":{"text":"INTERES GENERAL","link":"https:\/\/larevistadigital.com.ar\/blog\/category\/interes-general\/"},"img":{"alt_text":"","src":"https:\/\/i0.wp.com\/larevistadigital.com.ar\/blog\/wp-content\/uploads\/mail-10.jpg?fit=1200%2C801&ssl=1&resize=350%2C200","width":350,"height":200,"srcset":"https:\/\/i0.wp.com\/larevistadigital.com.ar\/blog\/wp-content\/uploads\/mail-10.jpg?fit=1200%2C801&ssl=1&resize=350%2C200 1x, https:\/\/i0.wp.com\/larevistadigital.com.ar\/blog\/wp-content\/uploads\/mail-10.jpg?fit=1200%2C801&ssl=1&resize=525%2C300 1.5x, https:\/\/i0.wp.com\/larevistadigital.com.ar\/blog\/wp-content\/uploads\/mail-10.jpg?fit=1200%2C801&ssl=1&resize=700%2C400 2x, https:\/\/i0.wp.com\/larevistadigital.com.ar\/blog\/wp-content\/uploads\/mail-10.jpg?fit=1200%2C801&ssl=1&resize=1050%2C600 3x"},"classes":[]},{"id":41342,"url":"https:\/\/larevistadigital.com.ar\/blog\/amparo-de-cicop-la-justicia-freno-el-examen-de-idoneidad-impulsado-por-sturzenegger-en-el-hospital-posadas\/","url_meta":{"origin":43447,"position":2},"title":"Amparo de CICOP: La Justicia fren\u00f3 el examen de idoneidad impulsado por Sturzenegger en el Hospital Posadas","author":"Alejandro Sosa Ruda","date":"8 septiembre, 2025","format":false,"excerpt":"La jueza federal Martina Forns suspendi\u00f3 por seis meses la aplicaci\u00f3n del Sistema de Evaluaci\u00f3n P\u00fablica (SEP) en el Hospital Nacional Profesor Alejandro Posadas, una medida impulsada por el ministro de Desregulaci\u00f3n y Transformaci\u00f3n del Estado, Federico Sturzenegger. 08 de septiembre de 2025 BUENOS AIRES -\u00a0 La resoluci\u00f3n judicial respondi\u00f3\u2026","rel":"","context":"En \u00abINTERES GENERAL\u00bb","block_context":{"text":"INTERES GENERAL","link":"https:\/\/larevistadigital.com.ar\/blog\/category\/interes-general\/"},"img":{"alt_text":"","src":"https:\/\/i0.wp.com\/larevistadigital.com.ar\/blog\/wp-content\/uploads\/20250908152420_justicia-suspendio-examen-idoneidad-estatales.jpg?fit=880%2C512&ssl=1&resize=350%2C200","width":350,"height":200,"srcset":"https:\/\/i0.wp.com\/larevistadigital.com.ar\/blog\/wp-content\/uploads\/20250908152420_justicia-suspendio-examen-idoneidad-estatales.jpg?fit=880%2C512&ssl=1&resize=350%2C200 1x, https:\/\/i0.wp.com\/larevistadigital.com.ar\/blog\/wp-content\/uploads\/20250908152420_justicia-suspendio-examen-idoneidad-estatales.jpg?fit=880%2C512&ssl=1&resize=525%2C300 1.5x, https:\/\/i0.wp.com\/larevistadigital.com.ar\/blog\/wp-content\/uploads\/20250908152420_justicia-suspendio-examen-idoneidad-estatales.jpg?fit=880%2C512&ssl=1&resize=700%2C400 2x"},"classes":[]},{"id":2830,"url":"https:\/\/larevistadigital.com.ar\/blog\/chascomus-el-gobierno-municipal-echo-a-tres-personas-y-ate-esta-alerta\/","url_meta":{"origin":43447,"position":3},"title":"CHASCOM\u00daS: EL GOBIERNO MUNICIPAL ECH\u00d3 A TRES PERSONAS Y ATE EST\u00c1 ALERTA","author":"Alejandro Sosa Ruda","date":"3 agosto, 2017","format":false,"excerpt":"La Secretaria General de ATE, Alicia Barletta, fue entrevistada en el programa \u201cAM Show\u201d que conducen Alberto Morel y Mart\u00edn Palmero por FM La Radio 101.5, donde puso de manifiesto su descontento ante dict\u00e1menes que tomara el Ejecutivo Municipal para con tres trabajadores municipales sumariados, que podr\u00edan ser cesanteados. All\u00ed\u2026","rel":"","context":"En \u00abCHASCOM\u00daS\u00bb","block_context":{"text":"CHASCOM\u00daS","link":"https:\/\/larevistadigital.com.ar\/blog\/category\/chascomus\/"},"img":{"alt_text":"","src":"https:\/\/i0.wp.com\/larevistadigital.com.ar\/blog\/wp-content\/uploads\/2017\/08\/17218477_10210851827963177_1953948892090466203_o.jpg?fit=1200%2C800&ssl=1&resize=350%2C200","width":350,"height":200,"srcset":"https:\/\/i0.wp.com\/larevistadigital.com.ar\/blog\/wp-content\/uploads\/2017\/08\/17218477_10210851827963177_1953948892090466203_o.jpg?fit=1200%2C800&ssl=1&resize=350%2C200 1x, https:\/\/i0.wp.com\/larevistadigital.com.ar\/blog\/wp-content\/uploads\/2017\/08\/17218477_10210851827963177_1953948892090466203_o.jpg?fit=1200%2C800&ssl=1&resize=525%2C300 1.5x, https:\/\/i0.wp.com\/larevistadigital.com.ar\/blog\/wp-content\/uploads\/2017\/08\/17218477_10210851827963177_1953948892090466203_o.jpg?fit=1200%2C800&ssl=1&resize=700%2C400 2x, https:\/\/i0.wp.com\/larevistadigital.com.ar\/blog\/wp-content\/uploads\/2017\/08\/17218477_10210851827963177_1953948892090466203_o.jpg?fit=1200%2C800&ssl=1&resize=1050%2C600 3x"},"classes":[]},{"id":37005,"url":"https:\/\/larevistadigital.com.ar\/blog\/dolores-nuevo-equipamiento-para-neonatologia-en-el-hospital-san-roque\/","url_meta":{"origin":43447,"position":4},"title":"DOLORES: NUEVO EQUIPAMIENTO PARA NEONATOLOG\u00cdA EN EL HOSPITAL SAN ROQUE","author":"Alejandro Sosa Ruda","date":"19 agosto, 2024","format":false,"excerpt":"Permite una primera atenci\u00f3n pedi\u00e1trica ante una emergencia. 19 de Agosto de 2024 DOLORES - En el marco del 151 Aniversario del Hospital Municipal San Roque, el Intendente Juan Pablo Garc\u00eda Junto al equipo de salud anunciaron que\u00a0se puso en funcionamiento un Equipo de Neonatologia. Se trata de un equipamiento\u2026","rel":"","context":"En \u00abREGIONALES\u00bb","block_context":{"text":"REGIONALES","link":"https:\/\/larevistadigital.com.ar\/blog\/category\/regionales\/"},"img":{"alt_text":"","src":"https:\/\/i0.wp.com\/larevistadigital.com.ar\/blog\/wp-content\/uploads\/f624273127f90cd8474409df0fafb22e7fa9bf67.jpg?fit=1140%2C760&ssl=1&resize=350%2C200","width":350,"height":200,"srcset":"https:\/\/i0.wp.com\/larevistadigital.com.ar\/blog\/wp-content\/uploads\/f624273127f90cd8474409df0fafb22e7fa9bf67.jpg?fit=1140%2C760&ssl=1&resize=350%2C200 1x, https:\/\/i0.wp.com\/larevistadigital.com.ar\/blog\/wp-content\/uploads\/f624273127f90cd8474409df0fafb22e7fa9bf67.jpg?fit=1140%2C760&ssl=1&resize=525%2C300 1.5x, https:\/\/i0.wp.com\/larevistadigital.com.ar\/blog\/wp-content\/uploads\/f624273127f90cd8474409df0fafb22e7fa9bf67.jpg?fit=1140%2C760&ssl=1&resize=700%2C400 2x, https:\/\/i0.wp.com\/larevistadigital.com.ar\/blog\/wp-content\/uploads\/f624273127f90cd8474409df0fafb22e7fa9bf67.jpg?fit=1140%2C760&ssl=1&resize=1050%2C600 3x"},"classes":[]},{"id":5912,"url":"https:\/\/larevistadigital.com.ar\/blog\/cicop%e2%80%88chascomus-apoya-el-paro-nacional-y-rechazo-el-acuerdo-con-el-fmi\/","url_meta":{"origin":43447,"position":5},"title":"CICOP\u2008Chascom\u00fas apoya el paro nacional y rechaz\u00f3 el acuerdo con el FMI","author":"admin","date":"25 junio, 2018","format":false,"excerpt":"Comunicado oficial de la gremial de la salud La Cicop Seccional Chascom\u00fas emiti\u00f3 un comunicado en el cual fij\u00f3 su postura en relaci\u00f3n al paro nacional convocado por la CGT para el d\u00eda de hoy. A trav\u00e9s del mismo, se manifest\u00f3 en total apoyo de la medida de fuerza. \u201cEntendemos\u2026","rel":"","context":"En \u00abCHASCOM\u00daS\u00bb","block_context":{"text":"CHASCOM\u00daS","link":"https:\/\/larevistadigital.com.ar\/blog\/category\/chascomus\/"},"img":{"alt_text":"","src":"https:\/\/i0.wp.com\/larevistadigital.com.ar\/blog\/wp-content\/uploads\/2018\/06\/cicop_01deseptiembrede2017_elfuerte.jpg?fit=737%2C348&ssl=1&resize=350%2C200","width":350,"height":200,"srcset":"https:\/\/i0.wp.com\/larevistadigital.com.ar\/blog\/wp-content\/uploads\/2018\/06\/cicop_01deseptiembrede2017_elfuerte.jpg?fit=737%2C348&ssl=1&resize=350%2C200 1x, https:\/\/i0.wp.com\/larevistadigital.com.ar\/blog\/wp-content\/uploads\/2018\/06\/cicop_01deseptiembrede2017_elfuerte.jpg?fit=737%2C348&ssl=1&resize=525%2C300 1.5x, https:\/\/i0.wp.com\/larevistadigital.com.ar\/blog\/wp-content\/uploads\/2018\/06\/cicop_01deseptiembrede2017_elfuerte.jpg?fit=737%2C348&ssl=1&resize=700%2C400 2x"},"classes":[]}],"_links":{"self":[{"href":"https:\/\/larevistadigital.com.ar\/blog\/wp-json\/wp\/v2\/posts\/43447","targetHints":{"allow":["GET"]}}],"collection":[{"href":"https:\/\/larevistadigital.com.ar\/blog\/wp-json\/wp\/v2\/posts"}],"about":[{"href":"https:\/\/larevistadigital.com.ar\/blog\/wp-json\/wp\/v2\/types\/post"}],"author":[{"embeddable":true,"href":"https:\/\/larevistadigital.com.ar\/blog\/wp-json\/wp\/v2\/users\/3"}],"replies":[{"embeddable":true,"href":"https:\/\/larevistadigital.com.ar\/blog\/wp-json\/wp\/v2\/comments?post=43447"}],"version-history":[{"count":1,"href":"https:\/\/larevistadigital.com.ar\/blog\/wp-json\/wp\/v2\/posts\/43447\/revisions"}],"predecessor-version":[{"id":43449,"href":"https:\/\/larevistadigital.com.ar\/blog\/wp-json\/wp\/v2\/posts\/43447\/revisions\/43449"}],"wp:featuredmedia":[{"embeddable":true,"href":"https:\/\/larevistadigital.com.ar\/blog\/wp-json\/wp\/v2\/media\/43448"}],"wp:attachment":[{"href":"https:\/\/larevistadigital.com.ar\/blog\/wp-json\/wp\/v2\/media?parent=43447"}],"wp:term":[{"taxonomy":"category","embeddable":true,"href":"https:\/\/larevistadigital.com.ar\/blog\/wp-json\/wp\/v2\/categories?post=43447"},{"taxonomy":"post_tag","embeddable":true,"href":"https:\/\/larevistadigital.com.ar\/blog\/wp-json\/wp\/v2\/tags?post=43447"}],"curies":[{"name":"wp","href":"https:\/\/api.w.org\/{rel}","templated":true}]}}