{"id":43450,"date":"2026-01-19T13:29:58","date_gmt":"2026-01-19T16:29:58","guid":{"rendered":"https:\/\/larevistadigital.com.ar\/blog\/?p=43450"},"modified":"2026-01-19T13:29:58","modified_gmt":"2026-01-19T16:29:58","slug":"buenos-aires-la-provincia-acordo-con-los-gremios-bonaerenses-un-nuevo-aumento-salarial-en-enero","status":"publish","type":"post","link":"https:\/\/larevistadigital.com.ar\/blog\/buenos-aires-la-provincia-acordo-con-los-gremios-bonaerenses-un-nuevo-aumento-salarial-en-enero\/","title":{"rendered":"Buenos Aires: La Provincia acord\u00f3 con los gremios bonaerenses un nuevo aumento salarial en enero"},"content":{"rendered":"<h3><em>La oferta incluye un retroactivo a diciembre con el proporcional del aguinaldo; y un 3% en enero, respecto de los haberes vigentes al mes de octubre.<\/em><\/h3>\n<p>19 de enero de 2026<\/p>\n<p>El Gobierno de la provincia de Buenos Aires, en un marco de emergencia econ\u00f3mica provocada por las pol\u00edticas del Gobierno nacional, y haciendo una mejora sustancial respecto de su anterior oferta, acord\u00f3 con la mayor\u00eda de los gremios docentes y con los representantes gremiales de los trabajadores de la Ley 10430 y leyes especiales de la Provincia un nuevo aumento salarial.<\/p>\n<p>La oferta est\u00e1 compuesta por un retroactivo a diciembre; el correspondiente proporcional al medio aguinaldo y un 3% en enero, respecto de los haberes vigentes al mes de octubre. De esta manera, las y los trabajadores provinciales percibir\u00e1n en el salario de enero un 4,5% m\u00e1s producto del retroactivo. Tambi\u00e9n se incluye el compromiso de reapertura de las negociaciones en febrero.<\/p>\n<p>Una vez m\u00e1s, es necesario advertir acerca del complejo contexto fiscal que atraviesa la Provincia producto del recorte de transferencias no autom\u00e1ticas por parte del Gobierno nacional y la brutal ca\u00edda de la recaudaci\u00f3n. A pesar de eso, el Gobierno provincial mantiene su compromiso con la calidad de las condiciones laborales de sus trabajadores y trabajadoras y seguir\u00e1 trabajando para cumplir con sus obligaciones; en el mismo sentido, desde la gesti\u00f3n del Gobernador Axel Kicillof se ha priorizado el di\u00e1logo con las y los representantes gremiales y as\u00ed lo seguir\u00e1 haciendo.<\/p>\n<p>En las reuniones virtuales participaron, por el Ministerio de Econom\u00eda, el subsecretario de Coordinaci\u00f3n Econ\u00f3mica y Estad\u00edstica, Nicol\u00e1s Todesca, y la Directora Provincial de Econom\u00eda Laboral del Sector P\u00fablico, Gisela Swaels; por el Ministerio de Trabajo, el Director Provincial de la Negociaci\u00f3n Colectiva, Juan Pablo Lorenzo; por la Direcci\u00f3n General de Cultura y Educaci\u00f3n, la subsecretaria de Educaci\u00f3n, Claudia Bracchi; por la Secretar\u00eda General, la subsecretaria de Gesti\u00f3n y Empleo P\u00fablico, Ver\u00f3nica Ferraris; y por el IPS, la directora General de Administraci\u00f3n, Carmen Sarra.<\/p>\n","protected":false},"excerpt":{"rendered":"<div class=\"mh-excerpt\"><p>La oferta incluye un retroactivo a diciembre con el proporcional del aguinaldo; y un 3% en enero, respecto de los haberes vigentes al mes de octubre. 19 de enero de 2026 El Gobierno de la <a class=\"mh-excerpt-more\" href=\"https:\/\/larevistadigital.com.ar\/blog\/buenos-aires-la-provincia-acordo-con-los-gremios-bonaerenses-un-nuevo-aumento-salarial-en-enero\/\" title=\"Buenos Aires: La Provincia acord\u00f3 con los gremios bonaerenses un nuevo aumento salarial en enero\">[Leer M\u00e1s]<\/a><\/p>\n<\/div>","protected":false},"author":3,"featured_media":43451,"comment_status":"open","ping_status":"open","sticky":false,"template":"","format":"standard","meta":{"_jetpack_memberships_contains_paid_content":false,"footnotes":"","jetpack_publicize_message":"","jetpack_publicize_feature_enabled":true,"jetpack_social_post_already_shared":true,"jetpack_social_options":{"image_generator_settings":{"template":"highway","default_image_id":0,"font":"","enabled":false},"version":2}},"categories":[10,51],"tags":[],"class_list":{"0":"post-43450","1":"post","2":"type-post","3":"status-publish","4":"format-standard","5":"has-post-thumbnail","7":"category-gremiales","8":"category-regionales"},"jetpack_publicize_connections":[],"jetpack_featured_media_url":"https:\/\/i0.wp.com\/larevistadigital.com.ar\/blog\/wp-content\/uploads\/Captura-de-pantalla-2026-01-19-132851.jpg?fit=699%2C439&ssl=1","jetpack_sharing_enabled":true,"jetpack_shortlink":"https:\/\/wp.me\/p8qtrQ-biO","jetpack-related-posts":[{"id":43675,"url":"https:\/\/larevistadigital.com.ar\/blog\/paritarias-en-la-provincia-kicillof-convoca-a-ate-y-busca-reabrir-la-negociacion-salarial\/","url_meta":{"origin":43450,"position":0},"title":"Paritarias en la Provincia: Kicillof convoca a ATE y busca reabrir la negociaci\u00f3n salarial","author":"Alejandro Sosa Ruda","date":"31 enero, 2026","format":false,"excerpt":"Tras el \u00faltimo acuerdo de diciembre y enero, el gobierno bonaerense cit\u00f3 al gremio de estatales para discutir un nuevo aumento en medio de la inflaci\u00f3n. La reuni\u00f3n ser\u00e1 el jueves y marcar\u00e1 el inicio de la reapertura prevista en el acuerdo anterior. 31 de enero de 2026 El\u00a0gobierno de\u2026","rel":"","context":"En \u00abPOLITICA\u00bb","block_context":{"text":"POLITICA","link":"https:\/\/larevistadigital.com.ar\/blog\/category\/politica\/"},"img":{"alt_text":"","src":"https:\/\/i0.wp.com\/larevistadigital.com.ar\/blog\/wp-content\/uploads\/Captura-de-pantalla-2026-01-31-154018.jpg?fit=796%2C455&ssl=1&resize=350%2C200","width":350,"height":200,"srcset":"https:\/\/i0.wp.com\/larevistadigital.com.ar\/blog\/wp-content\/uploads\/Captura-de-pantalla-2026-01-31-154018.jpg?fit=796%2C455&ssl=1&resize=350%2C200 1x, https:\/\/i0.wp.com\/larevistadigital.com.ar\/blog\/wp-content\/uploads\/Captura-de-pantalla-2026-01-31-154018.jpg?fit=796%2C455&ssl=1&resize=525%2C300 1.5x, https:\/\/i0.wp.com\/larevistadigital.com.ar\/blog\/wp-content\/uploads\/Captura-de-pantalla-2026-01-31-154018.jpg?fit=796%2C455&ssl=1&resize=700%2C400 2x"},"classes":[]},{"id":44373,"url":"https:\/\/larevistadigital.com.ar\/blog\/pablo-lopez-a-pesar-de-la-asfixia-del-gobierno-nacional-la-gestion-de-la-provincia-sigue-adelante\/","url_meta":{"origin":43450,"position":1},"title":"Pablo L\u00f3pez: \u201cA pesar de la asfixia del Gobierno nacional, la gesti\u00f3n de la Provincia sigue adelante\u201d","author":"Alejandro Sosa Ruda","date":"6 marzo, 2026","format":false,"excerpt":"El Ministro de Econom\u00eda se refiri\u00f3 a la aceptaci\u00f3n por parte de la mayor\u00eda de las organizaciones gremiales de la oferta de aumento salarial realizada por el Gobierno de la Provincia de Buenos Aires. 06 de marzo de 2026 El Gobierno de la Provincia de Buenos Aires alcanz\u00f3 un nuevo\u2026","rel":"","context":"En \u00abINTERES GENERAL\u00bb","block_context":{"text":"INTERES GENERAL","link":"https:\/\/larevistadigital.com.ar\/blog\/category\/interes-general\/"},"img":{"alt_text":"","src":"https:\/\/i0.wp.com\/larevistadigital.com.ar\/blog\/wp-content\/uploads\/Captura-de-pantalla-2026-03-06-213035.jpg?fit=735%2C491&ssl=1&resize=350%2C200","width":350,"height":200,"srcset":"https:\/\/i0.wp.com\/larevistadigital.com.ar\/blog\/wp-content\/uploads\/Captura-de-pantalla-2026-03-06-213035.jpg?fit=735%2C491&ssl=1&resize=350%2C200 1x, https:\/\/i0.wp.com\/larevistadigital.com.ar\/blog\/wp-content\/uploads\/Captura-de-pantalla-2026-03-06-213035.jpg?fit=735%2C491&ssl=1&resize=525%2C300 1.5x, https:\/\/i0.wp.com\/larevistadigital.com.ar\/blog\/wp-content\/uploads\/Captura-de-pantalla-2026-03-06-213035.jpg?fit=735%2C491&ssl=1&resize=700%2C400 2x"},"classes":[]},{"id":43237,"url":"https:\/\/larevistadigital.com.ar\/blog\/chascomus-aumento-salarial-del-13-para-trabajadores-municipales\/","url_meta":{"origin":43450,"position":2},"title":"Chascom\u00fas: Aumento salarial del 13% para trabajadores municipales","author":"Alejandro Sosa Ruda","date":"10 enero, 2026","format":false,"excerpt":"Las autoridades del Departamento Ejecutivo y representantes de los sindicatos municipales alcanzaron un acuerdo un\u00e1nime que establece aumentos salariales en dos tramos y mantiene el di\u00e1logo permanente con los gremios. 10 de enero de 2026 CHASCOM\u00daS -\u00a0 \u00a0El encuentro de la Mesa Salarial tuvo lugar en el Palacio Municipal, donde\u2026","rel":"","context":"En \u00abINTERES GENERAL\u00bb","block_context":{"text":"INTERES GENERAL","link":"https:\/\/larevistadigital.com.ar\/blog\/category\/interes-general\/"},"img":{"alt_text":"","src":"https:\/\/i0.wp.com\/larevistadigital.com.ar\/blog\/wp-content\/uploads\/69615a06816dc.png?fit=668%2C445&ssl=1&resize=350%2C200","width":350,"height":200,"srcset":"https:\/\/i0.wp.com\/larevistadigital.com.ar\/blog\/wp-content\/uploads\/69615a06816dc.png?fit=668%2C445&ssl=1&resize=350%2C200 1x, https:\/\/i0.wp.com\/larevistadigital.com.ar\/blog\/wp-content\/uploads\/69615a06816dc.png?fit=668%2C445&ssl=1&resize=525%2C300 1.5x"},"classes":[]},{"id":35041,"url":"https:\/\/larevistadigital.com.ar\/blog\/25-de-aumento-asi-queda-la-escala-de-la-policia-bonaerense-de-oficial-a-comisario\/","url_meta":{"origin":43450,"position":3},"title":"25% DE AUMENTO: AS\u00cd QUEDA LA ESCALA DE LA POLIC\u00cdA BONAERENSE (DE OFICIAL A COMISARIO)","author":"Alejandro Sosa Ruda","date":"20 enero, 2024","format":false,"excerpt":"La suba fue anunciada el \u00faltimo martes por el Ministerio de Econom\u00eda de la Provincia y se va a oficializar mediante un decreto. 20 de enero de 2023 BUENOS AIRES -\u00a0 El Gobierno Provincial\u00a0liquidar\u00e1 en febrero\u00a0los haberes con aumento del 25% correspondientes a enero para todos los trabajadores que dependen\u2026","rel":"","context":"En \u00abPOLICIALES\u00bb","block_context":{"text":"POLICIALES","link":"https:\/\/larevistadigital.com.ar\/blog\/category\/policiales\/"},"img":{"alt_text":"","src":"https:\/\/i0.wp.com\/larevistadigital.com.ar\/blog\/wp-content\/uploads\/whatsapp-image-2022-07-14-at-123657-pm-RFz5u.jpeg?fit=995%2C545&ssl=1&resize=350%2C200","width":350,"height":200,"srcset":"https:\/\/i0.wp.com\/larevistadigital.com.ar\/blog\/wp-content\/uploads\/whatsapp-image-2022-07-14-at-123657-pm-RFz5u.jpeg?fit=995%2C545&ssl=1&resize=350%2C200 1x, https:\/\/i0.wp.com\/larevistadigital.com.ar\/blog\/wp-content\/uploads\/whatsapp-image-2022-07-14-at-123657-pm-RFz5u.jpeg?fit=995%2C545&ssl=1&resize=525%2C300 1.5x, https:\/\/i0.wp.com\/larevistadigital.com.ar\/blog\/wp-content\/uploads\/whatsapp-image-2022-07-14-at-123657-pm-RFz5u.jpeg?fit=995%2C545&ssl=1&resize=700%2C400 2x"},"classes":[]},{"id":953,"url":"https:\/\/larevistadigital.com.ar\/blog\/primicia-de-lrd-los-gremios-municipales-llegaron-a-un-acuerdo-por-el-aumento-salarial\/","url_meta":{"origin":43450,"position":4},"title":"PRIMICIA DE LRD: LOS GREMIOS MUNICIPALES LLEGARON A UN ACUERDO POR EL AUMENTO SALARIAL","author":"Alejandro Sosa Ruda","date":"10 marzo, 2017","format":false,"excerpt":"LRD dialog\u00f3 en exclusiva con la Secretaria general de ATE, Mar\u00eda Alicia Barletta, qui\u00e9n confirm\u00f3 que luego de una larga reuni\u00f3n pudieron llegar a un acuerdo sobre el monto del aumento salarial con el ejecutivo municipal. En el d\u00eda de hoy, se produjo la reuni\u00f3n pactada entre funcionarios del ejecutivo\u2026","rel":"","context":"En \u00abCHASCOM\u00daS\u00bb","block_context":{"text":"CHASCOM\u00daS","link":"https:\/\/larevistadigital.com.ar\/blog\/category\/chascomus\/"},"img":{"alt_text":"","src":"https:\/\/i0.wp.com\/larevistadigital.com.ar\/blog\/wp-content\/uploads\/2017\/03\/barleta_Alicia-Copy.jpg?fit=1024%2C768&ssl=1&resize=350%2C200","width":350,"height":200,"srcset":"https:\/\/i0.wp.com\/larevistadigital.com.ar\/blog\/wp-content\/uploads\/2017\/03\/barleta_Alicia-Copy.jpg?fit=1024%2C768&ssl=1&resize=350%2C200 1x, https:\/\/i0.wp.com\/larevistadigital.com.ar\/blog\/wp-content\/uploads\/2017\/03\/barleta_Alicia-Copy.jpg?fit=1024%2C768&ssl=1&resize=525%2C300 1.5x, https:\/\/i0.wp.com\/larevistadigital.com.ar\/blog\/wp-content\/uploads\/2017\/03\/barleta_Alicia-Copy.jpg?fit=1024%2C768&ssl=1&resize=700%2C400 2x"},"classes":[]},{"id":2098,"url":"https:\/\/larevistadigital.com.ar\/blog\/nuevo-record-gobierno-y-gremios-docentes-siguen-con-el-cuarto-intermedio-mas-largo-de-la-historia\/","url_meta":{"origin":43450,"position":5},"title":"NUEVO RECORD: GOBIERNO Y GREMIOS DOCENTES SIGUEN CON EL CUARTO INTERMEDIO M\u00c1S LARGO DE LA HISTORIA","author":"Alejandro Sosa Ruda","date":"25 abril, 2017","format":false,"excerpt":"A una semana de rechazar la \u00faltima oferta del Gobierno de\u00a0Mar\u00eda Eugenia Vidal, los gremios docentes de la provincia de Buenos Aires todav\u00eda siguen analizando qu\u00e9 medidas adoptar o si dar\u00e1n una respuesta definitiva de aprobaci\u00f3n, en el marco de la vigencia del cuarto intermedio establecido el lunes 17 que\u2026","rel":"","context":"En \u00abDEPORTES\u00bb","block_context":{"text":"DEPORTES","link":"https:\/\/larevistadigital.com.ar\/blog\/category\/deportes\/"},"img":{"alt_text":"","src":"https:\/\/i0.wp.com\/larevistadigital.com.ar\/blog\/wp-content\/uploads\/2017\/04\/bbx_616724349_cuartt.jpg?fit=1200%2C544&ssl=1&resize=350%2C200","width":350,"height":200,"srcset":"https:\/\/i0.wp.com\/larevistadigital.com.ar\/blog\/wp-content\/uploads\/2017\/04\/bbx_616724349_cuartt.jpg?fit=1200%2C544&ssl=1&resize=350%2C200 1x, https:\/\/i0.wp.com\/larevistadigital.com.ar\/blog\/wp-content\/uploads\/2017\/04\/bbx_616724349_cuartt.jpg?fit=1200%2C544&ssl=1&resize=525%2C300 1.5x, https:\/\/i0.wp.com\/larevistadigital.com.ar\/blog\/wp-content\/uploads\/2017\/04\/bbx_616724349_cuartt.jpg?fit=1200%2C544&ssl=1&resize=700%2C400 2x, https:\/\/i0.wp.com\/larevistadigital.com.ar\/blog\/wp-content\/uploads\/2017\/04\/bbx_616724349_cuartt.jpg?fit=1200%2C544&ssl=1&resize=1050%2C600 3x"},"classes":[]}],"_links":{"self":[{"href":"https:\/\/larevistadigital.com.ar\/blog\/wp-json\/wp\/v2\/posts\/43450","targetHints":{"allow":["GET"]}}],"collection":[{"href":"https:\/\/larevistadigital.com.ar\/blog\/wp-json\/wp\/v2\/posts"}],"about":[{"href":"https:\/\/larevistadigital.com.ar\/blog\/wp-json\/wp\/v2\/types\/post"}],"author":[{"embeddable":true,"href":"https:\/\/larevistadigital.com.ar\/blog\/wp-json\/wp\/v2\/users\/3"}],"replies":[{"embeddable":true,"href":"https:\/\/larevistadigital.com.ar\/blog\/wp-json\/wp\/v2\/comments?post=43450"}],"version-history":[{"count":1,"href":"https:\/\/larevistadigital.com.ar\/blog\/wp-json\/wp\/v2\/posts\/43450\/revisions"}],"predecessor-version":[{"id":43452,"href":"https:\/\/larevistadigital.com.ar\/blog\/wp-json\/wp\/v2\/posts\/43450\/revisions\/43452"}],"wp:featuredmedia":[{"embeddable":true,"href":"https:\/\/larevistadigital.com.ar\/blog\/wp-json\/wp\/v2\/media\/43451"}],"wp:attachment":[{"href":"https:\/\/larevistadigital.com.ar\/blog\/wp-json\/wp\/v2\/media?parent=43450"}],"wp:term":[{"taxonomy":"category","embeddable":true,"href":"https:\/\/larevistadigital.com.ar\/blog\/wp-json\/wp\/v2\/categories?post=43450"},{"taxonomy":"post_tag","embeddable":true,"href":"https:\/\/larevistadigital.com.ar\/blog\/wp-json\/wp\/v2\/tags?post=43450"}],"curies":[{"name":"wp","href":"https:\/\/api.w.org\/{rel}","templated":true}]}}