{"id":43453,"date":"2026-01-19T14:04:06","date_gmt":"2026-01-19T17:04:06","guid":{"rendered":"https:\/\/larevistadigital.com.ar\/blog\/?p=43453"},"modified":"2026-01-19T14:04:06","modified_gmt":"2026-01-19T17:04:06","slug":"hallaron-a-un-hombre-sin-vida-dentro-de-un-vehiculo","status":"publish","type":"post","link":"https:\/\/larevistadigital.com.ar\/blog\/hallaron-a-un-hombre-sin-vida-dentro-de-un-vehiculo\/","title":{"rendered":"Hallaron a un hombre sin vida dentro de un veh\u00edculo"},"content":{"rendered":"<p data-start=\"195\" data-end=\"382\"><strong data-start=\"195\" data-end=\"382\">El hecho ocurri\u00f3 a unos cinco kil\u00f3metros de la localidad, de Lavarden, en el partido de General Guido. La Justicia investiga el caso y no se descartan hip\u00f3tesis vinculadas a una autodeterminaci\u00f3n.<\/strong><\/p>\n<p data-start=\"195\" data-end=\"382\">19 de enero de 2026<\/p>\n<p data-start=\"384\" data-end=\"597\"><strong>GRAL. GUIDO &#8211;\u00a0<\/strong> \u00a0 Un hombre de aproximadamente <strong data-start=\"413\" data-end=\"424\">30 a\u00f1os<\/strong> fue hallado <strong data-start=\"437\" data-end=\"479\">sin vida en el interior de un veh\u00edculo<\/strong> este domingo, a unos <strong data-start=\"501\" data-end=\"549\">cinco kil\u00f3metros de la localidad de Labard\u00e9n<\/strong>, en el partido bonaerense de <strong data-start=\"579\" data-end=\"596\">General Guido<\/strong>.<\/p>\n<blockquote>\n<h3 data-start=\"599\" data-end=\"773\">Seg\u00fan informaron fuentes oficiales, el fallecimiento estar\u00eda <strong data-start=\"660\" data-end=\"697\">vinculado a una autodeterminaci\u00f3n<\/strong>, aunque las circunstancias del hecho son materia de investigaci\u00f3n judicial.<\/h3>\n<\/blockquote>\n<p data-start=\"775\" data-end=\"1067\">El episodio fue advertido por personas que se encontraban en un <strong data-start=\"839\" data-end=\"875\">establecimiento rural de la zona<\/strong>, quienes dieron aviso a la polic\u00eda tras detectar una situaci\u00f3n irregular. Al llegar al lugar, los efectivos constataron el deceso del hombre y hallaron <strong data-start=\"1028\" data-end=\"1066\">un arma de fuego dentro del rodado<\/strong>.<\/p>\n<p data-start=\"1069\" data-end=\"1309\">En el lugar trabaj\u00f3 personal de la <strong data-start=\"1104\" data-end=\"1139\">Patrulla Rural de General Guido<\/strong>, mientras que la causa qued\u00f3 en manos de la <strong data-start=\"1184\" data-end=\"1242\">Fiscal\u00eda en turno del Departamento Judicial de Dolores<\/strong>, que dispuso las actuaciones de rigor para esclarecer lo sucedido.<\/p>\n<p data-start=\"1311\" data-end=\"1346\">La investigaci\u00f3n contin\u00faa en curso.<\/p>\n<p data-start=\"1311\" data-end=\"1346\">FUENTE; Infozona<\/p>\n","protected":false},"excerpt":{"rendered":"<div class=\"mh-excerpt\"><p>El hecho ocurri\u00f3 a unos cinco kil\u00f3metros de la localidad, de Lavarden, en el partido de General Guido. La Justicia investiga el caso y no se descartan hip\u00f3tesis vinculadas a una autodeterminaci\u00f3n. 19 de enero <a class=\"mh-excerpt-more\" href=\"https:\/\/larevistadigital.com.ar\/blog\/hallaron-a-un-hombre-sin-vida-dentro-de-un-vehiculo\/\" title=\"Hallaron a un hombre sin vida dentro de un veh\u00edculo\">[Leer M\u00e1s]<\/a><\/p>\n<\/div>","protected":false},"author":3,"featured_media":23109,"comment_status":"open","ping_status":"open","sticky":false,"template":"","format":"standard","meta":{"_jetpack_memberships_contains_paid_content":false,"footnotes":"","jetpack_publicize_message":"","jetpack_publicize_feature_enabled":true,"jetpack_social_post_already_shared":true,"jetpack_social_options":{"image_generator_settings":{"template":"highway","default_image_id":0,"font":"","enabled":false},"version":2}},"categories":[44,51],"tags":[],"class_list":{"0":"post-43453","1":"post","2":"type-post","3":"status-publish","4":"format-standard","5":"has-post-thumbnail","7":"category-policiales","8":"category-regionales"},"jetpack_publicize_connections":[],"jetpack_featured_media_url":"https:\/\/i0.wp.com\/larevistadigital.com.ar\/blog\/wp-content\/uploads\/Captura-de-pantalla-2021-12-29-203210.jpg?fit=1013%2C675&ssl=1","jetpack_sharing_enabled":true,"jetpack_shortlink":"https:\/\/wp.me\/p8qtrQ-biR","jetpack-related-posts":[{"id":22255,"url":"https:\/\/larevistadigital.com.ar\/blog\/muchacho-de-20-anos-con-vinculaciones-en-ayacucho-se-quito-la-vida-en-general-guido\/","url_meta":{"origin":43453,"position":0},"title":"MUCHACHO DE 20 A\u00d1OS CON VINCULACIONES EN AYACUCHO SE QUIT\u00d3 LA VIDA EN GENERAL GUIDO","author":"Alejandro Sosa Ruda","date":"7 octubre, 2021","format":false,"excerpt":"GENERAL GUIDO - Un pibe con vinculaci\u00f3n familiar y afectiva en Ayacucho se habr\u00eda quitado la vida este martes en un establecimiento rural \u201cLos Leones\u201d, ubicado en el Cuartel III de la vecina localidad de General Guido. Se desconocen los motivos por los cuales el muchacho de unos 20 a\u00f1os\u2026","rel":"","context":"En \u00abPOLICIALES\u00bb","block_context":{"text":"POLICIALES","link":"https:\/\/larevistadigital.com.ar\/blog\/category\/policiales\/"},"img":{"alt_text":"","src":"https:\/\/i0.wp.com\/larevistadigital.com.ar\/blog\/wp-content\/uploads\/guido.jpg?fit=1080%2C770&ssl=1&resize=350%2C200","width":350,"height":200,"srcset":"https:\/\/i0.wp.com\/larevistadigital.com.ar\/blog\/wp-content\/uploads\/guido.jpg?fit=1080%2C770&ssl=1&resize=350%2C200 1x, https:\/\/i0.wp.com\/larevistadigital.com.ar\/blog\/wp-content\/uploads\/guido.jpg?fit=1080%2C770&ssl=1&resize=525%2C300 1.5x, https:\/\/i0.wp.com\/larevistadigital.com.ar\/blog\/wp-content\/uploads\/guido.jpg?fit=1080%2C770&ssl=1&resize=700%2C400 2x, https:\/\/i0.wp.com\/larevistadigital.com.ar\/blog\/wp-content\/uploads\/guido.jpg?fit=1080%2C770&ssl=1&resize=1050%2C600 3x"},"classes":[]},{"id":30213,"url":"https:\/\/larevistadigital.com.ar\/blog\/ruta-2-volco-auto-con-cinco-jovenes-a-la-altura-de-gral-guido\/","url_meta":{"origin":43453,"position":1},"title":"RUTA 2: VOLC\u00d3 AUTO CON CINCO JOVENES A LA ALTURA DE GRAL. GUIDO","author":"Alejandro Sosa Ruda","date":"22 febrero, 2023","format":false,"excerpt":"Cinco personas de entre 26 y 27 a\u00f1os protagonizaron un siniestro vial a bordo de un veh\u00edculo utilitario y fueron derivados para su atenci\u00f3n m\u00e9dica. 21 de febrero de 2023 Nacieron de nuevo... Es lo que se puede decir de los\u00a0cinco j\u00f3venes que protagonizaron un siniestro, volcando con su veh\u00edculo\u2026","rel":"","context":"En \u00abPOLICIALES\u00bb","block_context":{"text":"POLICIALES","link":"https:\/\/larevistadigital.com.ar\/blog\/category\/policiales\/"},"img":{"alt_text":"","src":"https:\/\/i0.wp.com\/larevistadigital.com.ar\/blog\/wp-content\/uploads\/vuelco-3.jpg?fit=799%2C376&ssl=1&resize=350%2C200","width":350,"height":200,"srcset":"https:\/\/i0.wp.com\/larevistadigital.com.ar\/blog\/wp-content\/uploads\/vuelco-3.jpg?fit=799%2C376&ssl=1&resize=350%2C200 1x, https:\/\/i0.wp.com\/larevistadigital.com.ar\/blog\/wp-content\/uploads\/vuelco-3.jpg?fit=799%2C376&ssl=1&resize=525%2C300 1.5x, https:\/\/i0.wp.com\/larevistadigital.com.ar\/blog\/wp-content\/uploads\/vuelco-3.jpg?fit=799%2C376&ssl=1&resize=700%2C400 2x"},"classes":[]},{"id":42082,"url":"https:\/\/larevistadigital.com.ar\/blog\/tragedia-en-la-ruta-2-una-mujer-murio-al-chocar-contra-el-guardarrail\/","url_meta":{"origin":43453,"position":2},"title":"Tragedia en la Ruta 2: una mujer muri\u00f3 al chocar contra el guardarra\u00edl","author":"Alejandro Sosa Ruda","date":"19 octubre, 2025","format":false,"excerpt":"El accidente ocurri\u00f3 durante la madrugada del s\u00e1bado, a la altura del kil\u00f3metro 253 en Gral. Guido.\u00a0 La v\u00edctima, de 72 a\u00f1os, viajaba con su pareja, que result\u00f3 con heridas leves. 19 de Octubre de 2025 General Guido.- BUENOS AIRES -\u00a0 Un nuevo accidente fatal se registr\u00f3 en la madrugada\u2026","rel":"","context":"En \u00abPOLICIALES\u00bb","block_context":{"text":"POLICIALES","link":"https:\/\/larevistadigital.com.ar\/blog\/category\/policiales\/"},"img":{"alt_text":"","src":"https:\/\/i0.wp.com\/larevistadigital.com.ar\/blog\/wp-content\/uploads\/4a3e11ff20abed0a478648db76313199e4f2b18e.jpg?fit=1140%2C652&ssl=1&resize=350%2C200","width":350,"height":200,"srcset":"https:\/\/i0.wp.com\/larevistadigital.com.ar\/blog\/wp-content\/uploads\/4a3e11ff20abed0a478648db76313199e4f2b18e.jpg?fit=1140%2C652&ssl=1&resize=350%2C200 1x, https:\/\/i0.wp.com\/larevistadigital.com.ar\/blog\/wp-content\/uploads\/4a3e11ff20abed0a478648db76313199e4f2b18e.jpg?fit=1140%2C652&ssl=1&resize=525%2C300 1.5x, https:\/\/i0.wp.com\/larevistadigital.com.ar\/blog\/wp-content\/uploads\/4a3e11ff20abed0a478648db76313199e4f2b18e.jpg?fit=1140%2C652&ssl=1&resize=700%2C400 2x, https:\/\/i0.wp.com\/larevistadigital.com.ar\/blog\/wp-content\/uploads\/4a3e11ff20abed0a478648db76313199e4f2b18e.jpg?fit=1140%2C652&ssl=1&resize=1050%2C600 3x"},"classes":[]},{"id":40485,"url":"https:\/\/larevistadigital.com.ar\/blog\/municipios-por-la-igualdad-en-general-guido\/","url_meta":{"origin":43453,"position":3},"title":"\u201cMunicipios por la Igualdad\u201d en General Guido","author":"Alejandro Sosa Ruda","date":"15 julio, 2025","format":false,"excerpt":"En el marco de la visita a municipios de la Regi\u00f3n Quinta, la ministra Estela D\u00edaz y el intendente de General Guido, Carlos Humberto Rocha, firmaron un nuevo convenio del programa \"Municipios por la Igualdad\". 15 de Julio de 2025 GENERAL GUIDO\u00a0 -\u00a0 \u00a0En el marco de la visita a\u2026","rel":"","context":"En \u00abPOLITICA PROVINCIAL\u00bb","block_context":{"text":"POLITICA PROVINCIAL","link":"https:\/\/larevistadigital.com.ar\/blog\/category\/politica\/politica-provincial\/"},"img":{"alt_text":"","src":"https:\/\/i0.wp.com\/larevistadigital.com.ar\/blog\/wp-content\/uploads\/WhatsApp-Image-2025-07-14-at-16.12.26.jpeg?fit=550%2C367&ssl=1&resize=350%2C200","width":350,"height":200,"srcset":"https:\/\/i0.wp.com\/larevistadigital.com.ar\/blog\/wp-content\/uploads\/WhatsApp-Image-2025-07-14-at-16.12.26.jpeg?fit=550%2C367&ssl=1&resize=350%2C200 1x, https:\/\/i0.wp.com\/larevistadigital.com.ar\/blog\/wp-content\/uploads\/WhatsApp-Image-2025-07-14-at-16.12.26.jpeg?fit=550%2C367&ssl=1&resize=525%2C300 1.5x"},"classes":[]},{"id":19716,"url":"https:\/\/larevistadigital.com.ar\/blog\/general-guido-roban-tres-computadoras-de-una-escuela\/","url_meta":{"origin":43453,"position":4},"title":"GENERAL GUIDO: ROBAN TRES COMPUTADORAS DE UNA ESCUELA","author":"Alejandro Sosa Ruda","date":"19 abril, 2021","format":false,"excerpt":"Se trata de netbooks del Programa Conectar Iguadad. GENERAL GUIDO - En las \u00faltimas horas autoridades de la Escuela Secundaria N\u00b0 1 de General Guido, radicaron una denuncia por el robo de tres computadoras del establecimiento. Fue precisamente, el responsable del \u00c1rea Inform\u00e1tica de la escuela, quien constat\u00f3 la faltante\u2026","rel":"","context":"En \u00abPOLICIALES\u00bb","block_context":{"text":"POLICIALES","link":"https:\/\/larevistadigital.com.ar\/blog\/category\/policiales\/"},"img":{"alt_text":"","src":"https:\/\/i0.wp.com\/larevistadigital.com.ar\/blog\/wp-content\/uploads\/daea03f4e9fb10cde2ec9b8e53b9acfcbec84a7d.jpg?fit=1140%2C759&ssl=1&resize=350%2C200","width":350,"height":200,"srcset":"https:\/\/i0.wp.com\/larevistadigital.com.ar\/blog\/wp-content\/uploads\/daea03f4e9fb10cde2ec9b8e53b9acfcbec84a7d.jpg?fit=1140%2C759&ssl=1&resize=350%2C200 1x, https:\/\/i0.wp.com\/larevistadigital.com.ar\/blog\/wp-content\/uploads\/daea03f4e9fb10cde2ec9b8e53b9acfcbec84a7d.jpg?fit=1140%2C759&ssl=1&resize=525%2C300 1.5x, https:\/\/i0.wp.com\/larevistadigital.com.ar\/blog\/wp-content\/uploads\/daea03f4e9fb10cde2ec9b8e53b9acfcbec84a7d.jpg?fit=1140%2C759&ssl=1&resize=700%2C400 2x, https:\/\/i0.wp.com\/larevistadigital.com.ar\/blog\/wp-content\/uploads\/daea03f4e9fb10cde2ec9b8e53b9acfcbec84a7d.jpg?fit=1140%2C759&ssl=1&resize=1050%2C600 3x"},"classes":[]},{"id":18238,"url":"https:\/\/larevistadigital.com.ar\/blog\/discusion-de-transito-termina-con-menor-apunalado\/","url_meta":{"origin":43453,"position":5},"title":"DISCUSI\u00d3N DE TR\u00c1NSITO, TERMINA CON MENOR APU\u00d1ALADO","author":"Alejandro Sosa Ruda","date":"19 diciembre, 2020","format":false,"excerpt":"Un entredicho en la v\u00eda p\u00fablica casi termina con la vida de un adolescente, que fue acuchillado por un individuo ENSENADA - En las \u00faltimas horas un hombre de 30 a\u00f1os fue aprehendido luego de agredir con un cuchillo a un menor de edad en las calles Guido Spano y\u2026","rel":"","context":"En \u00abPOLICIALES\u00bb","block_context":{"text":"POLICIALES","link":"https:\/\/larevistadigital.com.ar\/blog\/category\/policiales\/"},"img":{"alt_text":"","src":"https:\/\/i0.wp.com\/larevistadigital.com.ar\/blog\/wp-content\/uploads\/20201218101909_web_destacado.jpg?fit=880%2C586&ssl=1&resize=350%2C200","width":350,"height":200,"srcset":"https:\/\/i0.wp.com\/larevistadigital.com.ar\/blog\/wp-content\/uploads\/20201218101909_web_destacado.jpg?fit=880%2C586&ssl=1&resize=350%2C200 1x, https:\/\/i0.wp.com\/larevistadigital.com.ar\/blog\/wp-content\/uploads\/20201218101909_web_destacado.jpg?fit=880%2C586&ssl=1&resize=525%2C300 1.5x, https:\/\/i0.wp.com\/larevistadigital.com.ar\/blog\/wp-content\/uploads\/20201218101909_web_destacado.jpg?fit=880%2C586&ssl=1&resize=700%2C400 2x"},"classes":[]}],"_links":{"self":[{"href":"https:\/\/larevistadigital.com.ar\/blog\/wp-json\/wp\/v2\/posts\/43453","targetHints":{"allow":["GET"]}}],"collection":[{"href":"https:\/\/larevistadigital.com.ar\/blog\/wp-json\/wp\/v2\/posts"}],"about":[{"href":"https:\/\/larevistadigital.com.ar\/blog\/wp-json\/wp\/v2\/types\/post"}],"author":[{"embeddable":true,"href":"https:\/\/larevistadigital.com.ar\/blog\/wp-json\/wp\/v2\/users\/3"}],"replies":[{"embeddable":true,"href":"https:\/\/larevistadigital.com.ar\/blog\/wp-json\/wp\/v2\/comments?post=43453"}],"version-history":[{"count":1,"href":"https:\/\/larevistadigital.com.ar\/blog\/wp-json\/wp\/v2\/posts\/43453\/revisions"}],"predecessor-version":[{"id":43454,"href":"https:\/\/larevistadigital.com.ar\/blog\/wp-json\/wp\/v2\/posts\/43453\/revisions\/43454"}],"wp:featuredmedia":[{"embeddable":true,"href":"https:\/\/larevistadigital.com.ar\/blog\/wp-json\/wp\/v2\/media\/23109"}],"wp:attachment":[{"href":"https:\/\/larevistadigital.com.ar\/blog\/wp-json\/wp\/v2\/media?parent=43453"}],"wp:term":[{"taxonomy":"category","embeddable":true,"href":"https:\/\/larevistadigital.com.ar\/blog\/wp-json\/wp\/v2\/categories?post=43453"},{"taxonomy":"post_tag","embeddable":true,"href":"https:\/\/larevistadigital.com.ar\/blog\/wp-json\/wp\/v2\/tags?post=43453"}],"curies":[{"name":"wp","href":"https:\/\/api.w.org\/{rel}","templated":true}]}}