{"id":43455,"date":"2026-01-19T14:13:44","date_gmt":"2026-01-19T17:13:44","guid":{"rendered":"https:\/\/larevistadigital.com.ar\/blog\/?p=43455"},"modified":"2026-01-19T14:13:44","modified_gmt":"2026-01-19T17:13:44","slug":"susto-en-sierra-de-los-padres-una-yarara-aparecio-en-una-cabana-y-obligo-a-intervenir-a-los-bomberos","status":"publish","type":"post","link":"https:\/\/larevistadigital.com.ar\/blog\/susto-en-sierra-de-los-padres-una-yarara-aparecio-en-una-cabana-y-obligo-a-intervenir-a-los-bomberos\/","title":{"rendered":"Susto en Sierra de los Padres: una yarar\u00e1 apareci\u00f3 en una caba\u00f1a y oblig\u00f3 a intervenir a los bomberos"},"content":{"rendered":"<p data-start=\"219\" data-end=\"432\"><strong data-start=\"219\" data-end=\"432\">Cuatro amigos vivieron momentos de tensi\u00f3n cuando una serpiente venenosa de gran tama\u00f1o ingres\u00f3 a la vivienda donde pasaban el fin de semana. El animal fue rescatado y reubicado sin que se registraran heridos.<\/strong><\/p>\n<p data-start=\"219\" data-end=\"432\">19 de enero de 2026<\/p>\n<p data-start=\"434\" data-end=\"747\"><strong>SIERRA DE LOS PADRES &#8211;<\/strong>\u00a0 \u00a0Un fin de semana de descanso estuvo a punto de transformarse en una situaci\u00f3n de <strong data-start=\"515\" data-end=\"530\">alto riesgo<\/strong> para un grupo de cuatro amigos que se encontraba en una <strong data-start=\"587\" data-end=\"630\">caba\u00f1a familiar de Sierra de los Padres<\/strong>, cuando una <strong data-start=\"643\" data-end=\"668\">yarar\u00e1 de gran tama\u00f1o<\/strong> apareci\u00f3 de manera inesperada y alter\u00f3 por completo la tranquilidad del lugar.<\/p>\n<blockquote>\n<p data-start=\"749\" data-end=\"1045\">El episodio ocurri\u00f3 este domingo por la tarde, mientras los hombres hab\u00edan encendido la parrilla para almorzar. Al intentar ingresar a la vivienda, uno de ellos se encontr\u00f3 <strong data-start=\"922\" data-end=\"998\">cara a cara con una serpiente venenosa ubicada en el umbral de la puerta<\/strong>, seg\u00fan relataron en di\u00e1logo con el medio 0223.<\/p>\n<\/blockquote>\n<p data-start=\"1047\" data-end=\"1312\">En un primer momento, intentaron <strong data-start=\"1080\" data-end=\"1109\">ahuyentarla y trasladarla<\/strong> lejos del sector con un palo. Sin embargo, la yarar\u00e1 reaccion\u00f3 de forma agresiva, <strong data-start=\"1192\" data-end=\"1267\">avanz\u00f3 contra ellos, ingres\u00f3 a la caba\u00f1a y se ocult\u00f3 debajo de una cama<\/strong>, generando una situaci\u00f3n de extremo peligro.<\/p>\n<blockquote>\n<p data-start=\"1314\" data-end=\"1602\">Ante el riesgo de un desenlace grave, los ocupantes dieron aviso inmediato al <strong data-start=\"1392\" data-end=\"1439\">cuartel de Bomberos de Sierra de los Padres<\/strong>, que acudi\u00f3 r\u00e1pidamente al lugar. Al arribar, el personal qued\u00f3 sorprendido por el tama\u00f1o del reptil, que estimaron en <strong data-start=\"1559\" data-end=\"1601\">alrededor de un metro y medio de largo<\/strong>.<\/p>\n<\/blockquote>\n<p data-start=\"1604\" data-end=\"1811\">Pese a la complejidad del operativo, los bomberos lograron <strong data-start=\"1663\" data-end=\"1732\">resguardar al animal de manera segura y proceder a su reubicaci\u00f3n<\/strong>, evitando que resultara herido tanto el ofidio como las personas involucradas.<\/p>\n<h3 data-start=\"1813\" data-end=\"1855\"><span style=\"color: #ff0000\">Qu\u00e9 hacer ante una mordedura de yarar\u00e1<\/span><\/h3>\n<p data-start=\"1856\" data-end=\"2086\">Desde los organismos de emergencia recuerdan que, ante una mordedura de yarar\u00e1, se debe <strong data-start=\"1944\" data-end=\"1994\">llamar de inmediato al servicio de emergencias<\/strong> o trasladarse al <strong data-start=\"2012\" data-end=\"2036\">hospital m\u00e1s cercano<\/strong> para recibir el <strong data-start=\"2053\" data-end=\"2085\">suero antiof\u00eddico espec\u00edfico<\/strong>.<\/p>\n<p data-start=\"2088\" data-end=\"2349\">Mientras se aguarda atenci\u00f3n m\u00e9dica, es clave <strong data-start=\"2134\" data-end=\"2175\">mantener a la persona afectada quieta<\/strong>, para evitar que el veneno se disemine con mayor rapidez. Tambi\u00e9n se recomienda <strong data-start=\"2256\" data-end=\"2314\">retirar anillos, pulseras, relojes o prendas ajustadas<\/strong> antes de que aparezca inflamaci\u00f3n.<\/p>\n<blockquote>\n<h3 data-start=\"2351\" data-end=\"2528\">Adem\u00e1s, se aconseja <strong data-start=\"2371\" data-end=\"2407\">lavar la herida con agua y jab\u00f3n<\/strong>, cubrirla con un vendaje limpio y seco sin ejercer presi\u00f3n, y <strong data-start=\"2470\" data-end=\"2498\">evitar pr\u00e1cticas caseras<\/strong> que puedan agravar el cuadro.<\/h3>\n<\/blockquote>\n<p data-start=\"2530\" data-end=\"2713\">El episodio vuelve a poner en foco la <strong data-start=\"2568\" data-end=\"2618\">presencia de fauna silvestre en zonas serranas<\/strong> y la importancia de actuar con calma, rapidez y responsabilidad ante este tipo de situaciones.<\/p>\n","protected":false},"excerpt":{"rendered":"<div class=\"mh-excerpt\"><p>Cuatro amigos vivieron momentos de tensi\u00f3n cuando una serpiente venenosa de gran tama\u00f1o ingres\u00f3 a la vivienda donde pasaban el fin de semana. El animal fue rescatado y reubicado sin que se registraran heridos. 19 <a class=\"mh-excerpt-more\" href=\"https:\/\/larevistadigital.com.ar\/blog\/susto-en-sierra-de-los-padres-una-yarara-aparecio-en-una-cabana-y-obligo-a-intervenir-a-los-bomberos\/\" title=\"Susto en Sierra de los Padres: una yarar\u00e1 apareci\u00f3 en una caba\u00f1a y oblig\u00f3 a intervenir a los bomberos\">[Leer M\u00e1s]<\/a><\/p>\n<\/div>","protected":false},"author":3,"featured_media":43456,"comment_status":"open","ping_status":"open","sticky":false,"template":"","format":"standard","meta":{"_jetpack_memberships_contains_paid_content":false,"footnotes":"","jetpack_publicize_message":"","jetpack_publicize_feature_enabled":true,"jetpack_social_post_already_shared":true,"jetpack_social_options":{"image_generator_settings":{"template":"highway","default_image_id":0,"font":"","enabled":false},"version":2}},"categories":[51],"tags":[],"class_list":{"0":"post-43455","1":"post","2":"type-post","3":"status-publish","4":"format-standard","5":"has-post-thumbnail","7":"category-regionales"},"jetpack_publicize_connections":[],"jetpack_featured_media_url":"https:\/\/i0.wp.com\/larevistadigital.com.ar\/blog\/wp-content\/uploads\/Captura-de-pantalla-2026-01-19-140950.jpg?fit=736%2C404&ssl=1","jetpack_sharing_enabled":true,"jetpack_shortlink":"https:\/\/wp.me\/p8qtrQ-biT","jetpack-related-posts":[{"id":31797,"url":"https:\/\/larevistadigital.com.ar\/blog\/quilmes-una-mujer-encontro-una-yarara-en-su-placard\/","url_meta":{"origin":43455,"position":0},"title":"QUILMES: UNA MUJER ENCONTR\u00d3 UNA YARAR\u00c1 EN SU PLACARD","author":"Alejandro Sosa Ruda","date":"29 mayo, 2023","format":false,"excerpt":"Una mujer se llev\u00f3 la desagradable sorpresa, y alert\u00f3 a los vecinos de la zona. El ins\u00f3lito hallazgo ocurri\u00f3 en una vivienda cercana a la ribera de Quilmes. No hubo heridos por el animal. 28 DE MAYO DE 2023 QUILMES -\u00a0 Vecinos de la Ribera de Quilmes sufrieron un gran\u2026","rel":"","context":"En \u00abREGIONALES\u00bb","block_context":{"text":"REGIONALES","link":"https:\/\/larevistadigital.com.ar\/blog\/category\/regionales\/"},"img":{"alt_text":"","src":"https:\/\/i0.wp.com\/larevistadigital.com.ar\/blog\/wp-content\/uploads\/20230525072639_quilmes-yayara-placard.jpg?fit=880%2C512&ssl=1&resize=350%2C200","width":350,"height":200,"srcset":"https:\/\/i0.wp.com\/larevistadigital.com.ar\/blog\/wp-content\/uploads\/20230525072639_quilmes-yayara-placard.jpg?fit=880%2C512&ssl=1&resize=350%2C200 1x, https:\/\/i0.wp.com\/larevistadigital.com.ar\/blog\/wp-content\/uploads\/20230525072639_quilmes-yayara-placard.jpg?fit=880%2C512&ssl=1&resize=525%2C300 1.5x, https:\/\/i0.wp.com\/larevistadigital.com.ar\/blog\/wp-content\/uploads\/20230525072639_quilmes-yayara-placard.jpg?fit=880%2C512&ssl=1&resize=700%2C400 2x"},"classes":[]},{"id":21698,"url":"https:\/\/larevistadigital.com.ar\/blog\/mar-del-plata-un-funcionario-municipal-se-ofrecio-a-recibir-a-los-carpinchos-de-nordelta-en-la-laguna-de-los-padres\/","url_meta":{"origin":43455,"position":1},"title":"MAR DEL PLATA: UN FUNCIONARIO MUNICIPAL SE OFRECI\u00d3 A RECIBIR A LOS CARPINCHOS DE NORDELTA EN LA LAGUNA DE LOS PADRES","author":"Alejandro Sosa Ruda","date":"25 agosto, 2021","format":false,"excerpt":"\u201cSi no los quieren en Nordelta ser\u00e1n bienvenidos en la Laguna de los Padres\", dijo el director General de la Delegaci\u00f3n Sierra de Sierra de los Padres y la Peregrina. MAR DEL PLATA -\u00a0 El debate por la presencia de carpinchos en la urbanizaci\u00f3n Nordelta (Tigre) lleg\u00f3 hasta Mar del\u2026","rel":"","context":"En \u00abREGIONALES\u00bb","block_context":{"text":"REGIONALES","link":"https:\/\/larevistadigital.com.ar\/blog\/category\/regionales\/"},"img":{"alt_text":"","src":"https:\/\/i0.wp.com\/larevistadigital.com.ar\/blog\/wp-content\/uploads\/carpinchos-en-nordelta-1220272.jpg?fit=900%2C900&ssl=1&resize=350%2C200","width":350,"height":200,"srcset":"https:\/\/i0.wp.com\/larevistadigital.com.ar\/blog\/wp-content\/uploads\/carpinchos-en-nordelta-1220272.jpg?fit=900%2C900&ssl=1&resize=350%2C200 1x, https:\/\/i0.wp.com\/larevistadigital.com.ar\/blog\/wp-content\/uploads\/carpinchos-en-nordelta-1220272.jpg?fit=900%2C900&ssl=1&resize=525%2C300 1.5x, https:\/\/i0.wp.com\/larevistadigital.com.ar\/blog\/wp-content\/uploads\/carpinchos-en-nordelta-1220272.jpg?fit=900%2C900&ssl=1&resize=700%2C400 2x"},"classes":[]},{"id":18517,"url":"https:\/\/larevistadigital.com.ar\/blog\/asesinan-a-una-mujer-de-un-disparo-en-sierra-de-los-padres\/","url_meta":{"origin":43455,"position":2},"title":"ASESINAN A UNA MUJER DE UN DISPARO EN SIERRA DE LOS PADRES","author":"Alejandro Sosa Ruda","date":"6 enero, 2021","format":false,"excerpt":"El hombre le dispar\u00f3 a la v\u00edctima y luego qued\u00f3 aprehendido. SIERRA DE LOS PADRES - Una\u00a0mujer de 41 a\u00f1os fue asesinada este lunes de un disparo en el paseo de compras de Sierra de los Padres\u00a0en un hecho que caus\u00f3 conmoci\u00f3n e indignaci\u00f3n de toda la comunidad de la\u2026","rel":"","context":"En \u00abPOLICIALES\u00bb","block_context":{"text":"POLICIALES","link":"https:\/\/larevistadigital.com.ar\/blog\/category\/policiales\/"},"img":{"alt_text":"","src":"https:\/\/i0.wp.com\/larevistadigital.com.ar\/blog\/wp-content\/uploads\/Screenshot_1-193.jpg?fit=1004%2C562&ssl=1&resize=350%2C200","width":350,"height":200,"srcset":"https:\/\/i0.wp.com\/larevistadigital.com.ar\/blog\/wp-content\/uploads\/Screenshot_1-193.jpg?fit=1004%2C562&ssl=1&resize=350%2C200 1x, https:\/\/i0.wp.com\/larevistadigital.com.ar\/blog\/wp-content\/uploads\/Screenshot_1-193.jpg?fit=1004%2C562&ssl=1&resize=525%2C300 1.5x, https:\/\/i0.wp.com\/larevistadigital.com.ar\/blog\/wp-content\/uploads\/Screenshot_1-193.jpg?fit=1004%2C562&ssl=1&resize=700%2C400 2x"},"classes":[]},{"id":28345,"url":"https:\/\/larevistadigital.com.ar\/blog\/iban-alcoholizados-por-la-ruta-266-y-volcaron-en-sierra-de-los-padres\/","url_meta":{"origin":43455,"position":3},"title":"IBAN ALCOHOLIZADOS POR LA RUTA 266 Y VOLCARON EN SIERRA DE LOS PADRES","author":"Alejandro Sosa Ruda","date":"10 octubre, 2022","format":false,"excerpt":"El conductor de un Renault Kwid perdi\u00f3 el control del veh\u00edculo al llegar al paraje \"El Coyunco\". El test de alcoholemia arroj\u00f3 que ten\u00eda 2 g\/l de alcohol en sangre. Su acompa\u00f1ante tambi\u00e9n estaba alcoholizado, seg\u00fan inform\u00f3 la polic\u00eda. 10 de octubre de 2022 SIERRA DE LOS PADRES -\u00a0 Dos\u2026","rel":"","context":"En \u00abPOLICIALES\u00bb","block_context":{"text":"POLICIALES","link":"https:\/\/larevistadigital.com.ar\/blog\/category\/policiales\/"},"img":{"alt_text":"","src":"https:\/\/i0.wp.com\/larevistadigital.com.ar\/blog\/wp-content\/uploads\/vuelco.jpg?fit=802%2C418&ssl=1&resize=350%2C200","width":350,"height":200,"srcset":"https:\/\/i0.wp.com\/larevistadigital.com.ar\/blog\/wp-content\/uploads\/vuelco.jpg?fit=802%2C418&ssl=1&resize=350%2C200 1x, https:\/\/i0.wp.com\/larevistadigital.com.ar\/blog\/wp-content\/uploads\/vuelco.jpg?fit=802%2C418&ssl=1&resize=525%2C300 1.5x, https:\/\/i0.wp.com\/larevistadigital.com.ar\/blog\/wp-content\/uploads\/vuelco.jpg?fit=802%2C418&ssl=1&resize=700%2C400 2x"},"classes":[]},{"id":18863,"url":"https:\/\/larevistadigital.com.ar\/blog\/impresionante-vuelco-en-sierra-de-los-padres\/","url_meta":{"origin":43455,"position":4},"title":"IMPRESIONANTE VUELCO EN SIERRA DE LOS PADRES","author":"Alejandro Sosa Ruda","date":"15 febrero, 2021","format":false,"excerpt":"Ocurri\u00f3 esta ma\u00f1ana en Varetto y De la Reducci\u00f3n. Pese a la espectacularidad del siniestro no se registraron heridos de gravedad. MAR DEL PLATA - Un impactante siniestro \u00a0se registr\u00f3 alrededor de las 7 de la ma\u00f1ana cuando, por motivos que son materia de investigaci\u00f3n el conductor de un veh\u00edculo\u2026","rel":"","context":"En \u00abREGIONALES\u00bb","block_context":{"text":"REGIONALES","link":"https:\/\/larevistadigital.com.ar\/blog\/category\/regionales\/"},"img":{"alt_text":"","src":"https:\/\/i0.wp.com\/larevistadigital.com.ar\/blog\/wp-content\/uploads\/Captura-2-1.png?fit=997%2C550&ssl=1&resize=350%2C200","width":350,"height":200,"srcset":"https:\/\/i0.wp.com\/larevistadigital.com.ar\/blog\/wp-content\/uploads\/Captura-2-1.png?fit=997%2C550&ssl=1&resize=350%2C200 1x, https:\/\/i0.wp.com\/larevistadigital.com.ar\/blog\/wp-content\/uploads\/Captura-2-1.png?fit=997%2C550&ssl=1&resize=525%2C300 1.5x, https:\/\/i0.wp.com\/larevistadigital.com.ar\/blog\/wp-content\/uploads\/Captura-2-1.png?fit=997%2C550&ssl=1&resize=700%2C400 2x"},"classes":[]},{"id":16895,"url":"https:\/\/larevistadigital.com.ar\/blog\/se-registraron-varios-incendios-en-sierra-de-los-padres\/","url_meta":{"origin":43455,"position":5},"title":"SE REGISTRARON VARIOS INCENDIOS EN SIERRA DE LOS PADRES","author":"Alejandro Sosa Ruda","date":"10 octubre, 2020","format":false,"excerpt":"Seg\u00fan informaron desde la Sociedad de Bomberos Voluntarios de la localidad serrana, el fuego afect\u00f3 a las zonas de \u201cEl abrojo\u201d y \u201cLa Serrana\u201d. En las \u00faltimas 48 horas, Sierra de los Padres se vio afectada por dos focos \u00edgneos registrados en \u201cEl Abrojo\u201d y \u201cLa Serrana\u201d, seg\u00fan informaron desde\u2026","rel":"","context":"En \u00abREGIONALES\u00bb","block_context":{"text":"REGIONALES","link":"https:\/\/larevistadigital.com.ar\/blog\/category\/regionales\/"},"img":{"alt_text":"","src":"https:\/\/i0.wp.com\/larevistadigital.com.ar\/blog\/wp-content\/uploads\/3f95d1a645b850a04c5eacadbe6337d254b4804b.jpg?fit=1140%2C761&ssl=1&resize=350%2C200","width":350,"height":200,"srcset":"https:\/\/i0.wp.com\/larevistadigital.com.ar\/blog\/wp-content\/uploads\/3f95d1a645b850a04c5eacadbe6337d254b4804b.jpg?fit=1140%2C761&ssl=1&resize=350%2C200 1x, https:\/\/i0.wp.com\/larevistadigital.com.ar\/blog\/wp-content\/uploads\/3f95d1a645b850a04c5eacadbe6337d254b4804b.jpg?fit=1140%2C761&ssl=1&resize=525%2C300 1.5x, https:\/\/i0.wp.com\/larevistadigital.com.ar\/blog\/wp-content\/uploads\/3f95d1a645b850a04c5eacadbe6337d254b4804b.jpg?fit=1140%2C761&ssl=1&resize=700%2C400 2x, https:\/\/i0.wp.com\/larevistadigital.com.ar\/blog\/wp-content\/uploads\/3f95d1a645b850a04c5eacadbe6337d254b4804b.jpg?fit=1140%2C761&ssl=1&resize=1050%2C600 3x"},"classes":[]}],"_links":{"self":[{"href":"https:\/\/larevistadigital.com.ar\/blog\/wp-json\/wp\/v2\/posts\/43455","targetHints":{"allow":["GET"]}}],"collection":[{"href":"https:\/\/larevistadigital.com.ar\/blog\/wp-json\/wp\/v2\/posts"}],"about":[{"href":"https:\/\/larevistadigital.com.ar\/blog\/wp-json\/wp\/v2\/types\/post"}],"author":[{"embeddable":true,"href":"https:\/\/larevistadigital.com.ar\/blog\/wp-json\/wp\/v2\/users\/3"}],"replies":[{"embeddable":true,"href":"https:\/\/larevistadigital.com.ar\/blog\/wp-json\/wp\/v2\/comments?post=43455"}],"version-history":[{"count":1,"href":"https:\/\/larevistadigital.com.ar\/blog\/wp-json\/wp\/v2\/posts\/43455\/revisions"}],"predecessor-version":[{"id":43457,"href":"https:\/\/larevistadigital.com.ar\/blog\/wp-json\/wp\/v2\/posts\/43455\/revisions\/43457"}],"wp:featuredmedia":[{"embeddable":true,"href":"https:\/\/larevistadigital.com.ar\/blog\/wp-json\/wp\/v2\/media\/43456"}],"wp:attachment":[{"href":"https:\/\/larevistadigital.com.ar\/blog\/wp-json\/wp\/v2\/media?parent=43455"}],"wp:term":[{"taxonomy":"category","embeddable":true,"href":"https:\/\/larevistadigital.com.ar\/blog\/wp-json\/wp\/v2\/categories?post=43455"},{"taxonomy":"post_tag","embeddable":true,"href":"https:\/\/larevistadigital.com.ar\/blog\/wp-json\/wp\/v2\/tags?post=43455"}],"curies":[{"name":"wp","href":"https:\/\/api.w.org\/{rel}","templated":true}]}}