{"id":43462,"date":"2026-01-19T15:40:25","date_gmt":"2026-01-19T18:40:25","guid":{"rendered":"https:\/\/larevistadigital.com.ar\/blog\/?p=43462"},"modified":"2026-01-19T15:40:25","modified_gmt":"2026-01-19T18:40:25","slug":"reaccion-tardia-el-intendente-de-pinamar-impone-sanciones-mas-duras-tras-los-accidentes-en-la-frontera","status":"publish","type":"post","link":"https:\/\/larevistadigital.com.ar\/blog\/reaccion-tardia-el-intendente-de-pinamar-impone-sanciones-mas-duras-tras-los-accidentes-en-la-frontera\/","title":{"rendered":"Reacci\u00f3n tard\u00eda: el intendente de Pinamar impone sanciones m\u00e1s duras, tras los accidentes en \u201cLa Frontera\u201d"},"content":{"rendered":"<h3 class=\"arial ctext fz16 lh22\">Las nuevas sanciones incluyen multas econ\u00f3micas que van de 8.500 a 25.000 m\u00f3dulos municipales, equivalentes seg\u00fan estimaciones oficiales a montos que pueden alcanzar hasta 15 millones de pesos.<\/h3>\n<p>19 de enero de 2026<\/p>\n<p>Luego de los accidentes que tuvieron lugar en las playas de la\u00a0<strong>Costa Atlantica<\/strong>\u00a0y espec\u00edficamente en\u00a0<a href=\"https:\/\/infocronos.com.ar\/nota\/53692\/ministro-de-kicillof-hablo-de-los-accidentes-en-pinamar-alerto-por-el-estado-de-la-ruta-3-y-el-factor-milei\/\" target=\"_blank\" rel=\"noopener\"><strong>Pinamar<\/strong><\/a>, el municipio dirigido por el intendente\u00a0<strong>Juan Ibarguren<\/strong>, tom\u00f3 la decisi\u00f3n de endurecer las penas por la circulaci\u00f3n indebida de veh\u00edculos motorizados recreativos.<\/p>\n<blockquote>\n<h3>A trav\u00e9s del Decreto N\u00b0 0104\/2026, firmado el 16 de enero por el intendente\u00a0<strong>Ibarguren<\/strong>, con vigencia inmediata, se reglamenta y refuerza la Ordenanza Municipal N\u00b0 4794\/16, incorporada al\u00a0<strong>C\u00f3digo de Faltas local<\/strong>.<\/h3>\n<\/blockquote>\n<p>La medida apunta directamente a cuatriciclos,\u00a0<strong>UTV\u00a0<\/strong>(veh\u00edculos utilitarios todoterreno),\u00a0<strong>motocicletas<\/strong>, camionetas 4&#215;4 y cualquier otro veh\u00edculo motorizado que circule fuera de las zonas habilitadas, como playas, dunas, m\u00e9danos y corredores no autorizados.<\/p>\n<div class=\"twitter-tweet twitter-tweet-rendered\"><\/div>\n<div>\n<p>El detonante principal fue el grave siniestro que involucr\u00f3 a un ni\u00f1o de 8 a\u00f1os,\u00a0<strong>Basti\u00e1n Jerez<\/strong>, quien permanece internado en estado cr\u00edtico en un hospital de\u00a0<a href=\"https:\/\/www.mardelplata.gob.ar\/\" target=\"_blank\" rel=\"noopener\"><strong>Mar del Plata<\/strong><\/a>\u00a0tras el choque frontal entre un UTV en el que viajaba con su padre y una camioneta\u00a0<strong>Volkswagen Amarok<\/strong>\u00a0conducida por un empresario de Jun\u00edn.<\/p>\n<p>Las nuevas sanciones incluyen multas econ\u00f3micas que van de 8.500 a 25.000\u00a0<strong>m\u00f3dulos municipales<\/strong>, equivalentes seg\u00fan estimaciones oficiales a montos que pueden alcanzar hasta 15 millones de pesos, dependiendo de la gravedad, el riesgo generado y la reincidencia. Adem\u00e1s, se establece la retenci\u00f3n preventiva y secuestro inmediato del\u00a0<strong>veh\u00edculo\u00a0<\/strong>infractor, que ser\u00e1 trasladado al play\u00f3n municipal.<\/p>\n<p>El\u00a0<strong>infractor\u00a0<\/strong>deber\u00e1 hacerse cargo de la totalidad de los costos derivados de las infracciones o accidentes: gastos m\u00e9dicos como internaciones, estudios y medicaci\u00f3n, traslados sanitarios,\u00a0<strong>operativos de emergencia<\/strong>, uso de recursos municipales (personal, m\u00f3viles, maquinaria de \u00e1reas como Tr\u00e1nsito, Seguridad, Defensa Civil y Ambiente), reparaci\u00f3n de da\u00f1os ambientales y limpieza de espacios afectados.<\/p>\n<p>El\u00a0<strong>Municipio\u00a0<\/strong>podr\u00e1 reclamar estos montos por v\u00eda administrativa o judicial, incluso contra el titular registral del\u00a0<strong>veh\u00edculo<\/strong>.<\/p>\n<\/div>\n<div class=\"relacionadas_internas fz14 posr ffalt bdtb bdtextlight pb2p pt10 mt4p mb4p\">\n<div class=\"bold mb2p cprincipal\"><\/div>\n<\/div>\n","protected":false},"excerpt":{"rendered":"<div class=\"mh-excerpt\"><p>Las nuevas sanciones incluyen multas econ\u00f3micas que van de 8.500 a 25.000 m\u00f3dulos municipales, equivalentes seg\u00fan estimaciones oficiales a montos que pueden alcanzar hasta 15 millones de pesos. 19 de enero de 2026 Luego de <a class=\"mh-excerpt-more\" href=\"https:\/\/larevistadigital.com.ar\/blog\/reaccion-tardia-el-intendente-de-pinamar-impone-sanciones-mas-duras-tras-los-accidentes-en-la-frontera\/\" title=\"Reacci\u00f3n tard\u00eda: el intendente de Pinamar impone sanciones m\u00e1s duras, tras los accidentes en \u201cLa Frontera\u201d\">[Leer M\u00e1s]<\/a><\/p>\n<\/div>","protected":false},"author":3,"featured_media":43463,"comment_status":"open","ping_status":"open","sticky":false,"template":"","format":"standard","meta":{"_jetpack_memberships_contains_paid_content":false,"footnotes":"","jetpack_publicize_message":"","jetpack_publicize_feature_enabled":true,"jetpack_social_post_already_shared":true,"jetpack_social_options":{"image_generator_settings":{"template":"highway","default_image_id":0,"font":"","enabled":false},"version":2}},"categories":[12,51],"tags":[],"class_list":{"0":"post-43462","1":"post","2":"type-post","3":"status-publish","4":"format-standard","5":"has-post-thumbnail","7":"category-politica","8":"category-regionales"},"jetpack_publicize_connections":[],"jetpack_featured_media_url":"https:\/\/i0.wp.com\/larevistadigital.com.ar\/blog\/wp-content\/uploads\/Captura-de-pantalla-2026-01-19-153756.jpg?fit=795%2C451&ssl=1","jetpack_sharing_enabled":true,"jetpack_shortlink":"https:\/\/wp.me\/p8qtrQ-bj0","jetpack-related-posts":[{"id":43799,"url":"https:\/\/larevistadigital.com.ar\/blog\/intereses-turisticos-politicos-vs-vidas-humanas-el-respaldo-del-pro-que-enciende-la-polemica-en-pinamar\/","url_meta":{"origin":43462,"position":0},"title":"Intereses tur\u00edsticos\/pol\u00edticos vs. vidas humanas: el respaldo del PRO que enciende la pol\u00e9mica en Pinamar","author":"Alejandro Sosa Ruda","date":"5 febrero, 2026","format":false,"excerpt":"La fuerza provincial apoy\u00f3 la apelaci\u00f3n de Juan Ibarguren contra la prohibici\u00f3n judicial de actividades con veh\u00edculos en los m\u00e9danos, una zona marcada por tragedias reiteradas. 05 de febrero de 2026 Pinamar.- BUENOS AIRES -\u00a0 \u00a0 El PRO de la provincia de Buenos Aires expres\u00f3 su respaldo al intendente de\u2026","rel":"","context":"En \u00abPOLITICA PROVINCIAL\u00bb","block_context":{"text":"POLITICA PROVINCIAL","link":"https:\/\/larevistadigital.com.ar\/blog\/category\/politica\/politica-provincial\/"},"img":{"alt_text":"","src":"https:\/\/i0.wp.com\/larevistadigital.com.ar\/blog\/wp-content\/uploads\/Captura-de-pantalla-2026-02-05-151532.jpg?fit=1085%2C521&ssl=1&resize=350%2C200","width":350,"height":200,"srcset":"https:\/\/i0.wp.com\/larevistadigital.com.ar\/blog\/wp-content\/uploads\/Captura-de-pantalla-2026-02-05-151532.jpg?fit=1085%2C521&ssl=1&resize=350%2C200 1x, https:\/\/i0.wp.com\/larevistadigital.com.ar\/blog\/wp-content\/uploads\/Captura-de-pantalla-2026-02-05-151532.jpg?fit=1085%2C521&ssl=1&resize=525%2C300 1.5x, https:\/\/i0.wp.com\/larevistadigital.com.ar\/blog\/wp-content\/uploads\/Captura-de-pantalla-2026-02-05-151532.jpg?fit=1085%2C521&ssl=1&resize=700%2C400 2x, https:\/\/i0.wp.com\/larevistadigital.com.ar\/blog\/wp-content\/uploads\/Captura-de-pantalla-2026-02-05-151532.jpg?fit=1085%2C521&ssl=1&resize=1050%2C600 3x"},"classes":[]},{"id":43750,"url":"https:\/\/larevistadigital.com.ar\/blog\/pese-a-los-constantes-accidentes-el-intendente-de-pinamar-apelara-la-prohibicion-de-vehiculos-en-los-medanos-de-la-frontera\/","url_meta":{"origin":43462,"position":1},"title":"Pese a los constantes accidentes, el intendente de Pinamar apelar\u00e1 la prohibici\u00f3n de veh\u00edculos en los m\u00e9danos de La Frontera","author":"Alejandro Sosa Ruda","date":"3 febrero, 2026","format":false,"excerpt":"Con el argumento que es \u201calgo cultural de Pinamar\u201d, Juan Ibarguren, de \"Juntos por el Cambio\" anticip\u00f3 que recurrir\u00e1 la medida dispuesta por un juez de Dolores. Los accidentes en los m\u00e9danos fueron una constante este verano. 03 de febrero de 2026 Pinamar, BUENOS AIRES - La decisi\u00f3n del intendente\u2026","rel":"","context":"En \u00abDESTACADAS\u00bb","block_context":{"text":"DESTACADAS","link":"https:\/\/larevistadigital.com.ar\/blog\/category\/destacadas\/"},"img":{"alt_text":"","src":"https:\/\/i0.wp.com\/larevistadigital.com.ar\/blog\/wp-content\/uploads\/Captura-de-pantalla-2026-02-03-192930-1.jpg?fit=626%2C310&ssl=1&resize=350%2C200","width":350,"height":200,"srcset":"https:\/\/i0.wp.com\/larevistadigital.com.ar\/blog\/wp-content\/uploads\/Captura-de-pantalla-2026-02-03-192930-1.jpg?fit=626%2C310&ssl=1&resize=350%2C200 1x, https:\/\/i0.wp.com\/larevistadigital.com.ar\/blog\/wp-content\/uploads\/Captura-de-pantalla-2026-02-03-192930-1.jpg?fit=626%2C310&ssl=1&resize=525%2C300 1.5x"},"classes":[]},{"id":43814,"url":"https:\/\/larevistadigital.com.ar\/blog\/villa-gesell-endurece-multas-de-transito-para-reforzar-la-seguridad-vial-y-marca-distancia-con-la-postura-de-pinamar\/","url_meta":{"origin":43462,"position":2},"title":"Villa Gesell endurece multas de tr\u00e1nsito para reforzar la seguridad vial y marca distancia con la postura de Pinamar","author":"Alejandro Sosa Ruda","date":"5 febrero, 2026","format":false,"excerpt":"El Concejo Deliberante aprob\u00f3 sanciones m\u00e1s severas para desalentar maniobras temerarias, especialmente en playas y zonas residenciales. 05 de febrero de 2026 VILLA GESELL -\u00a0 \u00a0El Honorable Concejo Deliberante de Villa Gesell aprob\u00f3 en sesi\u00f3n extraordinaria una serie de modificaciones al r\u00e9gimen de multas por infracciones de tr\u00e1nsito, con el\u2026","rel":"","context":"En \u00abPOLITICA PROVINCIAL\u00bb","block_context":{"text":"POLITICA PROVINCIAL","link":"https:\/\/larevistadigital.com.ar\/blog\/category\/politica\/politica-provincial\/"},"img":{"alt_text":"","src":"https:\/\/i0.wp.com\/larevistadigital.com.ar\/blog\/wp-content\/uploads\/Captura-de-pantalla-2026-02-05-175331.jpg?fit=700%2C399&ssl=1&resize=350%2C200","width":350,"height":200,"srcset":"https:\/\/i0.wp.com\/larevistadigital.com.ar\/blog\/wp-content\/uploads\/Captura-de-pantalla-2026-02-05-175331.jpg?fit=700%2C399&ssl=1&resize=350%2C200 1x, https:\/\/i0.wp.com\/larevistadigital.com.ar\/blog\/wp-content\/uploads\/Captura-de-pantalla-2026-02-05-175331.jpg?fit=700%2C399&ssl=1&resize=525%2C300 1.5x, https:\/\/i0.wp.com\/larevistadigital.com.ar\/blog\/wp-content\/uploads\/Captura-de-pantalla-2026-02-05-175331.jpg?fit=700%2C399&ssl=1&resize=700%2C400 2x"},"classes":[]},{"id":34607,"url":"https:\/\/larevistadigital.com.ar\/blog\/insolito-la-eleccion-en-pinamar-se-definio-por-solamente-un-voto\/","url_meta":{"origin":43462,"position":3},"title":"INS\u00d3LITO: \u00a1LA ELECCI\u00d3N EN PINAMAR SE DEFINI\u00d3 POR SOLAMENTE UN VOTO!","author":"Alejandro Sosa Ruda","date":"25 noviembre, 2023","format":false,"excerpt":"Se abrieron las 15 urnas que hab\u00eda pedido Gregorio Estanga, candidato de Uni\u00f3n por la Patria, y el conteo definitivo arroj\u00f3 un resultado hist\u00f3rico. 25 de Noviembre de 2023 Tal como hab\u00eda establecido la\u00a0C\u00e1mara Nacional Electoral\u00a0a pedido de\u00a0Gregorio Estanga\u00a0(Uni\u00f3n por la Patria), este viernes se abrieron las\u00a015 urnas correspondientes a\u2026","rel":"","context":"En \u00abPOLITICA\u00bb","block_context":{"text":"POLITICA","link":"https:\/\/larevistadigital.com.ar\/blog\/category\/politica\/"},"img":{"alt_text":"","src":"https:\/\/i0.wp.com\/larevistadigital.com.ar\/blog\/wp-content\/uploads\/Captura-de-pantalla-2023-11-25-120946.png?fit=1131%2C526&ssl=1&resize=350%2C200","width":350,"height":200,"srcset":"https:\/\/i0.wp.com\/larevistadigital.com.ar\/blog\/wp-content\/uploads\/Captura-de-pantalla-2023-11-25-120946.png?fit=1131%2C526&ssl=1&resize=350%2C200 1x, https:\/\/i0.wp.com\/larevistadigital.com.ar\/blog\/wp-content\/uploads\/Captura-de-pantalla-2023-11-25-120946.png?fit=1131%2C526&ssl=1&resize=525%2C300 1.5x, https:\/\/i0.wp.com\/larevistadigital.com.ar\/blog\/wp-content\/uploads\/Captura-de-pantalla-2023-11-25-120946.png?fit=1131%2C526&ssl=1&resize=700%2C400 2x, https:\/\/i0.wp.com\/larevistadigital.com.ar\/blog\/wp-content\/uploads\/Captura-de-pantalla-2023-11-25-120946.png?fit=1131%2C526&ssl=1&resize=1050%2C600 3x"},"classes":[]},{"id":33919,"url":"https:\/\/larevistadigital.com.ar\/blog\/pinamar-empleados-municipales-reclaman-el-cumplimiento-del-convenio-colectivo-de-trabajoe\/","url_meta":{"origin":43462,"position":4},"title":"PINAMAR: EMPLEADOS MUNICIPALES RECLAMAN EL CUMPLIMIENTO DEL CONVENIO COLECTIVO DE TRABAJOe","author":"Alejandro Sosa Ruda","date":"7 octubre, 2023","format":false,"excerpt":"El intendente y candidato del PRO, no escucha los reclamos de los trabajadores y aumenta la apuesta amenazando con denunciar al gremio municipal. 7 de Octubre de 2023 PINAMAR -\u00a0 El Sindicato de Trabajadores Municipales de Pinamar (STMP) reiter\u00f3 su reclamo al Intendente Municipal Mart\u00edn Yessa que cumpla con la\u2026","rel":"","context":"En \u00abGREMIALES\u00bb","block_context":{"text":"GREMIALES","link":"https:\/\/larevistadigital.com.ar\/blog\/category\/gremiales\/"},"img":{"alt_text":"","src":"https:\/\/i0.wp.com\/larevistadigital.com.ar\/blog\/wp-content\/uploads\/descarga-28.jpg?fit=800%2C600&ssl=1&resize=350%2C200","width":350,"height":200,"srcset":"https:\/\/i0.wp.com\/larevistadigital.com.ar\/blog\/wp-content\/uploads\/descarga-28.jpg?fit=800%2C600&ssl=1&resize=350%2C200 1x, https:\/\/i0.wp.com\/larevistadigital.com.ar\/blog\/wp-content\/uploads\/descarga-28.jpg?fit=800%2C600&ssl=1&resize=525%2C300 1.5x, https:\/\/i0.wp.com\/larevistadigital.com.ar\/blog\/wp-content\/uploads\/descarga-28.jpg?fit=800%2C600&ssl=1&resize=700%2C400 2x"},"classes":[]},{"id":16807,"url":"https:\/\/larevistadigital.com.ar\/blog\/pinamar-nacion-dijo-no-a-realizar-una-prueba-piloto-antes-de-la-temporada\/","url_meta":{"origin":43462,"position":5},"title":"PINAMAR: NACI\u00d3N DIJO NO, A REALIZAR UNA \u00abPRUEBA PILOTO\u00bb ANTES DE LA TEMPORADA","author":"Alejandro Sosa Ruda","date":"7 octubre, 2020","format":false,"excerpt":"El Municipio pretend\u00eda abrir el distrito para permitir el ingreso del turismo el pr\u00f3ximo fin de semana largo. La gran cantidad de casos positivos que reporta el Municipio hicieron que se le negara el pedido. Finalmente, el gobierno Nacional desestim\u00f3 el pedido del Municipio de Pinamar de abrir el distrito\u2026","rel":"","context":"En \u00abREGIONALES\u00bb","block_context":{"text":"REGIONALES","link":"https:\/\/larevistadigital.com.ar\/blog\/category\/regionales\/"},"img":{"alt_text":"","src":"https:\/\/i0.wp.com\/larevistadigital.com.ar\/blog\/wp-content\/uploads\/04d176848e2c13f00adfebb553358b5dbbf557d8.jpg?fit=1140%2C738&ssl=1&resize=350%2C200","width":350,"height":200,"srcset":"https:\/\/i0.wp.com\/larevistadigital.com.ar\/blog\/wp-content\/uploads\/04d176848e2c13f00adfebb553358b5dbbf557d8.jpg?fit=1140%2C738&ssl=1&resize=350%2C200 1x, https:\/\/i0.wp.com\/larevistadigital.com.ar\/blog\/wp-content\/uploads\/04d176848e2c13f00adfebb553358b5dbbf557d8.jpg?fit=1140%2C738&ssl=1&resize=525%2C300 1.5x, https:\/\/i0.wp.com\/larevistadigital.com.ar\/blog\/wp-content\/uploads\/04d176848e2c13f00adfebb553358b5dbbf557d8.jpg?fit=1140%2C738&ssl=1&resize=700%2C400 2x, https:\/\/i0.wp.com\/larevistadigital.com.ar\/blog\/wp-content\/uploads\/04d176848e2c13f00adfebb553358b5dbbf557d8.jpg?fit=1140%2C738&ssl=1&resize=1050%2C600 3x"},"classes":[]}],"_links":{"self":[{"href":"https:\/\/larevistadigital.com.ar\/blog\/wp-json\/wp\/v2\/posts\/43462","targetHints":{"allow":["GET"]}}],"collection":[{"href":"https:\/\/larevistadigital.com.ar\/blog\/wp-json\/wp\/v2\/posts"}],"about":[{"href":"https:\/\/larevistadigital.com.ar\/blog\/wp-json\/wp\/v2\/types\/post"}],"author":[{"embeddable":true,"href":"https:\/\/larevistadigital.com.ar\/blog\/wp-json\/wp\/v2\/users\/3"}],"replies":[{"embeddable":true,"href":"https:\/\/larevistadigital.com.ar\/blog\/wp-json\/wp\/v2\/comments?post=43462"}],"version-history":[{"count":1,"href":"https:\/\/larevistadigital.com.ar\/blog\/wp-json\/wp\/v2\/posts\/43462\/revisions"}],"predecessor-version":[{"id":43464,"href":"https:\/\/larevistadigital.com.ar\/blog\/wp-json\/wp\/v2\/posts\/43462\/revisions\/43464"}],"wp:featuredmedia":[{"embeddable":true,"href":"https:\/\/larevistadigital.com.ar\/blog\/wp-json\/wp\/v2\/media\/43463"}],"wp:attachment":[{"href":"https:\/\/larevistadigital.com.ar\/blog\/wp-json\/wp\/v2\/media?parent=43462"}],"wp:term":[{"taxonomy":"category","embeddable":true,"href":"https:\/\/larevistadigital.com.ar\/blog\/wp-json\/wp\/v2\/categories?post=43462"},{"taxonomy":"post_tag","embeddable":true,"href":"https:\/\/larevistadigital.com.ar\/blog\/wp-json\/wp\/v2\/tags?post=43462"}],"curies":[{"name":"wp","href":"https:\/\/api.w.org\/{rel}","templated":true}]}}