{"id":43465,"date":"2026-01-19T15:55:05","date_gmt":"2026-01-19T18:55:05","guid":{"rendered":"https:\/\/larevistadigital.com.ar\/blog\/?p=43465"},"modified":"2026-01-19T15:55:05","modified_gmt":"2026-01-19T18:55:05","slug":"fiesta-sangrienta-en-zarate-sicario-baleo-a-una-modelo-de-17-anos","status":"publish","type":"post","link":"https:\/\/larevistadigital.com.ar\/blog\/fiesta-sangrienta-en-zarate-sicario-baleo-a-una-modelo-de-17-anos\/","title":{"rendered":"Fiesta sangrienta en Z\u00e1rate:  sicario bale\u00f3 a una modelo de 17 a\u00f1os"},"content":{"rendered":"<h3 class=\"arial ctext fz16 lh22\">Se realizaron allanamientos para detener al criminal que permanece pr\u00f3fugo. La adolescente fue trasladada a CABA y le extrajeron el proyectil de una pierna.<\/h3>\n<p>19 de enero de 2026<\/p>\n<p>En la madrugada del s\u00e1bado, durante una\u00a0<strong>fiesta\u00a0<\/strong>que reuni\u00f3 a j\u00f3venes de entre 17 y 30 a\u00f1os y tuvo lugar en el\u00a0<strong>barrio La Florida<\/strong>,\u00a0<strong>Agustina Tatiana A.<\/strong>, de 17 a\u00f1os, fue\u00a0<strong>baleada\u00a0<\/strong>en una\u00a0pierna. La muchacha fue trasladada a un<strong>\u00a0nosocomio local<\/strong>\u00a0donde corroboraron que la\u00a0<strong>herida\u00a0<\/strong>presentaba solo\u00a0<strong>orificio de entrada.<\/strong><\/p>\n<blockquote>\n<h3>Por esta situaci\u00f3n fue\u00a0<strong>derivada\u00a0<\/strong>a un\u00a0<strong>reconocido sanatorio porte\u00f1o\u00a0<\/strong>donde, el mediod\u00eda de este lunes, fue\u00a0<strong>intervenida\u00a0<\/strong>y le extrajeron el\u00a0<strong>plomo<\/strong>.<\/h3>\n<\/blockquote>\n<p><strong>Testigos\u00a0<\/strong>del\u00a0<strong>sangriento ataque\u00a0<\/strong>identificaron al presunto\u00a0<strong>tirador\u00a0<\/strong>que ser\u00eda un muchacho de 19 a\u00f1os. La\u00a0<strong>Polic\u00eda de Z\u00e1rate<\/strong>\u00a0realiz\u00f3 diversos allanamientos que hasta el momento tuvieron\u00a0<strong>resultado negativo.<\/strong><\/p>\n<div class=\"twitter-tweet twitter-tweet-rendered\"><\/div>\n<div>\n<blockquote><p>El\u00a0<strong>violento\u00a0<\/strong>suceso ocurri\u00f3 poco despu\u00e9s de las 5 cuando un joven que vest\u00eda un<strong>\u00a0buzo con capucha color gris<\/strong>, se present\u00f3 en una\u00a0<strong>casaquinta\u00a0<\/strong>ubicada en la zona de<strong>\u00a0Los Acacios II\u00a0<\/strong>donde se realizaba una\u00a0<strong>fiesta<\/strong>. Hasta el momento no se pudo confirmar si se trataba de un\u00a0<strong>cumplea\u00f1os\u00a0<\/strong>o una \u00ab<strong>clandestina<\/strong>\u00ab.<\/p><\/blockquote>\n<p>El sujeto, que habr\u00eda estado acompa\u00f1ado por otro masculino, buscaba a un grupo con el que ten\u00eda<strong>\u00a0\u00abcuentas pendientes\u00bb por motivos desconocidos\u00a0<\/strong>y la\u00a0<strong>adolescente\u00a0<\/strong>fue una\u00a0<strong>v\u00edctima inocente\u00a0<\/strong>de esta situaci\u00f3n.\u00a0<strong>Alexander Dar\u00edo R.<\/strong>\u00a0tambi\u00e9n result\u00f3\u00a0<strong>herido\u00a0<\/strong>y permanece<strong>\u00a0fuera de peligro.<\/strong><\/p>\n<p><strong>Agustina Tatiana<\/strong>, que en diciembre fue\u00a0<strong>diplomada como modelo<\/strong>\u00a0en la\u00a0<strong>Escuela de Anam\u00e1 Ferreira<\/strong>, recibi\u00f3 un\u00a0<strong>disparo\u00a0<\/strong>en una pierna y fue trasladada al\u00a0<strong>hospital zonal Virgen del Carmen<\/strong>, donde le realizaron las primeras\u00a0<strong>curaciones\u00a0<\/strong>y la<strong>\u00a0intervinieron quir\u00fargicamente\u00a0<\/strong>pero no le consiguieron extraer\u00a0el\u00a0<strong>proyectil<\/strong>.<\/p>\n<p>Horas despu\u00e9s la joven fue trasladada al\u00a0<strong>Sanatorio Dupuytren, en la ciudad de Buenos Aires<\/strong>, donde la operaron y recuperaron el\u00a0<strong>plomo\u00a0<\/strong>durante el mediod\u00eda de este lunes. La adolescente permanece\u00a0<strong>internada y fuera de peligro.<\/strong><\/p>\n<blockquote><p>La\u00a0<strong>Instructora Judicial Dra. Carina de Angelis, de la UFI Nro. 8 de Z\u00e1rate<\/strong>, est\u00e1 a cargo de la investigaci\u00f3n que recab\u00f3\u00a0<strong>datos e informaci\u00f3n<\/strong>\u00a0proporcionada por otros\u00a0<strong>asistentes\u00a0<\/strong>a la fiesta.<\/p><\/blockquote>\n<p>Los testigos identificaron al tirador como<strong>\u00a0Julio Ezequiel P.<\/strong>, de 19 a\u00f1os, a quien efectivos de la\u00a0<strong>Comisar\u00eda 1ra. de Z\u00e1rate<\/strong>\u00a0fueron a buscar a su domicilio pero no lo encontraron.<\/p>\n<blockquote><p>Fuentes cercanas a la investigaci\u00f3n se\u00f1alaron por lo bajo que la\u00a0<strong>orden de allanamiento<\/strong>\u00a0lleg\u00f3 con varias horas de demora y esto permiti\u00f3 la\u00a0<strong>fuga\u00a0<\/strong>del\u00a0<strong>sospechoso<\/strong>.<\/p><\/blockquote>\n<p>La causa por el momento est\u00e1 caratulada como<strong>\u00a0\u00ababuso de armas y lesiones\u00bb.<\/strong><\/p>\n<\/div>\n<div class=\"relacionadas_internas fz14 posr ffalt bdtb bdtextlight pb2p pt10 mt4p mb4p\">\n<div class=\"bold mb2p cprincipal\"><\/div>\n<\/div>\n","protected":false},"excerpt":{"rendered":"<div class=\"mh-excerpt\"><p>Se realizaron allanamientos para detener al criminal que permanece pr\u00f3fugo. La adolescente fue trasladada a CABA y le extrajeron el proyectil de una pierna. 19 de enero de 2026 En la madrugada del s\u00e1bado, durante <a class=\"mh-excerpt-more\" href=\"https:\/\/larevistadigital.com.ar\/blog\/fiesta-sangrienta-en-zarate-sicario-baleo-a-una-modelo-de-17-anos\/\" title=\"Fiesta sangrienta en Z\u00e1rate:  sicario bale\u00f3 a una modelo de 17 a\u00f1os\">[Leer M\u00e1s]<\/a><\/p>\n<\/div>","protected":false},"author":3,"featured_media":43466,"comment_status":"open","ping_status":"open","sticky":false,"template":"","format":"standard","meta":{"_jetpack_memberships_contains_paid_content":false,"footnotes":"","jetpack_publicize_message":"","jetpack_publicize_feature_enabled":true,"jetpack_social_post_already_shared":true,"jetpack_social_options":{"image_generator_settings":{"template":"highway","default_image_id":0,"font":"","enabled":false},"version":2}},"categories":[44,51],"tags":[],"class_list":{"0":"post-43465","1":"post","2":"type-post","3":"status-publish","4":"format-standard","5":"has-post-thumbnail","7":"category-policiales","8":"category-regionales"},"jetpack_publicize_connections":[],"jetpack_featured_media_url":"https:\/\/i0.wp.com\/larevistadigital.com.ar\/blog\/wp-content\/uploads\/Captura-de-pantalla-2026-01-19-155135.jpg?fit=793%2C457&ssl=1","jetpack_sharing_enabled":true,"jetpack_shortlink":"https:\/\/wp.me\/p8qtrQ-bj3","jetpack-related-posts":[{"id":15961,"url":"https:\/\/larevistadigital.com.ar\/blog\/lo-confunden-con-otro-y-le-pegan-un-tiro-en-la-pierna\/","url_meta":{"origin":43465,"position":0},"title":"LO CONFUNDEN CON OTRO Y LE PEGAN UN TIRO EN LA PIERNA","author":"Alejandro Sosa Ruda","date":"12 agosto, 2020","format":false,"excerpt":"El ataque ocurri\u00f3 ayer a la noche en el barrio Fortunato de la Plaza. La v\u00edctima tiene 18 a\u00f1os y fue trasladado de urgencia al Hospital Interzonal. Un\u00a0joven de 18 a\u00f1os fue baleado\u00a0en una pierna ayer a la noche mientras caminaba por el barrio\u00a0Fortunato de la Plaza\u00a0y, seg\u00fan le explic\u00f3\u2026","rel":"","context":"En \u00abPOLICIALES\u00bb","block_context":{"text":"POLICIALES","link":"https:\/\/larevistadigital.com.ar\/blog\/category\/policiales\/"},"img":{"alt_text":"","src":"https:\/\/i0.wp.com\/larevistadigital.com.ar\/blog\/wp-content\/uploads\/Screenshot_1-127.jpg?fit=1008%2C661&ssl=1&resize=350%2C200","width":350,"height":200,"srcset":"https:\/\/i0.wp.com\/larevistadigital.com.ar\/blog\/wp-content\/uploads\/Screenshot_1-127.jpg?fit=1008%2C661&ssl=1&resize=350%2C200 1x, https:\/\/i0.wp.com\/larevistadigital.com.ar\/blog\/wp-content\/uploads\/Screenshot_1-127.jpg?fit=1008%2C661&ssl=1&resize=525%2C300 1.5x, https:\/\/i0.wp.com\/larevistadigital.com.ar\/blog\/wp-content\/uploads\/Screenshot_1-127.jpg?fit=1008%2C661&ssl=1&resize=700%2C400 2x"},"classes":[]},{"id":32122,"url":"https:\/\/larevistadigital.com.ar\/blog\/32122-2\/","url_meta":{"origin":43465,"position":1},"title":"CHASCOM\u00daS: GRAV\u00cdSIMA DENUNCIA DE UNA MAM\u00c1 QUE DEBI\u00d3 CONSULTAR SIETE M\u00c9DICOS PARA QUE ADVIERTAN QUE SU HIJA DE 4 A\u00d1OS SE HAB\u00cdA TRAGADO UNA \u00abPILA BOTON\u00bb","author":"Alejandro Sosa Ruda","date":"26 junio, 2023","format":false,"excerpt":"La mujer hizo un descargo en su cuenta de Facebook, con l\u00f3gica indignaci\u00f3n. Quien supo cu\u00e1l era el problema fue el doctor Jorge Ortale. La nena fue llevada a La Plata donde le extrajeron la pila. 26 de junio de 2023 CHASCOM\u00daS -\u00a0 A trav\u00e9s de sus redes sociales, una\u2026","rel":"","context":"En \u00abCHASCOM\u00daS\u00bb","block_context":{"text":"CHASCOM\u00daS","link":"https:\/\/larevistadigital.com.ar\/blog\/category\/chascomus\/"},"img":{"alt_text":"","src":"https:\/\/i0.wp.com\/larevistadigital.com.ar\/blog\/wp-content\/uploads\/PILA-BOTON-ISABELLA-1.jpg?fit=1134%2C850&ssl=1&resize=350%2C200","width":350,"height":200,"srcset":"https:\/\/i0.wp.com\/larevistadigital.com.ar\/blog\/wp-content\/uploads\/PILA-BOTON-ISABELLA-1.jpg?fit=1134%2C850&ssl=1&resize=350%2C200 1x, https:\/\/i0.wp.com\/larevistadigital.com.ar\/blog\/wp-content\/uploads\/PILA-BOTON-ISABELLA-1.jpg?fit=1134%2C850&ssl=1&resize=525%2C300 1.5x, https:\/\/i0.wp.com\/larevistadigital.com.ar\/blog\/wp-content\/uploads\/PILA-BOTON-ISABELLA-1.jpg?fit=1134%2C850&ssl=1&resize=700%2C400 2x, https:\/\/i0.wp.com\/larevistadigital.com.ar\/blog\/wp-content\/uploads\/PILA-BOTON-ISABELLA-1.jpg?fit=1134%2C850&ssl=1&resize=1050%2C600 3x"},"classes":[]},{"id":33550,"url":"https:\/\/larevistadigital.com.ar\/blog\/desgracia-un-joven-quedo-atrapado-en-una-cosechadora-y-perdio-una-pierna\/","url_meta":{"origin":43465,"position":2},"title":"DESGRACIA: UN JOVEN QUED\u00d3 ATRAPADO EN UNA COSECHADORA Y PERDI\u00d3 UNA PIERNA","author":"Alejandro Sosa Ruda","date":"23 septiembre, 2023","format":false,"excerpt":"El joven fue atrapado por la unidad. Como consecuencia, le amputaron la pierna derecha y tuvo que ser intervenido quir\u00fargicamente para que le reconstruyan la pierna izquierda. 23 de Septiembre de 2023 TRES ARROYOS -\u00a0 Un trabajador rural de 25 a\u00f1os sufri\u00f3 un grave accidente en un campo ubicado a\u2026","rel":"","context":"En \u00abINTERES GENERAL\u00bb","block_context":{"text":"INTERES GENERAL","link":"https:\/\/larevistadigital.com.ar\/blog\/category\/interes-general\/"},"img":{"alt_text":"","src":"https:\/\/i0.wp.com\/larevistadigital.com.ar\/blog\/wp-content\/uploads\/20230922143628_cose.jpg?fit=880%2C512&ssl=1&resize=350%2C200","width":350,"height":200,"srcset":"https:\/\/i0.wp.com\/larevistadigital.com.ar\/blog\/wp-content\/uploads\/20230922143628_cose.jpg?fit=880%2C512&ssl=1&resize=350%2C200 1x, https:\/\/i0.wp.com\/larevistadigital.com.ar\/blog\/wp-content\/uploads\/20230922143628_cose.jpg?fit=880%2C512&ssl=1&resize=525%2C300 1.5x, https:\/\/i0.wp.com\/larevistadigital.com.ar\/blog\/wp-content\/uploads\/20230922143628_cose.jpg?fit=880%2C512&ssl=1&resize=700%2C400 2x"},"classes":[]},{"id":34756,"url":"https:\/\/larevistadigital.com.ar\/blog\/zarate-un-joven-mato-a-su-abuela-de-80-anos-a-bastonazos\/","url_meta":{"origin":43465,"position":3},"title":"ZARATE: UN JOVEN MAT\u00d3 A SU ABUELA DE 80 A\u00d1OS A BASTONAZOS","author":"Alejandro Sosa Ruda","date":"5 diciembre, 2023","format":false,"excerpt":"Un joven de 18 a\u00f1os golpe\u00f3 a su abuela en medio de una discusi\u00f3n. La mujer agoniz\u00f3 durante 18 d\u00edas y finalmente falleci\u00f3 a casusa de una severa hemorragia por un traumatismo de cr\u00e1neo. 5 de Diciembre de 2023 ZARATE -\u00a0 Sof\u00eda Roseli fue atacada por su nieto el 14\u2026","rel":"","context":"En \u00abINTERES GENERAL\u00bb","block_context":{"text":"INTERES GENERAL","link":"https:\/\/larevistadigital.com.ar\/blog\/category\/interes-general\/"},"img":{"alt_text":"","src":"https:\/\/i0.wp.com\/larevistadigital.com.ar\/blog\/wp-content\/uploads\/20231204175522_zara.jpg?fit=880%2C512&ssl=1&resize=350%2C200","width":350,"height":200,"srcset":"https:\/\/i0.wp.com\/larevistadigital.com.ar\/blog\/wp-content\/uploads\/20231204175522_zara.jpg?fit=880%2C512&ssl=1&resize=350%2C200 1x, https:\/\/i0.wp.com\/larevistadigital.com.ar\/blog\/wp-content\/uploads\/20231204175522_zara.jpg?fit=880%2C512&ssl=1&resize=525%2C300 1.5x, https:\/\/i0.wp.com\/larevistadigital.com.ar\/blog\/wp-content\/uploads\/20231204175522_zara.jpg?fit=880%2C512&ssl=1&resize=700%2C400 2x"},"classes":[]},{"id":16509,"url":"https:\/\/larevistadigital.com.ar\/blog\/mar-del-plata-balean-a-mujer-y-esta-se-nego-a-hacer-la-denuncia\/","url_meta":{"origin":43465,"position":4},"title":"MAR DEL PLATA: BALEAN A MUJER Y ESTA, SE NEG\u00d3 A HACER LA DENUNCIA","author":"Alejandro Sosa Ruda","date":"25 septiembre, 2020","format":false,"excerpt":"La v\u00edctima tiene 26 a\u00f1os y qued\u00f3 internada en el Hospital Interzonal. Recibi\u00f3 un disparo en la pierna y otro en el hombre, pero al llegar al nosocomio no quiso aportar datos a la polic\u00eda ni que se iniciara una investigaci\u00f3n penal. Una\u00a0mujer de 26 a\u00f1os\u00a0fue baleada ayer a la\u2026","rel":"","context":"En \u00abPOLICIALES\u00bb","block_context":{"text":"POLICIALES","link":"https:\/\/larevistadigital.com.ar\/blog\/category\/policiales\/"},"img":{"alt_text":"","src":"https:\/\/i0.wp.com\/larevistadigital.com.ar\/blog\/wp-content\/uploads\/Guardia-Higa-0311.jpg?fit=790%2C444&ssl=1&resize=350%2C200","width":350,"height":200,"srcset":"https:\/\/i0.wp.com\/larevistadigital.com.ar\/blog\/wp-content\/uploads\/Guardia-Higa-0311.jpg?fit=790%2C444&ssl=1&resize=350%2C200 1x, https:\/\/i0.wp.com\/larevistadigital.com.ar\/blog\/wp-content\/uploads\/Guardia-Higa-0311.jpg?fit=790%2C444&ssl=1&resize=525%2C300 1.5x, https:\/\/i0.wp.com\/larevistadigital.com.ar\/blog\/wp-content\/uploads\/Guardia-Higa-0311.jpg?fit=790%2C444&ssl=1&resize=700%2C400 2x"},"classes":[]},{"id":32899,"url":"https:\/\/larevistadigital.com.ar\/blog\/la-plata-conmocion-discutio-con-el-novio-de-su-hija-y-le-pego-un-tiro\/","url_meta":{"origin":43465,"position":5},"title":"LA PLATA: CONMOCI\u00d3N. DISCUTI\u00d3 CON EL NOVIO DE SU HIJA Y LE PEG\u00d3 UN TIRO.","author":"Alejandro Sosa Ruda","date":"16 agosto, 2023","format":false,"excerpt":"Las autoridades informaron que la bala impact\u00f3 en el muslo derecho de la v\u00edctima de 24 a\u00f1os. El joven fue trasladado a un hospital y est\u00e1 fuera de peligro. 16 de agosto de 2023 LA PLATA -\u00a0 La Polic\u00eda detuvo a un hombre que est\u00e1 acusado de\u00a0balear a la pareja\u2026","rel":"","context":"En \u00abPOLICIALES\u00bb","block_context":{"text":"POLICIALES","link":"https:\/\/larevistadigital.com.ar\/blog\/category\/policiales\/"},"img":{"alt_text":"","src":"https:\/\/i0.wp.com\/larevistadigital.com.ar\/blog\/wp-content\/uploads\/1586465615052.jpg?fit=1200%2C594&ssl=1&resize=350%2C200","width":350,"height":200,"srcset":"https:\/\/i0.wp.com\/larevistadigital.com.ar\/blog\/wp-content\/uploads\/1586465615052.jpg?fit=1200%2C594&ssl=1&resize=350%2C200 1x, https:\/\/i0.wp.com\/larevistadigital.com.ar\/blog\/wp-content\/uploads\/1586465615052.jpg?fit=1200%2C594&ssl=1&resize=525%2C300 1.5x, https:\/\/i0.wp.com\/larevistadigital.com.ar\/blog\/wp-content\/uploads\/1586465615052.jpg?fit=1200%2C594&ssl=1&resize=700%2C400 2x, https:\/\/i0.wp.com\/larevistadigital.com.ar\/blog\/wp-content\/uploads\/1586465615052.jpg?fit=1200%2C594&ssl=1&resize=1050%2C600 3x"},"classes":[]}],"_links":{"self":[{"href":"https:\/\/larevistadigital.com.ar\/blog\/wp-json\/wp\/v2\/posts\/43465","targetHints":{"allow":["GET"]}}],"collection":[{"href":"https:\/\/larevistadigital.com.ar\/blog\/wp-json\/wp\/v2\/posts"}],"about":[{"href":"https:\/\/larevistadigital.com.ar\/blog\/wp-json\/wp\/v2\/types\/post"}],"author":[{"embeddable":true,"href":"https:\/\/larevistadigital.com.ar\/blog\/wp-json\/wp\/v2\/users\/3"}],"replies":[{"embeddable":true,"href":"https:\/\/larevistadigital.com.ar\/blog\/wp-json\/wp\/v2\/comments?post=43465"}],"version-history":[{"count":1,"href":"https:\/\/larevistadigital.com.ar\/blog\/wp-json\/wp\/v2\/posts\/43465\/revisions"}],"predecessor-version":[{"id":43467,"href":"https:\/\/larevistadigital.com.ar\/blog\/wp-json\/wp\/v2\/posts\/43465\/revisions\/43467"}],"wp:featuredmedia":[{"embeddable":true,"href":"https:\/\/larevistadigital.com.ar\/blog\/wp-json\/wp\/v2\/media\/43466"}],"wp:attachment":[{"href":"https:\/\/larevistadigital.com.ar\/blog\/wp-json\/wp\/v2\/media?parent=43465"}],"wp:term":[{"taxonomy":"category","embeddable":true,"href":"https:\/\/larevistadigital.com.ar\/blog\/wp-json\/wp\/v2\/categories?post=43465"},{"taxonomy":"post_tag","embeddable":true,"href":"https:\/\/larevistadigital.com.ar\/blog\/wp-json\/wp\/v2\/tags?post=43465"}],"curies":[{"name":"wp","href":"https:\/\/api.w.org\/{rel}","templated":true}]}}