{"id":43469,"date":"2026-01-19T23:27:59","date_gmt":"2026-01-20T02:27:59","guid":{"rendered":"https:\/\/larevistadigital.com.ar\/blog\/?p=43469"},"modified":"2026-01-19T23:27:59","modified_gmt":"2026-01-20T02:27:59","slug":"recuperan-una-moto-con-pedido-de-secuestro-activo-gracias-a-ojos-en-alerta","status":"publish","type":"post","link":"https:\/\/larevistadigital.com.ar\/blog\/recuperan-una-moto-con-pedido-de-secuestro-activo-gracias-a-ojos-en-alerta\/","title":{"rendered":"Recuperan una moto con pedido de secuestro activo gracias a Ojos en Alerta"},"content":{"rendered":"<h3 class=\"excerpt\">El pasado mi\u00e9rcoles 15 de enero, cerca del mediod\u00eda, en la intersecci\u00f3n de Lastra y Casalins, un vecino alert\u00f3 a trav\u00e9s del n\u00famero de whatsapp en Ojos en Alerta que hab\u00eda reconocido su moto, la cual hab\u00eda sido sustra\u00edda.<\/h3>\n<p>19 De enero de 2026<\/p>\n<div id=\"miDiv1\" class=\"text\">\n<p><strong>CHASCOM\u00daS &#8211;\u00a0<\/strong> \u00a0Desde el Centro de Monitoreo Municipal se dio aviso inmediato a la Patrulla Municipal, que se dirigi\u00f3 al lugar. Al arribar, los agentes solicitaron la presencia policial para continuar con el procedimiento correspondiente.<\/p>\n<blockquote>\n<h3>Tras cursar los datos del veh\u00edculo, se confirm\u00f3 que la moto contaba con un pedido de secuestro activo. Finalmente, fue trasladada a la dependencia policial junto a los ciudadanos involucrados, donde se realizaron las actuaciones correspondientes.<\/h3>\n<\/blockquote>\n<p>Ojos en Alerta es una herramienta clave de prevenci\u00f3n securitaria del \u00e1rea de Seguridad de la Municipalidad de Chascom\u00fas, que permite una comunicaci\u00f3n directa entre los vecinos y el Centro de Monitoreo, fortaleciendo la detecci\u00f3n temprana de situaciones sospechosas y mejorando la capacidad de respuesta.<\/p>\n<p>Esta recuperaci\u00f3n se suma a otro hecho ocurrido en los \u00faltimos d\u00edas, cuando desde el Centro de Monitoreo Municipal se detect\u00f3 a dos hombres trasladando una motocicleta, en actitud sospechosa. Gracias a un trabajo coordinado entre la Patrulla Municipal y la Polic\u00eda, se logr\u00f3 interceptarlos y proceder a su detenci\u00f3n.<\/p>\n<blockquote>\n<h3>Ambos episodios reflejan la importancia del compromiso ciudadano y del trabajo conjunto entre los vecinos y las fuerzas de seguridad para seguir construyendo una comunidad m\u00e1s segura.<\/h3>\n<\/blockquote>\n<p>Aquellos vecinos y vecinas que deseen adherirse al programa Ojos en Alerta pueden enviar un mensaje al 2241 55-7444. Le recordamos a la comunidad que todos los datos que ingresan a ese n\u00famero son confidenciales.<\/p>\n<\/div>\n","protected":false},"excerpt":{"rendered":"<div class=\"mh-excerpt\"><p>El pasado mi\u00e9rcoles 15 de enero, cerca del mediod\u00eda, en la intersecci\u00f3n de Lastra y Casalins, un vecino alert\u00f3 a trav\u00e9s del n\u00famero de whatsapp en Ojos en Alerta que hab\u00eda reconocido su moto, la <a class=\"mh-excerpt-more\" href=\"https:\/\/larevistadigital.com.ar\/blog\/recuperan-una-moto-con-pedido-de-secuestro-activo-gracias-a-ojos-en-alerta\/\" title=\"Recuperan una moto con pedido de secuestro activo gracias a Ojos en Alerta\">[Leer M\u00e1s]<\/a><\/p>\n<\/div>","protected":false},"author":3,"featured_media":43470,"comment_status":"open","ping_status":"open","sticky":false,"template":"","format":"standard","meta":{"_jetpack_memberships_contains_paid_content":false,"footnotes":"","jetpack_publicize_message":"","jetpack_publicize_feature_enabled":true,"jetpack_social_post_already_shared":true,"jetpack_social_options":{"image_generator_settings":{"template":"highway","default_image_id":0,"font":"","enabled":false},"version":2}},"categories":[41,44],"tags":[],"class_list":{"0":"post-43469","1":"post","2":"type-post","3":"status-publish","4":"format-standard","5":"has-post-thumbnail","7":"category-destacadas","8":"category-policiales"},"jetpack_publicize_connections":[],"jetpack_featured_media_url":"https:\/\/i0.wp.com\/larevistadigital.com.ar\/blog\/wp-content\/uploads\/696e717adc21f.png?fit=668%2C445&ssl=1","jetpack_sharing_enabled":true,"jetpack_shortlink":"https:\/\/wp.me\/p8qtrQ-bj7","jetpack-related-posts":[{"id":43974,"url":"https:\/\/larevistadigital.com.ar\/blog\/chascomus-dos-motos-recuperadas-gracias-a-la-patrulla-de-prevencion-municipal\/","url_meta":{"origin":43469,"position":0},"title":"Chascom\u00fas: Dos motos recuperadas gracias a la Patrulla de Prevenci\u00f3n Municipal","author":"Alejandro Sosa Ruda","date":"12 febrero, 2026","format":false,"excerpt":"Los procedimientos se realizaron en distintos puntos de la ciudad y permitieron detectar motoveh\u00edculos con pedido de secuestro activo por robo. 12 de febrero de 2026 CHASCOM\u00daS -\u00a0 \u00a0Durante las tareas habituales de prevenci\u00f3n que realiza diariamente, la Patrulla de Prevenci\u00f3n Municipal logr\u00f3 recuperar dos motocicletas que ten\u00edan pedido activo\u2026","rel":"","context":"En \u00abCHASCOM\u00daS\u00bb","block_context":{"text":"CHASCOM\u00daS","link":"https:\/\/larevistadigital.com.ar\/blog\/category\/chascomus\/"},"img":{"alt_text":"","src":"https:\/\/i0.wp.com\/larevistadigital.com.ar\/blog\/wp-content\/uploads\/698e13df16213.png?fit=668%2C445&ssl=1&resize=350%2C200","width":350,"height":200,"srcset":"https:\/\/i0.wp.com\/larevistadigital.com.ar\/blog\/wp-content\/uploads\/698e13df16213.png?fit=668%2C445&ssl=1&resize=350%2C200 1x, https:\/\/i0.wp.com\/larevistadigital.com.ar\/blog\/wp-content\/uploads\/698e13df16213.png?fit=668%2C445&ssl=1&resize=525%2C300 1.5x"},"classes":[]},{"id":26395,"url":"https:\/\/larevistadigital.com.ar\/blog\/chascomus-choque-entre-un-patrullero-y-una-moto-la-moto-poseia-pedido-de-secuestro-y-se-encontro-droga-en-poder-del-accidentado\/","url_meta":{"origin":43469,"position":1},"title":"CHASCOM\u00daS: CHOQUE ENTRE UN PATRULLERO Y UNA MOTO. LA MOTO POSE\u00cdA PEDIDO DE SECUESTRO Y SE ENCONTR\u00d3 DROGA EN PODER DEL ACCIDENTADO","author":"Alejandro Sosa Ruda","date":"6 julio, 2022","format":false,"excerpt":"CHASCOM\u00daS -\u00a0 En horas de la tarde, se produjo un accidente de tr\u00e1nsito que tuvo como protagonista a un patrullero y una motocicleta Gilera Smach sin patente, en la intersecci\u00f3n de las calles Tucum\u00e1n y Chubut. En el m\u00f3vil policial, iban dos oficiales, que resultaron ilesos, mientras que a bordo\u2026","rel":"","context":"En \u00abDESTACADAS\u00bb","block_context":{"text":"DESTACADAS","link":"https:\/\/larevistadigital.com.ar\/blog\/category\/destacadas\/"},"img":{"alt_text":"","src":"https:\/\/i0.wp.com\/larevistadigital.com.ar\/blog\/wp-content\/uploads\/Sin-titulo-1-1.jpg?fit=737%2C338&ssl=1&resize=350%2C200","width":350,"height":200,"srcset":"https:\/\/i0.wp.com\/larevistadigital.com.ar\/blog\/wp-content\/uploads\/Sin-titulo-1-1.jpg?fit=737%2C338&ssl=1&resize=350%2C200 1x, https:\/\/i0.wp.com\/larevistadigital.com.ar\/blog\/wp-content\/uploads\/Sin-titulo-1-1.jpg?fit=737%2C338&ssl=1&resize=525%2C300 1.5x, https:\/\/i0.wp.com\/larevistadigital.com.ar\/blog\/wp-content\/uploads\/Sin-titulo-1-1.jpg?fit=737%2C338&ssl=1&resize=700%2C400 2x"},"classes":[]},{"id":31523,"url":"https:\/\/larevistadigital.com.ar\/blog\/gracias-a-una-alerta-de-monitoreo-la-policia-comunal-aprehendio-un-sujeto-que-circulaba-con-una-moto-robada\/","url_meta":{"origin":43469,"position":2},"title":"GRACIAS A UNA ALERTA DE MONITOREO, LA POLIC\u00cdA COMUNAL APREHENDI\u00d3 UN SUJETO QUE CIRCULABA CON UNA MOTO ROBADA","author":"Alejandro Sosa Ruda","date":"11 mayo, 2023","format":false,"excerpt":"El aprehendido es de Chascom\u00fas, y la motocicleta hab\u00eda sido robada en Lomas de Zamora. Se logr\u00f3 la aprehensi\u00f3n gracias al trabajo de Monitoreo. 11 de mayo de 2023 CHASCOM\u00daS\u00a0 -\u00a0 Durante la jornada de ayer, Monitoreo local se comunic\u00f3 con la Polic\u00eda Comunal, para que se identifique un individuo\u2026","rel":"","context":"En \u00abDESTACADAS\u00bb","block_context":{"text":"DESTACADAS","link":"https:\/\/larevistadigital.com.ar\/blog\/category\/destacadas\/"},"img":{"alt_text":"","src":"https:\/\/i0.wp.com\/larevistadigital.com.ar\/blog\/wp-content\/uploads\/WhatsApp-Image-2023-05-10-at-08.24.09-1-e1683847328115.jpeg?fit=899%2C655&ssl=1&resize=350%2C200","width":350,"height":200,"srcset":"https:\/\/i0.wp.com\/larevistadigital.com.ar\/blog\/wp-content\/uploads\/WhatsApp-Image-2023-05-10-at-08.24.09-1-e1683847328115.jpeg?fit=899%2C655&ssl=1&resize=350%2C200 1x, https:\/\/i0.wp.com\/larevistadigital.com.ar\/blog\/wp-content\/uploads\/WhatsApp-Image-2023-05-10-at-08.24.09-1-e1683847328115.jpeg?fit=899%2C655&ssl=1&resize=525%2C300 1.5x, https:\/\/i0.wp.com\/larevistadigital.com.ar\/blog\/wp-content\/uploads\/WhatsApp-Image-2023-05-10-at-08.24.09-1-e1683847328115.jpeg?fit=899%2C655&ssl=1&resize=700%2C400 2x"},"classes":[]},{"id":25125,"url":"https:\/\/larevistadigital.com.ar\/blog\/chascomus-policia-de-ronda-detecta-y-detiene-a-dos-menores-que-se-movilizaban-con-moto-robada\/","url_meta":{"origin":43469,"position":3},"title":"CHASCOM\u00daS: POLIC\u00cdA DE RONDA, DETECTA Y DETIENE A DOS MENORES QUE SE MOVILIZABAN CON MOTO ROBADA","author":"Alejandro Sosa Ruda","date":"17 abril, 2022","format":false,"excerpt":"CHASCOM\u00daS -\u00a0 En el d\u00eda de ayer, personal policial detuvo a dos sujetos que se movilizaban en dos motos, llevando a una \"de tiro\", lo que despert\u00f3 las sospechas de los agentes del orden, adem\u00e1s de la falta de pl\u00e1sticos, luces y de patente. Al detener a los muchachos, se\u2026","rel":"","context":"En \u00abINTERES GENERAL\u00bb","block_context":{"text":"INTERES GENERAL","link":"https:\/\/larevistadigital.com.ar\/blog\/category\/interes-general\/"},"img":{"alt_text":"","src":"https:\/\/i0.wp.com\/larevistadigital.com.ar\/blog\/wp-content\/uploads\/WhatsApp-Image-2022-04-16-at-9.42.58-PM.jpeg?fit=1200%2C1200&ssl=1&resize=350%2C200","width":350,"height":200,"srcset":"https:\/\/i0.wp.com\/larevistadigital.com.ar\/blog\/wp-content\/uploads\/WhatsApp-Image-2022-04-16-at-9.42.58-PM.jpeg?fit=1200%2C1200&ssl=1&resize=350%2C200 1x, https:\/\/i0.wp.com\/larevistadigital.com.ar\/blog\/wp-content\/uploads\/WhatsApp-Image-2022-04-16-at-9.42.58-PM.jpeg?fit=1200%2C1200&ssl=1&resize=525%2C300 1.5x, https:\/\/i0.wp.com\/larevistadigital.com.ar\/blog\/wp-content\/uploads\/WhatsApp-Image-2022-04-16-at-9.42.58-PM.jpeg?fit=1200%2C1200&ssl=1&resize=700%2C400 2x, https:\/\/i0.wp.com\/larevistadigital.com.ar\/blog\/wp-content\/uploads\/WhatsApp-Image-2022-04-16-at-9.42.58-PM.jpeg?fit=1200%2C1200&ssl=1&resize=1050%2C600 3x"},"classes":[]},{"id":44065,"url":"https:\/\/larevistadigital.com.ar\/blog\/chascomus-le-robaron-la-moto-a-plena-luz-del-dia-y-huyeron-en-contramano-entro-el-aviso-a-traves-de-ojos-en-alerta\/","url_meta":{"origin":43469,"position":4},"title":"Chascom\u00fas: Le robaron la moto a plena luz del d\u00eda y huyeron en contramano. Entr\u00f3 el aviso a trav\u00e9s de \u00abOjos en Alerta\u00bb","author":"Alejandro Sosa Ruda","date":"20 febrero, 2026","format":false,"excerpt":"El hecho ocurri\u00f3 este mediod\u00eda. Los sospechosos escaparon con el rodado a pie y luego habr\u00edan circulado en contramano. La v\u00edctima radicar\u00e1 la denuncia. 20 de febrero de 2026 CHASCOM\u00daS -\u00a0 \u00a0Un robo de motoveh\u00edculo se registr\u00f3 este mediod\u00eda en Chascom\u00fas, cuando dos personas sustrajeron una motocicleta que se encontraba\u2026","rel":"","context":"En \u00abCHASCOM\u00daS\u00bb","block_context":{"text":"CHASCOM\u00daS","link":"https:\/\/larevistadigital.com.ar\/blog\/category\/chascomus\/"},"img":{"alt_text":"","src":"https:\/\/i0.wp.com\/larevistadigital.com.ar\/blog\/wp-content\/uploads\/Captura-de-pantalla-2026-02-20-142750.jpg?fit=900%2C457&ssl=1&resize=350%2C200","width":350,"height":200,"srcset":"https:\/\/i0.wp.com\/larevistadigital.com.ar\/blog\/wp-content\/uploads\/Captura-de-pantalla-2026-02-20-142750.jpg?fit=900%2C457&ssl=1&resize=350%2C200 1x, https:\/\/i0.wp.com\/larevistadigital.com.ar\/blog\/wp-content\/uploads\/Captura-de-pantalla-2026-02-20-142750.jpg?fit=900%2C457&ssl=1&resize=525%2C300 1.5x, https:\/\/i0.wp.com\/larevistadigital.com.ar\/blog\/wp-content\/uploads\/Captura-de-pantalla-2026-02-20-142750.jpg?fit=900%2C457&ssl=1&resize=700%2C400 2x"},"classes":[]},{"id":33608,"url":"https:\/\/larevistadigital.com.ar\/blog\/chascomus-la-policia-recupero-en-un-operativo-una-moto-con-denuncia-de-robo\/","url_meta":{"origin":43469,"position":5},"title":"CHASCOM\u00daS: LA POLIC\u00cdA RECUPER\u00d3 EN UN OPERATIVO UNA MOTO CON DENUNCIA DE ROBO","author":"Alejandro Sosa Ruda","date":"25 septiembre, 2023","format":false,"excerpt":"El pedido de secuestro era por robo de motoveh\u00edculo en septiembre de 2021. 25 de Septiembre de 2023 CHASCOM\u00daS -\u00a0 El pasado s\u00e1bado 23 en horas de la tarde noche, personal policial de EPC Chascomus Primera durante un operativo de interceptacion selectiva de veh\u00edculos, procedi\u00f3 a detener a una motocicleta\u2026","rel":"","context":"En \u00abPOLICIALES\u00bb","block_context":{"text":"POLICIALES","link":"https:\/\/larevistadigital.com.ar\/blog\/category\/policiales\/"},"img":{"alt_text":"","src":"https:\/\/i0.wp.com\/larevistadigital.com.ar\/blog\/wp-content\/uploads\/WhatsApp-Image-2023-09-25-at-20.06.49.jpeg?fit=675%2C1200&ssl=1&resize=350%2C200","width":350,"height":200,"srcset":"https:\/\/i0.wp.com\/larevistadigital.com.ar\/blog\/wp-content\/uploads\/WhatsApp-Image-2023-09-25-at-20.06.49.jpeg?fit=675%2C1200&ssl=1&resize=350%2C200 1x, https:\/\/i0.wp.com\/larevistadigital.com.ar\/blog\/wp-content\/uploads\/WhatsApp-Image-2023-09-25-at-20.06.49.jpeg?fit=675%2C1200&ssl=1&resize=525%2C300 1.5x"},"classes":[]}],"_links":{"self":[{"href":"https:\/\/larevistadigital.com.ar\/blog\/wp-json\/wp\/v2\/posts\/43469","targetHints":{"allow":["GET"]}}],"collection":[{"href":"https:\/\/larevistadigital.com.ar\/blog\/wp-json\/wp\/v2\/posts"}],"about":[{"href":"https:\/\/larevistadigital.com.ar\/blog\/wp-json\/wp\/v2\/types\/post"}],"author":[{"embeddable":true,"href":"https:\/\/larevistadigital.com.ar\/blog\/wp-json\/wp\/v2\/users\/3"}],"replies":[{"embeddable":true,"href":"https:\/\/larevistadigital.com.ar\/blog\/wp-json\/wp\/v2\/comments?post=43469"}],"version-history":[{"count":1,"href":"https:\/\/larevistadigital.com.ar\/blog\/wp-json\/wp\/v2\/posts\/43469\/revisions"}],"predecessor-version":[{"id":43471,"href":"https:\/\/larevistadigital.com.ar\/blog\/wp-json\/wp\/v2\/posts\/43469\/revisions\/43471"}],"wp:featuredmedia":[{"embeddable":true,"href":"https:\/\/larevistadigital.com.ar\/blog\/wp-json\/wp\/v2\/media\/43470"}],"wp:attachment":[{"href":"https:\/\/larevistadigital.com.ar\/blog\/wp-json\/wp\/v2\/media?parent=43469"}],"wp:term":[{"taxonomy":"category","embeddable":true,"href":"https:\/\/larevistadigital.com.ar\/blog\/wp-json\/wp\/v2\/categories?post=43469"},{"taxonomy":"post_tag","embeddable":true,"href":"https:\/\/larevistadigital.com.ar\/blog\/wp-json\/wp\/v2\/tags?post=43469"}],"curies":[{"name":"wp","href":"https:\/\/api.w.org\/{rel}","templated":true}]}}