{"id":43472,"date":"2026-01-19T23:31:27","date_gmt":"2026-01-20T02:31:27","guid":{"rendered":"https:\/\/larevistadigital.com.ar\/blog\/?p=43472"},"modified":"2026-01-19T23:31:27","modified_gmt":"2026-01-20T02:31:27","slug":"ex-combatientes-de-malvinas-se-extendio-el-plazo-para-la-eximicion-de-tasas-municipales","status":"publish","type":"post","link":"https:\/\/larevistadigital.com.ar\/blog\/ex-combatientes-de-malvinas-se-extendio-el-plazo-para-la-eximicion-de-tasas-municipales\/","title":{"rendered":"Ex combatientes de Malvinas: Se extendi\u00f3 el plazo para la eximici\u00f3n de tasas municipales"},"content":{"rendered":"<h3 class=\"excerpt\">Tienen plazo hasta el viernes 27 de febrero, para presentar la documentaci\u00f3n correspondiente, y los que ya la han presentado, s\u00f3lo deben firmar en mesa de entradas la fe de vida<\/h3>\n<div id=\"miDiv1\" class=\"text\">\n<p>La eximici\u00f3n de tasas otorgada comprende tasas por servicios sanitarios, por derechos de cementerio, por servicios vinculados a la construcci\u00f3n, por servicios de salud, por derechos de licencia de conducir y patentes de veh\u00edculos. La misma se otorga a los titulares de dominio, que hubieran participado en las acciones b\u00e9licas desarrolladas por la recuperaci\u00f3n de la soberan\u00eda de las Islas Malvinas, entre el 2 de abril y el 14 de junio de 1982.<\/p>\n<p>Alcanza a ex combatientes, a ex-soldados conscriptos que hayan actuado bajo bandera, convocados, destinados y\/o movilizados que, sin haber participado en forma directa de las acciones de combate por la recuperaci\u00f3n de las islas Malvinas, hayan servido a la Patria, protegiendo el territorio nacional.<\/p>\n<p>Los vecinos alcanzados por la Exenci\u00f3n de Tasas y Derechos deben presentarse hasta el 27 de febrero, en mesa de entradas del Palacio Municipal, para la firma de la fe de vida, de lunes a viernes, entre las 8.30 y las 13 hs.<\/p>\n<p>Quienes a\u00fan no hayan realizado el tr\u00e1mite correspondiente pueden hacerlo presentando toda la documentaci\u00f3n.<\/p>\n<\/div>\n","protected":false},"excerpt":{"rendered":"<div class=\"mh-excerpt\"><p>Tienen plazo hasta el viernes 27 de febrero, para presentar la documentaci\u00f3n correspondiente, y los que ya la han presentado, s\u00f3lo deben firmar en mesa de entradas la fe de vida La eximici\u00f3n de tasas <a class=\"mh-excerpt-more\" href=\"https:\/\/larevistadigital.com.ar\/blog\/ex-combatientes-de-malvinas-se-extendio-el-plazo-para-la-eximicion-de-tasas-municipales\/\" title=\"Ex combatientes de Malvinas: Se extendi\u00f3 el plazo para la eximici\u00f3n de tasas municipales\">[Leer M\u00e1s]<\/a><\/p>\n<\/div>","protected":false},"author":3,"featured_media":43473,"comment_status":"open","ping_status":"open","sticky":false,"template":"","format":"standard","meta":{"_jetpack_memberships_contains_paid_content":false,"footnotes":"","jetpack_publicize_message":"","jetpack_publicize_feature_enabled":true,"jetpack_social_post_already_shared":true,"jetpack_social_options":{"image_generator_settings":{"template":"highway","default_image_id":0,"font":"","enabled":false},"version":2}},"categories":[6],"tags":[],"class_list":{"0":"post-43472","1":"post","2":"type-post","3":"status-publish","4":"format-standard","5":"has-post-thumbnail","7":"category-chascomus"},"jetpack_publicize_connections":[],"jetpack_featured_media_url":"https:\/\/i0.wp.com\/larevistadigital.com.ar\/blog\/wp-content\/uploads\/696e71883528f.png?fit=668%2C445&ssl=1","jetpack_sharing_enabled":true,"jetpack_shortlink":"https:\/\/wp.me\/p8qtrQ-bja","jetpack-related-posts":[{"id":43249,"url":"https:\/\/larevistadigital.com.ar\/blog\/chascomus-eximicion-de-tasas-municipales-para-ex-combatientes-de-malvinas\/","url_meta":{"origin":43472,"position":0},"title":"Chascom\u00fas: Eximici\u00f3n de tasas municipales para ex combatientes de Malvinas","author":"Alejandro Sosa Ruda","date":"10 enero, 2026","format":false,"excerpt":"Los vecinos alcanzados por esta eximici\u00f3n, deben presentarse antes del 18 de enero en la direcci\u00f3n de Ingresos P\u00fablicos para la firma de la declaraci\u00f3n jurada anual. 10 de enero de 2026 CHASCOM\u00daS -\u00a0 \u00a0La eximici\u00f3n de tasas otorgada comprende tasas por servicios sanitarios, por derechos de cementerio, por servicios\u2026","rel":"","context":"En \u00abCHASCOM\u00daS\u00bb","block_context":{"text":"CHASCOM\u00daS","link":"https:\/\/larevistadigital.com.ar\/blog\/category\/chascomus\/"},"img":{"alt_text":"","src":"https:\/\/i0.wp.com\/larevistadigital.com.ar\/blog\/wp-content\/uploads\/6961492118396.png?fit=668%2C445&ssl=1&resize=350%2C200","width":350,"height":200,"srcset":"https:\/\/i0.wp.com\/larevistadigital.com.ar\/blog\/wp-content\/uploads\/6961492118396.png?fit=668%2C445&ssl=1&resize=350%2C200 1x, https:\/\/i0.wp.com\/larevistadigital.com.ar\/blog\/wp-content\/uploads\/6961492118396.png?fit=668%2C445&ssl=1&resize=525%2C300 1.5x"},"classes":[]},{"id":23683,"url":"https:\/\/larevistadigital.com.ar\/blog\/el-concejo-deliberante-escucho-los-fundamentos-de-los-ex-combatientes-de-malvinas-para-modificar-la-membreteria\/","url_meta":{"origin":43472,"position":1},"title":"EL CONCEJO DELIBERANTE ESCUCH\u00d3 LOS FUNDAMENTOS DE LOS EX COMBATIENTES DE MALVINAS PARA MODIFICAR LA MEMBRETER\u00cdA","author":"Alejandro Sosa Ruda","date":"30 enero, 2022","format":false,"excerpt":"CHASCOM\u00daS -\u00a0 En la ma\u00f1ana del viernes 28 de enero desde el Honorable Concejo Deliberante recibimos a los Veteranos de Guerra de Malvinas (VGM) Luis La Mant\u00eda, Rodolfo Pertusi y Gustavo Padr\u00e1n.\u00a0 De la reuni\u00f3n participaron ediles del Cuerpo Legislativo y su Presidente, Ramiro Ferrante. Los Ex Combatientes compartieron su\u2026","rel":"","context":"En \u00abINTERES GENERAL\u00bb","block_context":{"text":"INTERES GENERAL","link":"https:\/\/larevistadigital.com.ar\/blog\/category\/interes-general\/"},"img":{"alt_text":"","src":"https:\/\/i0.wp.com\/larevistadigital.com.ar\/blog\/wp-content\/uploads\/WhatsApp-Image-2022-01-28-at-19.42.41.jpeg?fit=1200%2C900&ssl=1&resize=350%2C200","width":350,"height":200,"srcset":"https:\/\/i0.wp.com\/larevistadigital.com.ar\/blog\/wp-content\/uploads\/WhatsApp-Image-2022-01-28-at-19.42.41.jpeg?fit=1200%2C900&ssl=1&resize=350%2C200 1x, https:\/\/i0.wp.com\/larevistadigital.com.ar\/blog\/wp-content\/uploads\/WhatsApp-Image-2022-01-28-at-19.42.41.jpeg?fit=1200%2C900&ssl=1&resize=525%2C300 1.5x, https:\/\/i0.wp.com\/larevistadigital.com.ar\/blog\/wp-content\/uploads\/WhatsApp-Image-2022-01-28-at-19.42.41.jpeg?fit=1200%2C900&ssl=1&resize=700%2C400 2x, https:\/\/i0.wp.com\/larevistadigital.com.ar\/blog\/wp-content\/uploads\/WhatsApp-Image-2022-01-28-at-19.42.41.jpeg?fit=1200%2C900&ssl=1&resize=1050%2C600 3x"},"classes":[]},{"id":943,"url":"https:\/\/larevistadigital.com.ar\/blog\/reclamo-de-ex-combatientes-en-pami\/","url_meta":{"origin":43472,"position":2},"title":"RECLAMO DE EX COMBATIENTES EN PAMI Y OTRAS INSTITUCIONES","author":"Alejandro Sosa Ruda","date":"10 marzo, 2017","format":false,"excerpt":"Durante la jornada de ayer se llev\u00f3 a cabo una movilizaci\u00f3n de ex combatientes de Malvinas a las oficinas de PAMI\u00a0 ubicadas en Corrientes 665 (entre Maip\u00fa y Florida)\u00a0 de la Ciudad Aut\u00f3noma de Buenos Aires. Unos 5.800 ex combatientes de todo el pa\u00eds acercaron sus inquietudes en Anses, Pami,\u2026","rel":"","context":"En \u00abPOLITICA NACIONAL\u00bb","block_context":{"text":"POLITICA NACIONAL","link":"https:\/\/larevistadigital.com.ar\/blog\/category\/politica\/politica-nacional\/"},"img":{"alt_text":"","src":"https:\/\/i0.wp.com\/larevistadigital.com.ar\/blog\/wp-content\/uploads\/2017\/03\/verimg.jpg?fit=640%2C511&ssl=1&resize=350%2C200","width":350,"height":200,"srcset":"https:\/\/i0.wp.com\/larevistadigital.com.ar\/blog\/wp-content\/uploads\/2017\/03\/verimg.jpg?fit=640%2C511&ssl=1&resize=350%2C200 1x, https:\/\/i0.wp.com\/larevistadigital.com.ar\/blog\/wp-content\/uploads\/2017\/03\/verimg.jpg?fit=640%2C511&ssl=1&resize=525%2C300 1.5x"},"classes":[]},{"id":36891,"url":"https:\/\/larevistadigital.com.ar\/blog\/castelli-bono-a-jubilados-de-100-000-y-eximicion-de-pago-de-tasas-al-80-de-los-comercios-locales\/","url_meta":{"origin":43472,"position":3},"title":"CASTELLI: BONO A JUBILADOS DE $100.000.- Y EXIMICI\u00d3N DE PAGO DE TASAS AL 80% DE LOS COMERCIOS LOCALES","author":"Alejandro Sosa Ruda","date":"3 agosto, 2024","format":false,"excerpt":"Ante la dif\u00edcil situaci\u00f3n econ\u00f3mica, el intendente de Castelli, Francisco Echarren, ha anunciado una serie de medidas para apoyar a los jubilados y comerciantes de su distrito. 03 de Agosto de 2024 CASTELLI -\u00a0 A trav\u00e9s de sus redes sociales, Echarren expres\u00f3: \u201cEst\u00e1n fundiendo todo. En Castelli tenemos r\u00e9cord de\u2026","rel":"","context":"En \u00abPOLITICA\u00bb","block_context":{"text":"POLITICA","link":"https:\/\/larevistadigital.com.ar\/blog\/category\/politica\/"},"img":{"alt_text":"","src":"https:\/\/i0.wp.com\/larevistadigital.com.ar\/blog\/wp-content\/uploads\/ccf6fc27ffbfa59b5b3ed1421d9a87c31f422787.jpg?fit=1140%2C759&ssl=1&resize=350%2C200","width":350,"height":200,"srcset":"https:\/\/i0.wp.com\/larevistadigital.com.ar\/blog\/wp-content\/uploads\/ccf6fc27ffbfa59b5b3ed1421d9a87c31f422787.jpg?fit=1140%2C759&ssl=1&resize=350%2C200 1x, https:\/\/i0.wp.com\/larevistadigital.com.ar\/blog\/wp-content\/uploads\/ccf6fc27ffbfa59b5b3ed1421d9a87c31f422787.jpg?fit=1140%2C759&ssl=1&resize=525%2C300 1.5x, https:\/\/i0.wp.com\/larevistadigital.com.ar\/blog\/wp-content\/uploads\/ccf6fc27ffbfa59b5b3ed1421d9a87c31f422787.jpg?fit=1140%2C759&ssl=1&resize=700%2C400 2x, https:\/\/i0.wp.com\/larevistadigital.com.ar\/blog\/wp-content\/uploads\/ccf6fc27ffbfa59b5b3ed1421d9a87c31f422787.jpg?fit=1140%2C759&ssl=1&resize=1050%2C600 3x"},"classes":[]},{"id":8393,"url":"https:\/\/larevistadigital.com.ar\/blog\/lezama-el-municipio-aviso-que-hay-cambios-en-los-vencimientos-de-tasas\/","url_meta":{"origin":43472,"position":4},"title":"LEZAMA: EL MUNICIPIO AVIS\u00d3 QUE HAY CAMBIOS EN LOS VENCIMIENTOS DE TASAS","author":"Alejandro Sosa Ruda","date":"12 febrero, 2019","format":false,"excerpt":"El \u00e1rea de Ingresos de la Municipalidad de Lezama informa que los vencimientos de las tasas Servicios Generales Urbanos (ex ABL) y Seguridad e Higiene (ex Cap\u00edtulo IV) que estaban previstos para esta semana, precisamente el 13\/02, se prorrogaron para el 20 y 27 de febrero debido a un error\u2026","rel":"","context":"En \u00abLEZAMA\u00bb","block_context":{"text":"LEZAMA","link":"https:\/\/larevistadigital.com.ar\/blog\/category\/lezama\/"},"img":{"alt_text":"","src":"https:\/\/i0.wp.com\/larevistadigital.com.ar\/blog\/wp-content\/uploads\/2019\/02\/36961086_1219052818287417_7408322577006854144_n.jpg?fit=960%2C960&ssl=1&resize=350%2C200","width":350,"height":200,"srcset":"https:\/\/i0.wp.com\/larevistadigital.com.ar\/blog\/wp-content\/uploads\/2019\/02\/36961086_1219052818287417_7408322577006854144_n.jpg?fit=960%2C960&ssl=1&resize=350%2C200 1x, https:\/\/i0.wp.com\/larevistadigital.com.ar\/blog\/wp-content\/uploads\/2019\/02\/36961086_1219052818287417_7408322577006854144_n.jpg?fit=960%2C960&ssl=1&resize=525%2C300 1.5x, https:\/\/i0.wp.com\/larevistadigital.com.ar\/blog\/wp-content\/uploads\/2019\/02\/36961086_1219052818287417_7408322577006854144_n.jpg?fit=960%2C960&ssl=1&resize=700%2C400 2x"},"classes":[]},{"id":9815,"url":"https:\/\/larevistadigital.com.ar\/blog\/castelli-el-recuerdo-vivo-de-malvinas\/","url_meta":{"origin":43472,"position":5},"title":"CASTELLI: EL RECUERDO VIVO DE MALVINAS","author":"Alejandro Sosa Ruda","date":"24 abril, 2019","format":false,"excerpt":"Mientras transitamos el mes de abril, desde el Municipio continuamos conmemorando un nuevo aniversario de la guerra de Malvinas. En este marco, se desarrollaron charlas a cargo de los integrantes de la Casa del Ex Soldado de Malvinas, miembros del regimiento de infanter\u00eda N\u00b07 de La Plata. Con la experiencia\u2026","rel":"","context":"En \u00abCASTELLI\u00bb","block_context":{"text":"CASTELLI","link":"https:\/\/larevistadigital.com.ar\/blog\/category\/castelli\/"},"img":{"alt_text":"","src":"https:\/\/i0.wp.com\/larevistadigital.com.ar\/blog\/wp-content\/uploads\/2019\/04\/58462387_1157193097783724_8173556410508902400_o.jpg?fit=1200%2C800&ssl=1&resize=350%2C200","width":350,"height":200,"srcset":"https:\/\/i0.wp.com\/larevistadigital.com.ar\/blog\/wp-content\/uploads\/2019\/04\/58462387_1157193097783724_8173556410508902400_o.jpg?fit=1200%2C800&ssl=1&resize=350%2C200 1x, https:\/\/i0.wp.com\/larevistadigital.com.ar\/blog\/wp-content\/uploads\/2019\/04\/58462387_1157193097783724_8173556410508902400_o.jpg?fit=1200%2C800&ssl=1&resize=525%2C300 1.5x, https:\/\/i0.wp.com\/larevistadigital.com.ar\/blog\/wp-content\/uploads\/2019\/04\/58462387_1157193097783724_8173556410508902400_o.jpg?fit=1200%2C800&ssl=1&resize=700%2C400 2x, https:\/\/i0.wp.com\/larevistadigital.com.ar\/blog\/wp-content\/uploads\/2019\/04\/58462387_1157193097783724_8173556410508902400_o.jpg?fit=1200%2C800&ssl=1&resize=1050%2C600 3x"},"classes":[]}],"_links":{"self":[{"href":"https:\/\/larevistadigital.com.ar\/blog\/wp-json\/wp\/v2\/posts\/43472","targetHints":{"allow":["GET"]}}],"collection":[{"href":"https:\/\/larevistadigital.com.ar\/blog\/wp-json\/wp\/v2\/posts"}],"about":[{"href":"https:\/\/larevistadigital.com.ar\/blog\/wp-json\/wp\/v2\/types\/post"}],"author":[{"embeddable":true,"href":"https:\/\/larevistadigital.com.ar\/blog\/wp-json\/wp\/v2\/users\/3"}],"replies":[{"embeddable":true,"href":"https:\/\/larevistadigital.com.ar\/blog\/wp-json\/wp\/v2\/comments?post=43472"}],"version-history":[{"count":1,"href":"https:\/\/larevistadigital.com.ar\/blog\/wp-json\/wp\/v2\/posts\/43472\/revisions"}],"predecessor-version":[{"id":43474,"href":"https:\/\/larevistadigital.com.ar\/blog\/wp-json\/wp\/v2\/posts\/43472\/revisions\/43474"}],"wp:featuredmedia":[{"embeddable":true,"href":"https:\/\/larevistadigital.com.ar\/blog\/wp-json\/wp\/v2\/media\/43473"}],"wp:attachment":[{"href":"https:\/\/larevistadigital.com.ar\/blog\/wp-json\/wp\/v2\/media?parent=43472"}],"wp:term":[{"taxonomy":"category","embeddable":true,"href":"https:\/\/larevistadigital.com.ar\/blog\/wp-json\/wp\/v2\/categories?post=43472"},{"taxonomy":"post_tag","embeddable":true,"href":"https:\/\/larevistadigital.com.ar\/blog\/wp-json\/wp\/v2\/tags?post=43472"}],"curies":[{"name":"wp","href":"https:\/\/api.w.org\/{rel}","templated":true}]}}