{"id":43478,"date":"2026-01-19T23:34:40","date_gmt":"2026-01-20T02:34:40","guid":{"rendered":"https:\/\/larevistadigital.com.ar\/blog\/?p=43478"},"modified":"2026-01-19T23:35:15","modified_gmt":"2026-01-20T02:35:15","slug":"prevenir-es-cuidarnos-hantavirus-dengue-y-el-rol-de-una-ciudad-limpia","status":"publish","type":"post","link":"https:\/\/larevistadigital.com.ar\/blog\/prevenir-es-cuidarnos-hantavirus-dengue-y-el-rol-de-una-ciudad-limpia\/","title":{"rendered":"Prevenir es cuidarnos: Hantavirus, dengue y el rol de una ciudad limpia"},"content":{"rendered":"<h3 class=\"excerpt\">Cuidar el ambiente tambi\u00e9n es cuidar la salud. La correcta disposici\u00f3n de residuos y la limpieza de patios y bald\u00edos son claves para prevenir el Hantavirus y el dengue<\/h3>\n<div id=\"miDiv1\" class=\"text\">\n<p><span dir=\"auto\">La prevenci\u00f3n de enfermedades comienza mucho antes de que aparezcan los s\u00edntomas. Mantener h\u00e1bitos saludables, un entorno limpio y espacios p\u00fablicos cuidados es clave para reducir el riesgo de enfermedades transmitidas por animales y vectores, como el Hantavirus y el dengue.<\/span><\/p>\n<p><span dir=\"auto\"><em>Qu\u00e9 es el Hantavirus y c\u00f3mo podemos prevenirlo<\/em><\/span><\/p>\n<p><span dir=\"auto\">El\u00a0<strong>Hantavirus<\/strong>\u00a0es una enfermedad viral grave que se transmite principalmente por el contacto con orina, saliva o excrementos de roedores infectados, especialmente cuando estos residuos se secan y se dispersan en el aire.<\/span><\/p>\n<p><span dir=\"auto\"><strong>\u00bfC\u00f3mo prevenirlo?<\/strong><\/span><\/p>\n<p><span dir=\"auto\">\u00a0Mantenga patios, galpones y terrenos limpios y ordenados.<\/span><\/p>\n<p><span dir=\"auto\">Evite la acumulaci\u00f3n de basura, maderas, chatarra o restos de poda en el espacio p\u00fablico.<\/span><\/p>\n<p><span dir=\"auto\">Sellar grietas y accesorios en viviendas y dep\u00f3sitos.<\/span><\/p>\n<p><span dir=\"auto\">Ventile los espacios cerrados antes de ingresar y limpie con agua y lavandina, evitando la barrera en seco.<\/span><\/p>\n<p><span dir=\"auto\">Use guantes y protecci\u00f3n al limpiar lugares donde pueda haber presencia de roedores.<\/span><\/p>\n<p><span dir=\"auto\"><strong>S\u00edntomas a tener en cuenta:<\/strong><\/span><\/p>\n<p><span dir=\"auto\">Fiebre alta<\/span><\/p>\n<p><span dir=\"auto\">Dolores musculares intensos<\/span><\/p>\n<p><span dir=\"auto\">Dolor de cabeza<\/span><\/p>\n<p><span dir=\"auto\">N\u00e1useas, v\u00f3mitos o diarrea<\/span><\/p>\n<p><span dir=\"auto\">Dificultad respiratoria en etapas m\u00e1s avanzadas<\/span><\/p>\n<p><span dir=\"auto\">Ante la aparici\u00f3n de estos s\u00edntomas, es fundamental consultar de inmediato al sistema de salud oa su m\u00e9dico de cabecera e informar si hubo contacto con zonas rurales o lugares con posible presencia de roedores.<\/span><\/p>\n<p><span dir=\"auto\">Por otra parte,\u00a0<strong>el dengue<\/strong>\u00a0es transmitido por el mosquito\u00a0<em>Aedes aegypti<\/em>, que se reproduce en recipientes con agua estancada. La prevenci\u00f3n depende en gran parte de evitar estos criaderos.<\/span><\/p>\n<p><span dir=\"auto\"><strong>Medidas claves para prevenirlo:<\/strong><\/span><\/p>\n<p><span dir=\"auto\">Vaciar, tapar o dar vuelta recipientes que acumulen agua.<\/span><\/p>\n<p><span dir=\"auto\">Mantener patios y terrenos libres de residuos.<\/span><\/p>\n<p><span dir=\"auto\">Desechar correctamente neum\u00e1ticos, botellas y objetos en desuso.<\/span><\/p>\n<p><span dir=\"auto\">Usar repelente y protecci\u00f3n en \u00e9pocas de mayor circulaci\u00f3n del mosquito.<\/span><\/p>\n<p><span dir=\"auto\">En \u00e9pocas de mayor afluencia de estas enfermedades lo mejor siempre es prevenir, el momento es ahora.<\/span><\/p>\n<p><span dir=\"auto\">Por eso, los microbasurales no solo afectan el paisaje urbano: son un riesgo directo para la salud. La acumulaci\u00f3n de residuos genera refugio y alimento para roedores, y al mismo tiempo favorece la presencia de mosquitos.<\/span><\/p>\n<p><span dir=\"auto\">Evitar arrojar basura en espacios p\u00fablicos, usar correctamente los contenedores y respetar los d\u00edas y horarios de recolecci\u00f3n es una acci\u00f3n simple que impacta directamente en la prevenci\u00f3n de enfermedades.<\/span><\/p>\n<p><span dir=\"auto\">Cuidar la salud tambi\u00e9n es cuidar el ambiente. Cada bolsa de basura bien dispuesta, cada patio limpio y cada bald\u00edo cuidado es una barrera m\u00e1s contra enfermedades evitables.<\/span><\/p>\n<p><span dir=\"auto\">Una ciudad limpia es una ciudad m\u00e1s saludable. Prevenir hoy es cuidarnos entre todos.<\/span><\/p>\n<p>&nbsp;<\/p>\n<p>&nbsp;<\/p>\n<p>&nbsp;<\/p>\n<\/div>\n","protected":false},"excerpt":{"rendered":"<div class=\"mh-excerpt\"><p>Cuidar el ambiente tambi\u00e9n es cuidar la salud. La correcta disposici\u00f3n de residuos y la limpieza de patios y bald\u00edos son claves para prevenir el Hantavirus y el dengue La prevenci\u00f3n de enfermedades comienza mucho <a class=\"mh-excerpt-more\" href=\"https:\/\/larevistadigital.com.ar\/blog\/prevenir-es-cuidarnos-hantavirus-dengue-y-el-rol-de-una-ciudad-limpia\/\" title=\"Prevenir es cuidarnos: Hantavirus, dengue y el rol de una ciudad limpia\">[Leer M\u00e1s]<\/a><\/p>\n<\/div>","protected":false},"author":3,"featured_media":43479,"comment_status":"open","ping_status":"open","sticky":false,"template":"","format":"standard","meta":{"_jetpack_memberships_contains_paid_content":false,"footnotes":"","jetpack_publicize_message":"","jetpack_publicize_feature_enabled":true,"jetpack_social_post_already_shared":true,"jetpack_social_options":{"image_generator_settings":{"template":"highway","default_image_id":0,"font":"","enabled":false},"version":2}},"categories":[6],"tags":[],"class_list":{"0":"post-43478","1":"post","2":"type-post","3":"status-publish","4":"format-standard","5":"has-post-thumbnail","7":"category-chascomus"},"jetpack_publicize_connections":[],"jetpack_featured_media_url":"https:\/\/i0.wp.com\/larevistadigital.com.ar\/blog\/wp-content\/uploads\/696e7a5fd366b.png?fit=668%2C445&ssl=1","jetpack_sharing_enabled":true,"jetpack_shortlink":"https:\/\/wp.me\/p8qtrQ-bjg","jetpack-related-posts":[{"id":7790,"url":"https:\/\/larevistadigital.com.ar\/blog\/castelli-muere-una-chica-infectada-por-hantavirus\/","url_meta":{"origin":43478,"position":0},"title":"CASTELLI: MUERE UNA CHICA INFECTADA POR HANTAVIRUS","author":"Alejandro Sosa Ruda","date":"19 enero, 2019","format":false,"excerpt":"Lamentablemente, la noticia fue confirmada por especialistas del Instituto Malbr\u00e1n, y por el propio intendente de la ciudad de Castelli, Francisco Echarren: Una joven falleci\u00f3 v\u00edctima de hantavirus, la enfermedad que ha cobrado notoriedad y tiene preocupado a todo el pa\u00eds. Se trata de una joven de 30 a\u00f1os de\u2026","rel":"","context":"En \u00abCASTELLI\u00bb","block_context":{"text":"CASTELLI","link":"https:\/\/larevistadigital.com.ar\/blog\/category\/castelli\/"},"img":{"alt_text":"","src":"https:\/\/i0.wp.com\/larevistadigital.com.ar\/blog\/wp-content\/uploads\/2019\/01\/0035989026.jpg?fit=690%2C460&ssl=1&resize=350%2C200","width":350,"height":200,"srcset":"https:\/\/i0.wp.com\/larevistadigital.com.ar\/blog\/wp-content\/uploads\/2019\/01\/0035989026.jpg?fit=690%2C460&ssl=1&resize=350%2C200 1x, https:\/\/i0.wp.com\/larevistadigital.com.ar\/blog\/wp-content\/uploads\/2019\/01\/0035989026.jpg?fit=690%2C460&ssl=1&resize=525%2C300 1.5x"},"classes":[]},{"id":43302,"url":"https:\/\/larevistadigital.com.ar\/blog\/conmocion-en-general-belgrano-una-nina-de-10-anos-murio-por-hantavirus-y-crece-la-preocupacion-en-la-provincia\/","url_meta":{"origin":43478,"position":1},"title":"Conmoci\u00f3n en General Belgrano: una ni\u00f1a de 10 a\u00f1os muri\u00f3 por hantavirus y crece la preocupaci\u00f3n en la Provincia","author":"Alejandro Sosa Ruda","date":"12 enero, 2026","format":false,"excerpt":"El fallecimiento se confirm\u00f3 el 8 de enero y se suma a otros tres casos fatales registrados en el \u00faltimo mes en la provincia de Buenos Aires. Las autoridades activaron medidas sanitarias y reforzaron las recomendaciones de prevenci\u00f3n. 12 de enero de 2026 BUENOS AIRES -\u00a0 \u00a0La ciudad bonaerense de\u2026","rel":"","context":"En \u00abREGIONALES\u00bb","block_context":{"text":"REGIONALES","link":"https:\/\/larevistadigital.com.ar\/blog\/category\/regionales\/"},"img":{"alt_text":"","src":"https:\/\/i0.wp.com\/larevistadigital.com.ar\/blog\/wp-content\/uploads\/20260109133941_hantavirus-1920.jpg?fit=880%2C512&ssl=1&resize=350%2C200","width":350,"height":200,"srcset":"https:\/\/i0.wp.com\/larevistadigital.com.ar\/blog\/wp-content\/uploads\/20260109133941_hantavirus-1920.jpg?fit=880%2C512&ssl=1&resize=350%2C200 1x, https:\/\/i0.wp.com\/larevistadigital.com.ar\/blog\/wp-content\/uploads\/20260109133941_hantavirus-1920.jpg?fit=880%2C512&ssl=1&resize=525%2C300 1.5x, https:\/\/i0.wp.com\/larevistadigital.com.ar\/blog\/wp-content\/uploads\/20260109133941_hantavirus-1920.jpg?fit=880%2C512&ssl=1&resize=700%2C400 2x"},"classes":[]},{"id":7917,"url":"https:\/\/larevistadigital.com.ar\/blog\/castelli-el-intendente-echarren-confirmo-que-el-marido-y-el-hijo-de-la-joven-fallecida-por-hantavirus-no-estan-infectados\/","url_meta":{"origin":43478,"position":2},"title":"CASTELLI: EL INTENDENTE ECHARREN CONFIRM\u00d3 QUE EL MARIDO Y EL HIJO DE LA JOVEN FALLECIDA POR HANTAVIRUS NO EST\u00c1N INFECTADOS","author":"Alejandro Sosa Ruda","date":"23 enero, 2019","format":false,"excerpt":"El Intendente de la ciudad de Castelli, Francisco Echarren confirm\u00f3 esta tarde que ni el esposo ni el hijo de la mujer fallecida por hantavirus d\u00edas pasados est\u00e1n contagiados con la enfermedad. Ambos hab\u00edan sido derivados a diversos nosocomios de las ciudades de La Plata y Buenos Aires respectivamente, por\u2026","rel":"","context":"En \u00abCASTELLI\u00bb","block_context":{"text":"CASTELLI","link":"https:\/\/larevistadigital.com.ar\/blog\/category\/castelli\/"},"img":{"alt_text":"","src":"https:\/\/i0.wp.com\/larevistadigital.com.ar\/blog\/wp-content\/uploads\/2018\/12\/ECHARREN.jpg?fit=900%2C598&ssl=1&resize=350%2C200","width":350,"height":200,"srcset":"https:\/\/i0.wp.com\/larevistadigital.com.ar\/blog\/wp-content\/uploads\/2018\/12\/ECHARREN.jpg?fit=900%2C598&ssl=1&resize=350%2C200 1x, https:\/\/i0.wp.com\/larevistadigital.com.ar\/blog\/wp-content\/uploads\/2018\/12\/ECHARREN.jpg?fit=900%2C598&ssl=1&resize=525%2C300 1.5x, https:\/\/i0.wp.com\/larevistadigital.com.ar\/blog\/wp-content\/uploads\/2018\/12\/ECHARREN.jpg?fit=900%2C598&ssl=1&resize=700%2C400 2x"},"classes":[]},{"id":7837,"url":"https:\/\/larevistadigital.com.ar\/blog\/hantavirus-internaron-de-urgencia-al-esposo-y-un-hijo-de-la-joven-fallecida\/","url_meta":{"origin":43478,"position":3},"title":"Hantavirus: Internaron de urgencia al esposo y un hijo de la joven fallecida","author":"admin","date":"22 enero, 2019","format":false,"excerpt":"El esposo y uno de los hijos de la joven Thais P\u00e9rez quien falleciera a causa de Hantavirus en nuestra ciudad , fueron internados esta tarde en nosocomios de La Plata y Buenos Aires respectivamente En dialogo con castellidiario, el Dr Germ\u00e1n Arrieta Director del Hospital Local confirm\u00f3 las derivaciones\u2026","rel":"","context":"En \u00abCASTELLI\u00bb","block_context":{"text":"CASTELLI","link":"https:\/\/larevistadigital.com.ar\/blog\/category\/castelli\/"},"img":{"alt_text":"","src":"https:\/\/i0.wp.com\/larevistadigital.com.ar\/blog\/wp-content\/uploads\/2019\/01\/0036004008.jpg?fit=1140%2C640&ssl=1&resize=350%2C200","width":350,"height":200,"srcset":"https:\/\/i0.wp.com\/larevistadigital.com.ar\/blog\/wp-content\/uploads\/2019\/01\/0036004008.jpg?fit=1140%2C640&ssl=1&resize=350%2C200 1x, https:\/\/i0.wp.com\/larevistadigital.com.ar\/blog\/wp-content\/uploads\/2019\/01\/0036004008.jpg?fit=1140%2C640&ssl=1&resize=525%2C300 1.5x, https:\/\/i0.wp.com\/larevistadigital.com.ar\/blog\/wp-content\/uploads\/2019\/01\/0036004008.jpg?fit=1140%2C640&ssl=1&resize=700%2C400 2x, https:\/\/i0.wp.com\/larevistadigital.com.ar\/blog\/wp-content\/uploads\/2019\/01\/0036004008.jpg?fit=1140%2C640&ssl=1&resize=1050%2C600 3x"},"classes":[]},{"id":7874,"url":"https:\/\/larevistadigital.com.ar\/blog\/castelli-el-intendente-echarren-se-refirio-a-la-situacion-de-la-familia-afectada-por-hantavirus\/","url_meta":{"origin":43478,"position":4},"title":"CASTELLI: EL INTENDENTE ECHARREN SE REFIRI\u00d3 A LA SITUACI\u00d3N DE LA FAMILIA AFECTADA POR HANTAVIRUS","author":"Alejandro Sosa Ruda","date":"22 enero, 2019","format":false,"excerpt":"El intendente de Castelli, Francisco Echarren se refiri\u00f3 a trav\u00e9s de su cuenta de facebook a la penosa situaci\u00f3n que atraviesan el marido y el hijo de la joven fallecida d\u00edas atr\u00e1s por haberse contagiado el HANTAVIRUS. A continuaci\u00f3n transcribimos el mensaje del alcalde: Seguimos en alerta y preocupaci\u00f3n. Como\u2026","rel":"","context":"En \u00abCASTELLI\u00bb","block_context":{"text":"CASTELLI","link":"https:\/\/larevistadigital.com.ar\/blog\/category\/castelli\/"},"img":{"alt_text":"","src":"https:\/\/i0.wp.com\/larevistadigital.com.ar\/blog\/wp-content\/uploads\/2019\/01\/393794.jpg?fit=1200%2C768&ssl=1&resize=350%2C200","width":350,"height":200,"srcset":"https:\/\/i0.wp.com\/larevistadigital.com.ar\/blog\/wp-content\/uploads\/2019\/01\/393794.jpg?fit=1200%2C768&ssl=1&resize=350%2C200 1x, https:\/\/i0.wp.com\/larevistadigital.com.ar\/blog\/wp-content\/uploads\/2019\/01\/393794.jpg?fit=1200%2C768&ssl=1&resize=525%2C300 1.5x, https:\/\/i0.wp.com\/larevistadigital.com.ar\/blog\/wp-content\/uploads\/2019\/01\/393794.jpg?fit=1200%2C768&ssl=1&resize=700%2C400 2x, https:\/\/i0.wp.com\/larevistadigital.com.ar\/blog\/wp-content\/uploads\/2019\/01\/393794.jpg?fit=1200%2C768&ssl=1&resize=1050%2C600 3x"},"classes":[]},{"id":7925,"url":"https:\/\/larevistadigital.com.ar\/blog\/chascomus-reunion-para-articular-diversas-acciones-y-fortalecer-la-prevencion-del-hantavirus\/","url_meta":{"origin":43478,"position":5},"title":"CHASCOM\u00daS: REUNI\u00d3N PARA ARTICULAR DIVERSAS ACCIONES Y FORTALECER LA PREVENCI\u00d3N DEL HANTAVIRUS","author":"Alejandro Sosa Ruda","date":"24 enero, 2019","format":false,"excerpt":"Desde la p\u00e1gina del municipio, se inform\u00f3 de una\u00a0 reuni\u00f3n llevada a cabo para orquestar acciones a efectos de prevenir el hantavirus que est\u00e1 azotando al pa\u00eds. \u201cEs muy importante que tengamos en cuenta que no estamos ante una situaci\u00f3n de Emergencia, pero s\u00ed en estado de precauci\u00f3n y alerta\u201d,\u2026","rel":"","context":"En \u00abCHASCOM\u00daS\u00bb","block_context":{"text":"CHASCOM\u00daS","link":"https:\/\/larevistadigital.com.ar\/blog\/category\/chascomus\/"},"img":{"alt_text":"","src":"https:\/\/i0.wp.com\/larevistadigital.com.ar\/blog\/wp-content\/uploads\/2019\/01\/50581409_2255764991111040_8031444884806172672_o.jpg?fit=1200%2C802&ssl=1&resize=350%2C200","width":350,"height":200,"srcset":"https:\/\/i0.wp.com\/larevistadigital.com.ar\/blog\/wp-content\/uploads\/2019\/01\/50581409_2255764991111040_8031444884806172672_o.jpg?fit=1200%2C802&ssl=1&resize=350%2C200 1x, https:\/\/i0.wp.com\/larevistadigital.com.ar\/blog\/wp-content\/uploads\/2019\/01\/50581409_2255764991111040_8031444884806172672_o.jpg?fit=1200%2C802&ssl=1&resize=525%2C300 1.5x, https:\/\/i0.wp.com\/larevistadigital.com.ar\/blog\/wp-content\/uploads\/2019\/01\/50581409_2255764991111040_8031444884806172672_o.jpg?fit=1200%2C802&ssl=1&resize=700%2C400 2x, https:\/\/i0.wp.com\/larevistadigital.com.ar\/blog\/wp-content\/uploads\/2019\/01\/50581409_2255764991111040_8031444884806172672_o.jpg?fit=1200%2C802&ssl=1&resize=1050%2C600 3x"},"classes":[]}],"_links":{"self":[{"href":"https:\/\/larevistadigital.com.ar\/blog\/wp-json\/wp\/v2\/posts\/43478","targetHints":{"allow":["GET"]}}],"collection":[{"href":"https:\/\/larevistadigital.com.ar\/blog\/wp-json\/wp\/v2\/posts"}],"about":[{"href":"https:\/\/larevistadigital.com.ar\/blog\/wp-json\/wp\/v2\/types\/post"}],"author":[{"embeddable":true,"href":"https:\/\/larevistadigital.com.ar\/blog\/wp-json\/wp\/v2\/users\/3"}],"replies":[{"embeddable":true,"href":"https:\/\/larevistadigital.com.ar\/blog\/wp-json\/wp\/v2\/comments?post=43478"}],"version-history":[{"count":1,"href":"https:\/\/larevistadigital.com.ar\/blog\/wp-json\/wp\/v2\/posts\/43478\/revisions"}],"predecessor-version":[{"id":43480,"href":"https:\/\/larevistadigital.com.ar\/blog\/wp-json\/wp\/v2\/posts\/43478\/revisions\/43480"}],"wp:featuredmedia":[{"embeddable":true,"href":"https:\/\/larevistadigital.com.ar\/blog\/wp-json\/wp\/v2\/media\/43479"}],"wp:attachment":[{"href":"https:\/\/larevistadigital.com.ar\/blog\/wp-json\/wp\/v2\/media?parent=43478"}],"wp:term":[{"taxonomy":"category","embeddable":true,"href":"https:\/\/larevistadigital.com.ar\/blog\/wp-json\/wp\/v2\/categories?post=43478"},{"taxonomy":"post_tag","embeddable":true,"href":"https:\/\/larevistadigital.com.ar\/blog\/wp-json\/wp\/v2\/tags?post=43478"}],"curies":[{"name":"wp","href":"https:\/\/api.w.org\/{rel}","templated":true}]}}