{"id":43487,"date":"2026-01-20T16:05:38","date_gmt":"2026-01-20T19:05:38","guid":{"rendered":"https:\/\/larevistadigital.com.ar\/blog\/?p=43487"},"modified":"2026-01-20T16:07:02","modified_gmt":"2026-01-20T19:07:02","slug":"kicillof-visito-chascomus-presento-creditos-productivos-y-volvio-a-diferenciarse-del-modelo-economico-nacional","status":"publish","type":"post","link":"https:\/\/larevistadigital.com.ar\/blog\/kicillof-visito-chascomus-presento-creditos-productivos-y-volvio-a-diferenciarse-del-modelo-economico-nacional\/","title":{"rendered":"Kicillof visit\u00f3 Chascom\u00fas, present\u00f3 cr\u00e9ditos productivos y volvi\u00f3 a diferenciarse del modelo econ\u00f3mico nacional"},"content":{"rendered":"<p data-start=\"240\" data-end=\"453\"><strong data-start=\"240\" data-end=\"453\">El gobernador bonaerense mantuvo un encuentro con empresarios y comerciantes locales, recorri\u00f3 la Escuela de Verano y critic\u00f3 con dureza al gobierno de Javier Milei. Evit\u00f3 referirse a la interna del peronismo.<\/strong><\/p>\n<p data-start=\"240\" data-end=\"453\">20 de Enero de 2025<\/p>\n<p data-start=\"455\" data-end=\"767\"><strong>CHASCOM\u00daS &#8211;\u00a0 \u00a0<\/strong> El gobernador de la provincia de Buenos Aires, <strong>Axel Kicillof<\/strong>, visit\u00f3 este lunes la ciudad de Chascom\u00fas, donde desarroll\u00f3 una intensa agenda que incluy\u00f3 reuniones con empresarios, comerciantes y emprendedores locales, adem\u00e1s de una recorrida por la Escuela Abierta de Verano en el parque acu\u00e1tico de la costanera.<\/p>\n<blockquote>\n<h3 data-start=\"769\" data-end=\"1049\">Durante su paso por la ciudad, el mandatario present\u00f3 distintas l\u00edneas de cr\u00e9dito productivo impulsadas por el Banco Provincia, destinadas a fortalecer al sector comercial, industrial y emprendedor, en un contexto econ\u00f3mico complejo marcado por la ca\u00edda del consumo y la recesi\u00f3n.<\/h3>\n<\/blockquote>\n<p data-start=\"1051\" data-end=\"1529\">La visita gener\u00f3 una importante convocatoria de funcionarios provinciales. Acompa\u00f1aron a <strong>Kicillof<\/strong> la vicegobernadora <strong>Ver\u00f3nica Magario<\/strong>, ministros del gabinete bonaerense como <strong>Carlos Bianco<\/strong>, <strong>Florencia Saintout<\/strong>, <strong>Flavia Teriggi<\/strong>,<strong> Augusto Costa<\/strong> y <strong>Javier Rodr\u00edguez<\/strong>, adem\u00e1s de autoridades del Banco Provincia. Tambi\u00e9n estuvieron presentes los intendentes <strong>Juan Manuel \u00c1lvarez (General Paz), Gustavo Barrera (Villa Gesell) y el jefe comunal local, Javier Gast\u00f3n, en car\u00e1cter de anfitri\u00f3n.<\/strong><\/p>\n<h3 data-start=\"1536\" data-end=\"1611\"><span style=\"color: #ff0000\"><strong data-start=\"1540\" data-end=\"1611\">Un discurso con tono nacional y sin referencias a la interna del PJ<\/strong><\/span><\/h3>\n<p data-start=\"1613\" data-end=\"2142\">Ante un sal\u00f3n colmado en un espacio de eventos ubicado sobre calle Bol\u00edvar, entre Alvear y Libres del Sur, <strong>Kicillof<\/strong> brind\u00f3 un extenso discurso en el que volvi\u00f3 a marcar diferencias con el presidente <span style=\"color: #ff0000\">Javier Milei<\/span> y el rumbo econ\u00f3mico del Gobierno nacional. Sin mencionarlo expl\u00edcitamente, el gobernador se mostr\u00f3 como una alternativa pol\u00edtica de cara al futuro y afirm\u00f3 que <em><strong>\u201cde este modelo restan dos a\u00f1os m\u00e1s\u201d<\/strong><\/em> y que es necesario <strong><em>\u201ctrabajar para ofrecer una propuesta basada en la producci\u00f3n, el empleo y la generaci\u00f3n de riqueza\u201d.<\/em><\/strong><\/p>\n<blockquote>\n<h3 data-start=\"2144\" data-end=\"2394\">El mandatario sostuvo que <em>\u201ctodos los d\u00edas sufrimos el cierre de una f\u00e1brica en la provincia\u201d<\/em>, lo que se traduce en p\u00e9rdida de puestos de trabajo, y remarc\u00f3 que, pese a las dificultades, <em>\u201cla obra p\u00fablica en la provincia de Buenos Aires no se detiene\u201d.<\/em><\/h3>\n<\/blockquote>\n<p data-start=\"2396\" data-end=\"2685\">En otro tramo de su intervenci\u00f3n, y con la intenci\u00f3n de ampliar su base pol\u00edtica, se\u00f1al\u00f3 que <strong><em>\u201cmuchos de los presentes seguramente no pertenecen a mi fuerza pol\u00edtica\u201d<\/em><\/strong>, aunque subray\u00f3 que todos <strong><em>\u201cpadecen las consecuencias de un modelo de ajuste que beneficia \u00fanicamente al sector financiero\u201d.<\/em><\/strong><\/p>\n<blockquote>\n<h3 data-start=\"2687\" data-end=\"2932\"><strong>Kicillof<\/strong> fue especialmente cr\u00edtico del actual Gobierno nacional y calific\u00f3 su rumbo como <em>\u201cun modelo para pocos\u201d<\/em>, al tiempo que lo compar\u00f3 con otras experiencias hist\u00f3ricas como las de Mart\u00ednez de Hoz, el menemismo y la gesti\u00f3n de Mauricio Macri.<\/h3>\n<\/blockquote>\n<p data-start=\"2934\" data-end=\"3236\">Pese a la expectativa pol\u00edtica, el gobernador evit\u00f3 por completo referirse a la situaci\u00f3n interna del peronismo bonaerense y a la resoluci\u00f3n de la conducci\u00f3n del Partido Justicialista provincial. Tampoco se realiz\u00f3 la anunciada ronda de prensa, en la que se preve\u00eda que se le consultara sobre ese tema.<\/p>\n<h3 data-start=\"3243\" data-end=\"3293\"><span style=\"color: #ff0000\"><strong data-start=\"3247\" data-end=\"3293\">Recorrida por la Escuela Abierta de Verano<\/strong><\/span><\/h3>\n<p data-start=\"3295\" data-end=\"3581\">La agenda del gobernador incluy\u00f3 adem\u00e1s una visita al parque acu\u00e1tico municipal, donde comparti\u00f3 actividades con m\u00e1s de un centenar de ni\u00f1as, ni\u00f1os y j\u00f3venes que participan del programa Escuelas Abiertas en Verano. Estuvo acompa\u00f1ado por autoridades educativas provinciales y regionales.<\/p>\n<blockquote>\n<h3 data-start=\"3583\" data-end=\"3802\">Al respecto, Kicillof destac\u00f3 que el programa <em>\u201ces el resultado de una inversi\u00f3n muy importante que alcanza a los 135 municipios\u201d<\/em>, y remarc\u00f3 que permite que las familias bonaerenses <em>\u201ctambi\u00e9n puedan disfrutar del verano\u201d.<\/em><\/h3>\n<\/blockquote>\n<p data-start=\"3804\" data-end=\"3996\">El programa alcanza a m\u00e1s de 240 mil ni\u00f1os, ni\u00f1as, adolescentes y j\u00f3venes en toda la provincia y se desarrolla en articulaci\u00f3n con municipios, instituciones educativas y espacios comunitarios.<\/p>\n<p data-start=\"3804\" data-end=\"3996\">Fuente e imagen: ZETA noticias (zetanoticias.com.ar)<\/p>\n","protected":false},"excerpt":{"rendered":"<div class=\"mh-excerpt\"><p>El gobernador bonaerense mantuvo un encuentro con empresarios y comerciantes locales, recorri\u00f3 la Escuela de Verano y critic\u00f3 con dureza al gobierno de Javier Milei. Evit\u00f3 referirse a la interna del peronismo. 20 de Enero <a class=\"mh-excerpt-more\" href=\"https:\/\/larevistadigital.com.ar\/blog\/kicillof-visito-chascomus-presento-creditos-productivos-y-volvio-a-diferenciarse-del-modelo-economico-nacional\/\" title=\"Kicillof visit\u00f3 Chascom\u00fas, present\u00f3 cr\u00e9ditos productivos y volvi\u00f3 a diferenciarse del modelo econ\u00f3mico nacional\">[Leer M\u00e1s]<\/a><\/p>\n<\/div>","protected":false},"author":3,"featured_media":43488,"comment_status":"open","ping_status":"open","sticky":false,"template":"","format":"standard","meta":{"_jetpack_memberships_contains_paid_content":false,"footnotes":"","jetpack_publicize_message":"","jetpack_publicize_feature_enabled":true,"jetpack_social_post_already_shared":true,"jetpack_social_options":{"image_generator_settings":{"template":"highway","default_image_id":0,"font":"","enabled":false},"version":2}},"categories":[41,12,24],"tags":[],"class_list":{"0":"post-43487","1":"post","2":"type-post","3":"status-publish","4":"format-standard","5":"has-post-thumbnail","7":"category-destacadas","8":"category-politica","9":"category-politica-provincial"},"jetpack_publicize_connections":[],"jetpack_featured_media_url":"https:\/\/i0.wp.com\/larevistadigital.com.ar\/blog\/wp-content\/uploads\/AXEL.webp?fit=668%2C445&ssl=1","jetpack_sharing_enabled":true,"jetpack_shortlink":"https:\/\/wp.me\/p8qtrQ-bjp","jetpack-related-posts":[{"id":8519,"url":"https:\/\/larevistadigital.com.ar\/blog\/el-diputado-chascomunense-jose-cote-rossi-visito-distintas-localidades-acompanando-a-axel-kicillof\/","url_meta":{"origin":43487,"position":0},"title":"EL DIPUTADO CHASCOMUNENSE JOS\u00c9  \u00abCOTE\u00bb ROSSI VISIT\u00d3 DISTINTAS LOCALIDADES ACOMPA\u00d1ANDO A AXEL KICILLOF","author":"Alejandro Sosa Ruda","date":"18 febrero, 2019","format":false,"excerpt":"El dirigente kirchner\u00edsta y ex ministro de econom\u00eda del gobierno de Cristina Fernandez,\u00a0Axel Kicillof visit\u00f3 distintas localidades de la provincia de Buenos Aires, en el marco de una recorrida que tiene que ver con su probable candidatura a gobernador de la Provincia, acompa\u00f1ado por el diputado de Unidad Ciudadana nativo\u2026","rel":"","context":"En \u00abPOLITICA\u00bb","block_context":{"text":"POLITICA","link":"https:\/\/larevistadigital.com.ar\/blog\/category\/politica\/"},"img":{"alt_text":"","src":"https:\/\/i0.wp.com\/larevistadigital.com.ar\/blog\/wp-content\/uploads\/2019\/02\/WhatsApp-Image-2019-02-17-at-22.18.45.jpeg?fit=720%2C479&ssl=1&resize=350%2C200","width":350,"height":200,"srcset":"https:\/\/i0.wp.com\/larevistadigital.com.ar\/blog\/wp-content\/uploads\/2019\/02\/WhatsApp-Image-2019-02-17-at-22.18.45.jpeg?fit=720%2C479&ssl=1&resize=350%2C200 1x, https:\/\/i0.wp.com\/larevistadigital.com.ar\/blog\/wp-content\/uploads\/2019\/02\/WhatsApp-Image-2019-02-17-at-22.18.45.jpeg?fit=720%2C479&ssl=1&resize=525%2C300 1.5x, https:\/\/i0.wp.com\/larevistadigital.com.ar\/blog\/wp-content\/uploads\/2019\/02\/WhatsApp-Image-2019-02-17-at-22.18.45.jpeg?fit=720%2C479&ssl=1&resize=700%2C400 2x"},"classes":[]},{"id":38755,"url":"https:\/\/larevistadigital.com.ar\/blog\/axel-kicillof-visito-chascomus-y-entrego-escrituras-para-mas-de-300-familias\/","url_meta":{"origin":43487,"position":1},"title":"Axel Kicillof visit\u00f3 Chascom\u00fas y entreg\u00f3 escrituras para m\u00e1s de 300 familias","author":"Alejandro Sosa Ruda","date":"19 febrero, 2025","format":false,"excerpt":"El gobernador bonaerense encabez\u00f3 una jornada con diversas actividades, entre ellas, la entrega de 528 escrituras de viviendas, la apertura de la nueva Casa de la Provincia y el acompa\u00f1amiento a j\u00f3venes m\u00fasicos en el Festival de Orquestas. La jornada comenz\u00f3 con la entrega de escrituras de viviendas en la\u2026","rel":"","context":"En \u00abDESTACADAS\u00bb","block_context":{"text":"DESTACADAS","link":"https:\/\/larevistadigital.com.ar\/blog\/category\/destacadas\/"},"img":{"alt_text":"","src":"https:\/\/i0.wp.com\/larevistadigital.com.ar\/blog\/wp-content\/uploads\/67b68d493072e.png?fit=668%2C445&ssl=1&resize=350%2C200","width":350,"height":200,"srcset":"https:\/\/i0.wp.com\/larevistadigital.com.ar\/blog\/wp-content\/uploads\/67b68d493072e.png?fit=668%2C445&ssl=1&resize=350%2C200 1x, https:\/\/i0.wp.com\/larevistadigital.com.ar\/blog\/wp-content\/uploads\/67b68d493072e.png?fit=668%2C445&ssl=1&resize=525%2C300 1.5x"},"classes":[]},{"id":38758,"url":"https:\/\/larevistadigital.com.ar\/blog\/el-gobernador-kicillof-aprovecho-su-paso-por-chascomusy-visito-a-los-participantes-en-el-festival-de-orquestas-infantiles-y-juveniles\/","url_meta":{"origin":43487,"position":2},"title":"El gobernador Kicillof, aprovech\u00f3 su paso por Chascom\u00fasy visit\u00f3 a los participantes en el Festival de Orquestas Infantiles y Juveniles","author":"Alejandro Sosa Ruda","date":"19 febrero, 2025","format":false,"excerpt":"Por la tarde, el gobernador Axel Kicillof y el intendente Javier Gast\u00f3n se trasladaron al Parque de los Libres del Sur, donde observaron los ensayos previos al Concierto al Atardecer, en el marco del 20\u00b0 Festival de Orquestas. 19 de Febrero de 2025 CHASCOM\u00daS -\u00a0 En este evento, que re\u00fane\u2026","rel":"","context":"En \u00abCHASCOM\u00daS\u00bb","block_context":{"text":"CHASCOM\u00daS","link":"https:\/\/larevistadigital.com.ar\/blog\/category\/chascomus\/"},"img":{"alt_text":"","src":"https:\/\/i0.wp.com\/larevistadigital.com.ar\/blog\/wp-content\/uploads\/67b67da8719d5.png?fit=668%2C445&ssl=1&resize=350%2C200","width":350,"height":200,"srcset":"https:\/\/i0.wp.com\/larevistadigital.com.ar\/blog\/wp-content\/uploads\/67b67da8719d5.png?fit=668%2C445&ssl=1&resize=350%2C200 1x, https:\/\/i0.wp.com\/larevistadigital.com.ar\/blog\/wp-content\/uploads\/67b67da8719d5.png?fit=668%2C445&ssl=1&resize=525%2C300 1.5x"},"classes":[]},{"id":39550,"url":"https:\/\/larevistadigital.com.ar\/blog\/el-gobernador-kicillof-presento-nuevas-obras-en-educacion-y-seguridad\/","url_meta":{"origin":43487,"position":3},"title":"El gobernador Kicillof present\u00f3 nuevas obras en Educaci\u00f3n y Seguridad","author":"Alejandro Sosa Ruda","date":"26 abril, 2025","format":false,"excerpt":"El gobernador bonaerense Axel Kicillof visit\u00f3 este viernes Trenque Lauquen para inaugurar obras en escuelas y reforzar el sistema de seguridad local. Adem\u00e1s, entreg\u00f3 computadoras del programa Conectar Igualdad Bonaerense y puso en marcha nuevos patrulleros para el distrito. 26 de Abril de 2026 BUENOS AIRES -\u00a0\u00a0Durante el acto, Kicillof\u2026","rel":"","context":"En \u00abDESTACADAS\u00bb","block_context":{"text":"DESTACADAS","link":"https:\/\/larevistadigital.com.ar\/blog\/category\/destacadas\/"},"img":{"alt_text":"","src":"https:\/\/i0.wp.com\/larevistadigital.com.ar\/blog\/wp-content\/uploads\/20250425173040_kicillof-trenque-lauquen-escuela-primaria-n3.jpg?fit=880%2C512&ssl=1&resize=350%2C200","width":350,"height":200,"srcset":"https:\/\/i0.wp.com\/larevistadigital.com.ar\/blog\/wp-content\/uploads\/20250425173040_kicillof-trenque-lauquen-escuela-primaria-n3.jpg?fit=880%2C512&ssl=1&resize=350%2C200 1x, https:\/\/i0.wp.com\/larevistadigital.com.ar\/blog\/wp-content\/uploads\/20250425173040_kicillof-trenque-lauquen-escuela-primaria-n3.jpg?fit=880%2C512&ssl=1&resize=525%2C300 1.5x, https:\/\/i0.wp.com\/larevistadigital.com.ar\/blog\/wp-content\/uploads\/20250425173040_kicillof-trenque-lauquen-escuela-primaria-n3.jpg?fit=880%2C512&ssl=1&resize=700%2C400 2x"},"classes":[]},{"id":11386,"url":"https:\/\/larevistadigital.com.ar\/blog\/visito-chascomus-el-candidato-a-gobernador-de-roberto-lavagna\/","url_meta":{"origin":43487,"position":4},"title":"VISIT\u00d3 CHASCOM\u00daS EL CANDIDATO A GOBERNADOR DE ROBERTO LAVAGNA","author":"Alejandro Sosa Ruda","date":"20 julio, 2019","format":false,"excerpt":"EDUARDO \u201cBALI\u201d BUCCA, EX INTNEDENTE DE BOL\u00cdVAR MANTUVO ENCUENTRO CON LA PRENSA, SE REUNIO CON LOS CANDIDATOS IGNACIO GORRIZ, LEO MOYANO, EVA BRICCIO, LA PRIMERA CANDIDATA A CONSEJERA ESCOLAR CLAUDIA QUIROGA Y DEMAS INTEGRANTES DE LA LISTA. TUVO UN CALIDO ENCUENTRO CON JUAN CARLOS HAEDO, VISITO UNA FABRICA DE CALZADO,\u2026","rel":"","context":"En \u00abINTERES GENERAL\u00bb","block_context":{"text":"INTERES GENERAL","link":"https:\/\/larevistadigital.com.ar\/blog\/category\/interes-general\/"},"img":{"alt_text":"","src":"https:\/\/i0.wp.com\/larevistadigital.com.ar\/blog\/wp-content\/uploads\/WhatsApp-Image-2019-07-20-at-21.11.24.jpeg?fit=1200%2C797&ssl=1&resize=350%2C200","width":350,"height":200,"srcset":"https:\/\/i0.wp.com\/larevistadigital.com.ar\/blog\/wp-content\/uploads\/WhatsApp-Image-2019-07-20-at-21.11.24.jpeg?fit=1200%2C797&ssl=1&resize=350%2C200 1x, https:\/\/i0.wp.com\/larevistadigital.com.ar\/blog\/wp-content\/uploads\/WhatsApp-Image-2019-07-20-at-21.11.24.jpeg?fit=1200%2C797&ssl=1&resize=525%2C300 1.5x, https:\/\/i0.wp.com\/larevistadigital.com.ar\/blog\/wp-content\/uploads\/WhatsApp-Image-2019-07-20-at-21.11.24.jpeg?fit=1200%2C797&ssl=1&resize=700%2C400 2x, https:\/\/i0.wp.com\/larevistadigital.com.ar\/blog\/wp-content\/uploads\/WhatsApp-Image-2019-07-20-at-21.11.24.jpeg?fit=1200%2C797&ssl=1&resize=1050%2C600 3x"},"classes":[]},{"id":35570,"url":"https:\/\/larevistadigital.com.ar\/blog\/el-viceministro-de-cultura-juan-ignacio-cote-rossi-visito-la-isla-martin-garcia-junto-al-gobernador-kicillof\/","url_meta":{"origin":43487,"position":5},"title":"EL VICEMINISTRO DE CULTURA, JUAN IGNACIO \u00abCOTE\u00bb ROSSI VISIT\u00d3 LA ISLA MART\u00cdN GARC\u00cdA JUNTO AL GOBERNADOR KICILLOF","author":"Alejandro Sosa Ruda","date":"16 marzo, 2024","format":false,"excerpt":"\u00a0 16 de marzo de 2024 LRD - El chascomunense Juan Ignacio \"Cote\" Rossi, viceministro de Cultura de la Provincia de Buenos Aires, junto al gobernador Axel Kicillof\u00a0 y en representaci\u00f3n del Instituto Cultural de la Provincia de Buenos Aires, de un reconocimiento a Eva Per\u00f3n, abanderada de los humildes\u2026","rel":"","context":"En \u00abINTERES GENERAL\u00bb","block_context":{"text":"INTERES GENERAL","link":"https:\/\/larevistadigital.com.ar\/blog\/category\/interes-general\/"},"img":{"alt_text":"","src":"https:\/\/i0.wp.com\/larevistadigital.com.ar\/blog\/wp-content\/uploads\/432381351_824620576348153_5614084164306149309_n.jpg?fit=1200%2C1200&ssl=1&resize=350%2C200","width":350,"height":200,"srcset":"https:\/\/i0.wp.com\/larevistadigital.com.ar\/blog\/wp-content\/uploads\/432381351_824620576348153_5614084164306149309_n.jpg?fit=1200%2C1200&ssl=1&resize=350%2C200 1x, https:\/\/i0.wp.com\/larevistadigital.com.ar\/blog\/wp-content\/uploads\/432381351_824620576348153_5614084164306149309_n.jpg?fit=1200%2C1200&ssl=1&resize=525%2C300 1.5x, https:\/\/i0.wp.com\/larevistadigital.com.ar\/blog\/wp-content\/uploads\/432381351_824620576348153_5614084164306149309_n.jpg?fit=1200%2C1200&ssl=1&resize=700%2C400 2x, https:\/\/i0.wp.com\/larevistadigital.com.ar\/blog\/wp-content\/uploads\/432381351_824620576348153_5614084164306149309_n.jpg?fit=1200%2C1200&ssl=1&resize=1050%2C600 3x"},"classes":[]}],"_links":{"self":[{"href":"https:\/\/larevistadigital.com.ar\/blog\/wp-json\/wp\/v2\/posts\/43487","targetHints":{"allow":["GET"]}}],"collection":[{"href":"https:\/\/larevistadigital.com.ar\/blog\/wp-json\/wp\/v2\/posts"}],"about":[{"href":"https:\/\/larevistadigital.com.ar\/blog\/wp-json\/wp\/v2\/types\/post"}],"author":[{"embeddable":true,"href":"https:\/\/larevistadigital.com.ar\/blog\/wp-json\/wp\/v2\/users\/3"}],"replies":[{"embeddable":true,"href":"https:\/\/larevistadigital.com.ar\/blog\/wp-json\/wp\/v2\/comments?post=43487"}],"version-history":[{"count":3,"href":"https:\/\/larevistadigital.com.ar\/blog\/wp-json\/wp\/v2\/posts\/43487\/revisions"}],"predecessor-version":[{"id":43491,"href":"https:\/\/larevistadigital.com.ar\/blog\/wp-json\/wp\/v2\/posts\/43487\/revisions\/43491"}],"wp:featuredmedia":[{"embeddable":true,"href":"https:\/\/larevistadigital.com.ar\/blog\/wp-json\/wp\/v2\/media\/43488"}],"wp:attachment":[{"href":"https:\/\/larevistadigital.com.ar\/blog\/wp-json\/wp\/v2\/media?parent=43487"}],"wp:term":[{"taxonomy":"category","embeddable":true,"href":"https:\/\/larevistadigital.com.ar\/blog\/wp-json\/wp\/v2\/categories?post=43487"},{"taxonomy":"post_tag","embeddable":true,"href":"https:\/\/larevistadigital.com.ar\/blog\/wp-json\/wp\/v2\/tags?post=43487"}],"curies":[{"name":"wp","href":"https:\/\/api.w.org\/{rel}","templated":true}]}}