{"id":43504,"date":"2026-01-20T19:51:45","date_gmt":"2026-01-20T22:51:45","guid":{"rendered":"https:\/\/larevistadigital.com.ar\/blog\/?p=43504"},"modified":"2026-01-20T19:51:45","modified_gmt":"2026-01-20T22:51:45","slug":"luz-y-gas-mas-caros-el-gobierno-ajusto-los-subsidios","status":"publish","type":"post","link":"https:\/\/larevistadigital.com.ar\/blog\/luz-y-gas-mas-caros-el-gobierno-ajusto-los-subsidios\/","title":{"rendered":"Luz y gas m\u00e1s caros: el Gobierno ajust\u00f3 los subsidios"},"content":{"rendered":"<h3>El Gobierno redefini\u00f3 nuevas reglas para los subsidios energ\u00e9ticos: hogares y pymes enfrentar\u00e1n tarifas m\u00e1s altas si no cumplen los criterios oficiales.<\/h3>\n<p>20 de enero de 2026<\/p>\n<p>El Gobierno nacional avanz\u00f3 con la implementaci\u00f3n del Registro de Subsidios Energ\u00e9ticos Focalizados (ReSEF), el nuevo sistema que reemplaza la segmentaci\u00f3n tarifaria previa para la asistencia estatal en luz y gas. El esquema establece criterios econ\u00f3micos y patrimoniales m\u00e1s estrictos y apunta a reducir el universo de beneficiarios.<\/p>\n<div id=\"publi-144\" class=\"publi publi-html C5\" data-nombre=\"html-6\">\n<p>La medida qued\u00f3 formalizada a trav\u00e9s de una disposici\u00f3n publicada este martes en el Bolet\u00edn Oficial, que fija las condiciones de acceso a los subsidios y refuerza los mecanismos de control.<\/p>\n<h3><span style=\"color: #ff0000\">C\u00f3mo funcionar\u00e1 el nuevo registro de subsidios<\/span><\/h3>\n<p>El ReSEF se basa en un cruce integral de informaci\u00f3n entre distintos organismos p\u00fablicos y en una declaraci\u00f3n jurada digital, que permitir\u00e1 evaluar con mayor precisi\u00f3n la situaci\u00f3n econ\u00f3mica de cada solicitante.<\/p>\n<h3><span style=\"color: #ff0000\">Control y administraci\u00f3n del beneficio<\/span><\/h3>\n<p>La Secretar\u00eda de Energ\u00eda ser\u00e1 la autoridad encargada de administrar el sistema y fiscalizar el otorgamiento de los subsidios, con datos provistos por la ANSES y otros organismos del Estado. El objetivo oficial es \u201cidentificar con precisi\u00f3n qui\u00e9nes realmente necesitan la ayuda estatal\u201d y evitar asignaciones indebidas.<\/p>\n<h3><span style=\"color: #ff0000\">Subsidios a la luz y el gas: qui\u00e9nes quedar\u00e1n excluidos<\/span><\/h3>\n<p>El nuevo r\u00e9gimen establece una serie de condiciones que dejar\u00e1n autom\u00e1ticamente fuera del beneficio a determinados hogares.<\/p>\n<h3><span style=\"color: #ff0000\">Bienes y activos que excluyen del subsidio<\/span><\/h3>\n<p>Entre los principales criterios de exclusi\u00f3n figuran:<\/p>\n<ul>\n<li>Poseer un autom\u00f3vil con antig\u00fcedad menor o igual a tres a\u00f1os, salvo titulares con Certificado \u00danico de Discapacidad.<\/li>\n<li>Tener tres o m\u00e1s inmuebles registrados a nombre de integrantes del hogar.<\/li>\n<li>Contar con embarcaciones de lujo o aeronaves.<\/li>\n<li>Poseer activos societarios que reflejen una elevada capacidad econ\u00f3mica.<\/li>\n<\/ul>\n<p>Quienes ya estaban inscriptos en el antiguo Registro de Acceso a los Subsidios a la Energ\u00eda (RASE) no deber\u00e1n reinscribirse, ya que sus datos migrar\u00e1n autom\u00e1ticamente al nuevo sistema, aunque podr\u00e1n actualizarlos si hubo cambios patrimoniales o familiares.<\/p>\n<h3><span style=\"color: #ff0000\">Impacto en los usuarios residenciales<\/span><\/h3>\n<p>Para los hogares, la redefinici\u00f3n de los subsidios implica que quedar\u00e1n excluidos quienes registren bienes considerados de alto valor o indicadores de solvencia econ\u00f3mica.<\/p>\n<h3><span style=\"color: #ff0000\">Facturas m\u00e1s altas y menor cobertura<\/span><\/h3>\n<p>En la pr\u00e1ctica, el ajuste impactar\u00e1 con mayor fuerza en sectores de ingresos medios, que pasar\u00e1n a pagar tarifas m\u00e1s cercanas al costo real del servicio. Desde el Gobierno anticipan que el efecto se reflejar\u00e1 en facturas m\u00e1s elevadas a lo largo del a\u00f1o, especialmente durante los meses de mayor consumo energ\u00e9tico.<\/p>\n<p>Adem\u00e1s, la actualizaci\u00f3n de datos puede derivar en la p\u00e9rdida autom\u00e1tica del subsidio si el cruce de informaci\u00f3n detecta inconsistencias o mejoras patrimoniales.<\/p>\n<h3><span style=\"color: #ff0000\">Qu\u00e9 cambia para las pymes<\/span><\/h3>\n<p>El nuevo esquema tambi\u00e9n introduce cambios relevantes para las peque\u00f1as y medianas empresas, con criterios m\u00e1s estrictos para acceder a la energ\u00eda subsidiada.<\/p>\n<h3><span style=\"color: #ff0000\">Aumento de costos y presi\u00f3n sobre precios<\/span><\/h3>\n<p>Las pymes que acrediten capacidad econ\u00f3mica, activos relevantes o niveles de facturaci\u00f3n superiores a los par\u00e1metros establecidos quedar\u00e1n excluidas del beneficio. Esto se traducir\u00e1 en un aumento de los costos operativos, especialmente en comercios, industrias y servicios con alto consumo energ\u00e9tico.<br \/>\nDesde el sector productivo advierten que la suba en tarifas podr\u00eda trasladarse a precios o afectar los m\u00e1rgenes de rentabilidad, en un contexto de actividad econ\u00f3mica todav\u00eda fr\u00e1gil.<\/p>\n<\/div>\n","protected":false},"excerpt":{"rendered":"<div class=\"mh-excerpt\"><p>El Gobierno redefini\u00f3 nuevas reglas para los subsidios energ\u00e9ticos: hogares y pymes enfrentar\u00e1n tarifas m\u00e1s altas si no cumplen los criterios oficiales. 20 de enero de 2026 El Gobierno nacional avanz\u00f3 con la implementaci\u00f3n del <a class=\"mh-excerpt-more\" href=\"https:\/\/larevistadigital.com.ar\/blog\/luz-y-gas-mas-caros-el-gobierno-ajusto-los-subsidios\/\" title=\"Luz y gas m\u00e1s caros: el Gobierno ajust\u00f3 los subsidios\">[Leer M\u00e1s]<\/a><\/p>\n<\/div>","protected":false},"author":3,"featured_media":43505,"comment_status":"open","ping_status":"open","sticky":false,"template":"","format":"standard","meta":{"_jetpack_memberships_contains_paid_content":false,"footnotes":"","jetpack_publicize_message":"","jetpack_publicize_feature_enabled":true,"jetpack_social_post_already_shared":true,"jetpack_social_options":{"image_generator_settings":{"template":"highway","default_image_id":0,"font":"","enabled":false},"version":2}},"categories":[50],"tags":[],"class_list":{"0":"post-43504","1":"post","2":"type-post","3":"status-publish","4":"format-standard","5":"has-post-thumbnail","7":"category-interes-general"},"jetpack_publicize_connections":[],"jetpack_featured_media_url":"https:\/\/i0.wp.com\/larevistadigital.com.ar\/blog\/wp-content\/uploads\/Captura-de-pantalla-2026-01-20-194844.jpg?fit=782%2C452&ssl=1","jetpack_sharing_enabled":true,"jetpack_shortlink":"https:\/\/wp.me\/p8qtrQ-bjG","jetpack-related-posts":[{"id":36244,"url":"https:\/\/larevistadigital.com.ar\/blog\/de-terror-con-la-quita-de-los-subsidios-la-luz-y-el-gas-aumentarian-mas-de-un-150\/","url_meta":{"origin":43504,"position":0},"title":"DE TERROR: CON LA QUITA DE LOS SUBSIDIOS LA LUZ Y EL GAS AUMENTAR\u00cdAN M\u00c1S DE UN 150%","author":"Alejandro Sosa Ruda","date":"5 junio, 2024","format":false,"excerpt":"El Gobierno de Javier Milei oficializ\u00f3 este mi\u00e9rcoles los detalles de la quita de subsidios a las tarifas de energ\u00eda que comenzar\u00e1 a regir en junio como parte de la transici\u00f3n hacia un nuevo esquema de asistencia. Todos los usuarios, pero sobre todo los residenciales de ingresos medios y bajos,\u2026","rel":"","context":"En \u00abINTERES GENERAL\u00bb","block_context":{"text":"INTERES GENERAL","link":"https:\/\/larevistadigital.com.ar\/blog\/category\/interes-general\/"},"img":{"alt_text":"","src":"https:\/\/i0.wp.com\/larevistadigital.com.ar\/blog\/wp-content\/uploads\/20240605175338_subsidios-tarifas-gas-luz.jpg?fit=880%2C512&ssl=1&resize=350%2C200","width":350,"height":200,"srcset":"https:\/\/i0.wp.com\/larevistadigital.com.ar\/blog\/wp-content\/uploads\/20240605175338_subsidios-tarifas-gas-luz.jpg?fit=880%2C512&ssl=1&resize=350%2C200 1x, https:\/\/i0.wp.com\/larevistadigital.com.ar\/blog\/wp-content\/uploads\/20240605175338_subsidios-tarifas-gas-luz.jpg?fit=880%2C512&ssl=1&resize=525%2C300 1.5x, https:\/\/i0.wp.com\/larevistadigital.com.ar\/blog\/wp-content\/uploads\/20240605175338_subsidios-tarifas-gas-luz.jpg?fit=880%2C512&ssl=1&resize=700%2C400 2x"},"classes":[]},{"id":30536,"url":"https:\/\/larevistadigital.com.ar\/blog\/continua-abierto-el-registro-para-mantener-el-subsidio-de-luz-y-gas\/","url_meta":{"origin":43504,"position":1},"title":"CONTIN\u00daA ABIERTO EL REGISTRO PARA MANTENER EL SUBSIDIO DE LUZ Y GAS","author":"Alejandro Sosa Ruda","date":"12 marzo, 2023","format":false,"excerpt":"Para completar el formulario de inscripci\u00f3n, el usuario deber\u00e1 tener a mano su factura de luz y gas y su DNI como requisitos m\u00ednimos. Ingresando a www.argentina.gob.ar\/subsidios el tr\u00e1mite demorar\u00e1 solo unos minutos. 11 de marzo de 2023 La Secretar\u00eda de Energ\u00eda de la Naci\u00f3n contin\u00faa con los operativos territoriales\u2026","rel":"","context":"En \u00abINTERES GENERAL\u00bb","block_context":{"text":"INTERES GENERAL","link":"https:\/\/larevistadigital.com.ar\/blog\/category\/interes-general\/"},"img":{"alt_text":"","src":"https:\/\/i0.wp.com\/larevistadigital.com.ar\/blog\/wp-content\/uploads\/20230311174013_tarifa-gas.jpg?fit=880%2C512&ssl=1&resize=350%2C200","width":350,"height":200,"srcset":"https:\/\/i0.wp.com\/larevistadigital.com.ar\/blog\/wp-content\/uploads\/20230311174013_tarifa-gas.jpg?fit=880%2C512&ssl=1&resize=350%2C200 1x, https:\/\/i0.wp.com\/larevistadigital.com.ar\/blog\/wp-content\/uploads\/20230311174013_tarifa-gas.jpg?fit=880%2C512&ssl=1&resize=525%2C300 1.5x, https:\/\/i0.wp.com\/larevistadigital.com.ar\/blog\/wp-content\/uploads\/20230311174013_tarifa-gas.jpg?fit=880%2C512&ssl=1&resize=700%2C400 2x"},"classes":[]},{"id":26918,"url":"https:\/\/larevistadigital.com.ar\/blog\/extienden-el-plazo-de-inscripcion-a-los-subsidios-de-la-luz-y-el-gas\/","url_meta":{"origin":43504,"position":2},"title":"EXTIENDEN EL PLAZO DE INSCRIPCI\u00d3N A LOS SUBSIDIOS DE LA LUZ Y EL GAS","author":"Alejandro Sosa Ruda","date":"1 agosto, 2022","format":false,"excerpt":"El formulario de inscripci\u00f3n va a permanecer abierto para todas aquellas personas que a\u00fan no se hayan inscripto, independientemente del n\u00famero de DNI. La Secretar\u00eda de Energ\u00eda extendi\u00f3 a partir de\u00a0este lunes el plazo del proceso de inscripci\u00f3n para acceder a los\u00a0subsidios a la energ\u00eda el\u00e9ctrica y al gas natural\u00a0que\u2026","rel":"","context":"En \u00abINTERES GENERAL\u00bb","block_context":{"text":"INTERES GENERAL","link":"https:\/\/larevistadigital.com.ar\/blog\/category\/interes-general\/"},"img":{"alt_text":"","src":"https:\/\/i0.wp.com\/larevistadigital.com.ar\/blog\/wp-content\/uploads\/Captura-de-pantalla-2022-08-01-095035.png?fit=811%2C455&ssl=1&resize=350%2C200","width":350,"height":200,"srcset":"https:\/\/i0.wp.com\/larevistadigital.com.ar\/blog\/wp-content\/uploads\/Captura-de-pantalla-2022-08-01-095035.png?fit=811%2C455&ssl=1&resize=350%2C200 1x, https:\/\/i0.wp.com\/larevistadigital.com.ar\/blog\/wp-content\/uploads\/Captura-de-pantalla-2022-08-01-095035.png?fit=811%2C455&ssl=1&resize=525%2C300 1.5x, https:\/\/i0.wp.com\/larevistadigital.com.ar\/blog\/wp-content\/uploads\/Captura-de-pantalla-2022-08-01-095035.png?fit=811%2C455&ssl=1&resize=700%2C400 2x"},"classes":[]},{"id":26032,"url":"https:\/\/larevistadigital.com.ar\/blog\/te-informamos-como-sera-el-tramite-obligatorio-para-mantener-el-subsidio-en-la-luz-y-el-gas\/","url_meta":{"origin":43504,"position":3},"title":"TE INFORMAMOS C\u00d3MO SER\u00c1 EL TR\u00c1MITE OBLIGATORIO PARA MANTENER EL SUBSIDIO EN LA LUZ Y EL GAS","author":"Alejandro Sosa Ruda","date":"22 junio, 2022","format":false,"excerpt":"El gobierno nacional busca habilitar esta semana el Registro de Acceso a los Subsidios a la Energ\u00eda (RASE). La inscripci\u00f3n no excluir\u00e1 a quienes reciben prestaciones sociales ni a jubilados y pensionados. El gobierno nacional busca habilitar esta semana el\u00a0Registro de Acceso a los Subsidios a la Energ\u00eda (RASE), en\u2026","rel":"","context":"En \u00abINTERES GENERAL\u00bb","block_context":{"text":"INTERES GENERAL","link":"https:\/\/larevistadigital.com.ar\/blog\/category\/interes-general\/"},"img":{"alt_text":"","src":"https:\/\/i0.wp.com\/larevistadigital.com.ar\/blog\/wp-content\/uploads\/d801ce80351230eb46b161a56db3ac181d821e7e.jpg?fit=1140%2C641&ssl=1&resize=350%2C200","width":350,"height":200,"srcset":"https:\/\/i0.wp.com\/larevistadigital.com.ar\/blog\/wp-content\/uploads\/d801ce80351230eb46b161a56db3ac181d821e7e.jpg?fit=1140%2C641&ssl=1&resize=350%2C200 1x, https:\/\/i0.wp.com\/larevistadigital.com.ar\/blog\/wp-content\/uploads\/d801ce80351230eb46b161a56db3ac181d821e7e.jpg?fit=1140%2C641&ssl=1&resize=525%2C300 1.5x, https:\/\/i0.wp.com\/larevistadigital.com.ar\/blog\/wp-content\/uploads\/d801ce80351230eb46b161a56db3ac181d821e7e.jpg?fit=1140%2C641&ssl=1&resize=700%2C400 2x, https:\/\/i0.wp.com\/larevistadigital.com.ar\/blog\/wp-content\/uploads\/d801ce80351230eb46b161a56db3ac181d821e7e.jpg?fit=1140%2C641&ssl=1&resize=1050%2C600 3x"},"classes":[]},{"id":26914,"url":"https:\/\/larevistadigital.com.ar\/blog\/desde-hoy-rigen-los-nuevos-cuadros-tarifarios-para-luz-y-gas-natural\/","url_meta":{"origin":43504,"position":4},"title":"DESDE HOY RIGEN LOS NUEVOS CUADROS TARIFARIOS PARA LUZ Y GAS NATURAL","author":"Alejandro Sosa Ruda","date":"1 agosto, 2022","format":false,"excerpt":"Los nuevos cuadros tarifarios para los servicios de distribuci\u00f3n de energ\u00eda el\u00e9ctrica y gas natural comenzar\u00e1n a regir a partir de este lunes. Los incrementos solamente ser\u00e1n aplicados a los usuarios del nivel 1, de mayores ingresos, y a aquellos que no hayan completado el formulario de inscripci\u00f3n al Registro\u2026","rel":"","context":"En \u00abECONOMIA\u00bb","block_context":{"text":"ECONOMIA","link":"https:\/\/larevistadigital.com.ar\/blog\/category\/economia\/"},"img":{"alt_text":"","src":"https:\/\/i0.wp.com\/larevistadigital.com.ar\/blog\/wp-content\/uploads\/20220731171719_subsidios-tarifas-gas-luz.jpg?fit=880%2C512&ssl=1&resize=350%2C200","width":350,"height":200,"srcset":"https:\/\/i0.wp.com\/larevistadigital.com.ar\/blog\/wp-content\/uploads\/20220731171719_subsidios-tarifas-gas-luz.jpg?fit=880%2C512&ssl=1&resize=350%2C200 1x, https:\/\/i0.wp.com\/larevistadigital.com.ar\/blog\/wp-content\/uploads\/20220731171719_subsidios-tarifas-gas-luz.jpg?fit=880%2C512&ssl=1&resize=525%2C300 1.5x, https:\/\/i0.wp.com\/larevistadigital.com.ar\/blog\/wp-content\/uploads\/20220731171719_subsidios-tarifas-gas-luz.jpg?fit=880%2C512&ssl=1&resize=700%2C400 2x"},"classes":[]},{"id":37042,"url":"https:\/\/larevistadigital.com.ar\/blog\/chascomus-en-el-barrio-ipora-se-inscribira-en-el-registro-de-acceso-a-los-subsidios-de-energia\/","url_meta":{"origin":43504,"position":5},"title":"CHASCOM\u00daS: EN EL BARRIO IPOR\u00c1 SE INSCRIBIR\u00c1 EN EL REGISTRO DE ACCESO A LOS SUBSIDIOS DE ENERG\u00cdA","author":"Alejandro Sosa Ruda","date":"23 agosto, 2024","format":false,"excerpt":"Este s\u00e1bado de 9 a 12 horas, el equipo de Pol\u00edticas Comunitarias municipal realizar\u00e1 un operativo especial en el SUM barrial, ubicado en Sargento Cabral y Per\u00fa. 23 de Agosto de 2024 CHASCOM\u00daS -\u00a0 Este s\u00e1bado de 9 a 12 horas, el equipo de Pol\u00edticas Comunitarias municipal realizar\u00e1 un operativo\u2026","rel":"","context":"En \u00abCHASCOM\u00daS\u00bb","block_context":{"text":"CHASCOM\u00daS","link":"https:\/\/larevistadigital.com.ar\/blog\/category\/chascomus\/"},"img":{"alt_text":"","src":"https:\/\/i0.wp.com\/larevistadigital.com.ar\/blog\/wp-content\/uploads\/66c8c102be257.png?fit=668%2C445&ssl=1&resize=350%2C200","width":350,"height":200,"srcset":"https:\/\/i0.wp.com\/larevistadigital.com.ar\/blog\/wp-content\/uploads\/66c8c102be257.png?fit=668%2C445&ssl=1&resize=350%2C200 1x, https:\/\/i0.wp.com\/larevistadigital.com.ar\/blog\/wp-content\/uploads\/66c8c102be257.png?fit=668%2C445&ssl=1&resize=525%2C300 1.5x"},"classes":[]}],"_links":{"self":[{"href":"https:\/\/larevistadigital.com.ar\/blog\/wp-json\/wp\/v2\/posts\/43504","targetHints":{"allow":["GET"]}}],"collection":[{"href":"https:\/\/larevistadigital.com.ar\/blog\/wp-json\/wp\/v2\/posts"}],"about":[{"href":"https:\/\/larevistadigital.com.ar\/blog\/wp-json\/wp\/v2\/types\/post"}],"author":[{"embeddable":true,"href":"https:\/\/larevistadigital.com.ar\/blog\/wp-json\/wp\/v2\/users\/3"}],"replies":[{"embeddable":true,"href":"https:\/\/larevistadigital.com.ar\/blog\/wp-json\/wp\/v2\/comments?post=43504"}],"version-history":[{"count":1,"href":"https:\/\/larevistadigital.com.ar\/blog\/wp-json\/wp\/v2\/posts\/43504\/revisions"}],"predecessor-version":[{"id":43506,"href":"https:\/\/larevistadigital.com.ar\/blog\/wp-json\/wp\/v2\/posts\/43504\/revisions\/43506"}],"wp:featuredmedia":[{"embeddable":true,"href":"https:\/\/larevistadigital.com.ar\/blog\/wp-json\/wp\/v2\/media\/43505"}],"wp:attachment":[{"href":"https:\/\/larevistadigital.com.ar\/blog\/wp-json\/wp\/v2\/media?parent=43504"}],"wp:term":[{"taxonomy":"category","embeddable":true,"href":"https:\/\/larevistadigital.com.ar\/blog\/wp-json\/wp\/v2\/categories?post=43504"},{"taxonomy":"post_tag","embeddable":true,"href":"https:\/\/larevistadigital.com.ar\/blog\/wp-json\/wp\/v2\/tags?post=43504"}],"curies":[{"name":"wp","href":"https:\/\/api.w.org\/{rel}","templated":true}]}}