{"id":43507,"date":"2026-01-20T19:56:57","date_gmt":"2026-01-20T22:56:57","guid":{"rendered":"https:\/\/larevistadigital.com.ar\/blog\/?p=43507"},"modified":"2026-01-20T19:56:57","modified_gmt":"2026-01-20T22:56:57","slug":"alerta-pyme-la-came-teme-mas-conflicto-con-la-reforma-laboral","status":"publish","type":"post","link":"https:\/\/larevistadigital.com.ar\/blog\/alerta-pyme-la-came-teme-mas-conflicto-con-la-reforma-laboral\/","title":{"rendered":"Alerta pyme: la CAME teme m\u00e1s conflicto con la reforma laboral"},"content":{"rendered":"<h3>La CAME respald\u00f3 la reforma laboral, pero pidi\u00f3 eliminar art\u00edculos que pueden disparar conflictos y afectar la seguridad jur\u00eddica de las pymes.<\/h3>\n<p>20 de enero de 2026<\/p>\n<p>La Confederaci\u00f3n Argentina de la Mediana Empresa (CAME) fij\u00f3 posici\u00f3n frente a la reforma laboral impulsada por el Gobierno y reclam\u00f3 cambios sustanciales para evitar un escenario de mayor conflictividad. En un documento presentado ante el Senado, la entidad expres\u00f3 su acompa\u00f1amiento general a la iniciativa, aunque pidi\u00f3 eliminar una serie de art\u00edculos que, seg\u00fan advirti\u00f3, ponen en riesgo la estabilidad jur\u00eddica del sistema laboral.<\/p>\n<div id=\"publi-144\" class=\"publi publi-html C5\" data-nombre=\"html-6\">\n<p>El planteo del sector pyme se centra en los ajustes propuestos sobre los convenios colectivos de trabajo, que podr\u00edan desvirtuar el objetivo original de la reforma y abrir una etapa de mayor imprevisibilidad.<\/p>\n<h3><span style=\"color: #ff0000\">Los art\u00edculos que generan preocupaci\u00f3n en las pymes<\/span><\/h3>\n<p>El n\u00facleo de las objeciones est\u00e1 concentrado en cinco art\u00edculos del proyecto,\u00a0<strong>del 126 al 132<\/strong>, cuya aprobaci\u00f3n \u2014seg\u00fan la CAME\u2014 podr\u00eda derivar en un aumento de la\u00a0<strong>litigiosidad\u00a0<\/strong>y del\u00a0<strong>conflicto laboral<\/strong>.<\/p>\n<h3><span style=\"color: #ff0000\">Riesgos de imprevisibilidad y tensi\u00f3n<\/span><\/h3>\n<p>Desde la entidad empresaria reclamaron de manera \u201cimperiosa\u201d que esos puntos sean eliminados del texto final, al considerar que introducen cambios estructurales que afectan el equilibrio entre empleadores y trabajadores.<\/p>\n<p>\u201cPodr\u00edan generar mayor inseguridad jur\u00eddica y conflictividad laboral\u201d, advirtieron en el documento elevado a los legisladores.<\/p>\n<h3><span style=\"color: #ff0000\">El cuestionamiento al l\u00edmite de la ultraactividad<\/span><\/h3>\n<p>El foco m\u00e1s cr\u00edtico est\u00e1 puesto en el art\u00edculo 126, que restringe la ultraactividad de los convenios colectivos vencidos \u00fanicamente a sus cl\u00e1usulas normativas, dejando afuera las obligacionales.<\/p>\n<h3><span style=\"color: #ff0000\">Choque con la Constituci\u00f3n y la OIT<\/span><\/h3>\n<p>Seg\u00fan la CAME, esta limitaci\u00f3n entra en tensi\u00f3n con el art\u00edculo 14 bis de la Constituci\u00f3n Nacional y con los convenios internacionales de la OIT, ya que rompe con la continuidad de acuerdos que hoy funcionan como mecanismo de contenci\u00f3n de conflictos.<\/p>\n<p>\u201cDesnaturaliza el convenio colectivo como un instrumento integral; rompe el equilibrio entre las partes; debilita la autonom\u00eda de la negociaci\u00f3n colectiva y genera mayor inseguridad jur\u00eddica\u201d, sintetiz\u00f3 la entidad.<\/p>\n<h3><span style=\"color: #ff0000\">Aportes y asimetr\u00edas en la negociaci\u00f3n colectiva<\/span><\/h3>\n<p>Otro de los puntos objetados es el art\u00edculo 128, que elimina los aportes obligatorios para las entidades empresarias pero mantiene los de las organizaciones sindicales.<\/p>\n<h3><span style=\"color: #ff0000\">Reclamo por trato equitativo<\/span><\/h3>\n<p>Para la CAME, esta diferencia implica un trato \u201cinequitativo y discriminatorio\u201d que podr\u00eda afectar la representaci\u00f3n empresaria a nivel nacional y alterar el equilibrio de fuerzas en la negociaci\u00f3n colectiva.<\/p>\n<h3><span style=\"color: #ff0000\">Convenios de empresa y diferencias salariales<\/span><\/h3>\n<p>Las cr\u00edticas tambi\u00e9n alcanzan a los art\u00edculos 130 y 131, que establecen la prevalencia de los convenios de empresa por sobre los convenios de actividad.<\/p>\n<h3><span style=\"color: #ff0000\">Impacto en la igualdad salarial<\/span><\/h3>\n<p>Desde la entidad advirtieron que esta modificaci\u00f3n fragmentar\u00eda el marco normativo y habilitar\u00eda diferencias salariales dif\u00edciles de justificar, afectando el principio de igual remuneraci\u00f3n por igual tarea, uno de los pilares del derecho laboral argentino.<\/p>\n<h3><span style=\"color: #ff0000\">La discrecionalidad del Estado como \u00faltimo foco de conflicto<\/span><\/h3>\n<p>El art\u00edculo 132 es otro de los puntos se\u00f1alados como problem\u00e1ticos, ya que faculta al Estado a suspender convenios colectivos invocando razones amplias como \u201cdistorsiones econ\u00f3micas graves\u201d o \u201cinter\u00e9s general\u201d.<\/p>\n<h3><span style=\"color: #ff0000\">Inestabilidad y menor previsibilidad<\/span><\/h3>\n<p>Para la CAME, se trata de una discrecionalidad excesiva que suma incertidumbre y debilita la previsibilidad que necesitan empresas y trabajadores para planificar su actividad.<\/p>\n<p>El documento, firmado por el presidente de la entidad, Ricardo Diab, y la secretaria general, Beatriz Tourn, remarca que las observaciones apuntan a construir una norma que garantice \u201cestabilidad, certezas, previsibilidad y equidad\u201d.<\/p>\n<p>Seg\u00fan la CAME, esas condiciones son claves para reducir la litigiosidad y ordenar la relaci\u00f3n laboral sin erosionar el sistema de negociaci\u00f3n colectiva.<\/p>\n<h3>Presiones cruzadas antes del debate en el Senado<\/h3>\n<p>Las objeciones del sector pyme se suman a otras tensiones que rodean al proyecto de Modernizaci\u00f3n Laboral.<\/p>\n<h3><span style=\"color: #ff0000\">Sindicatos, gobernadores y el calendario legislativo<\/span><\/h3>\n<p>Mientras la CGT busca introducir cambios a trav\u00e9s de legisladores del centro pol\u00edtico, los gobernadores expresan preocupaci\u00f3n por el impacto fiscal de los ajustes impositivos en un contexto de ca\u00edda de la recaudaci\u00f3n provincial.<br \/>\nEl Gobierno, en tanto, prev\u00e9 llevar el proyecto al recinto del Senado el 11 de febrero, en una sesi\u00f3n que se anticipa como uno de los debates m\u00e1s sensibles del per\u00edodo de extraordinarias.<\/p>\n<\/div>\n","protected":false},"excerpt":{"rendered":"<div class=\"mh-excerpt\"><p>La CAME respald\u00f3 la reforma laboral, pero pidi\u00f3 eliminar art\u00edculos que pueden disparar conflictos y afectar la seguridad jur\u00eddica de las pymes. 20 de enero de 2026 La Confederaci\u00f3n Argentina de la Mediana Empresa (CAME) <a class=\"mh-excerpt-more\" href=\"https:\/\/larevistadigital.com.ar\/blog\/alerta-pyme-la-came-teme-mas-conflicto-con-la-reforma-laboral\/\" title=\"Alerta pyme: la CAME teme m\u00e1s conflicto con la reforma laboral\">[Leer M\u00e1s]<\/a><\/p>\n<\/div>","protected":false},"author":3,"featured_media":43508,"comment_status":"open","ping_status":"open","sticky":false,"template":"","format":"standard","meta":{"_jetpack_memberships_contains_paid_content":false,"footnotes":"","jetpack_publicize_message":"","jetpack_publicize_feature_enabled":true,"jetpack_social_post_already_shared":true,"jetpack_social_options":{"image_generator_settings":{"template":"highway","default_image_id":0,"font":"","enabled":false},"version":2}},"categories":[50],"tags":[],"class_list":{"0":"post-43507","1":"post","2":"type-post","3":"status-publish","4":"format-standard","5":"has-post-thumbnail","7":"category-interes-general"},"jetpack_publicize_connections":[],"jetpack_featured_media_url":"https:\/\/i0.wp.com\/larevistadigital.com.ar\/blog\/wp-content\/uploads\/Captura-de-pantalla-2026-01-19-111147-1.jpg?fit=766%2C479&ssl=1","jetpack_sharing_enabled":true,"jetpack_shortlink":"https:\/\/wp.me\/p8qtrQ-bjJ","jetpack-related-posts":[{"id":35811,"url":"https:\/\/larevistadigital.com.ar\/blog\/reforma-laboral-el-gobierno-aceptaria-dar-de-baja-dos-puntos-objetados-por-la-cgt-para-lograr-la-sancion-de-la-ley-bases\/","url_meta":{"origin":43507,"position":0},"title":"REFORMA LABORAL: EL GOBIERNO ACEPTAR\u00cdA DAR DE BAJA DOS PUNTOS OBJETADOS POR LA CGT PARA LOGRAR LA SANCI\u00d3N DE LA LEY BASES","author":"Alejandro Sosa Ruda","date":"10 abril, 2024","format":false,"excerpt":"10 de abril de 2024 BUENOS AIRES -\u00a0 El oficialismo apoyar\u00e1 un proyecto de reforma laboral de los diputados de la UCR, que contar\u00e1 con el aval del PRO y de Hacemos Coalici\u00f3n Federal, aunque resignar\u00edan algunos art\u00edculos incluidos en el DNU. Luego de que Milei gan\u00f3 el balotaje Francos\u2026","rel":"","context":"En \u00abINTERES GENERAL\u00bb","block_context":{"text":"INTERES GENERAL","link":"https:\/\/larevistadigital.com.ar\/blog\/category\/interes-general\/"},"img":{"alt_text":"","src":"https:\/\/i0.wp.com\/larevistadigital.com.ar\/blog\/wp-content\/uploads\/javier-milei-1693314.jpg?fit=1200%2C675&ssl=1&resize=350%2C200","width":350,"height":200,"srcset":"https:\/\/i0.wp.com\/larevistadigital.com.ar\/blog\/wp-content\/uploads\/javier-milei-1693314.jpg?fit=1200%2C675&ssl=1&resize=350%2C200 1x, https:\/\/i0.wp.com\/larevistadigital.com.ar\/blog\/wp-content\/uploads\/javier-milei-1693314.jpg?fit=1200%2C675&ssl=1&resize=525%2C300 1.5x, https:\/\/i0.wp.com\/larevistadigital.com.ar\/blog\/wp-content\/uploads\/javier-milei-1693314.jpg?fit=1200%2C675&ssl=1&resize=700%2C400 2x, https:\/\/i0.wp.com\/larevistadigital.com.ar\/blog\/wp-content\/uploads\/javier-milei-1693314.jpg?fit=1200%2C675&ssl=1&resize=1050%2C600 3x"},"classes":[]},{"id":43669,"url":"https:\/\/larevistadigital.com.ar\/blog\/nace-un-nuevo-espacio-gremial-contra-la-reforma-laboral\/","url_meta":{"origin":43507,"position":1},"title":"Nace un nuevo espacio gremial contra la reforma laboral","author":"Alejandro Sosa Ruda","date":"30 enero, 2026","format":false,"excerpt":"Gremios de la CGT y las CTA lanzaron el FreSU y anunciaron marchas contra la reforma laboral. C\u00f3rdoba, Santa Fe y final en el Congreso. Un nuevo frente sindical tom\u00f3 forma en las \u00faltimas horas con un objetivo claro: enfrentar la reforma laboral impulsada por el gobierno de Javier Milei.\u2026","rel":"","context":"En \u00abGREMIALES\u00bb","block_context":{"text":"GREMIALES","link":"https:\/\/larevistadigital.com.ar\/blog\/category\/gremiales\/"},"img":{"alt_text":"","src":"https:\/\/i0.wp.com\/larevistadigital.com.ar\/blog\/wp-content\/uploads\/Captura-de-pantalla-2026-01-30-015010.jpg?fit=802%2C430&ssl=1&resize=350%2C200","width":350,"height":200,"srcset":"https:\/\/i0.wp.com\/larevistadigital.com.ar\/blog\/wp-content\/uploads\/Captura-de-pantalla-2026-01-30-015010.jpg?fit=802%2C430&ssl=1&resize=350%2C200 1x, https:\/\/i0.wp.com\/larevistadigital.com.ar\/blog\/wp-content\/uploads\/Captura-de-pantalla-2026-01-30-015010.jpg?fit=802%2C430&ssl=1&resize=525%2C300 1.5x, https:\/\/i0.wp.com\/larevistadigital.com.ar\/blog\/wp-content\/uploads\/Captura-de-pantalla-2026-01-30-015010.jpg?fit=802%2C430&ssl=1&resize=700%2C400 2x"},"classes":[]},{"id":43949,"url":"https:\/\/larevistadigital.com.ar\/blog\/reforma-laboral-el-oficialismo-logro-la-media-sancion-en-general-y-abrio-una-nueva-batalla-politica\/","url_meta":{"origin":43507,"position":2},"title":"Reforma laboral: el oficialismo logr\u00f3 la media sanci\u00f3n en general y abri\u00f3 una nueva batalla pol\u00edtica","author":"Alejandro Sosa Ruda","date":"12 febrero, 2026","format":false,"excerpt":"Con 42 votos a favor y 30 en contra, el Gobierno consigui\u00f3 la media sanci\u00f3n en general de la reforma laboral en el Senado. El rechazo reuni\u00f3 28 votos del peronismo y dos de los santacruce\u00f1os Jos\u00e9 Mar\u00eda Carambia y Natalia Gadano. Para asegurar el respaldo mayoritario, Patricia Bullrich acept\u00f3\u2026","rel":"","context":"En \u00abDESTACADAS\u00bb","block_context":{"text":"DESTACADAS","link":"https:\/\/larevistadigital.com.ar\/blog\/category\/destacadas\/"},"img":{"alt_text":"","src":"https:\/\/i0.wp.com\/larevistadigital.com.ar\/blog\/wp-content\/uploads\/Captura-de-pantalla-2026-02-12-105532.jpg?fit=971%2C482&ssl=1&resize=350%2C200","width":350,"height":200,"srcset":"https:\/\/i0.wp.com\/larevistadigital.com.ar\/blog\/wp-content\/uploads\/Captura-de-pantalla-2026-02-12-105532.jpg?fit=971%2C482&ssl=1&resize=350%2C200 1x, https:\/\/i0.wp.com\/larevistadigital.com.ar\/blog\/wp-content\/uploads\/Captura-de-pantalla-2026-02-12-105532.jpg?fit=971%2C482&ssl=1&resize=525%2C300 1.5x, https:\/\/i0.wp.com\/larevistadigital.com.ar\/blog\/wp-content\/uploads\/Captura-de-pantalla-2026-02-12-105532.jpg?fit=971%2C482&ssl=1&resize=700%2C400 2x"},"classes":[]},{"id":44376,"url":"https:\/\/larevistadigital.com.ar\/blog\/ya-rige-la-reforma-laboral-claves-y-cambios-para-trabajadores\/","url_meta":{"origin":43507,"position":3},"title":"Ya rige la reforma laboral: claves y cambios para trabajadores","author":"Alejandro Sosa Ruda","date":"6 marzo, 2026","format":false,"excerpt":"La reforma laboral ya es ley y cambia reglas clave: indemnizaciones, vacaciones, banco de horas y despidos. Enterate qu\u00e9 cambia para trabajadores. 06 de marzo de 2026 El Gobierno nacional promulg\u00f3 este viernes la\u00a0Ley de Modernizaci\u00f3n Laboral, una de las reformas estructurales impulsadas por la administraci\u00f3n de\u00a0Javier Milei. La norma,\u2026","rel":"","context":"En \u00abINTERES GENERAL\u00bb","block_context":{"text":"INTERES GENERAL","link":"https:\/\/larevistadigital.com.ar\/blog\/category\/interes-general\/"},"img":{"alt_text":"","src":"https:\/\/i0.wp.com\/larevistadigital.com.ar\/blog\/wp-content\/uploads\/Captura-de-pantalla-2026-03-06-214533.jpg?fit=841%2C489&ssl=1&resize=350%2C200","width":350,"height":200,"srcset":"https:\/\/i0.wp.com\/larevistadigital.com.ar\/blog\/wp-content\/uploads\/Captura-de-pantalla-2026-03-06-214533.jpg?fit=841%2C489&ssl=1&resize=350%2C200 1x, https:\/\/i0.wp.com\/larevistadigital.com.ar\/blog\/wp-content\/uploads\/Captura-de-pantalla-2026-03-06-214533.jpg?fit=841%2C489&ssl=1&resize=525%2C300 1.5x, https:\/\/i0.wp.com\/larevistadigital.com.ar\/blog\/wp-content\/uploads\/Captura-de-pantalla-2026-03-06-214533.jpg?fit=841%2C489&ssl=1&resize=700%2C400 2x"},"classes":[]},{"id":43955,"url":"https:\/\/larevistadigital.com.ar\/blog\/reforma-laboral-el-senado-avalo-un-regimen-especifico-para-trabajadores-de-plataformas\/","url_meta":{"origin":43507,"position":4},"title":"Reforma laboral: el Senado aval\u00f3 un r\u00e9gimen espec\u00edfico para trabajadores de plataformas","author":"Alejandro Sosa Ruda","date":"12 febrero, 2026","format":false,"excerpt":"La media sanci\u00f3n incorpora la figura de \u201cprestadores independientes\u201d y descarta la relaci\u00f3n laboral tradicional con las empresas. 12 de febrero de 2026 La aprobaci\u00f3n en el Senado del proyecto de reforma laboral impulsado por el Gobierno reabri\u00f3 el debate sobre el trabajo en plataformas digitales. El texto, que ahora\u2026","rel":"","context":"En \u00abINTERES GENERAL\u00bb","block_context":{"text":"INTERES GENERAL","link":"https:\/\/larevistadigital.com.ar\/blog\/category\/interes-general\/"},"img":{"alt_text":"","src":"https:\/\/i0.wp.com\/larevistadigital.com.ar\/blog\/wp-content\/uploads\/Captura-de-pantalla-2026-02-12-115652.jpg?fit=788%2C509&ssl=1&resize=350%2C200","width":350,"height":200,"srcset":"https:\/\/i0.wp.com\/larevistadigital.com.ar\/blog\/wp-content\/uploads\/Captura-de-pantalla-2026-02-12-115652.jpg?fit=788%2C509&ssl=1&resize=350%2C200 1x, https:\/\/i0.wp.com\/larevistadigital.com.ar\/blog\/wp-content\/uploads\/Captura-de-pantalla-2026-02-12-115652.jpg?fit=788%2C509&ssl=1&resize=525%2C300 1.5x, https:\/\/i0.wp.com\/larevistadigital.com.ar\/blog\/wp-content\/uploads\/Captura-de-pantalla-2026-02-12-115652.jpg?fit=788%2C509&ssl=1&resize=700%2C400 2x"},"classes":[]},{"id":2947,"url":"https:\/\/larevistadigital.com.ar\/blog\/triaca-insiste-en-que-la-reforma-laboral-sera-por-consenso\/","url_meta":{"origin":43507,"position":5},"title":"Triaca insiste en que la reforma laboral ser\u00e1 \u201cpor consenso\u201d","author":"admin","date":"3 agosto, 2017","format":false,"excerpt":"El ministro de Trabajo, Jorge Triaca, asegur\u00f3 hoy que, en caso de que se impulse una reforma laboral, \u00e9sta se har\u00e1 \u201cpor consenso\u201d y no generar\u00e1 precarizaci\u00f3n en la situaci\u00f3n de los trabajadores. Adem\u00e1s le agradeci\u00f3 la colaboraci\u00f3n a la CGT. \u201cTenemos que descartar que haremos algo que no sea\u2026","rel":"","context":"En \u00abGREMIALES\u00bb","block_context":{"text":"GREMIALES","link":"https:\/\/larevistadigital.com.ar\/blog\/category\/gremiales\/"},"img":{"alt_text":"","src":"https:\/\/i0.wp.com\/larevistadigital.com.ar\/blog\/wp-content\/uploads\/2017\/08\/385554-644x340.jpg?fit=644%2C340&ssl=1&resize=350%2C200","width":350,"height":200,"srcset":"https:\/\/i0.wp.com\/larevistadigital.com.ar\/blog\/wp-content\/uploads\/2017\/08\/385554-644x340.jpg?fit=644%2C340&ssl=1&resize=350%2C200 1x, https:\/\/i0.wp.com\/larevistadigital.com.ar\/blog\/wp-content\/uploads\/2017\/08\/385554-644x340.jpg?fit=644%2C340&ssl=1&resize=525%2C300 1.5x"},"classes":[]}],"_links":{"self":[{"href":"https:\/\/larevistadigital.com.ar\/blog\/wp-json\/wp\/v2\/posts\/43507","targetHints":{"allow":["GET"]}}],"collection":[{"href":"https:\/\/larevistadigital.com.ar\/blog\/wp-json\/wp\/v2\/posts"}],"about":[{"href":"https:\/\/larevistadigital.com.ar\/blog\/wp-json\/wp\/v2\/types\/post"}],"author":[{"embeddable":true,"href":"https:\/\/larevistadigital.com.ar\/blog\/wp-json\/wp\/v2\/users\/3"}],"replies":[{"embeddable":true,"href":"https:\/\/larevistadigital.com.ar\/blog\/wp-json\/wp\/v2\/comments?post=43507"}],"version-history":[{"count":1,"href":"https:\/\/larevistadigital.com.ar\/blog\/wp-json\/wp\/v2\/posts\/43507\/revisions"}],"predecessor-version":[{"id":43509,"href":"https:\/\/larevistadigital.com.ar\/blog\/wp-json\/wp\/v2\/posts\/43507\/revisions\/43509"}],"wp:featuredmedia":[{"embeddable":true,"href":"https:\/\/larevistadigital.com.ar\/blog\/wp-json\/wp\/v2\/media\/43508"}],"wp:attachment":[{"href":"https:\/\/larevistadigital.com.ar\/blog\/wp-json\/wp\/v2\/media?parent=43507"}],"wp:term":[{"taxonomy":"category","embeddable":true,"href":"https:\/\/larevistadigital.com.ar\/blog\/wp-json\/wp\/v2\/categories?post=43507"},{"taxonomy":"post_tag","embeddable":true,"href":"https:\/\/larevistadigital.com.ar\/blog\/wp-json\/wp\/v2\/tags?post=43507"}],"curies":[{"name":"wp","href":"https:\/\/api.w.org\/{rel}","templated":true}]}}