{"id":43510,"date":"2026-01-20T20:11:33","date_gmt":"2026-01-20T23:11:33","guid":{"rendered":"https:\/\/larevistadigital.com.ar\/blog\/?p=43510"},"modified":"2026-01-20T20:11:33","modified_gmt":"2026-01-20T23:11:33","slug":"cronograma-2026-confirmado-cuando-arrancan-las-clases-en-la-provincia-de-buenos-aires","status":"publish","type":"post","link":"https:\/\/larevistadigital.com.ar\/blog\/cronograma-2026-confirmado-cuando-arrancan-las-clases-en-la-provincia-de-buenos-aires\/","title":{"rendered":"Cronograma 2026 confirmado: cu\u00e1ndo arrancan las clases en la Provincia de Buenos Aires"},"content":{"rendered":"<h3 class=\"arial ctext fz16 lh22\">Las clases arrancar\u00e1n en marzo y se confirm\u00f3 en qu\u00e9 fecha los niveles obligatorios tendr\u00e1n el receso invernal. El cronograma alcanza a todas las modalidades y prev\u00e9 190 d\u00edas de clases en el territorio bonaerense.<\/h3>\n<p>20 de enero de 2026<\/p>\n<p>La\u00a0<strong>provincia de Buenos Aires<\/strong>\u00a0ya defini\u00f3 el\u00a0<strong>calendario escolar 2026<\/strong>, que establece cu\u00e1ndo arrancan y terminan las clases, el per\u00edodo de vacaciones de invierno y las\u00a0<strong>jornadas institucionales<\/strong>. La medida alcanza a todos los niveles y modalidades del\u00a0<strong>sistema educativo bonaerense<\/strong>\u00a0y sirve como gu\u00eda para organizar el a\u00f1o de estudiantes, familias y docentes.<\/p>\n<blockquote>\n<h3>Seg\u00fan el cronograma oficial, el ciclo lectivo para los niveles Inicial,\u00a0<strong>Primario\u00a0<\/strong>y\u00a0<strong>Secundario\u00a0<\/strong>comenzar\u00e1 el lunes\u00a0<strong>2 de marzo de 2026<\/strong>\u00a0y se extender\u00e1 hasta el\u00a0<strong>22 de diciembre<\/strong>. El objetivo es garantizar un total de\u00a0<strong>190 d\u00edas de clases<\/strong>\u00a0en las escuelas de todo el territorio provincial.<\/h3>\n<\/blockquote>\n<p>El receso de invierno ser\u00e1 de dos semanas y se desarrollar\u00e1 entre el\u00a0<strong>20 y el 31 de julio<\/strong>. Durante esos d\u00edas se\u00a0<strong>suspender\u00e1n las actividades escolares<\/strong>\u00a0en todas las modalidades, en l\u00ednea con el calendario que se aplicar\u00e1 de manera unificada en la\u00a0<strong>provincia<\/strong>.<\/p>\n<p>En el nivel\u00a0<strong>Primario<\/strong>, el esquema contempla el dictado completo de los espacios curriculares, incluyendo\u00a0<strong>Educaci\u00f3n F\u00edsica<\/strong>\u00a0y\u00a0<strong>Educaci\u00f3n Art\u00edstica<\/strong>, adem\u00e1s del trabajo de los\u00a0<strong>Equipos de Orientaci\u00f3n Escolar<\/strong>. Las fechas de inicio, vacaciones y cierre ser\u00e1n las mismas que para el resto de los\u00a0<strong>niveles obligatorios<\/strong>.<\/p>\n<blockquote>\n<h3>La\u00a0<strong>Educaci\u00f3n Secundaria<\/strong>, junto con sus modalidades\u00a0<strong>T\u00e9cnica, Agraria<\/strong>\u00a0y\u00a0<strong>Art\u00edstica<\/strong>, tambi\u00e9n seguir\u00e1 el esquema general. Lo mismo ocurrir\u00e1 con la\u00a0<strong>Educaci\u00f3n Especial<\/strong>, la\u00a0<strong>Educaci\u00f3n de J\u00f3venes, Adultos y Adultos Mayores<\/strong>, y los\u00a0<strong>Centros y Servicios Agregados de Formaci\u00f3n Integral<\/strong>.<\/h3>\n<\/blockquote>\n<p>Por otro lado, la\u00a0<strong>Formaci\u00f3n Profesional<\/strong>\u00a0comenzar\u00e1 las clases el\u00a0<strong>9 de marzo<\/strong>\u00a0y finalizar\u00e1 el\u00a0<strong>18 de diciembre<\/strong>, mientras que el\u00a0<strong>nivel Superior<\/strong>\u00a0iniciar\u00e1 el\u00a0<strong>16 de marzo<\/strong>\u00a0y cerrar\u00e1 el ciclo el\u00a0<strong>27 de noviembre<\/strong>. El calendario incluye adem\u00e1s cinco Jornadas Institucionales para tareas\u00a0<strong>pedag\u00f3gicas\u00a0<\/strong>y<strong>\u00a0organizativas<\/strong>.<\/p>\n<p>publicado en cronosnoticias<\/p>\n","protected":false},"excerpt":{"rendered":"<div class=\"mh-excerpt\"><p>Las clases arrancar\u00e1n en marzo y se confirm\u00f3 en qu\u00e9 fecha los niveles obligatorios tendr\u00e1n el receso invernal. El cronograma alcanza a todas las modalidades y prev\u00e9 190 d\u00edas de clases en el territorio bonaerense. <a class=\"mh-excerpt-more\" href=\"https:\/\/larevistadigital.com.ar\/blog\/cronograma-2026-confirmado-cuando-arrancan-las-clases-en-la-provincia-de-buenos-aires\/\" title=\"Cronograma 2026 confirmado: cu\u00e1ndo arrancan las clases en la Provincia de Buenos Aires\">[Leer M\u00e1s]<\/a><\/p>\n<\/div>","protected":false},"author":3,"featured_media":43511,"comment_status":"open","ping_status":"open","sticky":false,"template":"","format":"standard","meta":{"_jetpack_memberships_contains_paid_content":false,"footnotes":"","jetpack_publicize_message":"","jetpack_publicize_feature_enabled":true,"jetpack_social_post_already_shared":true,"jetpack_social_options":{"image_generator_settings":{"template":"highway","default_image_id":0,"font":"","enabled":false},"version":2}},"categories":[50],"tags":[],"class_list":{"0":"post-43510","1":"post","2":"type-post","3":"status-publish","4":"format-standard","5":"has-post-thumbnail","7":"category-interes-general"},"jetpack_publicize_connections":[],"jetpack_featured_media_url":"https:\/\/i0.wp.com\/larevistadigital.com.ar\/blog\/wp-content\/uploads\/Captura-de-pantalla-2026-01-20-200900.jpg?fit=792%2C451&ssl=1","jetpack_sharing_enabled":true,"jetpack_shortlink":"https:\/\/wp.me\/p8qtrQ-bjM","jetpack-related-posts":[{"id":37543,"url":"https:\/\/larevistadigital.com.ar\/blog\/buenos-aires-cuando-termina-el-ciclo-lectivo-y-cuantos-dias-de-clases-se-cumpliran-en-este-2024\/","url_meta":{"origin":43510,"position":0},"title":"Buenos Aires: cu\u00e1ndo termina el ciclo lectivo y cu\u00e1ntos d\u00edas de clases se cumplir\u00e1n en este 2024","author":"Alejandro Sosa Ruda","date":"17 octubre, 2024","format":false,"excerpt":"Cuanto queda realmente para la finalizaci\u00f3n del ciclo lectivo. Los detalles. 17 de Octubre de 2024 BUENOS AIRES -\u00a0 Aunque esto desilucione a los chicos que esperan con ansias las vacaciones, la realidad es que las clases en la Provincia de Buenos Aires se prolongar\u00e1n hasta cerca de fin de\u2026","rel":"","context":"En \u00abPROVINCIALES\u00bb","block_context":{"text":"PROVINCIALES","link":"https:\/\/larevistadigital.com.ar\/blog\/category\/gremiales\/provinciales\/"},"img":{"alt_text":"","src":"https:\/\/i0.wp.com\/larevistadigital.com.ar\/blog\/wp-content\/uploads\/Clases-protocolo-DEF-rotated-1.jpg?fit=1200%2C800&ssl=1&resize=350%2C200","width":350,"height":200,"srcset":"https:\/\/i0.wp.com\/larevistadigital.com.ar\/blog\/wp-content\/uploads\/Clases-protocolo-DEF-rotated-1.jpg?fit=1200%2C800&ssl=1&resize=350%2C200 1x, https:\/\/i0.wp.com\/larevistadigital.com.ar\/blog\/wp-content\/uploads\/Clases-protocolo-DEF-rotated-1.jpg?fit=1200%2C800&ssl=1&resize=525%2C300 1.5x, https:\/\/i0.wp.com\/larevistadigital.com.ar\/blog\/wp-content\/uploads\/Clases-protocolo-DEF-rotated-1.jpg?fit=1200%2C800&ssl=1&resize=700%2C400 2x, https:\/\/i0.wp.com\/larevistadigital.com.ar\/blog\/wp-content\/uploads\/Clases-protocolo-DEF-rotated-1.jpg?fit=1200%2C800&ssl=1&resize=1050%2C600 3x"},"classes":[]},{"id":44277,"url":"https:\/\/larevistadigital.com.ar\/blog\/con-las-clases-en-marcha-la-provincia-renueva-el-compromiso-con-la-escuela-publica\/","url_meta":{"origin":43510,"position":1},"title":"Con las clases en marcha, la Provincia renueva el compromiso con la escuela p\u00fablica","author":"Alejandro Sosa Ruda","date":"3 marzo, 2026","format":false,"excerpt":"Esta semana comienza el ciclo lectivo 2026 en la provincia de Buenos Aires y la Direcci\u00f3n General de Cultura y Educaci\u00f3n acompa\u00f1ar\u00e1 este inicio con presencia institucional en los 135 distritos, a trav\u00e9s de funcionarias y funcionarios que participar\u00e1n de las actividades junto a las comunidades educativas. 03 de marzo\u2026","rel":"","context":"En \u00abDESTACADAS\u00bb","block_context":{"text":"DESTACADAS","link":"https:\/\/larevistadigital.com.ar\/blog\/category\/destacadas\/"},"img":{"alt_text":"","src":"https:\/\/i0.wp.com\/larevistadigital.com.ar\/blog\/wp-content\/uploads\/Captura-de-pantalla-2026-03-03-225703.jpg?fit=1124%2C505&ssl=1&resize=350%2C200","width":350,"height":200,"srcset":"https:\/\/i0.wp.com\/larevistadigital.com.ar\/blog\/wp-content\/uploads\/Captura-de-pantalla-2026-03-03-225703.jpg?fit=1124%2C505&ssl=1&resize=350%2C200 1x, https:\/\/i0.wp.com\/larevistadigital.com.ar\/blog\/wp-content\/uploads\/Captura-de-pantalla-2026-03-03-225703.jpg?fit=1124%2C505&ssl=1&resize=525%2C300 1.5x, https:\/\/i0.wp.com\/larevistadigital.com.ar\/blog\/wp-content\/uploads\/Captura-de-pantalla-2026-03-03-225703.jpg?fit=1124%2C505&ssl=1&resize=700%2C400 2x, https:\/\/i0.wp.com\/larevistadigital.com.ar\/blog\/wp-content\/uploads\/Captura-de-pantalla-2026-03-03-225703.jpg?fit=1124%2C505&ssl=1&resize=1050%2C600 3x"},"classes":[]},{"id":35269,"url":"https:\/\/larevistadigital.com.ar\/blog\/banco-provincia-promociones-y-descuentos-para-la-vuelta-a-clases\/","url_meta":{"origin":43510,"position":2},"title":"BANCO PROVINCIA: PROMOCIONES Y DESCUENTOS PARA LA VUELTA A CLASES","author":"Alejandro Sosa Ruda","date":"16 febrero, 2024","format":false,"excerpt":"Hay beneficios para compras con tarjetas y tambi\u00e9n a trav\u00e9s de Cuenta DNI. Todos los detalles. 16 de febrero de 2024 BUENOS AIRES -\u00a0 \u00a0A pocos d\u00edas del inicio del ciclo lectivo 2024, el Banco Provincia\u00a0lanz\u00f3 una serie de promociones para realizar las compras escolares. Se trata de descuentos en\u00a0librer\u00edas,\u2026","rel":"","context":"En \u00abDESTACADAS\u00bb","block_context":{"text":"DESTACADAS","link":"https:\/\/larevistadigital.com.ar\/blog\/category\/destacadas\/"},"img":{"alt_text":"","src":"https:\/\/i0.wp.com\/larevistadigital.com.ar\/blog\/wp-content\/uploads\/Cuenta-DNI.jpg?fit=1140%2C761&ssl=1&resize=350%2C200","width":350,"height":200,"srcset":"https:\/\/i0.wp.com\/larevistadigital.com.ar\/blog\/wp-content\/uploads\/Cuenta-DNI.jpg?fit=1140%2C761&ssl=1&resize=350%2C200 1x, https:\/\/i0.wp.com\/larevistadigital.com.ar\/blog\/wp-content\/uploads\/Cuenta-DNI.jpg?fit=1140%2C761&ssl=1&resize=525%2C300 1.5x, https:\/\/i0.wp.com\/larevistadigital.com.ar\/blog\/wp-content\/uploads\/Cuenta-DNI.jpg?fit=1140%2C761&ssl=1&resize=700%2C400 2x, https:\/\/i0.wp.com\/larevistadigital.com.ar\/blog\/wp-content\/uploads\/Cuenta-DNI.jpg?fit=1140%2C761&ssl=1&resize=1050%2C600 3x"},"classes":[]},{"id":16911,"url":"https:\/\/larevistadigital.com.ar\/blog\/kicillof-anuncio-la-vuelta-a-las-clases-en-24-distritos\/","url_meta":{"origin":43510,"position":3},"title":"KICILLOF ANUNCI\u00d3 LA VUELTA A LAS CLASES EN 24 DISTRITOS","author":"Alejandro Sosa Ruda","date":"10 octubre, 2020","format":false,"excerpt":"El gobernador bonaerense tambi\u00e9n detall\u00f3 que lanzar\u00e1 el programa ATR, por medio del cual unos 45 mil maestros y estudiantes avanzados\u00a0\"van a ir a buscar a la casa a los chicos que tuvieron problemas\"\u00a0para conectarse con su escuela. El gobernador bonaerense Axel Kicillof\u00a0anunci\u00f3 que en\u00a024 distritos de la provincia de\u2026","rel":"","context":"En \u00abINTERES GENERAL\u00bb","block_context":{"text":"INTERES GENERAL","link":"https:\/\/larevistadigital.com.ar\/blog\/category\/interes-general\/"},"img":{"alt_text":"","src":"https:\/\/i0.wp.com\/larevistadigital.com.ar\/blog\/wp-content\/uploads\/Axel-Kicillof-1-3.jpg?fit=1200%2C800&ssl=1&resize=350%2C200","width":350,"height":200,"srcset":"https:\/\/i0.wp.com\/larevistadigital.com.ar\/blog\/wp-content\/uploads\/Axel-Kicillof-1-3.jpg?fit=1200%2C800&ssl=1&resize=350%2C200 1x, https:\/\/i0.wp.com\/larevistadigital.com.ar\/blog\/wp-content\/uploads\/Axel-Kicillof-1-3.jpg?fit=1200%2C800&ssl=1&resize=525%2C300 1.5x, https:\/\/i0.wp.com\/larevistadigital.com.ar\/blog\/wp-content\/uploads\/Axel-Kicillof-1-3.jpg?fit=1200%2C800&ssl=1&resize=700%2C400 2x, https:\/\/i0.wp.com\/larevistadigital.com.ar\/blog\/wp-content\/uploads\/Axel-Kicillof-1-3.jpg?fit=1200%2C800&ssl=1&resize=1050%2C600 3x"},"classes":[]},{"id":40768,"url":"https:\/\/larevistadigital.com.ar\/blog\/atencion-chicos-mi-primer-track-clases-gratis-de-produccion-de-musica-electronica\/","url_meta":{"origin":43510,"position":4},"title":"\u00a1Atenci\u00f3n chicos! Mi primer track: Clases gratis de producci\u00f3n de m\u00fasica electr\u00f3nica","author":"Alejandro Sosa Ruda","date":"5 agosto, 2025","format":false,"excerpt":"Se trata de una capacitaci\u00f3n que brinda el Instituto Cultural de la Provincia de Buenos Aires con herramientas para DJ's y productores de m\u00fasica electr\u00f3nica. 05 de Agosto de 2025 CHASCOM\u00daS -\u00a0 \u00a0La Municipalidad de Chascom\u00fas junto al Instituto Cultural de la Provincia de Buenos Aires invitan a participar de\u2026","rel":"","context":"En \u00abREGIONALES\u00bb","block_context":{"text":"REGIONALES","link":"https:\/\/larevistadigital.com.ar\/blog\/category\/regionales\/"},"img":{"alt_text":"","src":"https:\/\/i0.wp.com\/larevistadigital.com.ar\/blog\/wp-content\/uploads\/6892338f0829a.png?fit=668%2C445&ssl=1&resize=350%2C200","width":350,"height":200,"srcset":"https:\/\/i0.wp.com\/larevistadigital.com.ar\/blog\/wp-content\/uploads\/6892338f0829a.png?fit=668%2C445&ssl=1&resize=350%2C200 1x, https:\/\/i0.wp.com\/larevistadigital.com.ar\/blog\/wp-content\/uploads\/6892338f0829a.png?fit=668%2C445&ssl=1&resize=525%2C300 1.5x"},"classes":[]},{"id":20081,"url":"https:\/\/larevistadigital.com.ar\/blog\/la-corte-suprema-fallo-a-favor-de-las-clases-presenciales-en-caba\/","url_meta":{"origin":43510,"position":5},"title":"LA CORTE SUPREMA FALL\u00d3 A FAVOR DE LAS CLASES PRESENCIALES EN CABA","author":"Alejandro Sosa Ruda","date":"4 mayo, 2021","format":false,"excerpt":"El m\u00e1ximo tribunal aval\u00f3 la autonom\u00eda de la Capital Federal y le dio la raz\u00f3n a Horacio Rodr\u00edguez Larreta en su conflicto con la Casa Rosada. La Corte Suprema de Justicia fall\u00f3 a favor de las clases presenciales en la Ciudad de Buenos Aires, tal como hab\u00eda adelantado ayer\u00a0Infobae. Con\u2026","rel":"","context":"En \u00abINTERES GENERAL\u00bb","block_context":{"text":"INTERES GENERAL","link":"https:\/\/larevistadigital.com.ar\/blog\/category\/interes-general\/"},"img":{"alt_text":"","src":"https:\/\/i0.wp.com\/larevistadigital.com.ar\/blog\/wp-content\/uploads\/IDO4UA2CZNFPTBG73HRA2U3RVI.jpg?fit=992%2C558&ssl=1&resize=350%2C200","width":350,"height":200,"srcset":"https:\/\/i0.wp.com\/larevistadigital.com.ar\/blog\/wp-content\/uploads\/IDO4UA2CZNFPTBG73HRA2U3RVI.jpg?fit=992%2C558&ssl=1&resize=350%2C200 1x, https:\/\/i0.wp.com\/larevistadigital.com.ar\/blog\/wp-content\/uploads\/IDO4UA2CZNFPTBG73HRA2U3RVI.jpg?fit=992%2C558&ssl=1&resize=525%2C300 1.5x, https:\/\/i0.wp.com\/larevistadigital.com.ar\/blog\/wp-content\/uploads\/IDO4UA2CZNFPTBG73HRA2U3RVI.jpg?fit=992%2C558&ssl=1&resize=700%2C400 2x"},"classes":[]}],"_links":{"self":[{"href":"https:\/\/larevistadigital.com.ar\/blog\/wp-json\/wp\/v2\/posts\/43510","targetHints":{"allow":["GET"]}}],"collection":[{"href":"https:\/\/larevistadigital.com.ar\/blog\/wp-json\/wp\/v2\/posts"}],"about":[{"href":"https:\/\/larevistadigital.com.ar\/blog\/wp-json\/wp\/v2\/types\/post"}],"author":[{"embeddable":true,"href":"https:\/\/larevistadigital.com.ar\/blog\/wp-json\/wp\/v2\/users\/3"}],"replies":[{"embeddable":true,"href":"https:\/\/larevistadigital.com.ar\/blog\/wp-json\/wp\/v2\/comments?post=43510"}],"version-history":[{"count":1,"href":"https:\/\/larevistadigital.com.ar\/blog\/wp-json\/wp\/v2\/posts\/43510\/revisions"}],"predecessor-version":[{"id":43512,"href":"https:\/\/larevistadigital.com.ar\/blog\/wp-json\/wp\/v2\/posts\/43510\/revisions\/43512"}],"wp:featuredmedia":[{"embeddable":true,"href":"https:\/\/larevistadigital.com.ar\/blog\/wp-json\/wp\/v2\/media\/43511"}],"wp:attachment":[{"href":"https:\/\/larevistadigital.com.ar\/blog\/wp-json\/wp\/v2\/media?parent=43510"}],"wp:term":[{"taxonomy":"category","embeddable":true,"href":"https:\/\/larevistadigital.com.ar\/blog\/wp-json\/wp\/v2\/categories?post=43510"},{"taxonomy":"post_tag","embeddable":true,"href":"https:\/\/larevistadigital.com.ar\/blog\/wp-json\/wp\/v2\/tags?post=43510"}],"curies":[{"name":"wp","href":"https:\/\/api.w.org\/{rel}","templated":true}]}}