{"id":43513,"date":"2026-01-20T20:16:06","date_gmt":"2026-01-20T23:16:06","guid":{"rendered":"https:\/\/larevistadigital.com.ar\/blog\/?p=43513"},"modified":"2026-01-20T20:16:06","modified_gmt":"2026-01-20T23:16:06","slug":"un-avion-tuvo-que-realizar-un-aterrizaje-de-emergencia-sobre-la-ruta-56","status":"publish","type":"post","link":"https:\/\/larevistadigital.com.ar\/blog\/un-avion-tuvo-que-realizar-un-aterrizaje-de-emergencia-sobre-la-ruta-56\/","title":{"rendered":"Un avi\u00f3n tuvo que realizar un aterrizaje de emergencia sobre la ruta 56"},"content":{"rendered":"<h3 class=\"arial ctext fz16 lh22\">El incidente ocurri\u00f3 en a la altura del kil\u00f3metro 33, entre General Conesa y General Madariaga. El incidente dur\u00f3 poco tiempo y el tr\u00e1nsito se liber\u00f3 parcialmente con el accionar del personal de Seguridad Vial que se acerc\u00f3.<\/h3>\n<p>20 de enero de 2026<\/p>\n<p>Una\u00a0<strong>avioneta\u00a0<\/strong>tuvo que aterrizar de emergencia sobre la Ruta 56, cuando se dirig\u00eda hacia la\u00a0<a href=\"https:\/\/infocronos.com.ar\/amp\/53740\/modo-verano-seguro-cerro-en-la-costa-con-foco-en-seguridad-vial\/\" target=\"_blank\" rel=\"noopener\"><strong>Costa Atl\u00e1ntica<\/strong><\/a>\u00a0debido a un desperfecto mec\u00e1nico. El suceso oblig\u00f3 a interrumpir parcialmente el tr\u00e1nsito, dado que una de las alas de la aeronave qued\u00f3 ocupando un carril completo de la calzada.<\/p>\n<blockquote>\n<h3>Fuentes de la empresa\u00a0<a href=\"https:\/\/aubasa.com.ar\/\" target=\"_blank\" rel=\"noopener\"><strong>Aubasa<\/strong><\/a>, que gestiona el camino donde ocurri\u00f3 todo, indicaron que el ins\u00f3lito episodio termin\u00f3 sin heridos, aunque el tr\u00e1nsito por el lugar se vio demorado.<\/h3>\n<\/blockquote>\n<p>De acuerdo a lo que dijeron, el incidente ocurri\u00f3 en la\u00a0<strong>Ruta 56<\/strong>\u00a0a la altura del kil\u00f3metro 33, entre\u00a0<strong>General Conesa<\/strong>\u00a0y\u00a0<strong>General Madariaga<\/strong>. \u00abFue un aterrizaje forzoso sin heridos, por desperfecto mec\u00e1nico\u00bb, fue la informaci\u00f3n.<\/p>\n<p>Aunque el\u00a0<strong>incidente\u00a0<\/strong>dur\u00f3 poco tiempo y el tr\u00e1nsito se liber\u00f3 parcialmente con el accionar del personal de\u00a0<strong>Seguridad Vial<\/strong>\u00a0que se acerc\u00f3, la circulaci\u00f3n se vio afectada para quienes en ese momento iban o ven\u00edan desde\u00a0<strong>Pinamar<\/strong>.<\/p>\n<blockquote>\n<h3>Las autoridades se\u00f1alaron que el piloto,\u00a0<strong>Leandro Dinatolo<\/strong>\u00a0de 51 a\u00f1os, ten\u00eda los permisos pertinentes y que la hoja de ruta iba desde\u00a0<strong>Ca\u00f1uelas\u00a0<\/strong>hasta el Aer\u00f3dromo de\u00a0<strong>Villa Gesell<\/strong>.<\/h3>\n<\/blockquote>\n<p><strong>Dinatolo\u00a0<\/strong>no present\u00f3 lesiones. Adem\u00e1s, ning\u00fan veh\u00edculo se encontraba circulando en el lugar cuando ocurri\u00f3 el aterrizaje, por lo que no hubo heridos. Varios conductores vieron la avioneta minutos despu\u00e9s, cuando personal de Aubasa se acerc\u00f3 a las inmediaciones para asistir al\u00a0<strong>piloto<\/strong>.<\/p>\n<p>El lugar donde aterriz\u00f3 la <strong>nave<\/strong>\u00a0es una zona delicada ya que no hay se\u00f1al de tel\u00e9fono, sin embargo, no hubo que lamentar v\u00edctimas y el transito se liber\u00f3 posteriormente.<\/p>\n<p>Publicado en Cronosnoticias<\/p>\n","protected":false},"excerpt":{"rendered":"<div class=\"mh-excerpt\"><p>El incidente ocurri\u00f3 en a la altura del kil\u00f3metro 33, entre General Conesa y General Madariaga. El incidente dur\u00f3 poco tiempo y el tr\u00e1nsito se liber\u00f3 parcialmente con el accionar del personal de Seguridad Vial <a class=\"mh-excerpt-more\" href=\"https:\/\/larevistadigital.com.ar\/blog\/un-avion-tuvo-que-realizar-un-aterrizaje-de-emergencia-sobre-la-ruta-56\/\" title=\"Un avi\u00f3n tuvo que realizar un aterrizaje de emergencia sobre la ruta 56\">[Leer M\u00e1s]<\/a><\/p>\n<\/div>","protected":false},"author":3,"featured_media":43514,"comment_status":"open","ping_status":"open","sticky":false,"template":"","format":"standard","meta":{"_jetpack_memberships_contains_paid_content":false,"footnotes":"","jetpack_publicize_message":"","jetpack_publicize_feature_enabled":true,"jetpack_social_post_already_shared":true,"jetpack_social_options":{"image_generator_settings":{"template":"highway","default_image_id":0,"font":"","enabled":false},"version":2}},"categories":[50],"tags":[],"class_list":{"0":"post-43513","1":"post","2":"type-post","3":"status-publish","4":"format-standard","5":"has-post-thumbnail","7":"category-interes-general"},"jetpack_publicize_connections":[],"jetpack_featured_media_url":"https:\/\/i0.wp.com\/larevistadigital.com.ar\/blog\/wp-content\/uploads\/Captura-de-pantalla-2026-01-20-201338.jpg?fit=793%2C426&ssl=1","jetpack_sharing_enabled":true,"jetpack_shortlink":"https:\/\/wp.me\/p8qtrQ-bjP","jetpack-related-posts":[{"id":42926,"url":"https:\/\/larevistadigital.com.ar\/blog\/accidente-fatal-en-la-ruta-motociclista-muere-al-ser-embestido-por-un-auto\/","url_meta":{"origin":43513,"position":0},"title":"Accidente fatal en la ruta: motociclista muere al ser embestido por un auto","author":"Alejandro Sosa Ruda","date":"14 diciembre, 2025","format":false,"excerpt":"El siniestro ocurri\u00f3 durante la noche del lunes en la ruta 11. El tr\u00e1nsito debi\u00f3 ser interrumpido de manera preventiva y se registr\u00f3 otro choque casi en simult\u00e1neo a la altura de Santa Teresita. 14 de Diciembre de 2025 BUENOS AIRES -\u00a0 \u00a0Un grave accidente de tr\u00e1nsito se produjo anoche\u2026","rel":"","context":"En \u00abINTERES GENERAL\u00bb","block_context":{"text":"INTERES GENERAL","link":"https:\/\/larevistadigital.com.ar\/blog\/category\/interes-general\/"},"img":{"alt_text":"","src":"https:\/\/i0.wp.com\/larevistadigital.com.ar\/blog\/wp-content\/uploads\/bb85efa1c2b9b0fa2a4c6c63aab695e7f31dd41e.jpg?fit=1116%2C900&ssl=1&resize=350%2C200","width":350,"height":200,"srcset":"https:\/\/i0.wp.com\/larevistadigital.com.ar\/blog\/wp-content\/uploads\/bb85efa1c2b9b0fa2a4c6c63aab695e7f31dd41e.jpg?fit=1116%2C900&ssl=1&resize=350%2C200 1x, https:\/\/i0.wp.com\/larevistadigital.com.ar\/blog\/wp-content\/uploads\/bb85efa1c2b9b0fa2a4c6c63aab695e7f31dd41e.jpg?fit=1116%2C900&ssl=1&resize=525%2C300 1.5x, https:\/\/i0.wp.com\/larevistadigital.com.ar\/blog\/wp-content\/uploads\/bb85efa1c2b9b0fa2a4c6c63aab695e7f31dd41e.jpg?fit=1116%2C900&ssl=1&resize=700%2C400 2x, https:\/\/i0.wp.com\/larevistadigital.com.ar\/blog\/wp-content\/uploads\/bb85efa1c2b9b0fa2a4c6c63aab695e7f31dd41e.jpg?fit=1116%2C900&ssl=1&resize=1050%2C600 3x"},"classes":[]},{"id":30383,"url":"https:\/\/larevistadigital.com.ar\/blog\/madariaga-terrible-vuelco-en-la-ruta-56\/","url_meta":{"origin":43513,"position":1},"title":"MADARIAGA: TERRIBLE VUELCO EN LA RUTA 56","author":"Alejandro Sosa Ruda","date":"5 marzo, 2023","format":false,"excerpt":"Uno de los ocupantes del veh\u00edculo tuvo que ser rescatado por los Bomberos. 5 de marzo de 2023 GENERAL MADARIAGA -\u00a0 El impactante accidente de tr\u00e1nsito ocurri\u00f3 ayer por la ma\u00f1ana, cuando a la altura del\u00a0kil\u00f3metro 32 de la ruta 56 y por cuestiones que se tratan de establecer, quien\u2026","rel":"","context":"En \u00abPOLICIALES\u00bb","block_context":{"text":"POLICIALES","link":"https:\/\/larevistadigital.com.ar\/blog\/category\/policiales\/"},"img":{"alt_text":"","src":"https:\/\/i0.wp.com\/larevistadigital.com.ar\/blog\/wp-content\/uploads\/2f79f4e4c51c98c7044272d88ab96232d586400c.jpg?fit=1140%2C855&ssl=1&resize=350%2C200","width":350,"height":200,"srcset":"https:\/\/i0.wp.com\/larevistadigital.com.ar\/blog\/wp-content\/uploads\/2f79f4e4c51c98c7044272d88ab96232d586400c.jpg?fit=1140%2C855&ssl=1&resize=350%2C200 1x, https:\/\/i0.wp.com\/larevistadigital.com.ar\/blog\/wp-content\/uploads\/2f79f4e4c51c98c7044272d88ab96232d586400c.jpg?fit=1140%2C855&ssl=1&resize=525%2C300 1.5x, https:\/\/i0.wp.com\/larevistadigital.com.ar\/blog\/wp-content\/uploads\/2f79f4e4c51c98c7044272d88ab96232d586400c.jpg?fit=1140%2C855&ssl=1&resize=700%2C400 2x, https:\/\/i0.wp.com\/larevistadigital.com.ar\/blog\/wp-content\/uploads\/2f79f4e4c51c98c7044272d88ab96232d586400c.jpg?fit=1140%2C855&ssl=1&resize=1050%2C600 3x"},"classes":[]},{"id":44741,"url":"https:\/\/larevistadigital.com.ar\/blog\/choque-en-cadena-y-caos-total-en-la-ruta-11-transito-colapsado-a-la-salida-de-mar-del-plata\/","url_meta":{"origin":43513,"position":2},"title":"Choque en cadena y caos total en la Ruta 11: tr\u00e1nsito colapsado a la salida de Mar del Plata","author":"Alejandro Sosa Ruda","date":"26 marzo, 2026","format":false,"excerpt":"Un siniestro con al menos cinco veh\u00edculos gener\u00f3 demoras, desv\u00edos y una postal de alto impacto en plena hora pico. 26 de marzo de 2026 Una escena de tensi\u00f3n y largas filas de autos marc\u00f3 la tarde de este jueves en la Ruta 11, a la altura del ingreso al\u2026","rel":"","context":"En \u00abPOLICIALES\u00bb","block_context":{"text":"POLICIALES","link":"https:\/\/larevistadigital.com.ar\/blog\/category\/policiales\/"},"img":{"alt_text":"","src":"https:\/\/i0.wp.com\/larevistadigital.com.ar\/blog\/wp-content\/uploads\/Captura-de-pantalla-2026-03-26-235541.jpg?fit=808%2C240&ssl=1&resize=350%2C200","width":350,"height":200,"srcset":"https:\/\/i0.wp.com\/larevistadigital.com.ar\/blog\/wp-content\/uploads\/Captura-de-pantalla-2026-03-26-235541.jpg?fit=808%2C240&ssl=1&resize=350%2C200 1x, https:\/\/i0.wp.com\/larevistadigital.com.ar\/blog\/wp-content\/uploads\/Captura-de-pantalla-2026-03-26-235541.jpg?fit=808%2C240&ssl=1&resize=525%2C300 1.5x, https:\/\/i0.wp.com\/larevistadigital.com.ar\/blog\/wp-content\/uploads\/Captura-de-pantalla-2026-03-26-235541.jpg?fit=808%2C240&ssl=1&resize=700%2C400 2x"},"classes":[]},{"id":29515,"url":"https:\/\/larevistadigital.com.ar\/blog\/increible-se-le-rompio-el-auto-tuvo-que-empujarlo-y-un-micro-lo-atropello\/","url_meta":{"origin":43513,"position":3},"title":"INCRE\u00cdBLE: SE LE ROMPI\u00d3 EL AUTO, TUVO QUE EMPUJARLO Y UN MICRO LO ATROPELL\u00d3&#8230;","author":"Alejandro Sosa Ruda","date":"17 diciembre, 2022","format":false,"excerpt":"El hecho ocurri\u00f3 este jueves por la tarde en Tejedor y Acevedo. El chofer del \u00f3mnibus provoc\u00f3 el incidente al querer sobrepasar al hombre de 69 a\u00f1os. La v\u00edctima debi\u00f3 ser derivada de urgencia en una ambulancia del Sistema de Atenci\u00f3n M\u00e9dica de Emergencia (Same) al Hospital Interzonal. 16 de\u2026","rel":"","context":"En \u00abPOLICIALES\u00bb","block_context":{"text":"POLICIALES","link":"https:\/\/larevistadigital.com.ar\/blog\/category\/policiales\/"},"img":{"alt_text":"","src":"https:\/\/i0.wp.com\/larevistadigital.com.ar\/blog\/wp-content\/uploads\/20221216150816_plusmar-80.jpg?fit=880%2C512&ssl=1&resize=350%2C200","width":350,"height":200,"srcset":"https:\/\/i0.wp.com\/larevistadigital.com.ar\/blog\/wp-content\/uploads\/20221216150816_plusmar-80.jpg?fit=880%2C512&ssl=1&resize=350%2C200 1x, https:\/\/i0.wp.com\/larevistadigital.com.ar\/blog\/wp-content\/uploads\/20221216150816_plusmar-80.jpg?fit=880%2C512&ssl=1&resize=525%2C300 1.5x, https:\/\/i0.wp.com\/larevistadigital.com.ar\/blog\/wp-content\/uploads\/20221216150816_plusmar-80.jpg?fit=880%2C512&ssl=1&resize=700%2C400 2x"},"classes":[]},{"id":19309,"url":"https:\/\/larevistadigital.com.ar\/blog\/dolores-dos-vuelcos-complicaron-el-transito-en-las-rutas-2-y-63\/","url_meta":{"origin":43513,"position":4},"title":"DOLORES: DOS VUELCOS COMPLICARON EL TR\u00c1NSITO EN LAS RUTAS 2 Y 63","author":"Alejandro Sosa Ruda","date":"18 marzo, 2021","format":false,"excerpt":"En uno de los accidentes un cami\u00f3n termin\u00f3 atravesado sobre la calzada y perdi\u00f3 su carga de aceite. DOLORES - Un impresionante vuelco tuvo lugar en la ruta 2, a la altura del kil\u00f3metro 200 cuando, por causas que se tratan de establecer, un camionero perdi\u00f3 el control de su\u2026","rel":"","context":"En \u00abINTERES GENERAL\u00bb","block_context":{"text":"INTERES GENERAL","link":"https:\/\/larevistadigital.com.ar\/blog\/category\/interes-general\/"},"img":{"alt_text":"","src":"https:\/\/i0.wp.com\/larevistadigital.com.ar\/blog\/wp-content\/uploads\/dd3cb59f2a150c342889415ecfab1dd5dfd4b14b.jpg?fit=1140%2C702&ssl=1&resize=350%2C200","width":350,"height":200,"srcset":"https:\/\/i0.wp.com\/larevistadigital.com.ar\/blog\/wp-content\/uploads\/dd3cb59f2a150c342889415ecfab1dd5dfd4b14b.jpg?fit=1140%2C702&ssl=1&resize=350%2C200 1x, https:\/\/i0.wp.com\/larevistadigital.com.ar\/blog\/wp-content\/uploads\/dd3cb59f2a150c342889415ecfab1dd5dfd4b14b.jpg?fit=1140%2C702&ssl=1&resize=525%2C300 1.5x, https:\/\/i0.wp.com\/larevistadigital.com.ar\/blog\/wp-content\/uploads\/dd3cb59f2a150c342889415ecfab1dd5dfd4b14b.jpg?fit=1140%2C702&ssl=1&resize=700%2C400 2x, https:\/\/i0.wp.com\/larevistadigital.com.ar\/blog\/wp-content\/uploads\/dd3cb59f2a150c342889415ecfab1dd5dfd4b14b.jpg?fit=1140%2C702&ssl=1&resize=1050%2C600 3x"},"classes":[]},{"id":36770,"url":"https:\/\/larevistadigital.com.ar\/blog\/ruta-2-volco-un-vehiculo-luego-de-embestir-una-vaca-suelta\/","url_meta":{"origin":43513,"position":5},"title":"RUTA 2: VOLC\u00d3 UN VEH\u00cdCULO LUEGO DE EMBESTIR UNA VACA SUELTA","author":"Alejandro Sosa Ruda","date":"23 julio, 2024","format":false,"excerpt":"CASTELLI -\u00a0 Un accidente de tr\u00e1nsito ocurri\u00f3 en el kil\u00f3metro 173 de la Ruta 2, en la jurisdicci\u00f3n de Castelli, donde una camioneta colision\u00f3 con una vaca que se encontraba en medio de la carretera, provocando que el veh\u00edculo volcara. El fuerte impacto result\u00f3 en la asistencia y traslado de\u2026","rel":"","context":"En \u00abPOLICIALES\u00bb","block_context":{"text":"POLICIALES","link":"https:\/\/larevistadigital.com.ar\/blog\/category\/policiales\/"},"img":{"alt_text":"","src":"https:\/\/i0.wp.com\/larevistadigital.com.ar\/blog\/wp-content\/uploads\/f73e3486ddeaea229b5b2726e699037625f7e343.jpg?fit=1140%2C527&ssl=1&resize=350%2C200","width":350,"height":200,"srcset":"https:\/\/i0.wp.com\/larevistadigital.com.ar\/blog\/wp-content\/uploads\/f73e3486ddeaea229b5b2726e699037625f7e343.jpg?fit=1140%2C527&ssl=1&resize=350%2C200 1x, https:\/\/i0.wp.com\/larevistadigital.com.ar\/blog\/wp-content\/uploads\/f73e3486ddeaea229b5b2726e699037625f7e343.jpg?fit=1140%2C527&ssl=1&resize=525%2C300 1.5x, https:\/\/i0.wp.com\/larevistadigital.com.ar\/blog\/wp-content\/uploads\/f73e3486ddeaea229b5b2726e699037625f7e343.jpg?fit=1140%2C527&ssl=1&resize=700%2C400 2x, https:\/\/i0.wp.com\/larevistadigital.com.ar\/blog\/wp-content\/uploads\/f73e3486ddeaea229b5b2726e699037625f7e343.jpg?fit=1140%2C527&ssl=1&resize=1050%2C600 3x"},"classes":[]}],"_links":{"self":[{"href":"https:\/\/larevistadigital.com.ar\/blog\/wp-json\/wp\/v2\/posts\/43513","targetHints":{"allow":["GET"]}}],"collection":[{"href":"https:\/\/larevistadigital.com.ar\/blog\/wp-json\/wp\/v2\/posts"}],"about":[{"href":"https:\/\/larevistadigital.com.ar\/blog\/wp-json\/wp\/v2\/types\/post"}],"author":[{"embeddable":true,"href":"https:\/\/larevistadigital.com.ar\/blog\/wp-json\/wp\/v2\/users\/3"}],"replies":[{"embeddable":true,"href":"https:\/\/larevistadigital.com.ar\/blog\/wp-json\/wp\/v2\/comments?post=43513"}],"version-history":[{"count":1,"href":"https:\/\/larevistadigital.com.ar\/blog\/wp-json\/wp\/v2\/posts\/43513\/revisions"}],"predecessor-version":[{"id":43515,"href":"https:\/\/larevistadigital.com.ar\/blog\/wp-json\/wp\/v2\/posts\/43513\/revisions\/43515"}],"wp:featuredmedia":[{"embeddable":true,"href":"https:\/\/larevistadigital.com.ar\/blog\/wp-json\/wp\/v2\/media\/43514"}],"wp:attachment":[{"href":"https:\/\/larevistadigital.com.ar\/blog\/wp-json\/wp\/v2\/media?parent=43513"}],"wp:term":[{"taxonomy":"category","embeddable":true,"href":"https:\/\/larevistadigital.com.ar\/blog\/wp-json\/wp\/v2\/categories?post=43513"},{"taxonomy":"post_tag","embeddable":true,"href":"https:\/\/larevistadigital.com.ar\/blog\/wp-json\/wp\/v2\/tags?post=43513"}],"curies":[{"name":"wp","href":"https:\/\/api.w.org\/{rel}","templated":true}]}}